{"id":39094,"date":"2019-11-11T18:47:18","date_gmt":"2019-11-11T16:47:18","guid":{"rendered":"https:\/\/ffcv.es\/wp\/?p=39094"},"modified":"2019-11-11T18:47:21","modified_gmt":"2019-11-11T16:47:21","slug":"el-valencia-se-cruzara-con-el-real-madrid-en-las-semifinales-de-la-supercopa-2020","status":"publish","type":"post","link":"https:\/\/ffcv.es\/wp\/blog\/2019\/11\/el-valencia-se-cruzara-con-el-real-madrid-en-las-semifinales-de-la-supercopa-2020\/","title":{"rendered":"El Valencia se cruzar\u00e1 con el Real Madrid en las semifinales de la Supercopa 2020"},"content":{"rendered":"\n<p><strong>Valencia CF-Real Madrid y FC Barcelona-Atl\u00e9tico<\/strong> <strong>de Madrid<\/strong> ser\u00e1n las semifinales de la <strong>Supercopa 2020<\/strong>, que por vez primera en la historia se disputar\u00e1 en <strong>Arabia Saud\u00ed <\/strong>el pr\u00f3ximo mes de enero.<\/p>\n\n\n\n<p>Con el protagonismo del internacional <strong>Jos\u00e9 Luis Gay\u00e1 <\/strong>como representante del club ch\u00e9 en el sorteo, el <strong>Valencia<\/strong> conoci\u00f3 a su rival en las semifinales de la pr\u00f3xima edici\u00f3n de la <strong>Supercopa<\/strong>.<\/p>\n\n\n\n<figure class=\"wp-block-image\"><img loading=\"lazy\" decoding=\"async\" width=\"900\" height=\"570\" data-src=\"https:\/\/ffcv.es\/wp\/wp-content\/uploads\/2019\/11\/semifinalessupercopa.jpg\" alt=\"\" class=\"wp-image-39103 lazyload\" data-srcset=\"https:\/\/ffcv.es\/wp\/wp-content\/uploads\/2019\/11\/semifinalessupercopa.jpg 900w, https:\/\/ffcv.es\/wp\/wp-content\/uploads\/2019\/11\/semifinalessupercopa-300x190.jpg 300w, https:\/\/ffcv.es\/wp\/wp-content\/uploads\/2019\/11\/semifinalessupercopa-768x486.jpg 768w, https:\/\/ffcv.es\/wp\/wp-content\/uploads\/2019\/11\/semifinalessupercopa-280x177.jpg 280w\" data-sizes=\"(max-width: 900px) 100vw, 900px\" src=\"data:image\/gif;base64,R0lGODlhAQABAAAAACH5BAEKAAEALAAAAAABAAEAAAICTAEAOw==\" style=\"--smush-placeholder-width: 900px; --smush-placeholder-aspect-ratio: 900\/570;\" \/><noscript><img loading=\"lazy\" decoding=\"async\" width=\"900\" height=\"570\" src=\"https:\/\/ffcv.es\/wp\/wp-content\/uploads\/2019\/11\/semifinalessupercopa.jpg\" alt=\"\" class=\"wp-image-39103\" srcset=\"https:\/\/ffcv.es\/wp\/wp-content\/uploads\/2019\/11\/semifinalessupercopa.jpg 900w, https:\/\/ffcv.es\/wp\/wp-content\/uploads\/2019\/11\/semifinalessupercopa-300x190.jpg 300w, https:\/\/ffcv.es\/wp\/wp-content\/uploads\/2019\/11\/semifinalessupercopa-768x486.jpg 768w, https:\/\/ffcv.es\/wp\/wp-content\/uploads\/2019\/11\/semifinalessupercopa-280x177.jpg 280w\" sizes=\"(max-width: 900px) 100vw, 900px\" \/><\/noscript><\/figure>\n\n\n\n<p>El <strong>Real Madrid <\/strong>ser\u00e1 su contendiente en la <strong>primera semifinal<\/strong> del torneo, que se disputar\u00e1 el d\u00eda 8 de enero de 2020. Posteriormente, el d\u00eda 9, se enfrentar\u00e1n <strong>FC Barcelona<\/strong> y <strong>Atl\u00e9tico<\/strong> <strong>de<\/strong> <strong>Madrid<\/strong>. <\/p>\n\n\n\n<p>Ambos encuentros, as\u00ed como la Final -que se jugar\u00e1 el d\u00eda 12-, se disputar\u00e1n el <strong>Estadio &#8216;King Abdullah Sports City&#8217;<\/strong> de <strong>Yeda<\/strong>.<\/p>\n\n\n\n<p>El presidente de la <strong>RFEF<\/strong>, <strong>Luis<\/strong> <strong>Rubiales<\/strong>, confirm\u00f3 oficialmente que la <strong>Supercopa<\/strong> se<strong> <\/strong>celebrar\u00e1<strong> <\/strong>en<strong> Arabia Saud\u00ed<\/strong> durante los tres pr\u00f3ximos a\u00f1os y lo har\u00e1 en invierno con el fin de aligerar el calendario de competiciones.<\/p>\n","protected":false},"excerpt":{"rendered":"<p>Valencia CF-Real Madrid y FC Barcelona-Atl\u00e9tico de Madrid ser\u00e1n las semifinales de la Supercopa 2020, que por vez primera en la historia se disputar\u00e1 en Arabia Saud\u00ed el pr\u00f3ximo mes de enero. Con el protagonismo del internacional Jos\u00e9 Luis Gay\u00e1 como representante del club ch\u00e9 en el sorteo, el Valencia conoci\u00f3 a su rival en<\/p>\n","protected":false},"author":5,"featured_media":39102,"comment_status":"closed","ping_status":"closed","sticky":false,"template":"","format":"standard","meta":{"om_disable_all_campaigns":false,"footnotes":""},"categories":[16,69],"tags":[137,345,364],"class_list":["post-39094","post","type-post","status-publish","format-standard","has-post-thumbnail","hentry","category-actualidad","category-noticias-ffcv","tag-rfef","tag-semifinales","tag-valencia-cf"],"aioseo_notices":[],"_links":{"self":[{"href":"https:\/\/ffcv.es\/wp\/wp-json\/wp\/v2\/posts\/39094"}],"collection":[{"href":"https:\/\/ffcv.es\/wp\/wp-json\/wp\/v2\/posts"}],"about":[{"href":"https:\/\/ffcv.es\/wp\/wp-json\/wp\/v2\/types\/post"}],"author":[{"embeddable":true,"href":"https:\/\/ffcv.es\/wp\/wp-json\/wp\/v2\/users\/5"}],"replies":[{"embeddable":true,"href":"https:\/\/ffcv.es\/wp\/wp-json\/wp\/v2\/comments?post=39094"}],"version-history":[{"count":5,"href":"https:\/\/ffcv.es\/wp\/wp-json\/wp\/v2\/posts\/39094\/revisions"}],"predecessor-version":[{"id":39106,"href":"https:\/\/ffcv.es\/wp\/wp-json\/wp\/v2\/posts\/39094\/revisions\/39106"}],"wp:featuredmedia":[{"embeddable":true,"href":"https:\/\/ffcv.es\/wp\/wp-json\/wp\/v2\/media\/39102"}],"wp:attachment":[{"href":"https:\/\/ffcv.es\/wp\/wp-json\/wp\/v2\/media?parent=39094"}],"wp:term":[{"taxonomy":"category","embeddable":true,"href":"https:\/\/ffcv.es\/wp\/wp-json\/wp\/v2\/categories?post=39094"},{"taxonomy":"post_tag","embeddable":true,"href":"https:\/\/ffcv.es\/wp\/wp-json\/wp\/v2\/tags?post=39094"}],"curies":[{"name":"wp","href":"https:\/\/api.w.org\/{rel}","templated":true}]}}