{"id":38440,"date":"2019-10-28T11:41:14","date_gmt":"2019-10-28T09:41:14","guid":{"rendered":"https:\/\/ffcv.es\/wp\/?p=38440"},"modified":"2019-10-28T11:41:15","modified_gmt":"2019-10-28T09:41:15","slug":"blesa-sustituye-pino-mundial-sub17-brasil","status":"publish","type":"post","link":"https:\/\/ffcv.es\/wp\/blog\/2019\/10\/blesa-sustituye-pino-mundial-sub17-brasil\/","title":{"rendered":"Blesa sustituye a Pino en el Mundial sub17 de Brasil"},"content":{"rendered":"\n<p>A tan s\u00f3lo dos d\u00edas del inicio del <strong>Campeonato del Mundo sub17,<\/strong> <strong>Yeremi Pino<\/strong> debi\u00f3 abandonar la concentraci\u00f3n de <strong>Espa\u00f1a<\/strong> en <strong>Brasil<\/strong> debido a una lesi\u00f3n. <\/p>\n\n\n\n<p>El levantinista <strong>\u00c1lex Blesa<\/strong> ocupa el lugar del futbolista del Villareal CF.<\/p>\n\n\n\n<p>Una inoportuna -y fortuita- lesi\u00f3n del groguet <strong>Yeremi Pino<\/strong>,  jugador clave en los \u00e9xitos recientes del equipo, le impedri\u00e1 disputar el Mundial con <strong>Espa\u00f1a.<\/strong><\/p>\n\n\n\n<p>La <strong>RFEF<\/strong> tuvo que llamar de urgencia a un sustituto y el elegido por el seleccionador <strong>David Gordo<\/strong> ha sido <strong>\u00c1lex Blesa<\/strong> (<strong>Levante UD<\/strong>).<\/p>\n\n\n\n<figure class=\"wp-block-image\"><img loading=\"lazy\" decoding=\"async\" width=\"866\" height=\"517\" data-src=\"https:\/\/ffcv.es\/wp\/wp-content\/uploads\/2019\/10\/DqcU1wBXgAESLpk.jpg\" alt=\"\" class=\"wp-image-38445 lazyload\" data-srcset=\"https:\/\/ffcv.es\/wp\/wp-content\/uploads\/2019\/10\/DqcU1wBXgAESLpk.jpg 866w, https:\/\/ffcv.es\/wp\/wp-content\/uploads\/2019\/10\/DqcU1wBXgAESLpk-300x179.jpg 300w, https:\/\/ffcv.es\/wp\/wp-content\/uploads\/2019\/10\/DqcU1wBXgAESLpk-768x458.jpg 768w, https:\/\/ffcv.es\/wp\/wp-content\/uploads\/2019\/10\/DqcU1wBXgAESLpk-280x167.jpg 280w\" data-sizes=\"(max-width: 866px) 100vw, 866px\" src=\"data:image\/gif;base64,R0lGODlhAQABAAAAACH5BAEKAAEALAAAAAABAAEAAAICTAEAOw==\" style=\"--smush-placeholder-width: 866px; --smush-placeholder-aspect-ratio: 866\/517;\" \/><noscript><img loading=\"lazy\" decoding=\"async\" width=\"866\" height=\"517\" src=\"https:\/\/ffcv.es\/wp\/wp-content\/uploads\/2019\/10\/DqcU1wBXgAESLpk.jpg\" alt=\"\" class=\"wp-image-38445\" srcset=\"https:\/\/ffcv.es\/wp\/wp-content\/uploads\/2019\/10\/DqcU1wBXgAESLpk.jpg 866w, https:\/\/ffcv.es\/wp\/wp-content\/uploads\/2019\/10\/DqcU1wBXgAESLpk-300x179.jpg 300w, https:\/\/ffcv.es\/wp\/wp-content\/uploads\/2019\/10\/DqcU1wBXgAESLpk-768x458.jpg 768w, https:\/\/ffcv.es\/wp\/wp-content\/uploads\/2019\/10\/DqcU1wBXgAESLpk-280x167.jpg 280w\" sizes=\"(max-width: 866px) 100vw, 866px\" \/><\/noscript><\/figure>\n\n\n\n<p>Blesa, quien ya se encuentra en <strong>Brasil<\/strong> junto al resto de la expedici\u00f3n espa\u00f1ola, podr\u00eda debutar hoy en el encuentro inaugural del <strong>Campeonato del Mundo sub17.<\/strong><\/p>\n\n\n\n<p> <strong>Espa\u00f1a<\/strong> se mide a la <strong>Argentina<\/strong> de <strong>Pablo C\u00e9sar Aimar <\/strong>en el <strong>Estadio Kl\u00e9ber Andrade<\/strong> de <strong>Cariacica<\/strong>.<\/p>\n","protected":false},"excerpt":{"rendered":"<p>A tan s\u00f3lo dos d\u00edas del inicio del Campeonato del Mundo sub17, Yeremi Pino debi\u00f3 abandonar la concentraci\u00f3n de Espa\u00f1a en Brasil debido a una lesi\u00f3n. El levantinista \u00c1lex Blesa ocupa el lugar del futbolista del Villareal CF. Una inoportuna -y fortuita- lesi\u00f3n del groguet Yeremi Pino, jugador clave en los \u00e9xitos recientes del equipo,<\/p>\n","protected":false},"author":5,"featured_media":38443,"comment_status":"closed","ping_status":"closed","sticky":false,"template":"","format":"standard","meta":{"om_disable_all_campaigns":false,"footnotes":""},"categories":[16,69,72],"tags":[282,102,99,472,137,267],"class_list":["post-38440","post","type-post","status-publish","format-standard","has-post-thumbnail","hentry","category-actualidad","category-noticias-ffcv","category-noticias-selecciones","tag-brasil","tag-convocatoria","tag-espana","tag-mundial-sub-17","tag-rfef","tag-seleccion-espanola"],"aioseo_notices":[],"_links":{"self":[{"href":"https:\/\/ffcv.es\/wp\/wp-json\/wp\/v2\/posts\/38440"}],"collection":[{"href":"https:\/\/ffcv.es\/wp\/wp-json\/wp\/v2\/posts"}],"about":[{"href":"https:\/\/ffcv.es\/wp\/wp-json\/wp\/v2\/types\/post"}],"author":[{"embeddable":true,"href":"https:\/\/ffcv.es\/wp\/wp-json\/wp\/v2\/users\/5"}],"replies":[{"embeddable":true,"href":"https:\/\/ffcv.es\/wp\/wp-json\/wp\/v2\/comments?post=38440"}],"version-history":[{"count":3,"href":"https:\/\/ffcv.es\/wp\/wp-json\/wp\/v2\/posts\/38440\/revisions"}],"predecessor-version":[{"id":38454,"href":"https:\/\/ffcv.es\/wp\/wp-json\/wp\/v2\/posts\/38440\/revisions\/38454"}],"wp:featuredmedia":[{"embeddable":true,"href":"https:\/\/ffcv.es\/wp\/wp-json\/wp\/v2\/media\/38443"}],"wp:attachment":[{"href":"https:\/\/ffcv.es\/wp\/wp-json\/wp\/v2\/media?parent=38440"}],"wp:term":[{"taxonomy":"category","embeddable":true,"href":"https:\/\/ffcv.es\/wp\/wp-json\/wp\/v2\/categories?post=38440"},{"taxonomy":"post_tag","embeddable":true,"href":"https:\/\/ffcv.es\/wp\/wp-json\/wp\/v2\/tags?post=38440"}],"curies":[{"name":"wp","href":"https:\/\/api.w.org\/{rel}","templated":true}]}}