{"id":37592,"date":"2019-10-15T12:10:42","date_gmt":"2019-10-15T10:10:42","guid":{"rendered":"https:\/\/ffcv.es\/wp\/?p=37592"},"modified":"2019-10-15T12:41:32","modified_gmt":"2019-10-15T10:41:32","slug":"intercity-espera-rival-eliminatoria-copa-rey","status":"publish","type":"post","link":"https:\/\/ffcv.es\/wp\/blog\/2019\/10\/intercity-espera-rival-eliminatoria-copa-rey\/","title":{"rendered":"Intercity, a la espera de conocer rival en la eliminatoria de Copa del Rey"},"content":{"rendered":"\n<p>El <strong>CF Intercity Sant Joan<\/strong> de Alacant conocer\u00e1 el pr\u00f3ximo jueves a su rival en la eliminatoria previa de la <strong>Copa de Su Majestad el Rey<\/strong> en el sorteo que se celebrar\u00e1 en la <strong>Ciudad del F\u00fatbol <\/strong>de la <strong>RFEF<\/strong>.<\/p>\n\n\n\n<p>Encuadrado en la denominada Copa D por criterio de proximidad  geogr\u00e1fica, el equipo alicantino puede enfrentarse en esta ronda a uno de los siguientes rivales: <strong>CD El Alamo, UD Gran Tarajal o CD Pedro\u00f1eras<\/strong>. <\/p>\n\n\n\n<p>La eliminatoria, a partido \u00fanico, se celebrar\u00e1 el pr\u00f3ximo d\u00eda 13 de noviembre.  <\/p>\n\n\n\n<figure class=\"wp-block-image\"><img loading=\"lazy\" decoding=\"async\" width=\"1024\" height=\"683\" data-src=\"https:\/\/ffcv.es\/wp\/wp-content\/uploads\/2019\/06\/IZQ_1921-1024x683.jpg\" alt=\"Intercity Sant Joan Alacant contra Recambios Col\u00f3n Catarroja, final acceso a Copa del Rey\" class=\"wp-image-32261 lazyload\" data-srcset=\"https:\/\/ffcv.es\/wp\/wp-content\/uploads\/2019\/06\/IZQ_1921-1024x683.jpg 1024w, https:\/\/ffcv.es\/wp\/wp-content\/uploads\/2019\/06\/IZQ_1921-300x200.jpg 300w, https:\/\/ffcv.es\/wp\/wp-content\/uploads\/2019\/06\/IZQ_1921-768x512.jpg 768w, https:\/\/ffcv.es\/wp\/wp-content\/uploads\/2019\/06\/IZQ_1921-280x187.jpg 280w, https:\/\/ffcv.es\/wp\/wp-content\/uploads\/2019\/06\/IZQ_1921-1170x780.jpg 1170w, https:\/\/ffcv.es\/wp\/wp-content\/uploads\/2019\/06\/IZQ_1921.jpg 1620w\" data-sizes=\"(max-width: 1024px) 100vw, 1024px\" src=\"data:image\/gif;base64,R0lGODlhAQABAAAAACH5BAEKAAEALAAAAAABAAEAAAICTAEAOw==\" style=\"--smush-placeholder-width: 1024px; --smush-placeholder-aspect-ratio: 1024\/683;\" \/><noscript><img loading=\"lazy\" decoding=\"async\" width=\"1024\" height=\"683\" src=\"https:\/\/ffcv.es\/wp\/wp-content\/uploads\/2019\/06\/IZQ_1921-1024x683.jpg\" alt=\"Intercity Sant Joan Alacant contra Recambios Col\u00f3n Catarroja, final acceso a Copa del Rey\" class=\"wp-image-32261\" srcset=\"https:\/\/ffcv.es\/wp\/wp-content\/uploads\/2019\/06\/IZQ_1921-1024x683.jpg 1024w, https:\/\/ffcv.es\/wp\/wp-content\/uploads\/2019\/06\/IZQ_1921-300x200.jpg 300w, https:\/\/ffcv.es\/wp\/wp-content\/uploads\/2019\/06\/IZQ_1921-768x512.jpg 768w, https:\/\/ffcv.es\/wp\/wp-content\/uploads\/2019\/06\/IZQ_1921-280x187.jpg 280w, https:\/\/ffcv.es\/wp\/wp-content\/uploads\/2019\/06\/IZQ_1921-1170x780.jpg 1170w, https:\/\/ffcv.es\/wp\/wp-content\/uploads\/2019\/06\/IZQ_1921.jpg 1620w\" sizes=\"(max-width: 1024px) 100vw, 1024px\" \/><\/noscript><\/figure>\n\n\n\n<p>El Intercity Sant Joan super\u00f3 al <strong>CD Recambios Col\u00f3n <\/strong>en la <a href=\"https:\/\/ffcv.es\/wp\/blog\/2019\/06\/21\/intercity-jugara-copa-rey\/\">Final auton\u00f3mica celebrada en Massanassa<\/a> gracias a una tanda de penaltis en la que el meta <strong>Ra\u00fal Poveda <\/strong>se convirti\u00f3 en protagonista para los de<strong> Jos\u00e9 Vicente Lled\u00f3<\/strong>. <\/p>\n\n\n\n<p>Previamente, los alicantinos tuvieron que deshacerse en semifinales del Pu\u00e7ol (1-0).<\/p>\n\n\n\n<p><a href=\"https:\/\/cdn1.sefutbol.com\/sites\/default\/files\/images19\/sorteo_copa_rey_081019.pdf\">Sorteo Copa del Rey<\/a><\/p>\n","protected":false},"excerpt":{"rendered":"<p>El CF Intercity Sant Joan de Alacant conocer\u00e1 el pr\u00f3ximo jueves a su rival en la eliminatoria previa de la Copa de Su Majestad el Rey en el sorteo que se celebrar\u00e1 en la Ciudad del F\u00fatbol de la RFEF. Encuadrado en la denominada Copa D por criterio de proximidad geogr\u00e1fica, el equipo alicantino puede<\/p>\n","protected":false},"author":5,"featured_media":37633,"comment_status":"closed","ping_status":"closed","sticky":false,"template":"","format":"standard","meta":{"om_disable_all_campaigns":false,"footnotes":""},"categories":[16,69],"tags":[1462,136,137,53],"class_list":["post-37592","post","type-post","status-publish","format-standard","has-post-thumbnail","hentry","category-actualidad","category-noticias-ffcv","tag-cf-intercity","tag-copa-del-rey","tag-rfef","tag-sorteo"],"aioseo_notices":[],"_links":{"self":[{"href":"https:\/\/ffcv.es\/wp\/wp-json\/wp\/v2\/posts\/37592"}],"collection":[{"href":"https:\/\/ffcv.es\/wp\/wp-json\/wp\/v2\/posts"}],"about":[{"href":"https:\/\/ffcv.es\/wp\/wp-json\/wp\/v2\/types\/post"}],"author":[{"embeddable":true,"href":"https:\/\/ffcv.es\/wp\/wp-json\/wp\/v2\/users\/5"}],"replies":[{"embeddable":true,"href":"https:\/\/ffcv.es\/wp\/wp-json\/wp\/v2\/comments?post=37592"}],"version-history":[{"count":4,"href":"https:\/\/ffcv.es\/wp\/wp-json\/wp\/v2\/posts\/37592\/revisions"}],"predecessor-version":[{"id":37629,"href":"https:\/\/ffcv.es\/wp\/wp-json\/wp\/v2\/posts\/37592\/revisions\/37629"}],"wp:featuredmedia":[{"embeddable":true,"href":"https:\/\/ffcv.es\/wp\/wp-json\/wp\/v2\/media\/37633"}],"wp:attachment":[{"href":"https:\/\/ffcv.es\/wp\/wp-json\/wp\/v2\/media?parent=37592"}],"wp:term":[{"taxonomy":"category","embeddable":true,"href":"https:\/\/ffcv.es\/wp\/wp-json\/wp\/v2\/categories?post=37592"},{"taxonomy":"post_tag","embeddable":true,"href":"https:\/\/ffcv.es\/wp\/wp-json\/wp\/v2\/tags?post=37592"}],"curies":[{"name":"wp","href":"https:\/\/api.w.org\/{rel}","templated":true}]}}