{"id":36719,"date":"2019-09-27T14:50:30","date_gmt":"2019-09-27T12:50:30","guid":{"rendered":"https:\/\/ffcv.es\/wp\/?p=36719"},"modified":"2019-09-27T14:50:32","modified_gmt":"2019-09-27T12:50:32","slug":"lista-de-convocados-seleccio-valenciana-de-futbol-sala-sub19","status":"publish","type":"post","link":"https:\/\/ffcv.es\/wp\/blog\/2019\/09\/lista-de-convocados-seleccio-valenciana-de-futbol-sala-sub19\/","title":{"rendered":"Lista de convocados Selecci\u00f3 Valenciana de F\u00fatbol Sala sub19"},"content":{"rendered":"\n<p>La <strong>Federaci\u00f3 de Futbol de la Comunitat Valenciana<\/strong> ha hecho p\u00fablica la lista de jugadores convocados para el entrenamiento de la <strong>Selecci\u00f3 Valenciana<\/strong> masculina de F\u00fatbol Sala de la pr\u00f3xima semana.<\/p>\n\n\n\n<p>El seleccionador, <strong>Patxi Aguilar<\/strong>, ha convocado a 24 jugadores para el entrenamiento que se realizar\u00e1 el pr\u00f3ximo martes 1 de octubre a las 19:30 horas en el <strong>Pabell\u00f3n del Complejo Deportivo Municipal de Alfafar<\/strong> (<strong>Val\u00e8ncia<\/strong>).<\/p>\n\n\n\n<div class=\"wp-block-file\"><a href=\"https:\/\/ffcv.es\/wp\/wp-content\/uploads\/2019\/09\/CONV.-SUB-19-ALFAFAR.pdf\">Convocatoria Selecci\u00f3 Futsal sub19<\/a><a href=\"https:\/\/ffcv.es\/wp\/wp-content\/uploads\/2019\/09\/CONV.-SUB-19-ALFAFAR.pdf\" class=\"wp-block-file__button\" download>Descarga<\/a><\/div>\n","protected":false},"excerpt":{"rendered":"<p>La Federaci\u00f3 de Futbol de la Comunitat Valenciana ha hecho p\u00fablica la lista de jugadores convocados para el entrenamiento de la Selecci\u00f3 Valenciana masculina de F\u00fatbol Sala de la pr\u00f3xima semana. El seleccionador, Patxi Aguilar, ha convocado a 24 jugadores para el entrenamiento que se realizar\u00e1 el pr\u00f3ximo martes 1 de octubre a las 19:30<\/p>\n","protected":false},"author":16,"featured_media":36721,"comment_status":"closed","ping_status":"closed","sticky":false,"template":"","format":"standard","meta":{"om_disable_all_campaigns":false,"footnotes":""},"categories":[4,72],"tags":[],"class_list":["post-36719","post","type-post","status-publish","format-standard","has-post-thumbnail","hentry","category-noticias-futbol-sala","category-noticias-selecciones"],"aioseo_notices":[],"_links":{"self":[{"href":"https:\/\/ffcv.es\/wp\/wp-json\/wp\/v2\/posts\/36719"}],"collection":[{"href":"https:\/\/ffcv.es\/wp\/wp-json\/wp\/v2\/posts"}],"about":[{"href":"https:\/\/ffcv.es\/wp\/wp-json\/wp\/v2\/types\/post"}],"author":[{"embeddable":true,"href":"https:\/\/ffcv.es\/wp\/wp-json\/wp\/v2\/users\/16"}],"replies":[{"embeddable":true,"href":"https:\/\/ffcv.es\/wp\/wp-json\/wp\/v2\/comments?post=36719"}],"version-history":[{"count":1,"href":"https:\/\/ffcv.es\/wp\/wp-json\/wp\/v2\/posts\/36719\/revisions"}],"predecessor-version":[{"id":36722,"href":"https:\/\/ffcv.es\/wp\/wp-json\/wp\/v2\/posts\/36719\/revisions\/36722"}],"wp:featuredmedia":[{"embeddable":true,"href":"https:\/\/ffcv.es\/wp\/wp-json\/wp\/v2\/media\/36721"}],"wp:attachment":[{"href":"https:\/\/ffcv.es\/wp\/wp-json\/wp\/v2\/media?parent=36719"}],"wp:term":[{"taxonomy":"category","embeddable":true,"href":"https:\/\/ffcv.es\/wp\/wp-json\/wp\/v2\/categories?post=36719"},{"taxonomy":"post_tag","embeddable":true,"href":"https:\/\/ffcv.es\/wp\/wp-json\/wp\/v2\/tags?post=36719"}],"curies":[{"name":"wp","href":"https:\/\/api.w.org\/{rel}","templated":true}]}}