{"id":34781,"date":"2019-08-29T12:05:08","date_gmt":"2019-08-29T11:05:08","guid":{"rendered":"https:\/\/ffcv.es\/wp\/?p=34781"},"modified":"2019-08-29T12:05:14","modified_gmt":"2019-08-29T11:05:14","slug":"ffcv-se-suma-torneo-benefico-juan-beteta-alzira","status":"publish","type":"post","link":"https:\/\/ffcv.es\/wp\/blog\/2019\/08\/ffcv-se-suma-torneo-benefico-juan-beteta-alzira\/","title":{"rendered":"La FFCV se suma un a\u00f1o m\u00e1s al Torneo ben\u00e9fico Juan Beteta de Alzira"},"content":{"rendered":"\n<p>Como viene ocurriendo desde su inicio, la Federaci\u00f3 de Futbol de la Comunitat Valenciana colaborar\u00e1 activamente en la celebraci\u00f3n del III Torneo ben\u00e9fico Juan Beteta que organiza el Alzira F\u00fatbol Sala.<\/p>\n\n\n\n<p>El Palau d\u2019Esports de la localidad ribere\u00f1a de Alzira acoger\u00e1, el s\u00e1bado 7 de septiembre, la <strong>tercera edici\u00f3n del torneo ben\u00e9fico que lleva el nombre del colegiado valenciano Juan Beteta para recaudar fondos destinados a la  investigaci\u00f3n sobre la Esclerosis Lateral Amiotr\u00f3fica <\/strong>(ELA), con la  celebraci\u00f3n de un encuentro amistoso entre el Jimbee Cartagena FS de Primera Divisi\u00f3n y el primer equipo del N\u00edtida Alzira FS.<\/p>\n\n\n\n<figure class=\"wp-block-image\"><img loading=\"lazy\" decoding=\"async\" width=\"1024\" height=\"536\" data-src=\"https:\/\/ffcv.es\/wp\/wp-content\/uploads\/2019\/08\/IMG-20171229-WA0005-1024x536.jpg\" alt=\"\" class=\"wp-image-34786 lazyload\" data-srcset=\"https:\/\/ffcv.es\/wp\/wp-content\/uploads\/2019\/08\/IMG-20171229-WA0005-1024x536.jpg 1024w, https:\/\/ffcv.es\/wp\/wp-content\/uploads\/2019\/08\/IMG-20171229-WA0005-300x157.jpg 300w, https:\/\/ffcv.es\/wp\/wp-content\/uploads\/2019\/08\/IMG-20171229-WA0005-768x402.jpg 768w, https:\/\/ffcv.es\/wp\/wp-content\/uploads\/2019\/08\/IMG-20171229-WA0005-280x146.jpg 280w, https:\/\/ffcv.es\/wp\/wp-content\/uploads\/2019\/08\/IMG-20171229-WA0005-1170x612.jpg 1170w, https:\/\/ffcv.es\/wp\/wp-content\/uploads\/2019\/08\/IMG-20171229-WA0005.jpg 1363w\" data-sizes=\"(max-width: 1024px) 100vw, 1024px\" src=\"data:image\/gif;base64,R0lGODlhAQABAAAAACH5BAEKAAEALAAAAAABAAEAAAICTAEAOw==\" style=\"--smush-placeholder-width: 1024px; --smush-placeholder-aspect-ratio: 1024\/536;\" \/><noscript><img loading=\"lazy\" decoding=\"async\" width=\"1024\" height=\"536\" src=\"https:\/\/ffcv.es\/wp\/wp-content\/uploads\/2019\/08\/IMG-20171229-WA0005-1024x536.jpg\" alt=\"\" class=\"wp-image-34786\" srcset=\"https:\/\/ffcv.es\/wp\/wp-content\/uploads\/2019\/08\/IMG-20171229-WA0005-1024x536.jpg 1024w, https:\/\/ffcv.es\/wp\/wp-content\/uploads\/2019\/08\/IMG-20171229-WA0005-300x157.jpg 300w, https:\/\/ffcv.es\/wp\/wp-content\/uploads\/2019\/08\/IMG-20171229-WA0005-768x402.jpg 768w, https:\/\/ffcv.es\/wp\/wp-content\/uploads\/2019\/08\/IMG-20171229-WA0005-280x146.jpg 280w, https:\/\/ffcv.es\/wp\/wp-content\/uploads\/2019\/08\/IMG-20171229-WA0005-1170x612.jpg 1170w, https:\/\/ffcv.es\/wp\/wp-content\/uploads\/2019\/08\/IMG-20171229-WA0005.jpg 1363w\" sizes=\"(max-width: 1024px) 100vw, 1024px\" \/><\/noscript><figcaption>La Selecci\u00f3 Juvenil disput\u00f3 el torneo Juan Beteta en las dos ediciones que se han celebrado.<\/figcaption><\/figure>\n\n\n\n<p>Beteta, muy querido y apreciado en el f\u00fatbol sala auton\u00f3mico, fue \u00e1rbitro nacional por el Comit\u00e9 valenciano y tras su retirada recibi\u00f3 la Insignia de Oro del Ayuntamiento de su localidad natal.<\/p>\n\n\n\n<p>La enfermedad que padece hizo que desde 2015 el club alzire\u00f1o se volcara en la recogida de fondos para el estudio y combate de esta dolencia, primero con la celebraci\u00f3n de un encuentro de homenaje, y desde 2016 con la organizaci\u00f3n de este torneo anual.<\/p>\n","protected":false},"excerpt":{"rendered":"<p>Como viene ocurriendo desde su inicio, la Federaci\u00f3 de Futbol de la Comunitat Valenciana colaborar\u00e1 activamente en la celebraci\u00f3n del III Torneo ben\u00e9fico Juan Beteta que organiza el Alzira F\u00fatbol Sala. El Palau d\u2019Esports de la localidad ribere\u00f1a de Alzira acoger\u00e1, el s\u00e1bado 7 de septiembre, la tercera edici\u00f3n del torneo ben\u00e9fico que lleva el<\/p>\n","protected":false},"author":5,"featured_media":34785,"comment_status":"closed","ping_status":"closed","sticky":false,"template":"","format":"standard","meta":{"om_disable_all_campaigns":false,"footnotes":""},"categories":[16,69,4],"tags":[322,425,230,1674,713],"class_list":["post-34781","post","type-post","status-publish","format-standard","has-post-thumbnail","hentry","category-actualidad","category-noticias-ffcv","category-noticias-futbol-sala","tag-alzira","tag-comite-de-futbol-sala","tag-ctfs","tag-juan-beteta","tag-torneo-solidario"],"aioseo_notices":[],"_links":{"self":[{"href":"https:\/\/ffcv.es\/wp\/wp-json\/wp\/v2\/posts\/34781"}],"collection":[{"href":"https:\/\/ffcv.es\/wp\/wp-json\/wp\/v2\/posts"}],"about":[{"href":"https:\/\/ffcv.es\/wp\/wp-json\/wp\/v2\/types\/post"}],"author":[{"embeddable":true,"href":"https:\/\/ffcv.es\/wp\/wp-json\/wp\/v2\/users\/5"}],"replies":[{"embeddable":true,"href":"https:\/\/ffcv.es\/wp\/wp-json\/wp\/v2\/comments?post=34781"}],"version-history":[{"count":2,"href":"https:\/\/ffcv.es\/wp\/wp-json\/wp\/v2\/posts\/34781\/revisions"}],"predecessor-version":[{"id":34787,"href":"https:\/\/ffcv.es\/wp\/wp-json\/wp\/v2\/posts\/34781\/revisions\/34787"}],"wp:featuredmedia":[{"embeddable":true,"href":"https:\/\/ffcv.es\/wp\/wp-json\/wp\/v2\/media\/34785"}],"wp:attachment":[{"href":"https:\/\/ffcv.es\/wp\/wp-json\/wp\/v2\/media?parent=34781"}],"wp:term":[{"taxonomy":"category","embeddable":true,"href":"https:\/\/ffcv.es\/wp\/wp-json\/wp\/v2\/categories?post=34781"},{"taxonomy":"post_tag","embeddable":true,"href":"https:\/\/ffcv.es\/wp\/wp-json\/wp\/v2\/tags?post=34781"}],"curies":[{"name":"wp","href":"https:\/\/api.w.org\/{rel}","templated":true}]}}