{"id":3464,"date":"2016-04-20T16:57:26","date_gmt":"2016-04-20T16:57:26","guid":{"rendered":"https:\/\/ffcv.es\/wp\/?p=3464"},"modified":"2016-04-20T16:57:26","modified_gmt":"2016-04-20T16:57:26","slug":"eva-navarro-convocada-con-la-seleccion-espanola-para-el-campeonato-de-europa-sub-17-de-bielorrusia","status":"publish","type":"post","link":"https:\/\/ffcv.es\/wp\/blog\/2016\/04\/eva-navarro-convocada-con-la-seleccion-espanola-para-el-campeonato-de-europa-sub-17-de-bielorrusia\/","title":{"rendered":"Eva Navarro, convocada con la Selecci\u00f3n Espa\u00f1ola para el Campeonato de Europa Sub-17 de Bielorrusia"},"content":{"rendered":"<p>La jugadora Eva Mar\u00eda Navarro Garc\u00eda, del Sporting Plaza de Argel alicantino, ha sido convocada por la Real Federaci\u00f3n Espa\u00f1ola de F\u00fatbol para la disputa del pr\u00f3ximo Campeonato de Europa Sub-17 que se disputar\u00e1 en Bielorrusia.<\/p>\n<div align=\"center\"><script src=\"\/\/pagead2.googlesyndication.com\/pagead\/js\/adsbygoogle.js\" async=\"\"><\/script><!-- cabecera_paginas_adaptable --> <ins class=\"adsbygoogle\" style=\"display: block; background: none !important;\" data-ad-client=\"ca-pub-8508993344894927\" data-ad-slot=\"8273813495\" data-ad-format=\"auto\"><\/ins><script>\/\/ <![CDATA[\n\n(adsbygoogle = window.adsbygoogle || []).push({});\n\n\/\/ ]]><\/script><\/div>\n<p><a href=\"https:\/\/ffcv.es\/wp\/wp-content\/uploads\/2016\/04\/eva-yeclana.jpg\"><img loading=\"lazy\" decoding=\"async\" class=\"size-medium wp-image-3465 alignright lazyload\" data-src=\"https:\/\/ffcv.es\/wp\/wp-content\/uploads\/2016\/04\/eva-yeclana-300x196.jpg\" alt=\"eva-yeclana\" width=\"300\" height=\"196\" data-srcset=\"https:\/\/ffcv.es\/wp\/wp-content\/uploads\/2016\/04\/eva-yeclana-300x196.jpg 300w, https:\/\/ffcv.es\/wp\/wp-content\/uploads\/2016\/04\/eva-yeclana-260x170.jpg 260w, https:\/\/ffcv.es\/wp\/wp-content\/uploads\/2016\/04\/eva-yeclana.jpg 652w\" data-sizes=\"(max-width: 300px) 100vw, 300px\" src=\"data:image\/gif;base64,R0lGODlhAQABAAAAACH5BAEKAAEALAAAAAABAAEAAAICTAEAOw==\" style=\"--smush-placeholder-width: 300px; --smush-placeholder-aspect-ratio: 300\/196;\" \/><noscript><img loading=\"lazy\" decoding=\"async\" class=\"size-medium wp-image-3465 alignright\" src=\"https:\/\/ffcv.es\/wp\/wp-content\/uploads\/2016\/04\/eva-yeclana-300x196.jpg\" alt=\"eva-yeclana\" width=\"300\" height=\"196\" srcset=\"https:\/\/ffcv.es\/wp\/wp-content\/uploads\/2016\/04\/eva-yeclana-300x196.jpg 300w, https:\/\/ffcv.es\/wp\/wp-content\/uploads\/2016\/04\/eva-yeclana-260x170.jpg 260w, https:\/\/ffcv.es\/wp\/wp-content\/uploads\/2016\/04\/eva-yeclana.jpg 652w\" sizes=\"(max-width: 300px) 100vw, 300px\" \/><\/noscript><\/a>Eva Mar\u00eda Navarro representar\u00e1 al f\u00fatbol femenino auton\u00f3mico en el pr\u00f3ximo Campeonato de Europa Femenino Sub-17 al haber sido convocada por la seleccionadora nacional, To\u00f1a Is, en la jornada de hoy. La yeclana de nacimiento, que juega en el Sporting Plaza de Argel alicantino, ha jugado esta temporada adem\u00e1s con la Selecci\u00f3n Valenciana Sub-16 que dirige Jos\u00e9 A. Menchero, y deber\u00e1 concentrarse con sus compa\u00f1eras en la Ciudad del F\u00fatbol de Las Rozas (Madrid) del 25 de abril al 2 de mayo de 2016.<\/p>\n<p><a href=\"http:\/\/www.sefutbol.com\/oficial-estas-son-jugadoras-elegidas-tona-ir-al-europeo-bielorrusia\">Convocatoria Oficial de Jugadoras<\/a><\/p>\n<p>Autor: Prensa FFCV<\/p>\n","protected":false},"excerpt":{"rendered":"<p>La jugadora Eva Mar\u00eda Navarro Garc\u00eda, del Sporting Plaza de Argel alicantino, ha sido convocada por la Real Federaci\u00f3n Espa\u00f1ola de F\u00fatbol para la disputa del pr\u00f3ximo Campeonato de Europa Sub-17 que se disputar\u00e1 en Bielorrusia. Eva Mar\u00eda Navarro representar\u00e1 al f\u00fatbol femenino auton\u00f3mico en el pr\u00f3ximo Campeonato de Europa Femenino Sub-17 al haber sido<\/p>\n","protected":false},"author":5,"featured_media":3465,"comment_status":"closed","ping_status":"closed","sticky":false,"template":"","format":"standard","meta":{"om_disable_all_campaigns":false,"footnotes":""},"categories":[16,69,72],"tags":[102,99,124,98,86,100],"class_list":["post-3464","post","type-post","status-publish","format-standard","has-post-thumbnail","hentry","category-actualidad","category-noticias-ffcv","category-noticias-selecciones","tag-convocatoria","tag-espana","tag-femenino","tag-futbol","tag-selecciones","tag-sub-17"],"aioseo_notices":[],"_links":{"self":[{"href":"https:\/\/ffcv.es\/wp\/wp-json\/wp\/v2\/posts\/3464"}],"collection":[{"href":"https:\/\/ffcv.es\/wp\/wp-json\/wp\/v2\/posts"}],"about":[{"href":"https:\/\/ffcv.es\/wp\/wp-json\/wp\/v2\/types\/post"}],"author":[{"embeddable":true,"href":"https:\/\/ffcv.es\/wp\/wp-json\/wp\/v2\/users\/5"}],"replies":[{"embeddable":true,"href":"https:\/\/ffcv.es\/wp\/wp-json\/wp\/v2\/comments?post=3464"}],"version-history":[{"count":1,"href":"https:\/\/ffcv.es\/wp\/wp-json\/wp\/v2\/posts\/3464\/revisions"}],"predecessor-version":[{"id":3466,"href":"https:\/\/ffcv.es\/wp\/wp-json\/wp\/v2\/posts\/3464\/revisions\/3466"}],"wp:featuredmedia":[{"embeddable":true,"href":"https:\/\/ffcv.es\/wp\/wp-json\/wp\/v2\/media\/3465"}],"wp:attachment":[{"href":"https:\/\/ffcv.es\/wp\/wp-json\/wp\/v2\/media?parent=3464"}],"wp:term":[{"taxonomy":"category","embeddable":true,"href":"https:\/\/ffcv.es\/wp\/wp-json\/wp\/v2\/categories?post=3464"},{"taxonomy":"post_tag","embeddable":true,"href":"https:\/\/ffcv.es\/wp\/wp-json\/wp\/v2\/tags?post=3464"}],"curies":[{"name":"wp","href":"https:\/\/api.w.org\/{rel}","templated":true}]}}