{"id":34046,"date":"2019-08-14T09:43:38","date_gmt":"2019-08-14T08:43:38","guid":{"rendered":"https:\/\/ffcv.es\/wp\/?p=34046"},"modified":"2019-08-14T09:43:44","modified_gmt":"2019-08-14T08:43:44","slug":"manana-acaba-inscripcion-segunda-regional","status":"publish","type":"post","link":"https:\/\/ffcv.es\/wp\/blog\/2019\/08\/manana-acaba-inscripcion-segunda-regional\/","title":{"rendered":"Ma\u00f1ana acaba el plazo de inscripci\u00f3n en las categor\u00edas de Segunda Regional"},"content":{"rendered":"\n<p>La Federaci\u00f3 de Futbol de la Comunitat Valenciana recuerda a nuestros  clubes que el plazo de inscripci\u00f3n de equipos en las competiciones de la  categor\u00eda de Segunda Regional finalizar\u00e1 ma\u00f1ana, d\u00eda 15 de agosto de 2019.<\/p>\n\n\n\n<p><strong>Los Comit\u00e9s de Competici\u00f3n de las categor\u00edas de Segunda Regional de f\u00fatbol Aficionado, Juvenil y Femenino de la FFCV<\/strong> <strong>quieren recordar que ma\u00f1ana, d\u00eda 15 de agosto, se dar\u00e1 por concluido el plazo oficial para la inscripci\u00f3n de equipos en dichas ligas<\/strong>, <a href=\"https:\/\/ffcv.es\/wp\/fechas-limite-inscripcion-equipos-2019-20\/\">tal y como se inform\u00f3 el pasado mes de junio<\/a>.<\/p>\n\n\n\n<p>Se ruega a los clubes adscritos a la FFCV la m\u00e1xima puntualidad a la hora de realizar las inscripciones de equipos en cualquier categor\u00eda, pues de lo contrario se corre el riesgo de quedar fuera de las competiciones.<\/p>\n","protected":false},"excerpt":{"rendered":"<p>La Federaci\u00f3 de Futbol de la Comunitat Valenciana recuerda a nuestros clubes que el plazo de inscripci\u00f3n de equipos en las competiciones de la categor\u00eda de Segunda Regional finalizar\u00e1 ma\u00f1ana, d\u00eda 15 de agosto de 2019. Los Comit\u00e9s de Competici\u00f3n de las categor\u00edas de Segunda Regional de f\u00fatbol Aficionado, Juvenil y Femenino de la FFCV<\/p>\n","protected":false},"author":5,"featured_media":34049,"comment_status":"closed","ping_status":"closed","sticky":false,"template":"","format":"standard","meta":{"om_disable_all_campaigns":false,"footnotes":""},"categories":[16,69],"tags":[336,124,242,97,320],"class_list":["post-34046","post","type-post","status-publish","format-standard","has-post-thumbnail","hentry","category-actualidad","category-noticias-ffcv","tag-competiciones","tag-femenino","tag-inscripciones","tag-juvenil","tag-segunda-regional"],"aioseo_notices":[],"_links":{"self":[{"href":"https:\/\/ffcv.es\/wp\/wp-json\/wp\/v2\/posts\/34046"}],"collection":[{"href":"https:\/\/ffcv.es\/wp\/wp-json\/wp\/v2\/posts"}],"about":[{"href":"https:\/\/ffcv.es\/wp\/wp-json\/wp\/v2\/types\/post"}],"author":[{"embeddable":true,"href":"https:\/\/ffcv.es\/wp\/wp-json\/wp\/v2\/users\/5"}],"replies":[{"embeddable":true,"href":"https:\/\/ffcv.es\/wp\/wp-json\/wp\/v2\/comments?post=34046"}],"version-history":[{"count":3,"href":"https:\/\/ffcv.es\/wp\/wp-json\/wp\/v2\/posts\/34046\/revisions"}],"predecessor-version":[{"id":34055,"href":"https:\/\/ffcv.es\/wp\/wp-json\/wp\/v2\/posts\/34046\/revisions\/34055"}],"wp:featuredmedia":[{"embeddable":true,"href":"https:\/\/ffcv.es\/wp\/wp-json\/wp\/v2\/media\/34049"}],"wp:attachment":[{"href":"https:\/\/ffcv.es\/wp\/wp-json\/wp\/v2\/media?parent=34046"}],"wp:term":[{"taxonomy":"category","embeddable":true,"href":"https:\/\/ffcv.es\/wp\/wp-json\/wp\/v2\/categories?post=34046"},{"taxonomy":"post_tag","embeddable":true,"href":"https:\/\/ffcv.es\/wp\/wp-json\/wp\/v2\/tags?post=34046"}],"curies":[{"name":"wp","href":"https:\/\/api.w.org\/{rel}","templated":true}]}}