{"id":32938,"date":"2019-07-24T08:12:34","date_gmt":"2019-07-24T07:12:34","guid":{"rendered":"https:\/\/ffcv.es\/wp\/?p=32938"},"modified":"2020-05-18T19:01:37","modified_gmt":"2020-05-18T17:01:37","slug":"cantabria-primer-examen-de-la-seleccio-juvenil-en-su-debut-en-un-campeonato-nacional-de-futbol-playa","status":"publish","type":"post","link":"https:\/\/ffcv.es\/wp\/blog\/2019\/07\/cantabria-primer-examen-de-la-seleccio-juvenil-en-su-debut-en-un-campeonato-nacional-de-futbol-playa\/","title":{"rendered":"Cantabria, primer examen de la Selecci\u00f3 Valenciana masculina sub18 en su debut en un Campeonato Nacional de F\u00fatbol Playa"},"content":{"rendered":"\n<p>La <strong>Selecci\u00f3 Valenciana juvenil de F\u00fatbol Playa <\/strong>jugar\u00e1 por primera vez en su historia este viernes un partido de la fase de grupos de un <strong>Campeonato Nacional de selecciones auton\u00f3micas, <\/strong>ante <strong>Cantabria<\/strong>.<\/p>\n\n\n\n<p>El combinado valenciano, dirigido por <strong>Vicente Garc\u00eda<\/strong>, se enfrentar\u00e1 en la jornada del s\u00e1bado a las 9 horas a <strong>Catalunya<\/strong>, en el segundo y \u00faltimo partido de esta primera fase.<\/p>\n\n\n\n<p>En caso de clasificarse para semifinales, los valencianos<strong> <\/strong>disputar\u00e1n el partido que da acceso a la final el mismo s\u00e1bado por la tarde.<\/p>\n\n\n\n<p>La hipot\u00e9tica final del campeonato se disputar\u00e1 el domingo 28 de julio a las 12 del mediod\u00eda.<\/p>\n\n\n\n<p>La <strong>playa de la Victoria<\/strong> de C\u00e1diz ser\u00e1 el escenario de este torneo donde la Selecci\u00f3 acude con la ilusi\u00f3n de superar la fase de grupos pese a la entidad de los rivales y su inexperiencia.<\/p>\n\n\n\n<div class=\"wp-block-file\"><a href=\"https:\/\/ffcv.es\/wp\/wp-content\/uploads\/2019\/07\/Convocatoria-Oficial-Juvenil.pdf\">Convocatoria Selecci\u00f3 Juvenil<\/a><a href=\"https:\/\/ffcv.es\/wp\/wp-content\/uploads\/2019\/07\/Convocatoria-Oficial-Juvenil.pdf\" class=\"wp-block-file__button\" download>Descarga<\/a><\/div>\n","protected":false},"excerpt":{"rendered":"<p>La Selecci\u00f3 Valenciana juvenil de F\u00fatbol Playa jugar\u00e1 por primera vez en su historia este viernes un partido de la fase de grupos de un Campeonato Nacional de selecciones auton\u00f3micas, ante Cantabria. El combinado valenciano, dirigido por Vicente Garc\u00eda, se enfrentar\u00e1 en la jornada del s\u00e1bado a las 9 horas a Catalunya, en el segundo<\/p>\n","protected":false},"author":16,"featured_media":32944,"comment_status":"closed","ping_status":"closed","sticky":false,"template":"","format":"standard","meta":{"om_disable_all_campaigns":false,"footnotes":""},"categories":[3894,1307],"tags":[1635,1120,232,1205,1587,401],"class_list":["post-32938","post","type-post","status-publish","format-standard","has-post-thumbnail","hentry","category-seleccio-valenciana-sub19-futbol-playa","category-noticias-futbol-playa","tag-cadiz","tag-campeonato-nacional-selecciones-autonomicas","tag-futbol-playa","tag-seleccio-valenciana","tag-seleccion-futbol-playa","tag-seleccion-valenciana"],"aioseo_notices":[],"_links":{"self":[{"href":"https:\/\/ffcv.es\/wp\/wp-json\/wp\/v2\/posts\/32938"}],"collection":[{"href":"https:\/\/ffcv.es\/wp\/wp-json\/wp\/v2\/posts"}],"about":[{"href":"https:\/\/ffcv.es\/wp\/wp-json\/wp\/v2\/types\/post"}],"author":[{"embeddable":true,"href":"https:\/\/ffcv.es\/wp\/wp-json\/wp\/v2\/users\/16"}],"replies":[{"embeddable":true,"href":"https:\/\/ffcv.es\/wp\/wp-json\/wp\/v2\/comments?post=32938"}],"version-history":[{"count":3,"href":"https:\/\/ffcv.es\/wp\/wp-json\/wp\/v2\/posts\/32938\/revisions"}],"predecessor-version":[{"id":46113,"href":"https:\/\/ffcv.es\/wp\/wp-json\/wp\/v2\/posts\/32938\/revisions\/46113"}],"wp:featuredmedia":[{"embeddable":true,"href":"https:\/\/ffcv.es\/wp\/wp-json\/wp\/v2\/media\/32944"}],"wp:attachment":[{"href":"https:\/\/ffcv.es\/wp\/wp-json\/wp\/v2\/media?parent=32938"}],"wp:term":[{"taxonomy":"category","embeddable":true,"href":"https:\/\/ffcv.es\/wp\/wp-json\/wp\/v2\/categories?post=32938"},{"taxonomy":"post_tag","embeddable":true,"href":"https:\/\/ffcv.es\/wp\/wp-json\/wp\/v2\/tags?post=32938"}],"curies":[{"name":"wp","href":"https:\/\/api.w.org\/{rel}","templated":true}]}}