{"id":32817,"date":"2019-07-17T09:59:45","date_gmt":"2019-07-17T08:59:45","guid":{"rendered":"https:\/\/ffcv.es\/wp\/?p=32817"},"modified":"2019-07-18T12:21:50","modified_gmt":"2019-07-18T11:21:50","slug":"luanvi-y-molten-seran-los-balones-oficiales-para-la-temporada-2019-20","status":"publish","type":"post","link":"https:\/\/ffcv.es\/wp\/blog\/2019\/07\/luanvi-y-molten-seran-los-balones-oficiales-para-la-temporada-2019-20\/","title":{"rendered":"Luanvi y Molten ser\u00e1n los balones oficiales para la temporada 2019\/20"},"content":{"rendered":"\n<p>A la venta en la <a href=\"https:\/\/www.luanvi.com\/es\/72-balones-futbol?page=1\">web oficial de <\/a><strong><a href=\"https:\/\/www.luanvi.com\/es\/72-balones-futbol?page=1\">Luanvi<\/a><\/strong><\/p>\n\n\n\n<p>\u27a0\u27a0\u27a0 <a href=\"https:\/\/www.luanvi.com\/es\/72-balones-futbol?page=1\">COMPRAR BALONES OFICIALES <\/a><\/p>\n\n\n\n<p>La <strong>Federaci\u00f3 de Futbol de la Comunitat Valenciana<\/strong>, tras el convenio firmado con <strong>Luanvi S.A.<\/strong>, present\u00f3 los nuevos balones en un acto que se celebr\u00f3 en el complejo <strong>La Canaleta de Mislata<\/strong>.<\/p>\n\n\n\n<p>Las marcas <strong>Luanvi <\/strong>y <strong>Molten<\/strong> ser\u00e1n las proveedoras oficiales de los balones de f\u00fatbol que se utilizar\u00e1n en todas las categor\u00edas de f\u00fatbol y f\u00fatbol base de la <strong>Comunitat Valenciana<\/strong> durante la <strong>temporada 2019\/2020<\/strong>.<\/p>\n\n\n\n<p>El <strong>modelo F5V3400 <\/strong>de<strong> Molten<\/strong>, bautizado por la FFCV como <strong>#SomFutbol<\/strong>, ser\u00e1 el bal\u00f3n oficial en los partidos de la categor\u00eda <strong>Regional Preferente<\/strong> y <strong>Liga Auton\u00f3mica Valenta<\/strong>.<\/p>\n\n\n\n<figure class=\"wp-block-image\"><img loading=\"lazy\" decoding=\"async\" width=\"1024\" height=\"683\" data-src=\"https:\/\/ffcv.es\/wp\/wp-content\/uploads\/2019\/07\/7-1024x683.jpg\" alt=\"16 julio - Bal\u00f3n Molten #SomFutbol\" class=\"wp-image-32827 lazyload\" data-srcset=\"https:\/\/ffcv.es\/wp\/wp-content\/uploads\/2019\/07\/7-1024x683.jpg 1024w, https:\/\/ffcv.es\/wp\/wp-content\/uploads\/2019\/07\/7-300x200.jpg 300w, https:\/\/ffcv.es\/wp\/wp-content\/uploads\/2019\/07\/7-768x512.jpg 768w, https:\/\/ffcv.es\/wp\/wp-content\/uploads\/2019\/07\/7-280x187.jpg 280w, https:\/\/ffcv.es\/wp\/wp-content\/uploads\/2019\/07\/7-1170x780.jpg 1170w\" data-sizes=\"(max-width: 1024px) 100vw, 1024px\" src=\"data:image\/gif;base64,R0lGODlhAQABAAAAACH5BAEKAAEALAAAAAABAAEAAAICTAEAOw==\" style=\"--smush-placeholder-width: 1024px; --smush-placeholder-aspect-ratio: 1024\/683;\" \/><noscript><img loading=\"lazy\" decoding=\"async\" width=\"1024\" height=\"683\" src=\"https:\/\/ffcv.es\/wp\/wp-content\/uploads\/2019\/07\/7-1024x683.jpg\" alt=\"16 julio - Bal\u00f3n Molten #SomFutbol\" class=\"wp-image-32827\" srcset=\"https:\/\/ffcv.es\/wp\/wp-content\/uploads\/2019\/07\/7-1024x683.jpg 1024w, https:\/\/ffcv.es\/wp\/wp-content\/uploads\/2019\/07\/7-300x200.jpg 300w, https:\/\/ffcv.es\/wp\/wp-content\/uploads\/2019\/07\/7-768x512.jpg 768w, https:\/\/ffcv.es\/wp\/wp-content\/uploads\/2019\/07\/7-280x187.jpg 280w, https:\/\/ffcv.es\/wp\/wp-content\/uploads\/2019\/07\/7-1170x780.jpg 1170w\" sizes=\"(max-width: 1024px) 100vw, 1024px\" \/><\/noscript><figcaption>#SomFutbol, el bal\u00f3n Molten parta Regional Preferente y Liga Auton\u00f3mica Valenta.<\/figcaption><\/figure>\n\n\n\n<p>El modelo <strong>Luanvi Softek <\/strong>de la talla 5,<strong> <\/strong>bajo la denominaci\u00f3n de<strong> #110anys<\/strong> como homenaje a los a\u00f1os de historia de la FFCV, ser\u00e1 el utilizado en el resto de competiciones de <strong>f\u00fatbol 11<\/strong>.<\/p>\n\n\n\n<figure class=\"wp-block-image\"><img loading=\"lazy\" decoding=\"async\" width=\"1024\" height=\"603\" data-src=\"https:\/\/ffcv.es\/wp\/wp-content\/uploads\/2019\/07\/14-1024x603.jpg\" alt=\"16 julio - Bal\u00f3n Luanvi #110anys\" class=\"wp-image-32828 lazyload\" data-srcset=\"https:\/\/ffcv.es\/wp\/wp-content\/uploads\/2019\/07\/14-1024x603.jpg 1024w, https:\/\/ffcv.es\/wp\/wp-content\/uploads\/2019\/07\/14-300x177.jpg 300w, https:\/\/ffcv.es\/wp\/wp-content\/uploads\/2019\/07\/14-768x452.jpg 768w, https:\/\/ffcv.es\/wp\/wp-content\/uploads\/2019\/07\/14-280x165.jpg 280w, https:\/\/ffcv.es\/wp\/wp-content\/uploads\/2019\/07\/14-1170x689.jpg 1170w\" data-sizes=\"(max-width: 1024px) 100vw, 1024px\" src=\"data:image\/gif;base64,R0lGODlhAQABAAAAACH5BAEKAAEALAAAAAABAAEAAAICTAEAOw==\" style=\"--smush-placeholder-width: 1024px; --smush-placeholder-aspect-ratio: 1024\/603;\" \/><noscript><img loading=\"lazy\" decoding=\"async\" width=\"1024\" height=\"603\" src=\"https:\/\/ffcv.es\/wp\/wp-content\/uploads\/2019\/07\/14-1024x603.jpg\" alt=\"16 julio - Bal\u00f3n Luanvi #110anys\" class=\"wp-image-32828\" srcset=\"https:\/\/ffcv.es\/wp\/wp-content\/uploads\/2019\/07\/14-1024x603.jpg 1024w, https:\/\/ffcv.es\/wp\/wp-content\/uploads\/2019\/07\/14-300x177.jpg 300w, https:\/\/ffcv.es\/wp\/wp-content\/uploads\/2019\/07\/14-768x452.jpg 768w, https:\/\/ffcv.es\/wp\/wp-content\/uploads\/2019\/07\/14-280x165.jpg 280w, https:\/\/ffcv.es\/wp\/wp-content\/uploads\/2019\/07\/14-1170x689.jpg 1170w\" sizes=\"(max-width: 1024px) 100vw, 1024px\" \/><\/noscript><figcaption>#110anys, bal\u00f3n Luanvi para el F11 de la Comunitat Valenciana.<\/figcaption><\/figure>\n\n\n\n<p>Y para el <strong>f\u00fatbol 8<\/strong>, se utilizar\u00e1 en todo los partidos el bal\u00f3n <strong>Luanvi Softek <\/strong>talla 4<strong>, <\/strong>denominado<strong> #Campeon\u00e6s<\/strong>.<\/p>\n\n\n\n<figure class=\"wp-block-image\"><img loading=\"lazy\" decoding=\"async\" width=\"1024\" height=\"683\" data-src=\"https:\/\/ffcv.es\/wp\/wp-content\/uploads\/2019\/07\/6y-1024x683.jpg\" alt=\"16 julio - Bal\u00f3n Luanvi #Campeon\u00e6s\" class=\"wp-image-32829 lazyload\" data-srcset=\"https:\/\/ffcv.es\/wp\/wp-content\/uploads\/2019\/07\/6y-1024x683.jpg 1024w, https:\/\/ffcv.es\/wp\/wp-content\/uploads\/2019\/07\/6y-300x200.jpg 300w, https:\/\/ffcv.es\/wp\/wp-content\/uploads\/2019\/07\/6y-768x512.jpg 768w, https:\/\/ffcv.es\/wp\/wp-content\/uploads\/2019\/07\/6y-280x187.jpg 280w, https:\/\/ffcv.es\/wp\/wp-content\/uploads\/2019\/07\/6y-1170x780.jpg 1170w\" data-sizes=\"(max-width: 1024px) 100vw, 1024px\" src=\"data:image\/gif;base64,R0lGODlhAQABAAAAACH5BAEKAAEALAAAAAABAAEAAAICTAEAOw==\" style=\"--smush-placeholder-width: 1024px; --smush-placeholder-aspect-ratio: 1024\/683;\" \/><noscript><img loading=\"lazy\" decoding=\"async\" width=\"1024\" height=\"683\" src=\"https:\/\/ffcv.es\/wp\/wp-content\/uploads\/2019\/07\/6y-1024x683.jpg\" alt=\"16 julio - Bal\u00f3n Luanvi #Campeon\u00e6s\" class=\"wp-image-32829\" srcset=\"https:\/\/ffcv.es\/wp\/wp-content\/uploads\/2019\/07\/6y-1024x683.jpg 1024w, https:\/\/ffcv.es\/wp\/wp-content\/uploads\/2019\/07\/6y-300x200.jpg 300w, https:\/\/ffcv.es\/wp\/wp-content\/uploads\/2019\/07\/6y-768x512.jpg 768w, https:\/\/ffcv.es\/wp\/wp-content\/uploads\/2019\/07\/6y-280x187.jpg 280w, https:\/\/ffcv.es\/wp\/wp-content\/uploads\/2019\/07\/6y-1170x780.jpg 1170w\" sizes=\"(max-width: 1024px) 100vw, 1024px\" \/><\/noscript><figcaption>#Campeon\u00e6s, bal\u00f3n oficial para el F8 de la Comunitat Valenciana.<\/figcaption><\/figure>\n\n\n\n<h2 class=\"wp-block-heading\">Tecnolog\u00eda SOFTEK<\/h2>\n\n\n\n<p>Tal y como explic\u00f3 <strong>Vicente Taranc\u00f3n<\/strong>, <strong>director de Luanvi<\/strong>, se trata de balones desarrollados con la tecnolog\u00eda <em><strong>Softek<\/strong><\/em> que amortigua el impacto en los golpeos de cabeza gracias al gel con el que est\u00e1n fabricados.<\/p>\n\n\n\n<p><strong>Taranc\u00f3n<\/strong> destac\u00f3 que \u00abla apuesta por la tecnolog\u00eda nos motiva y de la mano de la FFCV hemos conseguido unos balones de mucha calidad para el f\u00fatbol valenciano\u00bb.<\/p>\n\n\n\n<figure class=\"wp-block-image\"><img loading=\"lazy\" decoding=\"async\" width=\"1024\" height=\"576\" data-src=\"https:\/\/ffcv.es\/wp\/wp-content\/uploads\/2019\/07\/24-1024x576.jpg\" alt=\"16 julio - Presentaci\u00f3n balones Luanvi para temporada 2019\/20\" class=\"wp-image-32830 lazyload\" data-srcset=\"https:\/\/ffcv.es\/wp\/wp-content\/uploads\/2019\/07\/24-1024x576.jpg 1024w, https:\/\/ffcv.es\/wp\/wp-content\/uploads\/2019\/07\/24-300x169.jpg 300w, https:\/\/ffcv.es\/wp\/wp-content\/uploads\/2019\/07\/24-768x432.jpg 768w, https:\/\/ffcv.es\/wp\/wp-content\/uploads\/2019\/07\/24-280x158.jpg 280w, https:\/\/ffcv.es\/wp\/wp-content\/uploads\/2019\/07\/24-1170x658.jpg 1170w, https:\/\/ffcv.es\/wp\/wp-content\/uploads\/2019\/07\/24.jpg 1920w\" data-sizes=\"(max-width: 1024px) 100vw, 1024px\" src=\"data:image\/gif;base64,R0lGODlhAQABAAAAACH5BAEKAAEALAAAAAABAAEAAAICTAEAOw==\" style=\"--smush-placeholder-width: 1024px; --smush-placeholder-aspect-ratio: 1024\/576;\" \/><noscript><img loading=\"lazy\" decoding=\"async\" width=\"1024\" height=\"576\" src=\"https:\/\/ffcv.es\/wp\/wp-content\/uploads\/2019\/07\/24-1024x576.jpg\" alt=\"16 julio - Presentaci\u00f3n balones Luanvi para temporada 2019\/20\" class=\"wp-image-32830\" srcset=\"https:\/\/ffcv.es\/wp\/wp-content\/uploads\/2019\/07\/24-1024x576.jpg 1024w, https:\/\/ffcv.es\/wp\/wp-content\/uploads\/2019\/07\/24-300x169.jpg 300w, https:\/\/ffcv.es\/wp\/wp-content\/uploads\/2019\/07\/24-768x432.jpg 768w, https:\/\/ffcv.es\/wp\/wp-content\/uploads\/2019\/07\/24-280x158.jpg 280w, https:\/\/ffcv.es\/wp\/wp-content\/uploads\/2019\/07\/24-1170x658.jpg 1170w, https:\/\/ffcv.es\/wp\/wp-content\/uploads\/2019\/07\/24.jpg 1920w\" sizes=\"(max-width: 1024px) 100vw, 1024px\" \/><\/noscript><figcaption>Responsables de la FFCV y de Luanvi, en la presentaci\u00f3n oficial de los balones.<\/figcaption><\/figure>\n\n\n\n<p>Por su parte, <strong>Salva Gomar<\/strong>, <strong>presidente de la FFCV<\/strong>, apunt\u00f3 en el transcurso del acto que \u00aben la <strong>FFCV<\/strong> est\u00e1bamos al tanto de los estudios sobre las lesiones que producen balones sin una tecnolog\u00eda adecuada detr\u00e1s. <strong>Luanvi<\/strong> nos da seguridad en ese sentido con estos balones de m\u00e1xima calidad\u00bb.<\/p>\n\n\n\n<h2 class=\"wp-block-heading\">Valenta y FFCV<\/h2>\n\n\n\n<p>Adem\u00e1s, <strong>Gomar<\/strong> destac\u00f3 el hecho de tener los dos distintivos en cada bal\u00f3n: \u00abLos logos de <strong>Valenta<\/strong> y de la <strong>FFCV<\/strong> est\u00e1n presentes en todos los balones para dar valor al f\u00fatbol femenino y masculino\u00bb, <\/p>\n\n\n\n<figure class=\"wp-block-image\"><img loading=\"lazy\" decoding=\"async\" width=\"1024\" height=\"576\" data-src=\"https:\/\/ffcv.es\/wp\/wp-content\/uploads\/2019\/07\/25-1024x576.jpg\" alt=\"16 julio - Presentaci\u00f3n balones Luanvi para temporada 2019\/20\" class=\"wp-image-32831 lazyload\" data-srcset=\"https:\/\/ffcv.es\/wp\/wp-content\/uploads\/2019\/07\/25-1024x576.jpg 1024w, https:\/\/ffcv.es\/wp\/wp-content\/uploads\/2019\/07\/25-300x169.jpg 300w, https:\/\/ffcv.es\/wp\/wp-content\/uploads\/2019\/07\/25-768x432.jpg 768w, https:\/\/ffcv.es\/wp\/wp-content\/uploads\/2019\/07\/25-280x158.jpg 280w, https:\/\/ffcv.es\/wp\/wp-content\/uploads\/2019\/07\/25-1170x658.jpg 1170w, https:\/\/ffcv.es\/wp\/wp-content\/uploads\/2019\/07\/25.jpg 1920w\" data-sizes=\"(max-width: 1024px) 100vw, 1024px\" src=\"data:image\/gif;base64,R0lGODlhAQABAAAAACH5BAEKAAEALAAAAAABAAEAAAICTAEAOw==\" style=\"--smush-placeholder-width: 1024px; --smush-placeholder-aspect-ratio: 1024\/576;\" \/><noscript><img loading=\"lazy\" decoding=\"async\" width=\"1024\" height=\"576\" src=\"https:\/\/ffcv.es\/wp\/wp-content\/uploads\/2019\/07\/25-1024x576.jpg\" alt=\"16 julio - Presentaci\u00f3n balones Luanvi para temporada 2019\/20\" class=\"wp-image-32831\" srcset=\"https:\/\/ffcv.es\/wp\/wp-content\/uploads\/2019\/07\/25-1024x576.jpg 1024w, https:\/\/ffcv.es\/wp\/wp-content\/uploads\/2019\/07\/25-300x169.jpg 300w, https:\/\/ffcv.es\/wp\/wp-content\/uploads\/2019\/07\/25-768x432.jpg 768w, https:\/\/ffcv.es\/wp\/wp-content\/uploads\/2019\/07\/25-280x158.jpg 280w, https:\/\/ffcv.es\/wp\/wp-content\/uploads\/2019\/07\/25-1170x658.jpg 1170w, https:\/\/ffcv.es\/wp\/wp-content\/uploads\/2019\/07\/25.jpg 1920w\" sizes=\"(max-width: 1024px) 100vw, 1024px\" \/><\/noscript><figcaption>Detalle de los logos impresos en los balones Luanvi. <\/figcaption><\/figure>\n\n\n\n<p>Los clubes estar\u00e1n obligados a utilizar estos modelos de balones oficiales en todos los partidos oficiales en el \u00e1mbito de la <strong>Comunitat Valenciana<\/strong>.<\/p>\n\n\n\n<p>El incumplimiento de esta disposici\u00f3n ser\u00e1 considerado por el \u00e1rbitro en el acta del partido, y los <strong>Comit\u00e9s Disciplinarios <\/strong>actuar\u00e1n en consecuencia en virtud de lo dispuesto en el<strong> art\u00edculo 236 del Reglamento federativo<\/strong>.<\/p>\n\n\n\n<h2 class=\"wp-block-heading\">Acuerdo de dos temporadas<\/h2>\n\n\n\n<p><strong>Luanvi<\/strong> pasa a ser colaborador oficial de la <strong>Federaci\u00f3 de Futbol de la Comunitat Valenciana<\/strong> para las dos pr\u00f3ximas temporadas con opci\u00f3n a una m\u00e1s.<\/p>\n\n\n\n<p>Al igual que sucedi\u00f3 con<strong> <a href=\"https:\/\/ffcv.es\/wp\/transvia-sport-colaborador-oficial-de-la-ffcv-durante-las-proximas-tres-temporadas\/\">Transv\u00eda Sport <\/a><\/strong><a href=\"https:\/\/ffcv.es\/wp\/transvia-sport-colaborador-oficial-de-la-ffcv-durante-las-proximas-tres-temporadas\/\">en el apartado de viajes,<\/a> <strong>Luanvi<\/strong> ser\u00e1 la empresa que se encargue de los balones de la <strong>FFCV<\/strong> y entra a formar parte de la familia de patrocinadores del f\u00fatbol valenciano.<\/p>\n\n\n\n<blockquote class=\"twitter-tweet\" data-lang=\"es\"><p lang=\"es\" dir=\"ltr\">\u26bd\ufe0fPresentamos los balones oficiales para la temporada 2\ufe0f\u20e30\ufe0f\u20e31\ufe0f\u20e39\ufe0f\u20e3\u23aa2\ufe0f\u20e30\ufe0f\u20e32\ufe0f\u20e30\ufe0f\u20e3<a href=\"https:\/\/twitter.com\/Luanvi?ref_src=twsrc%5Etfw\">@Luanvi<\/a> \u2795tecnolog\u00eda punta \uff1d <a href=\"https:\/\/twitter.com\/hashtag\/110anys?src=hash&amp;ref_src=twsrc%5Etfw\">#110anys<\/a> (F11) <a href=\"https:\/\/twitter.com\/hashtag\/Campeon%C3%A6s?src=hash&amp;ref_src=twsrc%5Etfw\">#Campeon\u00e6s<\/a> (F8)<br><br>\u24c2\ufe0folten <a href=\"https:\/\/twitter.com\/hashtag\/SomFutbol?src=hash&amp;ref_src=twsrc%5Etfw\">#SomFutbol<\/a> para Regional Preferente y Liga Auton\u00f3mica <a href=\"https:\/\/twitter.com\/hashtag\/Valenta?src=hash&amp;ref_src=twsrc%5Etfw\">#Valenta<\/a>\ud83d\ude4b\u200d\u2640\ufe0f<br><br>\ud83d\udcce<a href=\"https:\/\/t.co\/Mjf4On9UGw\">https:\/\/t.co\/Mjf4On9UGw<\/a> <a href=\"https:\/\/twitter.com\/hashtag\/SomFutbol?src=hash&amp;ref_src=twsrc%5Etfw\">#SomFutbol<\/a> <a href=\"https:\/\/twitter.com\/hashtag\/110anys?src=hash&amp;ref_src=twsrc%5Etfw\">#110anys<\/a> <a href=\"https:\/\/twitter.com\/hashtag\/Campeon%C3%A6s?src=hash&amp;ref_src=twsrc%5Etfw\">#Campeon\u00e6s<\/a> <a href=\"https:\/\/t.co\/BQ8alJA3AL\">pic.twitter.com\/BQ8alJA3AL<\/a><\/p>\u2014 FFCV (@FFCV_info) <a href=\"https:\/\/twitter.com\/FFCV_info\/status\/1151423829354393601?ref_src=twsrc%5Etfw\">17 de julio de 2019<\/a><\/blockquote>\n<script async=\"\" src=\"https:\/\/platform.twitter.com\/widgets.js\" charset=\"utf-8\"><\/script>\n","protected":false},"excerpt":{"rendered":"<p>A la venta en la web oficial de Luanvi \u27a0\u27a0\u27a0 COMPRAR BALONES OFICIALES La Federaci\u00f3 de Futbol de la Comunitat Valenciana, tras el convenio firmado con Luanvi S.A., present\u00f3 los nuevos balones en un acto que se celebr\u00f3 en el complejo La Canaleta de Mislata. Las marcas Luanvi y Molten ser\u00e1n las proveedoras oficiales de<\/p>\n","protected":false},"author":16,"featured_media":32833,"comment_status":"closed","ping_status":"closed","sticky":false,"template":"","format":"standard","meta":{"om_disable_all_campaigns":false,"footnotes":""},"categories":[69,1282],"tags":[1614,1609,879,1610,1611,1613],"class_list":["post-32817","post","type-post","status-publish","format-standard","has-post-thumbnail","hentry","category-noticias-ffcv","category-portada","tag-110anys","tag-balones","tag-la-canaleta","tag-luanvi","tag-molten","tag-somfutbol"],"aioseo_notices":[],"_links":{"self":[{"href":"https:\/\/ffcv.es\/wp\/wp-json\/wp\/v2\/posts\/32817"}],"collection":[{"href":"https:\/\/ffcv.es\/wp\/wp-json\/wp\/v2\/posts"}],"about":[{"href":"https:\/\/ffcv.es\/wp\/wp-json\/wp\/v2\/types\/post"}],"author":[{"embeddable":true,"href":"https:\/\/ffcv.es\/wp\/wp-json\/wp\/v2\/users\/16"}],"replies":[{"embeddable":true,"href":"https:\/\/ffcv.es\/wp\/wp-json\/wp\/v2\/comments?post=32817"}],"version-history":[{"count":5,"href":"https:\/\/ffcv.es\/wp\/wp-json\/wp\/v2\/posts\/32817\/revisions"}],"predecessor-version":[{"id":32885,"href":"https:\/\/ffcv.es\/wp\/wp-json\/wp\/v2\/posts\/32817\/revisions\/32885"}],"wp:featuredmedia":[{"embeddable":true,"href":"https:\/\/ffcv.es\/wp\/wp-json\/wp\/v2\/media\/32833"}],"wp:attachment":[{"href":"https:\/\/ffcv.es\/wp\/wp-json\/wp\/v2\/media?parent=32817"}],"wp:term":[{"taxonomy":"category","embeddable":true,"href":"https:\/\/ffcv.es\/wp\/wp-json\/wp\/v2\/categories?post=32817"},{"taxonomy":"post_tag","embeddable":true,"href":"https:\/\/ffcv.es\/wp\/wp-json\/wp\/v2\/tags?post=32817"}],"curies":[{"name":"wp","href":"https:\/\/api.w.org\/{rel}","templated":true}]}}