{"id":32755,"date":"2019-07-11T10:17:41","date_gmt":"2019-07-11T09:17:41","guid":{"rendered":"https:\/\/ffcv.es\/wp\/?p=32755"},"modified":"2019-07-11T11:04:11","modified_gmt":"2019-07-11T10:04:11","slug":"transvia-sport-colaborador-oficial-de-la-ffcv-durante-las-proximas-tres-temporadas","status":"publish","type":"post","link":"https:\/\/ffcv.es\/wp\/blog\/2019\/07\/transvia-sport-colaborador-oficial-de-la-ffcv-durante-las-proximas-tres-temporadas\/","title":{"rendered":"Transv\u00eda Sport, colaborador oficial de la FFCV durante las pr\u00f3ximas tres temporadas"},"content":{"rendered":"\n<p><strong><a href=\"http:\/\/www.transviasport.com\/\">Transvia Sport<\/a><\/strong><a href=\"http:\/\/www.transviasport.com\/\"> <\/a>y la <strong>Federaci\u00f3 de Futbol de la Comunitat Valenciana<\/strong>, han llegado a un acuerdo mediante el cual la empresa valenciana se convierte en colaborador oficial del ente federativo.<\/p>\n\n\n\n<p>De esta manera, <strong><a href=\"http:\/\/www.transviasport.com\/\">Transv\u00eda Sport<\/a> <\/strong>se convierte en la agencia de viajes oficial de la <strong>FFCV<\/strong> y entra a formar parte de la familia de patrocinadores del f\u00fatbol valenciano.<\/p>\n\n\n\n<p>El acuerdo tiene una duraci\u00f3n de tres temporadas (hasta junio de 2022) y gracias a \u00e9l, <strong><a href=\"http:\/\/www.transviasport.com\/\">Transvia Sport<\/a><\/strong> asumir\u00e1 todos los servicios relacionados con cualquier tipo de desplazamiento que realice o gestione la <strong>FFCV<\/strong>.<\/p>\n\n\n\n<figure class=\"wp-block-image\"><img loading=\"lazy\" decoding=\"async\" width=\"1024\" height=\"576\" data-src=\"https:\/\/ffcv.es\/wp\/wp-content\/uploads\/2019\/07\/6542-1024x576.jpg\" alt=\"Jos\u00e9 Mas Cardona, gerente de Transvia Viajes, y Salva Gomar, presidente de la Federaci\u00f3 de Futbol de la Comunitat Valenciana\" class=\"wp-image-32757 lazyload\" data-srcset=\"https:\/\/ffcv.es\/wp\/wp-content\/uploads\/2019\/07\/6542-1024x576.jpg 1024w, https:\/\/ffcv.es\/wp\/wp-content\/uploads\/2019\/07\/6542-300x169.jpg 300w, https:\/\/ffcv.es\/wp\/wp-content\/uploads\/2019\/07\/6542-768x432.jpg 768w, https:\/\/ffcv.es\/wp\/wp-content\/uploads\/2019\/07\/6542-280x158.jpg 280w, https:\/\/ffcv.es\/wp\/wp-content\/uploads\/2019\/07\/6542-1170x658.jpg 1170w, https:\/\/ffcv.es\/wp\/wp-content\/uploads\/2019\/07\/6542.jpg 1920w\" data-sizes=\"(max-width: 1024px) 100vw, 1024px\" src=\"data:image\/gif;base64,R0lGODlhAQABAAAAACH5BAEKAAEALAAAAAABAAEAAAICTAEAOw==\" style=\"--smush-placeholder-width: 1024px; --smush-placeholder-aspect-ratio: 1024\/576;\" \/><noscript><img loading=\"lazy\" decoding=\"async\" width=\"1024\" height=\"576\" src=\"https:\/\/ffcv.es\/wp\/wp-content\/uploads\/2019\/07\/6542-1024x576.jpg\" alt=\"Jos\u00e9 Mas Cardona, gerente de Transvia Viajes, y Salva Gomar, presidente de la Federaci\u00f3 de Futbol de la Comunitat Valenciana\" class=\"wp-image-32757\" srcset=\"https:\/\/ffcv.es\/wp\/wp-content\/uploads\/2019\/07\/6542-1024x576.jpg 1024w, https:\/\/ffcv.es\/wp\/wp-content\/uploads\/2019\/07\/6542-300x169.jpg 300w, https:\/\/ffcv.es\/wp\/wp-content\/uploads\/2019\/07\/6542-768x432.jpg 768w, https:\/\/ffcv.es\/wp\/wp-content\/uploads\/2019\/07\/6542-280x158.jpg 280w, https:\/\/ffcv.es\/wp\/wp-content\/uploads\/2019\/07\/6542-1170x658.jpg 1170w, https:\/\/ffcv.es\/wp\/wp-content\/uploads\/2019\/07\/6542.jpg 1920w\" sizes=\"(max-width: 1024px) 100vw, 1024px\" \/><\/noscript><figcaption>Jos\u00e9 Pablo V\u00e1zquez, director de Transv\u00eda Sport, Jos\u00e9 Mas Cardona, gerente de Trasnv\u00eda &#8211; Mucho m\u00e1s que viajes,  Salva Gomar, presidente de la FFCV, y C\u00e9sar Calatayud, Secretario General de la FFCV<\/figcaption><\/figure>\n\n\n\n<p>Fruto de este acuerdo, la <strong>FFCV<\/strong> ya dispone de un autob\u00fas personalizado y a disposici\u00f3n de todas las selecciones valencianas. Se trata de un bus vinilado con el escudo de la <strong>Federaci\u00f3n<\/strong> y con el del \u00e1rea de f\u00fatbol femenino <strong>Valenta<\/strong>. Con todo esto se contribuye a la promoci\u00f3n, normalizaci\u00f3n y visibilidad del f\u00fatbol femenino.<\/p>\n\n\n\n<figure class=\"wp-block-image\"><img loading=\"lazy\" decoding=\"async\" width=\"1024\" height=\"576\" data-src=\"https:\/\/ffcv.es\/wp\/wp-content\/uploads\/2019\/07\/PRESENTACION-BUS0069-1024x576.jpg\" alt=\"Nuevo autob\u00fas de la FFCV - Valenta\" class=\"wp-image-32760 lazyload\" data-srcset=\"https:\/\/ffcv.es\/wp\/wp-content\/uploads\/2019\/07\/PRESENTACION-BUS0069-1024x576.jpg 1024w, https:\/\/ffcv.es\/wp\/wp-content\/uploads\/2019\/07\/PRESENTACION-BUS0069-300x169.jpg 300w, https:\/\/ffcv.es\/wp\/wp-content\/uploads\/2019\/07\/PRESENTACION-BUS0069-768x432.jpg 768w, https:\/\/ffcv.es\/wp\/wp-content\/uploads\/2019\/07\/PRESENTACION-BUS0069-280x158.jpg 280w, https:\/\/ffcv.es\/wp\/wp-content\/uploads\/2019\/07\/PRESENTACION-BUS0069-1170x658.jpg 1170w, https:\/\/ffcv.es\/wp\/wp-content\/uploads\/2019\/07\/PRESENTACION-BUS0069.jpg 1920w\" data-sizes=\"(max-width: 1024px) 100vw, 1024px\" src=\"data:image\/gif;base64,R0lGODlhAQABAAAAACH5BAEKAAEALAAAAAABAAEAAAICTAEAOw==\" style=\"--smush-placeholder-width: 1024px; --smush-placeholder-aspect-ratio: 1024\/576;\" \/><noscript><img loading=\"lazy\" decoding=\"async\" width=\"1024\" height=\"576\" src=\"https:\/\/ffcv.es\/wp\/wp-content\/uploads\/2019\/07\/PRESENTACION-BUS0069-1024x576.jpg\" alt=\"Nuevo autob\u00fas de la FFCV - Valenta\" class=\"wp-image-32760\" srcset=\"https:\/\/ffcv.es\/wp\/wp-content\/uploads\/2019\/07\/PRESENTACION-BUS0069-1024x576.jpg 1024w, https:\/\/ffcv.es\/wp\/wp-content\/uploads\/2019\/07\/PRESENTACION-BUS0069-300x169.jpg 300w, https:\/\/ffcv.es\/wp\/wp-content\/uploads\/2019\/07\/PRESENTACION-BUS0069-768x432.jpg 768w, https:\/\/ffcv.es\/wp\/wp-content\/uploads\/2019\/07\/PRESENTACION-BUS0069-280x158.jpg 280w, https:\/\/ffcv.es\/wp\/wp-content\/uploads\/2019\/07\/PRESENTACION-BUS0069-1170x658.jpg 1170w, https:\/\/ffcv.es\/wp\/wp-content\/uploads\/2019\/07\/PRESENTACION-BUS0069.jpg 1920w\" sizes=\"(max-width: 1024px) 100vw, 1024px\" \/><\/noscript><figcaption>El nuevo bus de la FFCV incluye la imagen del \u00c1rea Valenta<\/figcaption><\/figure>\n\n\n\n<p>Adem\u00e1s, <strong><a href=\"http:\/\/www.transviasport.com\/\">Transvia Sport<\/a><\/strong><a href=\"http:\/\/www.transviasport.com\/\"> <\/a>proporciona un coche de gerencia y una furgoneta para uso diario y exclusivo de la <strong>FFCV<\/strong>.<\/p>\n\n\n\n<p>\u201cEstamos muy felices de llegar a un acuerdo de estas dimensiones con una empresa valenciana como <strong>Transv\u00eda<\/strong>, con un bagaje y una experiencia que poco o nada tiene que envidiar a otras empresas espa\u00f1olas o extranjeras del sector\u201d., explica <strong>Salva Gomar<\/strong>, presidente de la <strong>FFCV<\/strong>.<\/p>\n\n\n\n<p>\u201cLes recibimos con los brazos abiertos en el f\u00fatbol valenciano\u201d, comenta el presidente.<\/p>\n\n\n\n<figure class=\"wp-block-image\"><img loading=\"lazy\" decoding=\"async\" width=\"1024\" height=\"576\" data-src=\"https:\/\/ffcv.es\/wp\/wp-content\/uploads\/2019\/07\/0011-1024x576.jpg\" alt=\"La Selecci\u00f3 sub12 con el nuevo autob\u00fas de la FFCV - Valenta\" class=\"wp-image-32756 lazyload\" data-srcset=\"https:\/\/ffcv.es\/wp\/wp-content\/uploads\/2019\/07\/0011-1024x576.jpg 1024w, https:\/\/ffcv.es\/wp\/wp-content\/uploads\/2019\/07\/0011-300x169.jpg 300w, https:\/\/ffcv.es\/wp\/wp-content\/uploads\/2019\/07\/0011-768x432.jpg 768w, https:\/\/ffcv.es\/wp\/wp-content\/uploads\/2019\/07\/0011-280x158.jpg 280w, https:\/\/ffcv.es\/wp\/wp-content\/uploads\/2019\/07\/0011-1170x658.jpg 1170w, https:\/\/ffcv.es\/wp\/wp-content\/uploads\/2019\/07\/0011.jpg 1920w\" data-sizes=\"(max-width: 1024px) 100vw, 1024px\" src=\"data:image\/gif;base64,R0lGODlhAQABAAAAACH5BAEKAAEALAAAAAABAAEAAAICTAEAOw==\" style=\"--smush-placeholder-width: 1024px; --smush-placeholder-aspect-ratio: 1024\/576;\" \/><noscript><img loading=\"lazy\" decoding=\"async\" width=\"1024\" height=\"576\" src=\"https:\/\/ffcv.es\/wp\/wp-content\/uploads\/2019\/07\/0011-1024x576.jpg\" alt=\"La Selecci\u00f3 sub12 con el nuevo autob\u00fas de la FFCV - Valenta\" class=\"wp-image-32756\" srcset=\"https:\/\/ffcv.es\/wp\/wp-content\/uploads\/2019\/07\/0011-1024x576.jpg 1024w, https:\/\/ffcv.es\/wp\/wp-content\/uploads\/2019\/07\/0011-300x169.jpg 300w, https:\/\/ffcv.es\/wp\/wp-content\/uploads\/2019\/07\/0011-768x432.jpg 768w, https:\/\/ffcv.es\/wp\/wp-content\/uploads\/2019\/07\/0011-280x158.jpg 280w, https:\/\/ffcv.es\/wp\/wp-content\/uploads\/2019\/07\/0011-1170x658.jpg 1170w, https:\/\/ffcv.es\/wp\/wp-content\/uploads\/2019\/07\/0011.jpg 1920w\" sizes=\"(max-width: 1024px) 100vw, 1024px\" \/><\/noscript><figcaption>Las selecciones valencianas sub12, en la presentaci\u00f3n del nuevo autob\u00fas de la FFCV<\/figcaption><\/figure>\n","protected":false},"excerpt":{"rendered":"<p>Transvia Sport y la Federaci\u00f3 de Futbol de la Comunitat Valenciana, han llegado a un acuerdo mediante el cual la empresa valenciana se convierte en colaborador oficial del ente federativo. De esta manera, Transv\u00eda Sport se convierte en la agencia de viajes oficial de la FFCV y entra a formar parte de la familia de<\/p>\n","protected":false},"author":15,"featured_media":32768,"comment_status":"closed","ping_status":"closed","sticky":false,"template":"","format":"standard","meta":{"om_disable_all_campaigns":false,"footnotes":""},"categories":[69,1282],"tags":[1604,1605,1602,1603],"class_list":["post-32755","post","type-post","status-publish","format-standard","has-post-thumbnail","hentry","category-noticias-ffcv","category-portada","tag-patrocinio-federacion","tag-sponsor","tag-transvia","tag-transvia-sport"],"aioseo_notices":[],"_links":{"self":[{"href":"https:\/\/ffcv.es\/wp\/wp-json\/wp\/v2\/posts\/32755"}],"collection":[{"href":"https:\/\/ffcv.es\/wp\/wp-json\/wp\/v2\/posts"}],"about":[{"href":"https:\/\/ffcv.es\/wp\/wp-json\/wp\/v2\/types\/post"}],"author":[{"embeddable":true,"href":"https:\/\/ffcv.es\/wp\/wp-json\/wp\/v2\/users\/15"}],"replies":[{"embeddable":true,"href":"https:\/\/ffcv.es\/wp\/wp-json\/wp\/v2\/comments?post=32755"}],"version-history":[{"count":3,"href":"https:\/\/ffcv.es\/wp\/wp-json\/wp\/v2\/posts\/32755\/revisions"}],"predecessor-version":[{"id":32777,"href":"https:\/\/ffcv.es\/wp\/wp-json\/wp\/v2\/posts\/32755\/revisions\/32777"}],"wp:featuredmedia":[{"embeddable":true,"href":"https:\/\/ffcv.es\/wp\/wp-json\/wp\/v2\/media\/32768"}],"wp:attachment":[{"href":"https:\/\/ffcv.es\/wp\/wp-json\/wp\/v2\/media?parent=32755"}],"wp:term":[{"taxonomy":"category","embeddable":true,"href":"https:\/\/ffcv.es\/wp\/wp-json\/wp\/v2\/categories?post=32755"},{"taxonomy":"post_tag","embeddable":true,"href":"https:\/\/ffcv.es\/wp\/wp-json\/wp\/v2\/tags?post=32755"}],"curies":[{"name":"wp","href":"https:\/\/api.w.org\/{rel}","templated":true}]}}