{"id":31925,"date":"2019-06-17T09:04:39","date_gmt":"2019-06-17T08:04:39","guid":{"rendered":"https:\/\/ffcv.es\/wp\/?p=31925"},"modified":"2019-06-17T09:04:59","modified_gmt":"2019-06-17T08:04:59","slug":"horario-de-atencion-en-verano-en-mupresfe-valencia","status":"publish","type":"post","link":"https:\/\/ffcv.es\/wp\/blog\/2019\/06\/horario-de-atencion-en-verano-en-mupresfe-valencia\/","title":{"rendered":"Horario de atenci\u00f3n en verano en MUPRESFE &#8211; Valencia"},"content":{"rendered":"\n<p>La Delegaci\u00f3n de Valencia de la Mutualidad de Previsi\u00f3n Social de Futbolistas Espa\u00f1oles a Prima Fija (MUPRESFE) recuerda a los mutualistas el horario de atenci\u00f3n al p\u00fablico durante los meses de julio  y agosto.<\/p>\n\n\n\n<p>Con el fin de atender de manera adecuada y ordenada las necesidades de los mutualistas de la Comunitat Valenciana, MUPRESFE recuerda que el  horario de Consulta en Valencia (Avenida del Oeste, 40) ser\u00e1 por las tardes de 17:00 a 19:30 horas, siendo el horario de Cl\u00ednica del 1 de julio al 31 de agosto (ambos inclusive) \u00fanicamente los martes y jueves de 17:00 a 20.00 horas. Para m\u00e1s informaci\u00f3n, revise las Normas de la Mutualidad en el apartado correspondiente de nuestra web.<\/p>\n\n\n\n<p><a href=\"https:\/\/ffcv.es\/wp\/normas-de-la-mutualidad\/\">MUPRESFE<\/a><\/p>\n","protected":false},"excerpt":{"rendered":"<p>La Delegaci\u00f3n de Valencia de la Mutualidad de Previsi\u00f3n Social de Futbolistas Espa\u00f1oles a Prima Fija (MUPRESFE) recuerda a los mutualistas el horario de atenci\u00f3n al p\u00fablico durante los meses de julio y agosto. Con el fin de atender de manera adecuada y ordenada las necesidades de los mutualistas de la Comunitat Valenciana, MUPRESFE recuerda<\/p>\n","protected":false},"author":5,"featured_media":4726,"comment_status":"closed","ping_status":"closed","sticky":false,"template":"","format":"standard","meta":{"om_disable_all_campaigns":false,"footnotes":""},"categories":[16,69],"tags":[1281,191,179,178,955],"class_list":["post-31925","post","type-post","status-publish","format-standard","has-post-thumbnail","hentry","category-actualidad","category-noticias-ffcv","tag-atencion-al-publico","tag-horarios","tag-mupresfe","tag-mutualidad","tag-verano"],"aioseo_notices":[],"_links":{"self":[{"href":"https:\/\/ffcv.es\/wp\/wp-json\/wp\/v2\/posts\/31925"}],"collection":[{"href":"https:\/\/ffcv.es\/wp\/wp-json\/wp\/v2\/posts"}],"about":[{"href":"https:\/\/ffcv.es\/wp\/wp-json\/wp\/v2\/types\/post"}],"author":[{"embeddable":true,"href":"https:\/\/ffcv.es\/wp\/wp-json\/wp\/v2\/users\/5"}],"replies":[{"embeddable":true,"href":"https:\/\/ffcv.es\/wp\/wp-json\/wp\/v2\/comments?post=31925"}],"version-history":[{"count":1,"href":"https:\/\/ffcv.es\/wp\/wp-json\/wp\/v2\/posts\/31925\/revisions"}],"predecessor-version":[{"id":31927,"href":"https:\/\/ffcv.es\/wp\/wp-json\/wp\/v2\/posts\/31925\/revisions\/31927"}],"wp:featuredmedia":[{"embeddable":true,"href":"https:\/\/ffcv.es\/wp\/wp-json\/wp\/v2\/media\/4726"}],"wp:attachment":[{"href":"https:\/\/ffcv.es\/wp\/wp-json\/wp\/v2\/media?parent=31925"}],"wp:term":[{"taxonomy":"category","embeddable":true,"href":"https:\/\/ffcv.es\/wp\/wp-json\/wp\/v2\/categories?post=31925"},{"taxonomy":"post_tag","embeddable":true,"href":"https:\/\/ffcv.es\/wp\/wp-json\/wp\/v2\/tags?post=31925"}],"curies":[{"name":"wp","href":"https:\/\/api.w.org\/{rel}","templated":true}]}}