{"id":3013,"date":"2016-03-03T16:51:29","date_gmt":"2016-03-03T16:51:29","guid":{"rendered":"https:\/\/ffcv.es\/wp\/?p=3013"},"modified":"2016-03-03T16:51:29","modified_gmt":"2016-03-03T16:51:29","slug":"nueva-convocatoria-de-entrenamiento-para-la-seleccion-alevin-masculina-en-bunol","status":"publish","type":"post","link":"https:\/\/ffcv.es\/wp\/blog\/2016\/03\/nueva-convocatoria-de-entrenamiento-para-la-seleccion-alevin-masculina-en-bunol\/","title":{"rendered":"Nueva convocatoria de entrenamiento para la Selecci\u00f3n Alev\u00edn masculina en Bu\u00f1ol"},"content":{"rendered":"<p>La Federaci\u00f3n de F\u00fatbol de la Comunidad Valenciana comunica la convocatoria de entrenamiento para la Selecci\u00f3n Alev\u00edn Sub-12 de F\u00fatbol-8, que tendr\u00e1 lugar la pr\u00f3xima semana en Bu\u00f1ol (Valencia).<\/p>\n<div align=\"center\"><script src=\"\/\/pagead2.googlesyndication.com\/pagead\/js\/adsbygoogle.js\" async=\"\"><\/script><!-- cabecera_paginas_adaptable --> <ins class=\"adsbygoogle\" style=\"display: block; background: none !important;\" data-ad-client=\"ca-pub-8508993344894927\" data-ad-slot=\"8273813495\" data-ad-format=\"auto\"><\/ins><script>\/\/ <![CDATA[\n\n(adsbygoogle = window.adsbygoogle || []).push({});\n\n\/\/ ]]><\/script><\/div>\n<div style=\"text-align: left;\" align=\"center\"><a href=\"https:\/\/ffcv.es\/wp\/wp-content\/uploads\/2016\/01\/IMG-20151124-WA0002.jpg\"><img loading=\"lazy\" decoding=\"async\" class=\"size-medium wp-image-2505 alignright lazyload\" data-src=\"https:\/\/ffcv.es\/wp\/wp-content\/uploads\/2016\/01\/IMG-20151124-WA0002-300x169.jpg\" alt=\"IMG-20151124-WA0002\" width=\"300\" height=\"169\" data-srcset=\"https:\/\/ffcv.es\/wp\/wp-content\/uploads\/2016\/01\/IMG-20151124-WA0002-300x169.jpg 300w, https:\/\/ffcv.es\/wp\/wp-content\/uploads\/2016\/01\/IMG-20151124-WA0002-1024x575.jpg 1024w, https:\/\/ffcv.es\/wp\/wp-content\/uploads\/2016\/01\/IMG-20151124-WA0002.jpg 1600w\" data-sizes=\"(max-width: 300px) 100vw, 300px\" src=\"data:image\/gif;base64,R0lGODlhAQABAAAAACH5BAEKAAEALAAAAAABAAEAAAICTAEAOw==\" style=\"--smush-placeholder-width: 300px; --smush-placeholder-aspect-ratio: 300\/169;\" \/><noscript><img loading=\"lazy\" decoding=\"async\" class=\"size-medium wp-image-2505 alignright\" src=\"https:\/\/ffcv.es\/wp\/wp-content\/uploads\/2016\/01\/IMG-20151124-WA0002-300x169.jpg\" alt=\"IMG-20151124-WA0002\" width=\"300\" height=\"169\" srcset=\"https:\/\/ffcv.es\/wp\/wp-content\/uploads\/2016\/01\/IMG-20151124-WA0002-300x169.jpg 300w, https:\/\/ffcv.es\/wp\/wp-content\/uploads\/2016\/01\/IMG-20151124-WA0002-1024x575.jpg 1024w, https:\/\/ffcv.es\/wp\/wp-content\/uploads\/2016\/01\/IMG-20151124-WA0002.jpg 1600w\" sizes=\"(max-width: 300px) 100vw, 300px\" \/><\/noscript><\/a>A petici\u00f3n del cuerpo t\u00e9cnico de seleccionadores, la FFCV convoca a la Selecci\u00f3n Alev\u00edn masculina de f\u00fatbol a la sesi\u00f3n de entrenamiento que se celebrar\u00e1 el pr\u00f3ximo lunes, d\u00eda 7 de marzo, en el Campo &#8216;Beltr\u00e1n B\u00e1guena&#8217; de la localidad valenciana de Bu\u00f1ol. La citaci\u00f3n, de un total de 28 jugadores procedentes de quince equipos, deber\u00e1 comparecer en el terreno de juego a las 16:00 horas, para dar comienzo a su sesi\u00f3n a las 17:00, seg\u00fan la siguiente convocatoria:<\/div>\n<div style=\"text-align: left;\" align=\"center\"><a href=\"https:\/\/ffcv.es\/wp\/wp-content\/uploads\/2016\/03\/9\u00aa-CONV.-SUB-12-BU\u00d1OL.pdf\">9\u00aa CONV. SUB-12 BU\u00d1OL<\/a><\/div>\n<div style=\"text-align: left;\" align=\"center\"><em>Autor: Prensa FFCV<\/em><\/div>\n","protected":false},"excerpt":{"rendered":"<p>La Federaci\u00f3n de F\u00fatbol de la Comunidad Valenciana comunica la convocatoria de entrenamiento para la Selecci\u00f3n Alev\u00edn Sub-12 de F\u00fatbol-8, que tendr\u00e1 lugar la pr\u00f3xima semana en Bu\u00f1ol (Valencia). A petici\u00f3n del cuerpo t\u00e9cnico de seleccionadores, la FFCV convoca a la Selecci\u00f3n Alev\u00edn masculina de f\u00fatbol a la sesi\u00f3n de entrenamiento que se celebrar\u00e1 el<\/p>\n","protected":false},"author":5,"featured_media":2505,"comment_status":"closed","ping_status":"closed","sticky":false,"template":"","format":"standard","meta":{"om_disable_all_campaigns":false,"footnotes":""},"categories":[16,69,72],"tags":[90,102,128,86,180],"class_list":["post-3013","post","type-post","status-publish","format-standard","has-post-thumbnail","hentry","category-actualidad","category-noticias-ffcv","category-noticias-selecciones","tag-alevin","tag-convocatoria","tag-futbol-base","tag-selecciones","tag-sub-12"],"aioseo_notices":[],"_links":{"self":[{"href":"https:\/\/ffcv.es\/wp\/wp-json\/wp\/v2\/posts\/3013"}],"collection":[{"href":"https:\/\/ffcv.es\/wp\/wp-json\/wp\/v2\/posts"}],"about":[{"href":"https:\/\/ffcv.es\/wp\/wp-json\/wp\/v2\/types\/post"}],"author":[{"embeddable":true,"href":"https:\/\/ffcv.es\/wp\/wp-json\/wp\/v2\/users\/5"}],"replies":[{"embeddable":true,"href":"https:\/\/ffcv.es\/wp\/wp-json\/wp\/v2\/comments?post=3013"}],"version-history":[{"count":1,"href":"https:\/\/ffcv.es\/wp\/wp-json\/wp\/v2\/posts\/3013\/revisions"}],"predecessor-version":[{"id":3015,"href":"https:\/\/ffcv.es\/wp\/wp-json\/wp\/v2\/posts\/3013\/revisions\/3015"}],"wp:featuredmedia":[{"embeddable":true,"href":"https:\/\/ffcv.es\/wp\/wp-json\/wp\/v2\/media\/2505"}],"wp:attachment":[{"href":"https:\/\/ffcv.es\/wp\/wp-json\/wp\/v2\/media?parent=3013"}],"wp:term":[{"taxonomy":"category","embeddable":true,"href":"https:\/\/ffcv.es\/wp\/wp-json\/wp\/v2\/categories?post=3013"},{"taxonomy":"post_tag","embeddable":true,"href":"https:\/\/ffcv.es\/wp\/wp-json\/wp\/v2\/tags?post=3013"}],"curies":[{"name":"wp","href":"https:\/\/api.w.org\/{rel}","templated":true}]}}