{"id":26813,"date":"2019-03-29T17:39:39","date_gmt":"2019-03-29T16:39:39","guid":{"rendered":"https:\/\/ffcv.es\/wp\/?p=26813"},"modified":"2019-03-29T17:40:44","modified_gmt":"2019-03-29T16:40:44","slug":"hay-que-dejar-el-arbitraje-valenciano-por-todo-lo-alto","status":"publish","type":"post","link":"https:\/\/ffcv.es\/wp\/blog\/2019\/03\/hay-que-dejar-el-arbitraje-valenciano-por-todo-lo-alto\/","title":{"rendered":"\u00c1lvaro C\u00e1novas \u00abHay que dejar el arbitraje valenciano por todo lo alto\u00bb"},"content":{"rendered":"\n<p><strong>\u00c1lvaro C\u00e1novas<\/strong>\u00a0como \u00e1rbitro principal,\u00a0<strong>Sergio Moreno<\/strong>\u00a0y\u00a0<strong>Rita Caba\u00f1ero<\/strong>\u00a0como asistentes y<strong>\u00a0Jorge T\u00e1rraga<\/strong> como cuarto \u00e1rbitro representaron al arbitraje de la Comunitat Valenciana en la Final de la Copa RFEF.<\/p>\n\n\n\n<iframe loading=\"lazy\" width=\"560\" height=\"315\" data-src=\"https:\/\/www.youtube.com\/embed\/mm0qmC56pZY\" frameborder=\"0\" allow=\"accelerometer; autoplay; encrypted-media; gyroscope; picture-in-picture\" allowfullscreen src=\"data:image\/gif;base64,R0lGODlhAQABAAAAACH5BAEKAAEALAAAAAABAAEAAAICTAEAOw==\" class=\"lazyload\" data-load-mode=\"1\"><\/iframe>\n\n\n\n<p>La <strong>UE Cornell\u00e0 <\/strong>no pudo levantar el resultado adverso de la ida y el empate a dos dio el t\u00edtulo al <strong>CD Mirand\u00e9s<\/strong>.<\/p>\n\n\n\n<p>Los cuatro \u00e1rbitros valencianos disfrutaron much\u00edsimo de la experiencia y fueron conscientes de representar a todos los compa\u00f1eros de la FFCV.<\/p>\n\n\n\n<figure class=\"wp-block-image\"><img loading=\"lazy\" decoding=\"async\" width=\"1024\" height=\"927\" data-src=\"https:\/\/ffcv.es\/wp\/wp-content\/uploads\/2019\/03\/28-mar-Pepe-Enguix-con-A\u0301lvaro-Ca\u0301novas-Rita-Caban\u0303ero-y-Sergio-Moreno-1024x927.jpg\" alt=\"Pepe Enguix con A\u0301lvaro Ca\u0301novas,, Rita Caban\u0303ero y Sergio Moreno\" class=\"wp-image-26815 lazyload\" data-srcset=\"https:\/\/ffcv.es\/wp\/wp-content\/uploads\/2019\/03\/28-mar-Pepe-Enguix-con-A\u0301lvaro-Ca\u0301novas-Rita-Caban\u0303ero-y-Sergio-Moreno-1024x927.jpg 1024w, https:\/\/ffcv.es\/wp\/wp-content\/uploads\/2019\/03\/28-mar-Pepe-Enguix-con-A\u0301lvaro-Ca\u0301novas-Rita-Caban\u0303ero-y-Sergio-Moreno-300x272.jpg 300w, https:\/\/ffcv.es\/wp\/wp-content\/uploads\/2019\/03\/28-mar-Pepe-Enguix-con-A\u0301lvaro-Ca\u0301novas-Rita-Caban\u0303ero-y-Sergio-Moreno-768x695.jpg 768w, https:\/\/ffcv.es\/wp\/wp-content\/uploads\/2019\/03\/28-mar-Pepe-Enguix-con-A\u0301lvaro-Ca\u0301novas-Rita-Caban\u0303ero-y-Sergio-Moreno-207x187.jpg 207w, https:\/\/ffcv.es\/wp\/wp-content\/uploads\/2019\/03\/28-mar-Pepe-Enguix-con-A\u0301lvaro-Ca\u0301novas-Rita-Caban\u0303ero-y-Sergio-Moreno.jpg 1033w\" data-sizes=\"(max-width: 1024px) 100vw, 1024px\" src=\"data:image\/gif;base64,R0lGODlhAQABAAAAACH5BAEKAAEALAAAAAABAAEAAAICTAEAOw==\" style=\"--smush-placeholder-width: 1024px; --smush-placeholder-aspect-ratio: 1024\/927;\" \/><noscript><img loading=\"lazy\" decoding=\"async\" width=\"1024\" height=\"927\" src=\"https:\/\/ffcv.es\/wp\/wp-content\/uploads\/2019\/03\/28-mar-Pepe-Enguix-con-A\u0301lvaro-Ca\u0301novas-Rita-Caban\u0303ero-y-Sergio-Moreno-1024x927.jpg\" alt=\"Pepe Enguix con A\u0301lvaro Ca\u0301novas,, Rita Caban\u0303ero y Sergio Moreno\" class=\"wp-image-26815\" srcset=\"https:\/\/ffcv.es\/wp\/wp-content\/uploads\/2019\/03\/28-mar-Pepe-Enguix-con-A\u0301lvaro-Ca\u0301novas-Rita-Caban\u0303ero-y-Sergio-Moreno-1024x927.jpg 1024w, https:\/\/ffcv.es\/wp\/wp-content\/uploads\/2019\/03\/28-mar-Pepe-Enguix-con-A\u0301lvaro-Ca\u0301novas-Rita-Caban\u0303ero-y-Sergio-Moreno-300x272.jpg 300w, https:\/\/ffcv.es\/wp\/wp-content\/uploads\/2019\/03\/28-mar-Pepe-Enguix-con-A\u0301lvaro-Ca\u0301novas-Rita-Caban\u0303ero-y-Sergio-Moreno-768x695.jpg 768w, https:\/\/ffcv.es\/wp\/wp-content\/uploads\/2019\/03\/28-mar-Pepe-Enguix-con-A\u0301lvaro-Ca\u0301novas-Rita-Caban\u0303ero-y-Sergio-Moreno-207x187.jpg 207w, https:\/\/ffcv.es\/wp\/wp-content\/uploads\/2019\/03\/28-mar-Pepe-Enguix-con-A\u0301lvaro-Ca\u0301novas-Rita-Caban\u0303ero-y-Sergio-Moreno.jpg 1033w\" sizes=\"(max-width: 1024px) 100vw, 1024px\" \/><\/noscript><figcaption>Jos\u00e9 Enguix, presidente del CTA de la FFCV, junto a los \u00e1rbitros valencianos que pitaron la final en Cornell\u00e0.<\/figcaption><\/figure>\n\n\n\n<p><strong>\u00c1lvaro C\u00e1novas<\/strong> se mostraba muy ilusionado ante la ocasi\u00f3n de disfrutar una final: \u00abUna final no se pita todos los d\u00edas, hay que disfrutarla. Aqu\u00ed somos cuatro los valencianos, hay que dejar nuestro arbitraje por todo lo alto\u00bb<\/p>\n\n\n\n<p><strong>Rita Caba\u00f1ero<\/strong>, por su parte, anim\u00f3 a todas las chicas a que se animen con el arbitraje para poder vivir experiencias como esta: \u00abSomos una m\u00e1s en todos los partidos, a seguir trabajando todos los partidos.<\/p>\n\n\n\n<iframe loading=\"lazy\" width=\"560\" height=\"315\" data-src=\"https:\/\/www.youtube.com\/embed\/AiXveLou3J8\" frameborder=\"0\" allow=\"accelerometer; autoplay; encrypted-media; gyroscope; picture-in-picture\" allowfullscreen src=\"data:image\/gif;base64,R0lGODlhAQABAAAAACH5BAEKAAEALAAAAAABAAEAAAICTAEAOw==\" class=\"lazyload\" data-load-mode=\"1\"><\/iframe>\n","protected":false},"excerpt":{"rendered":"<p>\u00c1lvaro C\u00e1novas\u00a0como \u00e1rbitro principal,\u00a0Sergio Moreno\u00a0y\u00a0Rita Caba\u00f1ero\u00a0como asistentes y\u00a0Jorge T\u00e1rraga como cuarto \u00e1rbitro representaron al arbitraje de la Comunitat Valenciana en la Final de la Copa RFEF. La UE Cornell\u00e0 no pudo levantar el resultado adverso de la ida y el empate a dos dio el t\u00edtulo al CD Mirand\u00e9s. Los cuatro \u00e1rbitros valencianos disfrutaron much\u00edsimo<\/p>\n","protected":false},"author":15,"featured_media":26818,"comment_status":"closed","ping_status":"closed","sticky":false,"template":"","format":"standard","meta":{"om_disable_all_campaigns":false,"footnotes":""},"categories":[71,1282],"tags":[1299,163,1331,1330,1300,1329],"class_list":["post-26813","post","type-post","status-publish","format-standard","has-post-thumbnail","hentry","category-noticias-arbitros-noticias-arbitros","category-portada","tag-alvaro-canovas","tag-arbitros","tag-final-copa-federacion","tag-jorge-tarraga","tag-rita-cabanero","tag-sergio-moreno"],"aioseo_notices":[],"_links":{"self":[{"href":"https:\/\/ffcv.es\/wp\/wp-json\/wp\/v2\/posts\/26813"}],"collection":[{"href":"https:\/\/ffcv.es\/wp\/wp-json\/wp\/v2\/posts"}],"about":[{"href":"https:\/\/ffcv.es\/wp\/wp-json\/wp\/v2\/types\/post"}],"author":[{"embeddable":true,"href":"https:\/\/ffcv.es\/wp\/wp-json\/wp\/v2\/users\/15"}],"replies":[{"embeddable":true,"href":"https:\/\/ffcv.es\/wp\/wp-json\/wp\/v2\/comments?post=26813"}],"version-history":[{"count":2,"href":"https:\/\/ffcv.es\/wp\/wp-json\/wp\/v2\/posts\/26813\/revisions"}],"predecessor-version":[{"id":26820,"href":"https:\/\/ffcv.es\/wp\/wp-json\/wp\/v2\/posts\/26813\/revisions\/26820"}],"wp:featuredmedia":[{"embeddable":true,"href":"https:\/\/ffcv.es\/wp\/wp-json\/wp\/v2\/media\/26818"}],"wp:attachment":[{"href":"https:\/\/ffcv.es\/wp\/wp-json\/wp\/v2\/media?parent=26813"}],"wp:term":[{"taxonomy":"category","embeddable":true,"href":"https:\/\/ffcv.es\/wp\/wp-json\/wp\/v2\/categories?post=26813"},{"taxonomy":"post_tag","embeddable":true,"href":"https:\/\/ffcv.es\/wp\/wp-json\/wp\/v2\/tags?post=26813"}],"curies":[{"name":"wp","href":"https:\/\/api.w.org\/{rel}","templated":true}]}}