{"id":25299,"date":"2019-02-22T11:37:50","date_gmt":"2019-02-22T11:37:50","guid":{"rendered":"https:\/\/ffcv.es\/wp\/?p=25299"},"modified":"2019-02-22T12:00:32","modified_gmt":"2019-02-22T12:00:32","slug":"25299-2","status":"publish","type":"post","link":"https:\/\/ffcv.es\/wp\/blog\/2019\/02\/25299-2\/","title":{"rendered":"Victoria contundente de la Selecci\u00f3n Valenciana sub16 sobre la Selecci\u00f3n del Pa\u00eds Vasco en Port de Sagunt (1-3)"},"content":{"rendered":"<p><img loading=\"lazy\" decoding=\"async\" class=\"wp-image-25321 aligncenter lazyload\" data-src=\"https:\/\/ffcv.es\/wp\/wp-content\/uploads\/2019\/02\/DA1033-300x200.jpg\" alt=\"22 feb - CNSA Selecci\u00f3n Valenciana vs Selecci\u00f3n Euskadi sub16 - Port de Sagunt El Forn\u00e1s\" width=\"524\" height=\"349\" data-srcset=\"https:\/\/ffcv.es\/wp\/wp-content\/uploads\/2019\/02\/DA1033-300x200.jpg 300w, https:\/\/ffcv.es\/wp\/wp-content\/uploads\/2019\/02\/DA1033-768x512.jpg 768w, https:\/\/ffcv.es\/wp\/wp-content\/uploads\/2019\/02\/DA1033-1024x683.jpg 1024w\" data-sizes=\"(max-width: 524px) 100vw, 524px\" src=\"data:image\/gif;base64,R0lGODlhAQABAAAAACH5BAEKAAEALAAAAAABAAEAAAICTAEAOw==\" style=\"--smush-placeholder-width: 524px; --smush-placeholder-aspect-ratio: 524\/349;\" \/><noscript><img loading=\"lazy\" decoding=\"async\" class=\" wp-image-25321 aligncenter\" src=\"https:\/\/ffcv.es\/wp\/wp-content\/uploads\/2019\/02\/DA1033-300x200.jpg\" alt=\"22 feb - CNSA Selecci\u00f3n Valenciana vs Selecci\u00f3n Euskadi sub16 - Port de Sagunt El Forn\u00e1s\" width=\"524\" height=\"349\" srcset=\"https:\/\/ffcv.es\/wp\/wp-content\/uploads\/2019\/02\/DA1033-300x200.jpg 300w, https:\/\/ffcv.es\/wp\/wp-content\/uploads\/2019\/02\/DA1033-768x512.jpg 768w, https:\/\/ffcv.es\/wp\/wp-content\/uploads\/2019\/02\/DA1033-1024x683.jpg 1024w\" sizes=\"(max-width: 524px) 100vw, 524px\" \/><\/noscript>La <strong>Selecci\u00f3n Valenciana sub16<\/strong> venci\u00f3 por tres goles a uno a la <strong>Selecci\u00f3n del Pa\u00eds Vasco<\/strong> en el partido inaugural de la <strong>Segunda Fase<\/strong> del <strong>Campeonato Nacional de Selecciones Auton\u00f3micas<\/strong> disputado en el estadio de<strong> El Forn\u00e1s<\/strong> (<strong>Port de Sagunt<\/strong>).<\/p>\n<p>Los chicos de <strong>Javi Lafora<\/strong> eran conscientes de que los vascos eran el m\u00e1ximo rival para poder conseguir el pase a la <strong>Fase Final<\/strong>. Por eso salieron metidos en el encuentro desde el primer minuto y no concedieron metros al rival. <strong>Egoitz Mendiz\u00e1bal<\/strong> hab\u00eda previsto una defensa de cinco hombres para contener la calidad individual valenciana y varios hombres muy r\u00e1pidos arriba para causar da\u00f1o a la contra.<\/p>\n<p>&nbsp;<\/p>\n<p><img loading=\"lazy\" decoding=\"async\" class=\"wp-image-25302 aligncenter lazyload\" data-src=\"https:\/\/ffcv.es\/wp\/wp-content\/uploads\/2019\/02\/DA0716-300x225.jpg\" alt=\"Fabio Blanco - 22 feb - CNSA Selecci\u00f3n Valenciana vs Selecci\u00f3n Euskadi sub16 - Port de Sagunt El Forn\u00e1s\" width=\"537\" height=\"403\" data-srcset=\"https:\/\/ffcv.es\/wp\/wp-content\/uploads\/2019\/02\/DA0716-300x225.jpg 300w, https:\/\/ffcv.es\/wp\/wp-content\/uploads\/2019\/02\/DA0716-768x575.jpg 768w, https:\/\/ffcv.es\/wp\/wp-content\/uploads\/2019\/02\/DA0716-1024x766.jpg 1024w\" data-sizes=\"(max-width: 537px) 100vw, 537px\" src=\"data:image\/gif;base64,R0lGODlhAQABAAAAACH5BAEKAAEALAAAAAABAAEAAAICTAEAOw==\" style=\"--smush-placeholder-width: 537px; --smush-placeholder-aspect-ratio: 537\/403;\" \/><noscript><img loading=\"lazy\" decoding=\"async\" class=\" wp-image-25302 aligncenter\" src=\"https:\/\/ffcv.es\/wp\/wp-content\/uploads\/2019\/02\/DA0716-300x225.jpg\" alt=\"Fabio Blanco - 22 feb - CNSA Selecci\u00f3n Valenciana vs Selecci\u00f3n Euskadi sub16 - Port de Sagunt El Forn\u00e1s\" width=\"537\" height=\"403\" srcset=\"https:\/\/ffcv.es\/wp\/wp-content\/uploads\/2019\/02\/DA0716-300x225.jpg 300w, https:\/\/ffcv.es\/wp\/wp-content\/uploads\/2019\/02\/DA0716-768x575.jpg 768w, https:\/\/ffcv.es\/wp\/wp-content\/uploads\/2019\/02\/DA0716-1024x766.jpg 1024w\" sizes=\"(max-width: 537px) 100vw, 537px\" \/><\/noscript><\/p>\n<p>Sin embargo tanto <strong>Rubo<\/strong> como <strong>Cristhian<\/strong> extremaron las precauciones atr\u00e1s impidiendo cualquier tipo de avance vasco. El equipo de <strong>Lafora<\/strong> se fue poco a poco inclinando hacia la derecha, donde <strong>Fabio<\/strong> acumulaba jugadas de peligro gracias a su desborde en el uno contra uno. No obstante, el encuentro lleg\u00f3 al descanso con empate a cero pese a las ocasiones locales.<\/p>\n<p>El dominio valenciano se certific\u00f3 tras el descanso.<strong> \u00c1lex Cerd\u00e1<\/strong> caz\u00f3 un rechace y adelant\u00f3 a la<strong> Selecci\u00f3n Valenciana<\/strong>. Un gol que dio mucha tranquilidad a los de <strong>Lafora<\/strong> y acab\u00f3 de abrir el partido.<\/p>\n<p>&nbsp;<\/p>\n<p><img loading=\"lazy\" decoding=\"async\" class=\"wp-image-25301 aligncenter lazyload\" data-src=\"https:\/\/ffcv.es\/wp\/wp-content\/uploads\/2019\/02\/DA0763-300x218.jpg\" alt=\"Cristhian Mosquera - 22 feb - CNSA Selecci\u00f3n Valenciana vs Selecci\u00f3n Euskadi sub16 - Port de Sagunt El Forn\u00e1s\" width=\"508\" height=\"369\" data-srcset=\"https:\/\/ffcv.es\/wp\/wp-content\/uploads\/2019\/02\/DA0763-300x218.jpg 300w, https:\/\/ffcv.es\/wp\/wp-content\/uploads\/2019\/02\/DA0763-768x557.jpg 768w, https:\/\/ffcv.es\/wp\/wp-content\/uploads\/2019\/02\/DA0763-1024x743.jpg 1024w\" data-sizes=\"(max-width: 508px) 100vw, 508px\" src=\"data:image\/gif;base64,R0lGODlhAQABAAAAACH5BAEKAAEALAAAAAABAAEAAAICTAEAOw==\" style=\"--smush-placeholder-width: 508px; --smush-placeholder-aspect-ratio: 508\/369;\" \/><noscript><img loading=\"lazy\" decoding=\"async\" class=\" wp-image-25301 aligncenter\" src=\"https:\/\/ffcv.es\/wp\/wp-content\/uploads\/2019\/02\/DA0763-300x218.jpg\" alt=\"Cristhian Mosquera - 22 feb - CNSA Selecci\u00f3n Valenciana vs Selecci\u00f3n Euskadi sub16 - Port de Sagunt El Forn\u00e1s\" width=\"508\" height=\"369\" srcset=\"https:\/\/ffcv.es\/wp\/wp-content\/uploads\/2019\/02\/DA0763-300x218.jpg 300w, https:\/\/ffcv.es\/wp\/wp-content\/uploads\/2019\/02\/DA0763-768x557.jpg 768w, https:\/\/ffcv.es\/wp\/wp-content\/uploads\/2019\/02\/DA0763-1024x743.jpg 1024w\" sizes=\"(max-width: 508px) 100vw, 508px\" \/><\/noscript><\/p>\n<p>El equipo se mostr\u00f3 muy solvente en la zona de atr\u00e1s y empez\u00f3 a gustarse arriba. Los goles de <strong>Rodri<\/strong> o de <strong>Jorge Pascual<\/strong> fueron una muestra clara de la calidad individual que atesoran los sub16 valencianos.<\/p>\n<p>Esta victoria deja a la <strong>Selecci\u00f3n Valenciana sub16<\/strong> muy cerca de la clasificaci\u00f3n matem\u00e1tica para la<strong> Fase Final<\/strong> del <strong>Campeonato de Espa\u00f1a de Selecciones Auton\u00f3micas<\/strong>.<\/p>\n<p><em><strong>FICHA T\u00c9CNICA<\/strong><\/em><\/p>\n<p><strong><em>Pa\u00eds Vasco (1):<\/em><\/strong> Aitor Fraga, Aimar Gonz\u00e1lez, Gerenabarrena (Hugo Rinc\u00f3n, m. 41), Rego, Nico Serrano, Iker Alday (Yeray Carpio, m. 63), Jon Merino (Toledano, m. 41), Mendes, Arrillaga (Unai Ugalde, m. 47), Pablo Mar\u00edn y Gorka Gastesi.<\/p>\n<p><em><strong>Comunidad Valenciana (3):<\/strong><\/em> Nicolau, Marcos S\u00e1nchez, Jes\u00fas V\u00e1zquez, Rubo Iranzo, Cristhian Mosquera, De Pedro, \u00c1lex Cerd\u00e1 (Mario Dom\u00ednguez, m. 73), Fabio Blanco, \u00c1lex Jim\u00e9nez (Rodri Alonso, m. 53), Joan Gallego (Javi Navarro, m. 65) y Jorge Pascual (Tom\u00e1s Ingl\u00e9s, m.67).<\/p>\n<p><em><strong>Goles:<\/strong><\/em>\u00a00-1 (\u00c1lex Cerd\u00e1, m. 43), 0-2 (Rodri Alonso, m. 54), 0-3 (Jorge Pascual, m. 61), 1-3 (Serrano, m. 81)<\/p>\n<p><em><strong>Arbitro:<\/strong><\/em> Ortega Herra, Francisco Jos\u00e9, del Comit\u00e9 Valenciano.<\/p>\n<p>&nbsp;<\/p>\n<p><img loading=\"lazy\" decoding=\"async\" class=\"wp-image-25303 aligncenter lazyload\" data-src=\"https:\/\/ffcv.es\/wp\/wp-content\/uploads\/2019\/02\/DA0154-300x200.jpg\" alt=\"22 feb - CNSA Selecci\u00f3n Valenciana vs Selecci\u00f3n Euskadi sub16 - Port de Sagunt El Forn\u00e1s\" width=\"539\" height=\"359\" data-srcset=\"https:\/\/ffcv.es\/wp\/wp-content\/uploads\/2019\/02\/DA0154-300x200.jpg 300w, https:\/\/ffcv.es\/wp\/wp-content\/uploads\/2019\/02\/DA0154-768x512.jpg 768w, https:\/\/ffcv.es\/wp\/wp-content\/uploads\/2019\/02\/DA0154-1024x683.jpg 1024w\" data-sizes=\"(max-width: 539px) 100vw, 539px\" src=\"data:image\/gif;base64,R0lGODlhAQABAAAAACH5BAEKAAEALAAAAAABAAEAAAICTAEAOw==\" style=\"--smush-placeholder-width: 539px; --smush-placeholder-aspect-ratio: 539\/359;\" \/><noscript><img loading=\"lazy\" decoding=\"async\" class=\" wp-image-25303 aligncenter\" src=\"https:\/\/ffcv.es\/wp\/wp-content\/uploads\/2019\/02\/DA0154-300x200.jpg\" alt=\"22 feb - CNSA Selecci\u00f3n Valenciana vs Selecci\u00f3n Euskadi sub16 - Port de Sagunt El Forn\u00e1s\" width=\"539\" height=\"359\" srcset=\"https:\/\/ffcv.es\/wp\/wp-content\/uploads\/2019\/02\/DA0154-300x200.jpg 300w, https:\/\/ffcv.es\/wp\/wp-content\/uploads\/2019\/02\/DA0154-768x512.jpg 768w, https:\/\/ffcv.es\/wp\/wp-content\/uploads\/2019\/02\/DA0154-1024x683.jpg 1024w\" sizes=\"(max-width: 539px) 100vw, 539px\" \/><\/noscript><\/p>\n","protected":false},"excerpt":{"rendered":"<p>La Selecci\u00f3n Valenciana sub16 venci\u00f3 por tres goles a uno a la Selecci\u00f3n del Pa\u00eds Vasco en el partido inaugural de la Segunda Fase del Campeonato Nacional de Selecciones Auton\u00f3micas disputado en el estadio de El Forn\u00e1s (Port de Sagunt). Los chicos de Javi Lafora eran conscientes de que los vascos eran el m\u00e1ximo rival<\/p>\n","protected":false},"author":15,"featured_media":25321,"comment_status":"closed","ping_status":"closed","sticky":false,"template":"","format":"standard","meta":{"om_disable_all_campaigns":false,"footnotes":""},"categories":[16,69,72],"tags":[1210,1209,1208,1205,1207,1155,1206],"class_list":["post-25299","post","type-post","status-publish","format-standard","has-post-thumbnail","hentry","category-actualidad","category-noticias-ffcv","category-noticias-selecciones","tag-cd-acero","tag-el-fornas","tag-port-de-sagunt","tag-seleccio-valenciana","tag-seleccion-euskadi","tag-seleccion-valenciana-sub16","tag-seleccion-vasca"],"aioseo_notices":[],"_links":{"self":[{"href":"https:\/\/ffcv.es\/wp\/wp-json\/wp\/v2\/posts\/25299"}],"collection":[{"href":"https:\/\/ffcv.es\/wp\/wp-json\/wp\/v2\/posts"}],"about":[{"href":"https:\/\/ffcv.es\/wp\/wp-json\/wp\/v2\/types\/post"}],"author":[{"embeddable":true,"href":"https:\/\/ffcv.es\/wp\/wp-json\/wp\/v2\/users\/15"}],"replies":[{"embeddable":true,"href":"https:\/\/ffcv.es\/wp\/wp-json\/wp\/v2\/comments?post=25299"}],"version-history":[{"count":5,"href":"https:\/\/ffcv.es\/wp\/wp-json\/wp\/v2\/posts\/25299\/revisions"}],"predecessor-version":[{"id":29768,"href":"https:\/\/ffcv.es\/wp\/wp-json\/wp\/v2\/posts\/25299\/revisions\/29768"}],"wp:featuredmedia":[{"embeddable":true,"href":"https:\/\/ffcv.es\/wp\/wp-json\/wp\/v2\/media\/25321"}],"wp:attachment":[{"href":"https:\/\/ffcv.es\/wp\/wp-json\/wp\/v2\/media?parent=25299"}],"wp:term":[{"taxonomy":"category","embeddable":true,"href":"https:\/\/ffcv.es\/wp\/wp-json\/wp\/v2\/categories?post=25299"},{"taxonomy":"post_tag","embeddable":true,"href":"https:\/\/ffcv.es\/wp\/wp-json\/wp\/v2\/tags?post=25299"}],"curies":[{"name":"wp","href":"https:\/\/api.w.org\/{rel}","templated":true}]}}