{"id":24408,"date":"2019-01-11T17:12:07","date_gmt":"2019-01-11T17:12:07","guid":{"rendered":"https:\/\/ffcv.es\/wp\/?p=24408"},"modified":"2019-01-11T17:12:07","modified_gmt":"2019-01-11T17:12:07","slug":"arbitros-nueva-jornada-pruebas","status":"publish","type":"post","link":"https:\/\/ffcv.es\/wp\/blog\/2019\/01\/arbitros-nueva-jornada-pruebas\/","title":{"rendered":"Los \u00e1rbitros valencianos se someter\u00e1n a una nueva jornada de pruebas"},"content":{"rendered":"<p>El Comit\u00e9 T\u00e9cnico de Arbitros de la Federaci\u00f3n de F\u00fatbol de la Comunidad Valenciana llevar\u00e1 a cabo el pr\u00f3ximo domingo en Valencia una jornada de Pruebas F\u00edsicas y T\u00e9cnicas con el que evaluar al colectivo en diferentes categor\u00edas.<\/p>\n<div align=\"center\"><script src=\"\/\/pagead2.googlesyndication.com\/pagead\/js\/adsbygoogle.js\" async=\"\"><\/script><!-- cabecera_paginas_adaptable --> <ins class=\"adsbygoogle\" style=\"display: block; background: none !important;\" data-ad-format=\"auto\" data-ad-slot=\"8273813495\" data-ad-client=\"ca-pub-8508993344894927\"><\/ins><script>\/\/ <![CDATA[ (adsbygoogle = window.adsbygoogle || []).push({}); \/\/ ]] \/\/ ]]><\/script><\/div>\n<p><a href=\"https:\/\/ffcv.es\/wp\/wp-content\/uploads\/2019\/01\/IMG-20181207-WA0004.jpg\"><img loading=\"lazy\" decoding=\"async\" class=\"wp-image-24409 aligncenter lazyload\" data-src=\"https:\/\/ffcv.es\/wp\/wp-content\/uploads\/2019\/01\/IMG-20181207-WA0004-300x225.jpg\" alt=\"\" width=\"401\" height=\"301\" data-srcset=\"https:\/\/ffcv.es\/wp\/wp-content\/uploads\/2019\/01\/IMG-20181207-WA0004-300x225.jpg 300w, https:\/\/ffcv.es\/wp\/wp-content\/uploads\/2019\/01\/IMG-20181207-WA0004-768x576.jpg 768w, https:\/\/ffcv.es\/wp\/wp-content\/uploads\/2019\/01\/IMG-20181207-WA0004-1024x768.jpg 1024w, https:\/\/ffcv.es\/wp\/wp-content\/uploads\/2019\/01\/IMG-20181207-WA0004.jpg 1600w\" data-sizes=\"(max-width: 401px) 100vw, 401px\" src=\"data:image\/gif;base64,R0lGODlhAQABAAAAACH5BAEKAAEALAAAAAABAAEAAAICTAEAOw==\" style=\"--smush-placeholder-width: 401px; --smush-placeholder-aspect-ratio: 401\/301;\" \/><noscript><img loading=\"lazy\" decoding=\"async\" class=\" wp-image-24409 aligncenter\" src=\"https:\/\/ffcv.es\/wp\/wp-content\/uploads\/2019\/01\/IMG-20181207-WA0004-300x225.jpg\" alt=\"\" width=\"401\" height=\"301\" srcset=\"https:\/\/ffcv.es\/wp\/wp-content\/uploads\/2019\/01\/IMG-20181207-WA0004-300x225.jpg 300w, https:\/\/ffcv.es\/wp\/wp-content\/uploads\/2019\/01\/IMG-20181207-WA0004-768x576.jpg 768w, https:\/\/ffcv.es\/wp\/wp-content\/uploads\/2019\/01\/IMG-20181207-WA0004-1024x768.jpg 1024w, https:\/\/ffcv.es\/wp\/wp-content\/uploads\/2019\/01\/IMG-20181207-WA0004.jpg 1600w\" sizes=\"(max-width: 401px) 100vw, 401px\" \/><\/noscript><\/a>Las Pruebas F\u00edsicas y T\u00e9cnicas constar\u00e1n de dos fases, la destinada a la repesca de las Pruebas Intermedias de colegiados y asistentes de Tercera Divisi\u00f3n, Preferente, Primera y Segunda Regional, y la espec\u00edfica intermedia de temporada de las \u00e1rbitras de la Comunidad Valenciana.<\/p>\n<p>La jornada se desarrollar\u00e1 desde primera hora de la ma\u00f1ana del domingo 13 de enero en los campos de rugby del Polideportivo &#8216;Quatre Carreres&#8217; y el Aula de L&#8217;Alqueria del Basket de Valencia, ambas instalaciones junto al Pabell\u00f3n Municipal de la Fuente de San Luis.<\/p>\n<p><em>Autor: Prensa FFCV<\/em><\/p>\n","protected":false},"excerpt":{"rendered":"<p>El Comit\u00e9 T\u00e9cnico de Arbitros de la Federaci\u00f3n de F\u00fatbol de la Comunidad Valenciana llevar\u00e1 a cabo el pr\u00f3ximo domingo en Valencia una jornada de Pruebas F\u00edsicas y T\u00e9cnicas con el que evaluar al colectivo en diferentes categor\u00edas. Las Pruebas F\u00edsicas y T\u00e9cnicas constar\u00e1n de dos fases, la destinada a la repesca de las Pruebas<\/p>\n","protected":false},"author":5,"featured_media":24409,"comment_status":"closed","ping_status":"closed","sticky":false,"template":"","format":"standard","meta":{"om_disable_all_campaigns":false,"footnotes":""},"categories":[16,71,69],"tags":[163,188,98,249],"class_list":["post-24408","post","type-post","status-publish","format-standard","has-post-thumbnail","hentry","category-actualidad","category-noticias-arbitros-noticias-arbitros","category-noticias-ffcv","tag-arbitros","tag-cta","tag-futbol","tag-pruebas"],"aioseo_notices":[],"_links":{"self":[{"href":"https:\/\/ffcv.es\/wp\/wp-json\/wp\/v2\/posts\/24408"}],"collection":[{"href":"https:\/\/ffcv.es\/wp\/wp-json\/wp\/v2\/posts"}],"about":[{"href":"https:\/\/ffcv.es\/wp\/wp-json\/wp\/v2\/types\/post"}],"author":[{"embeddable":true,"href":"https:\/\/ffcv.es\/wp\/wp-json\/wp\/v2\/users\/5"}],"replies":[{"embeddable":true,"href":"https:\/\/ffcv.es\/wp\/wp-json\/wp\/v2\/comments?post=24408"}],"version-history":[{"count":1,"href":"https:\/\/ffcv.es\/wp\/wp-json\/wp\/v2\/posts\/24408\/revisions"}],"predecessor-version":[{"id":24410,"href":"https:\/\/ffcv.es\/wp\/wp-json\/wp\/v2\/posts\/24408\/revisions\/24410"}],"wp:featuredmedia":[{"embeddable":true,"href":"https:\/\/ffcv.es\/wp\/wp-json\/wp\/v2\/media\/24409"}],"wp:attachment":[{"href":"https:\/\/ffcv.es\/wp\/wp-json\/wp\/v2\/media?parent=24408"}],"wp:term":[{"taxonomy":"category","embeddable":true,"href":"https:\/\/ffcv.es\/wp\/wp-json\/wp\/v2\/categories?post=24408"},{"taxonomy":"post_tag","embeddable":true,"href":"https:\/\/ffcv.es\/wp\/wp-json\/wp\/v2\/tags?post=24408"}],"curies":[{"name":"wp","href":"https:\/\/api.w.org\/{rel}","templated":true}]}}