{"id":21457,"date":"2018-06-11T15:54:33","date_gmt":"2018-06-11T15:54:33","guid":{"rendered":"https:\/\/ffcv.es\/wp\/?p=21457"},"modified":"2018-06-11T21:12:55","modified_gmt":"2018-06-11T21:12:55","slug":"futbol-sala-ffcv-premiado-apoyo-personas-enfermedad-mental","status":"publish","type":"post","link":"https:\/\/ffcv.es\/wp\/blog\/2018\/06\/futbol-sala-ffcv-premiado-apoyo-personas-enfermedad-mental\/","title":{"rendered":"El F\u00fatbol Sala de FFCV, premiado por su apoyo a las personas con enfermedad mental"},"content":{"rendered":"<p>Sportsa -la asociaci\u00f3n deportiva de Fundaci\u00f3n SASM- premiar\u00e1 el pr\u00f3ximo 3 de julio, en su II Gala del Deporte Pro-Salud Mental de la Comunidad Valenciana, a la FFCV por su colaboraci\u00f3n a trav\u00e9s del f\u00fatbol sala en la lucha por la integraci\u00f3n de personas con enfermedad mental. \u201c<em>Es un gran orgullo, porque en la Federaci\u00f3n no solo estamos para organizar competiciones, sino tambi\u00e9n para apoyar este tipo de causas y sumarnos a aquellas iniciativas que ven en el deporte una oportunidad para integrar a personas estigmatizadas por la sociedad<\/em>\u201d, expresa Juan Miguel Valiente, secretario del Comit\u00e9 de F\u00fatbol Sala, ante la noticia del galard\u00f3n.<\/p>\n<div class=\"field field-name-field-entradilla field-type-text field-label-hidden field-wrapper\">\n<div class=\"field-items\">\n<div align=\"center\"><script src=\"\/\/pagead2.googlesyndication.com\/pagead\/js\/adsbygoogle.js\" async=\"\"><\/script><!-- cabecera_paginas_adaptable --> <ins class=\"adsbygoogle\" style=\"display: block; background: none !important;\" data-ad-client=\"ca-pub-8508993344894927\" data-ad-slot=\"8273813495\" data-ad-format=\"auto\"><\/ins><script>\/\/ <![CDATA[\n(adsbygoogle = window.adsbygoogle || []).push({}); \/\/ ]]\n\/\/ ]]><\/script><\/div>\n<p><a href=\"https:\/\/ffcv.es\/wp\/wp-content\/uploads\/2018\/06\/6b51f751-fcc4-487c-b1d7-bbdab13767fc.jpg\"><img loading=\"lazy\" decoding=\"async\" class=\"alignright size-medium wp-image-21475 lazyload\" data-src=\"https:\/\/ffcv.es\/wp\/wp-content\/uploads\/2018\/06\/6b51f751-fcc4-487c-b1d7-bbdab13767fc-300x169.jpg\" alt=\"6b51f751-fcc4-487c-b1d7-bbdab13767fc\" width=\"300\" height=\"169\" data-srcset=\"https:\/\/ffcv.es\/wp\/wp-content\/uploads\/2018\/06\/6b51f751-fcc4-487c-b1d7-bbdab13767fc-300x169.jpg 300w, https:\/\/ffcv.es\/wp\/wp-content\/uploads\/2018\/06\/6b51f751-fcc4-487c-b1d7-bbdab13767fc-768x432.jpg 768w, https:\/\/ffcv.es\/wp\/wp-content\/uploads\/2018\/06\/6b51f751-fcc4-487c-b1d7-bbdab13767fc-1024x576.jpg 1024w, https:\/\/ffcv.es\/wp\/wp-content\/uploads\/2018\/06\/6b51f751-fcc4-487c-b1d7-bbdab13767fc.jpg 1600w\" data-sizes=\"(max-width: 300px) 100vw, 300px\" src=\"data:image\/gif;base64,R0lGODlhAQABAAAAACH5BAEKAAEALAAAAAABAAEAAAICTAEAOw==\" style=\"--smush-placeholder-width: 300px; --smush-placeholder-aspect-ratio: 300\/169;\" \/><noscript><img loading=\"lazy\" decoding=\"async\" class=\"alignright size-medium wp-image-21475\" src=\"https:\/\/ffcv.es\/wp\/wp-content\/uploads\/2018\/06\/6b51f751-fcc4-487c-b1d7-bbdab13767fc-300x169.jpg\" alt=\"6b51f751-fcc4-487c-b1d7-bbdab13767fc\" width=\"300\" height=\"169\" srcset=\"https:\/\/ffcv.es\/wp\/wp-content\/uploads\/2018\/06\/6b51f751-fcc4-487c-b1d7-bbdab13767fc-300x169.jpg 300w, https:\/\/ffcv.es\/wp\/wp-content\/uploads\/2018\/06\/6b51f751-fcc4-487c-b1d7-bbdab13767fc-768x432.jpg 768w, https:\/\/ffcv.es\/wp\/wp-content\/uploads\/2018\/06\/6b51f751-fcc4-487c-b1d7-bbdab13767fc-1024x576.jpg 1024w, https:\/\/ffcv.es\/wp\/wp-content\/uploads\/2018\/06\/6b51f751-fcc4-487c-b1d7-bbdab13767fc.jpg 1600w\" sizes=\"(max-width: 300px) 100vw, 300px\" \/><\/noscript><\/a>Desde la Asociaci\u00f3n Deportiva, Cultural de Recuperaci\u00f3n e Integraci\u00f3n Social Sportsa creen firmemente en el papel del deporte como hilo conductor hacia la integraci\u00f3n. Por ello, la Asociaci\u00f3n recurre a la pr\u00e1ctica deportiva para eliminar los estigmas sociales que padecen las personas con Trastorno Mental Grave y para contribuir a su recuperaci\u00f3n e integraci\u00f3n. Especialmente lo hacen mediante el f\u00fatbol y el f\u00fatbol sala. En este objetivo colabora la FFCV desde hace 4 a\u00f1os, aportando material, equipaciones y \u00e1rbitros, y realizando jornadas de formaci\u00f3n a deportistas, entrenadores y profesionales de la Asociaci\u00f3n.<\/p>\n<p>El principal baluarte de esta Asociaci\u00f3n es el f\u00fatbol sala: han creado una liga propia a nivel provincial \u2013Liga FUNSASM- compuesta por 23 equipos valencianos que compiten semanalmente en los polideportivos de Paterna y Sueca. Hay dos divisiones, Primera y Segunda, y dos campeonatos coperos. Adem\u00e1s, con los mejores jugadores, de entre los casi 250 que compiten en esta liga, han armado una Selecci\u00f3n Valenciana de F\u00fatbol Sala Pro-Salud Mental, que compite en campeonatos nacionales e internacionales. El pr\u00f3ximo reto, para la pr\u00f3xima temporada, es extender las fronteras de la liga a toda la Comunidad Valenciana y crear una Liga Auton\u00f3mica. De hecho, en el plano auton\u00f3mico ya est\u00e1n realizando un torneo: la Levante Cup, en el que la FFCV ha colaborado activamente desde sus inicios en 2016. El principal apoyo de la FFCV, desde el Comit\u00e9 de F\u00fatbol Sala, es \u201cprofesionalizar\u201d la Liga FUNSASM y la Selecci\u00f3n Valenciana, para fomentar la integraci\u00f3n de los participantes.<\/p>\n<p>Pero la actividad deportiva de Sportsa no se limita a esa competici\u00f3n liguera propia. En el marco del f\u00fatbol sala tambi\u00e9n cuentan con un equipo \u2018mixto\u2019 \u2013compuesto por personas con y sin enfermedad mental-, que compite en una liga regular y que representa el \u00faltimo escal\u00f3n hacia la integraci\u00f3n social; y en el \u00e1mbito del f\u00fatbol, Sportsa tiene un equipo de f\u00fatbol 7 que compite en la Liga ACOVA. M\u00e1s all\u00e1 de estos dos deportes, la Asociaci\u00f3n tambi\u00e9n celebra campeonatos de futbol\u00edn, karting, bolos, ciclismo, p\u00e1del, baloncesto (3&#215;3), carreras populares\u2026 y un sinf\u00edn de actividades l\u00fadico-deportivas, como descenso en kayac, descenso en trineo o laser game.<\/p>\n<style type=\"text\/css\">\r\n\t\t\t\t#gallery-1 {\r\n\t\t\t\t\tmargin: auto;\r\n\t\t\t\t}\r\n\t\t\t\t#gallery-1 .gallery-item {\r\n\t\t\t\t\tfloat: left;\r\n\t\t\t\t\tmargin-top: 10px;\r\n\t\t\t\t\ttext-align: center;\r\n\t\t\t\t\twidth: 33%;\r\n\t\t\t\t}\r\n\t\t\t\t#gallery-1 .gallery-caption {\r\n\t\t\t\t\tmargin-left: 0;\r\n\t\t\t\t}\r\n\t\t\t<\/style><!-- see gallery_shortcode() in wp-includes\/media.php -->\r\n\t\t\t\n\t\t<div id=\"gallery-1\" class=\"gallery galleryid-21457 mfp-gallery mfp-gallery--images gallery-columns-3 gallery-size-thumbnail\"><div class=\"row zn_image_gallery \"><div class=\"col-sm-6 col-md-4 col-lg-4\"><a href=\"https:\/\/ffcv.es\/wp\/wp-content\/uploads\/2018\/06\/dfc3bf1b-8490-4a29-8719-bd4d6635dd5c.jpg\" title=\"\" class=\"hoverBorder\"><img loading=\"lazy\" decoding=\"async\" width=\"150\" height=\"150\" data-src=\"https:\/\/ffcv.es\/wp\/wp-content\/uploads\/2018\/06\/dfc3bf1b-8490-4a29-8719-bd4d6635dd5c-150x150.jpg\" class=\"attachment-thumbnail size-thumbnail lazyload\" alt=\"\" ids=\"21478,21477,21476\" orderby=\"post__in\" include=\"21478,21477,21476\" data-srcset=\"https:\/\/ffcv.es\/wp\/wp-content\/uploads\/2018\/06\/dfc3bf1b-8490-4a29-8719-bd4d6635dd5c-150x150.jpg 150w, https:\/\/ffcv.es\/wp\/wp-content\/uploads\/2018\/06\/dfc3bf1b-8490-4a29-8719-bd4d6635dd5c-175x175.jpg 175w, https:\/\/ffcv.es\/wp\/wp-content\/uploads\/2018\/06\/dfc3bf1b-8490-4a29-8719-bd4d6635dd5c-85x85.jpg 85w\" data-sizes=\"(max-width: 150px) 100vw, 150px\" src=\"data:image\/gif;base64,R0lGODlhAQABAAAAACH5BAEKAAEALAAAAAABAAEAAAICTAEAOw==\" style=\"--smush-placeholder-width: 150px; --smush-placeholder-aspect-ratio: 150\/150;\" \/><noscript><img loading=\"lazy\" decoding=\"async\" width=\"150\" height=\"150\" src=\"https:\/\/ffcv.es\/wp\/wp-content\/uploads\/2018\/06\/dfc3bf1b-8490-4a29-8719-bd4d6635dd5c-150x150.jpg\" class=\"attachment-thumbnail size-thumbnail\" alt=\"\" ids=\"21478,21477,21476\" orderby=\"post__in\" include=\"21478,21477,21476\" srcset=\"https:\/\/ffcv.es\/wp\/wp-content\/uploads\/2018\/06\/dfc3bf1b-8490-4a29-8719-bd4d6635dd5c-150x150.jpg 150w, https:\/\/ffcv.es\/wp\/wp-content\/uploads\/2018\/06\/dfc3bf1b-8490-4a29-8719-bd4d6635dd5c-175x175.jpg 175w, https:\/\/ffcv.es\/wp\/wp-content\/uploads\/2018\/06\/dfc3bf1b-8490-4a29-8719-bd4d6635dd5c-85x85.jpg 85w\" sizes=\"(max-width: 150px) 100vw, 150px\" \/><\/noscript><span class=\"gallery_caption\"><\/span><\/a><\/div><div class=\"col-sm-6 col-md-4 col-lg-4\"><a href=\"https:\/\/ffcv.es\/wp\/wp-content\/uploads\/2018\/06\/cafc094e-5d3f-4077-bca2-0b6b51800817.jpg\" title=\"\" class=\"hoverBorder\"><img loading=\"lazy\" decoding=\"async\" width=\"150\" height=\"150\" data-src=\"https:\/\/ffcv.es\/wp\/wp-content\/uploads\/2018\/06\/cafc094e-5d3f-4077-bca2-0b6b51800817-150x150.jpg\" class=\"attachment-thumbnail size-thumbnail lazyload\" alt=\"\" ids=\"21478,21477,21476\" orderby=\"post__in\" include=\"21478,21477,21476\" data-srcset=\"https:\/\/ffcv.es\/wp\/wp-content\/uploads\/2018\/06\/cafc094e-5d3f-4077-bca2-0b6b51800817-150x150.jpg 150w, https:\/\/ffcv.es\/wp\/wp-content\/uploads\/2018\/06\/cafc094e-5d3f-4077-bca2-0b6b51800817-175x175.jpg 175w, https:\/\/ffcv.es\/wp\/wp-content\/uploads\/2018\/06\/cafc094e-5d3f-4077-bca2-0b6b51800817-85x85.jpg 85w\" data-sizes=\"(max-width: 150px) 100vw, 150px\" src=\"data:image\/gif;base64,R0lGODlhAQABAAAAACH5BAEKAAEALAAAAAABAAEAAAICTAEAOw==\" style=\"--smush-placeholder-width: 150px; --smush-placeholder-aspect-ratio: 150\/150;\" \/><noscript><img loading=\"lazy\" decoding=\"async\" width=\"150\" height=\"150\" src=\"https:\/\/ffcv.es\/wp\/wp-content\/uploads\/2018\/06\/cafc094e-5d3f-4077-bca2-0b6b51800817-150x150.jpg\" class=\"attachment-thumbnail size-thumbnail\" alt=\"\" ids=\"21478,21477,21476\" orderby=\"post__in\" include=\"21478,21477,21476\" srcset=\"https:\/\/ffcv.es\/wp\/wp-content\/uploads\/2018\/06\/cafc094e-5d3f-4077-bca2-0b6b51800817-150x150.jpg 150w, https:\/\/ffcv.es\/wp\/wp-content\/uploads\/2018\/06\/cafc094e-5d3f-4077-bca2-0b6b51800817-175x175.jpg 175w, https:\/\/ffcv.es\/wp\/wp-content\/uploads\/2018\/06\/cafc094e-5d3f-4077-bca2-0b6b51800817-85x85.jpg 85w\" sizes=\"(max-width: 150px) 100vw, 150px\" \/><\/noscript><span class=\"gallery_caption\"><\/span><\/a><\/div><div class=\"col-sm-6 col-md-4 col-lg-4\"><a href=\"https:\/\/ffcv.es\/wp\/wp-content\/uploads\/2018\/06\/072f9f9b-e771-4b7e-aa54-bd225de0361c.jpg\" title=\"\" class=\"hoverBorder\"><img loading=\"lazy\" decoding=\"async\" width=\"150\" height=\"150\" data-src=\"https:\/\/ffcv.es\/wp\/wp-content\/uploads\/2018\/06\/072f9f9b-e771-4b7e-aa54-bd225de0361c-150x150.jpg\" class=\"attachment-thumbnail size-thumbnail lazyload\" alt=\"\" ids=\"21478,21477,21476\" orderby=\"post__in\" include=\"21478,21477,21476\" data-srcset=\"https:\/\/ffcv.es\/wp\/wp-content\/uploads\/2018\/06\/072f9f9b-e771-4b7e-aa54-bd225de0361c-150x150.jpg 150w, https:\/\/ffcv.es\/wp\/wp-content\/uploads\/2018\/06\/072f9f9b-e771-4b7e-aa54-bd225de0361c-175x175.jpg 175w, https:\/\/ffcv.es\/wp\/wp-content\/uploads\/2018\/06\/072f9f9b-e771-4b7e-aa54-bd225de0361c-85x85.jpg 85w\" data-sizes=\"(max-width: 150px) 100vw, 150px\" src=\"data:image\/gif;base64,R0lGODlhAQABAAAAACH5BAEKAAEALAAAAAABAAEAAAICTAEAOw==\" style=\"--smush-placeholder-width: 150px; --smush-placeholder-aspect-ratio: 150\/150;\" \/><noscript><img loading=\"lazy\" decoding=\"async\" width=\"150\" height=\"150\" src=\"https:\/\/ffcv.es\/wp\/wp-content\/uploads\/2018\/06\/072f9f9b-e771-4b7e-aa54-bd225de0361c-150x150.jpg\" class=\"attachment-thumbnail size-thumbnail\" alt=\"\" ids=\"21478,21477,21476\" orderby=\"post__in\" include=\"21478,21477,21476\" srcset=\"https:\/\/ffcv.es\/wp\/wp-content\/uploads\/2018\/06\/072f9f9b-e771-4b7e-aa54-bd225de0361c-150x150.jpg 150w, https:\/\/ffcv.es\/wp\/wp-content\/uploads\/2018\/06\/072f9f9b-e771-4b7e-aa54-bd225de0361c-175x175.jpg 175w, https:\/\/ffcv.es\/wp\/wp-content\/uploads\/2018\/06\/072f9f9b-e771-4b7e-aa54-bd225de0361c-85x85.jpg 85w\" sizes=\"(max-width: 150px) 100vw, 150px\" \/><\/noscript><span class=\"gallery_caption\"><\/span><\/a><\/div><\/div><\/div>\n<p><strong>La importancia del deporte\u00a0<\/strong><\/p>\n<p>David Marqu\u00e9s, uno de los responsables de Sportsa -graduado en Terapia Ocupacional y especializado en Rehabilitaci\u00f3n Psicosocial en Salud Mental Comunitaria-, cree firmemente, tras su experiencia en la Asociaci\u00f3n, que \u201c<em>el deporte ayuda a mejorar a las personas con enfermedad mental<\/em>\u201d. De hecho, en la tesis doctoral en la que est\u00e1 trabajando actualmente, trata de demostrar que \u201c<em>la pr\u00e1ctica continuada del deporte, mediante competiciones adaptadas como las que promueve Sportsa, contribuye a mejorar los procesos de recuperaci\u00f3n, la visi\u00f3n cognitiva y la satisfacci\u00f3n ocupacional de estas personas<\/em>\u201d.<\/p>\n<p>Por todo ello, el pr\u00f3ximo 3 de julio la FFCV acudir\u00e1 con orgullo a recoger su galard\u00f3n de manos de una Asociaci\u00f3n tan inspiradora como Sportsa, y al mismo tiempo, con su presencia, reconocer\u00e1 y celebrar\u00e1 su labor incansable y extender\u00e1 su vinculo.<\/p>\n<p><em>Autor: Prensa FFCV<\/em><\/p>\n<\/div>\n<\/div>\n","protected":false},"excerpt":{"rendered":"<p>Sportsa -la asociaci\u00f3n deportiva de Fundaci\u00f3n SASM- premiar\u00e1 el pr\u00f3ximo 3 de julio, en su II Gala del Deporte Pro-Salud Mental de la Comunidad Valenciana, a la FFCV por su colaboraci\u00f3n a trav\u00e9s del f\u00fatbol sala en la lucha por la integraci\u00f3n de personas con enfermedad mental. \u201cEs un gran orgullo, porque en la Federaci\u00f3n<\/p>\n","protected":false},"author":5,"featured_media":21475,"comment_status":"closed","ping_status":"closed","sticky":false,"template":"","format":"standard","meta":{"om_disable_all_campaigns":false,"footnotes":""},"categories":[16,69,4],"tags":[425,1037,1040,51,395,1039,1041,1036,1035,549,1038],"class_list":["post-21457","post","type-post","status-publish","format-standard","has-post-thumbnail","hentry","category-actualidad","category-noticias-ffcv","category-noticias-futbol-sala","tag-comite-de-futbol-sala","tag-david-marques","tag-deporte-pro-salud-mental","tag-futbol-sala","tag-futsal","tag-ii-gala-de-premios","tag-integracion","tag-juan-miguel-valiente","tag-liga-funsam","tag-premio","tag-sportsa"],"aioseo_notices":[],"_links":{"self":[{"href":"https:\/\/ffcv.es\/wp\/wp-json\/wp\/v2\/posts\/21457"}],"collection":[{"href":"https:\/\/ffcv.es\/wp\/wp-json\/wp\/v2\/posts"}],"about":[{"href":"https:\/\/ffcv.es\/wp\/wp-json\/wp\/v2\/types\/post"}],"author":[{"embeddable":true,"href":"https:\/\/ffcv.es\/wp\/wp-json\/wp\/v2\/users\/5"}],"replies":[{"embeddable":true,"href":"https:\/\/ffcv.es\/wp\/wp-json\/wp\/v2\/comments?post=21457"}],"version-history":[{"count":5,"href":"https:\/\/ffcv.es\/wp\/wp-json\/wp\/v2\/posts\/21457\/revisions"}],"predecessor-version":[{"id":21480,"href":"https:\/\/ffcv.es\/wp\/wp-json\/wp\/v2\/posts\/21457\/revisions\/21480"}],"wp:featuredmedia":[{"embeddable":true,"href":"https:\/\/ffcv.es\/wp\/wp-json\/wp\/v2\/media\/21475"}],"wp:attachment":[{"href":"https:\/\/ffcv.es\/wp\/wp-json\/wp\/v2\/media?parent=21457"}],"wp:term":[{"taxonomy":"category","embeddable":true,"href":"https:\/\/ffcv.es\/wp\/wp-json\/wp\/v2\/categories?post=21457"},{"taxonomy":"post_tag","embeddable":true,"href":"https:\/\/ffcv.es\/wp\/wp-json\/wp\/v2\/tags?post=21457"}],"curies":[{"name":"wp","href":"https:\/\/api.w.org\/{rel}","templated":true}]}}