{"id":21427,"date":"2018-06-10T11:26:33","date_gmt":"2018-06-10T11:26:33","guid":{"rendered":"https:\/\/ffcv.es\/wp\/?p=21427"},"modified":"2018-06-10T11:26:33","modified_gmt":"2018-06-10T11:26:33","slug":"cataluna-campeona-espana-sub-16-gandia","status":"publish","type":"post","link":"https:\/\/ffcv.es\/wp\/blog\/2018\/06\/cataluna-campeona-espana-sub-16-gandia\/","title":{"rendered":"Catalu\u00f1a, Campeona de Espa\u00f1a Sub-16 en Gandia"},"content":{"rendered":"<p>La Selecci\u00f3n Valenciana ha quedado clasificada finalmente como Subcampeona de Espa\u00f1a en categor\u00eda Sub-16 tras caer esta ma\u00f1ana por 1-0 ante Catalu\u00f1a en el hist\u00f3rico Estadio Municipal &#8216;Guillermo Olag\u00fce&#8217; de Gandia.<\/p>\n<p><a href=\"https:\/\/ffcv.es\/wp\/wp-content\/uploads\/2018\/06\/IMG-20180610-WA0034.jpg\"><img loading=\"lazy\" decoding=\"async\" class=\"wp-image-21430 aligncenter lazyload\" data-src=\"https:\/\/ffcv.es\/wp\/wp-content\/uploads\/2018\/06\/IMG-20180610-WA0034-300x200.jpg\" alt=\"IMG-20180610-WA0034\" width=\"464\" height=\"309\" data-srcset=\"https:\/\/ffcv.es\/wp\/wp-content\/uploads\/2018\/06\/IMG-20180610-WA0034-300x200.jpg 300w, https:\/\/ffcv.es\/wp\/wp-content\/uploads\/2018\/06\/IMG-20180610-WA0034-768x512.jpg 768w, https:\/\/ffcv.es\/wp\/wp-content\/uploads\/2018\/06\/IMG-20180610-WA0034-1024x682.jpg 1024w, https:\/\/ffcv.es\/wp\/wp-content\/uploads\/2018\/06\/IMG-20180610-WA0034.jpg 1600w\" data-sizes=\"(max-width: 464px) 100vw, 464px\" src=\"data:image\/gif;base64,R0lGODlhAQABAAAAACH5BAEKAAEALAAAAAABAAEAAAICTAEAOw==\" style=\"--smush-placeholder-width: 464px; --smush-placeholder-aspect-ratio: 464\/309;\" \/><noscript><img loading=\"lazy\" decoding=\"async\" class=\" wp-image-21430 aligncenter\" src=\"https:\/\/ffcv.es\/wp\/wp-content\/uploads\/2018\/06\/IMG-20180610-WA0034-300x200.jpg\" alt=\"IMG-20180610-WA0034\" width=\"464\" height=\"309\" srcset=\"https:\/\/ffcv.es\/wp\/wp-content\/uploads\/2018\/06\/IMG-20180610-WA0034-300x200.jpg 300w, https:\/\/ffcv.es\/wp\/wp-content\/uploads\/2018\/06\/IMG-20180610-WA0034-768x512.jpg 768w, https:\/\/ffcv.es\/wp\/wp-content\/uploads\/2018\/06\/IMG-20180610-WA0034-1024x682.jpg 1024w, https:\/\/ffcv.es\/wp\/wp-content\/uploads\/2018\/06\/IMG-20180610-WA0034.jpg 1600w\" sizes=\"(max-width: 464px) 100vw, 464px\" \/><\/noscript><\/a>Lo dieron todo hasta el final, pero la suerte fue esquiva con las valencianas y la Selecci\u00f3n de Catalu\u00f1a se proclam\u00f3 justa vencedora del Campeonato de Espa\u00f1a tras un intenso e igualado duelo en la Final disputada esta ma\u00f1ana en Gandia. Mejor asentadas sobre el terreno de juego en la primera parte, las catalanas dominaron el ritmo en los primeros minutos y maniataron a\u00a0 las de Jos\u00e9 Andr\u00e9s Menchero, que a\u00fan as\u00ed intentaron sorprender de botas de Carolina y Nerea; sin embargo, fue Bruna la que, de un potente zurdazo, bati\u00f3 a la meta valenciana en el 31&#8242; para conseguir la m\u00ednima ventaja con que se lleg\u00f3 al paso por vestuarios.<\/p>\n<p><a href=\"https:\/\/ffcv.es\/wp\/wp-content\/uploads\/2018\/06\/IMG-20180610-WA0024.jpg\"><img loading=\"lazy\" decoding=\"async\" class=\"wp-image-21431 aligncenter lazyload\" data-src=\"https:\/\/ffcv.es\/wp\/wp-content\/uploads\/2018\/06\/IMG-20180610-WA0024-300x200.jpg\" alt=\"IMG-20180610-WA0024\" width=\"461\" height=\"307\" data-srcset=\"https:\/\/ffcv.es\/wp\/wp-content\/uploads\/2018\/06\/IMG-20180610-WA0024-300x200.jpg 300w, https:\/\/ffcv.es\/wp\/wp-content\/uploads\/2018\/06\/IMG-20180610-WA0024-768x512.jpg 768w, https:\/\/ffcv.es\/wp\/wp-content\/uploads\/2018\/06\/IMG-20180610-WA0024-1024x682.jpg 1024w, https:\/\/ffcv.es\/wp\/wp-content\/uploads\/2018\/06\/IMG-20180610-WA0024.jpg 1600w\" data-sizes=\"(max-width: 461px) 100vw, 461px\" src=\"data:image\/gif;base64,R0lGODlhAQABAAAAACH5BAEKAAEALAAAAAABAAEAAAICTAEAOw==\" style=\"--smush-placeholder-width: 461px; --smush-placeholder-aspect-ratio: 461\/307;\" \/><noscript><img loading=\"lazy\" decoding=\"async\" class=\" wp-image-21431 aligncenter\" src=\"https:\/\/ffcv.es\/wp\/wp-content\/uploads\/2018\/06\/IMG-20180610-WA0024-300x200.jpg\" alt=\"IMG-20180610-WA0024\" width=\"461\" height=\"307\" srcset=\"https:\/\/ffcv.es\/wp\/wp-content\/uploads\/2018\/06\/IMG-20180610-WA0024-300x200.jpg 300w, https:\/\/ffcv.es\/wp\/wp-content\/uploads\/2018\/06\/IMG-20180610-WA0024-768x512.jpg 768w, https:\/\/ffcv.es\/wp\/wp-content\/uploads\/2018\/06\/IMG-20180610-WA0024-1024x682.jpg 1024w, https:\/\/ffcv.es\/wp\/wp-content\/uploads\/2018\/06\/IMG-20180610-WA0024.jpg 1600w\" sizes=\"(max-width: 461px) 100vw, 461px\" \/><\/noscript><\/a>La igualdad sobre el c\u00e9sped se mantuvo en el segundo tiempo, aunque la ventaja en el marcador de Gandia favoreci\u00f3 a Catalu\u00f1a, que con cada vez menos tiempo por disputar supo controlar el creciente ritmo ofensivo de las valencianas. Empar y Carolina volvieron a disfrutar de oportunidades tanto en salidas a la contra como en jugadas a bal\u00f3n parado, pero la balanza se inclin\u00f3 del lado de las catalanas, que finalmente fueron las justas vencedoras del Campeonato de Espa\u00f1a.<\/p>\n<p><a href=\"https:\/\/ffcv.es\/wp\/wp-content\/uploads\/2018\/06\/IMG-20180610-WA00461.jpg\"><img loading=\"lazy\" decoding=\"async\" class=\"size-medium wp-image-21432 aligncenter lazyload\" data-src=\"https:\/\/ffcv.es\/wp\/wp-content\/uploads\/2018\/06\/IMG-20180610-WA00461-300x200.jpg\" alt=\"IMG-20180610-WA0046(1)\" width=\"300\" height=\"200\" data-srcset=\"https:\/\/ffcv.es\/wp\/wp-content\/uploads\/2018\/06\/IMG-20180610-WA00461-300x200.jpg 300w, https:\/\/ffcv.es\/wp\/wp-content\/uploads\/2018\/06\/IMG-20180610-WA00461-768x512.jpg 768w, https:\/\/ffcv.es\/wp\/wp-content\/uploads\/2018\/06\/IMG-20180610-WA00461-1024x682.jpg 1024w, https:\/\/ffcv.es\/wp\/wp-content\/uploads\/2018\/06\/IMG-20180610-WA00461.jpg 1600w\" data-sizes=\"(max-width: 300px) 100vw, 300px\" src=\"data:image\/gif;base64,R0lGODlhAQABAAAAACH5BAEKAAEALAAAAAABAAEAAAICTAEAOw==\" style=\"--smush-placeholder-width: 300px; --smush-placeholder-aspect-ratio: 300\/200;\" \/><noscript><img loading=\"lazy\" decoding=\"async\" class=\"size-medium wp-image-21432 aligncenter\" src=\"https:\/\/ffcv.es\/wp\/wp-content\/uploads\/2018\/06\/IMG-20180610-WA00461-300x200.jpg\" alt=\"IMG-20180610-WA0046(1)\" width=\"300\" height=\"200\" srcset=\"https:\/\/ffcv.es\/wp\/wp-content\/uploads\/2018\/06\/IMG-20180610-WA00461-300x200.jpg 300w, https:\/\/ffcv.es\/wp\/wp-content\/uploads\/2018\/06\/IMG-20180610-WA00461-768x512.jpg 768w, https:\/\/ffcv.es\/wp\/wp-content\/uploads\/2018\/06\/IMG-20180610-WA00461-1024x682.jpg 1024w, https:\/\/ffcv.es\/wp\/wp-content\/uploads\/2018\/06\/IMG-20180610-WA00461.jpg 1600w\" sizes=\"(max-width: 300px) 100vw, 300px\" \/><\/noscript><\/a><a href=\"https:\/\/ffcv.es\/wp\/wp-content\/uploads\/2018\/06\/IMG-20180610-WA0028.jpg\"><img loading=\"lazy\" decoding=\"async\" class=\"alignright size-medium wp-image-21434 lazyload\" data-src=\"https:\/\/ffcv.es\/wp\/wp-content\/uploads\/2018\/06\/IMG-20180610-WA0028-300x200.jpg\" alt=\"IMG-20180610-WA0028\" width=\"300\" height=\"200\" data-srcset=\"https:\/\/ffcv.es\/wp\/wp-content\/uploads\/2018\/06\/IMG-20180610-WA0028-300x200.jpg 300w, https:\/\/ffcv.es\/wp\/wp-content\/uploads\/2018\/06\/IMG-20180610-WA0028-768x512.jpg 768w, https:\/\/ffcv.es\/wp\/wp-content\/uploads\/2018\/06\/IMG-20180610-WA0028-1024x682.jpg 1024w, https:\/\/ffcv.es\/wp\/wp-content\/uploads\/2018\/06\/IMG-20180610-WA0028.jpg 1600w\" data-sizes=\"(max-width: 300px) 100vw, 300px\" src=\"data:image\/gif;base64,R0lGODlhAQABAAAAACH5BAEKAAEALAAAAAABAAEAAAICTAEAOw==\" style=\"--smush-placeholder-width: 300px; --smush-placeholder-aspect-ratio: 300\/200;\" \/><noscript><img loading=\"lazy\" decoding=\"async\" class=\"alignright size-medium wp-image-21434\" src=\"https:\/\/ffcv.es\/wp\/wp-content\/uploads\/2018\/06\/IMG-20180610-WA0028-300x200.jpg\" alt=\"IMG-20180610-WA0028\" width=\"300\" height=\"200\" srcset=\"https:\/\/ffcv.es\/wp\/wp-content\/uploads\/2018\/06\/IMG-20180610-WA0028-300x200.jpg 300w, https:\/\/ffcv.es\/wp\/wp-content\/uploads\/2018\/06\/IMG-20180610-WA0028-768x512.jpg 768w, https:\/\/ffcv.es\/wp\/wp-content\/uploads\/2018\/06\/IMG-20180610-WA0028-1024x682.jpg 1024w, https:\/\/ffcv.es\/wp\/wp-content\/uploads\/2018\/06\/IMG-20180610-WA0028.jpg 1600w\" sizes=\"(max-width: 300px) 100vw, 300px\" \/><\/noscript><\/a>El presidente del Comit\u00e9 Nacional de F\u00fatbol Femenino de la Real Federaci\u00f3n Espa\u00f1ola de F\u00fatbol, Rafael del Amo, y el presidente de la Federaci\u00f3n de F\u00fatbol de la Comunidad Valenciana, Vicente Mu\u00f1oz Castell\u00f3, fueron los encargados de entregar los trofeos y medallas conmemorativos a la conclusi\u00f3n del encuentro.<\/p>\n<p><em>Autor: Prensa FFCV<\/em><\/p>\n","protected":false},"excerpt":{"rendered":"<p>La Selecci\u00f3n Valenciana ha quedado clasificada finalmente como Subcampeona de Espa\u00f1a en categor\u00eda Sub-16 tras caer esta ma\u00f1ana por 1-0 ante Catalu\u00f1a en el hist\u00f3rico Estadio Municipal &#8216;Guillermo Olag\u00fce&#8217; de Gandia. Lo dieron todo hasta el final, pero la suerte fue esquiva con las valencianas y la Selecci\u00f3n de Catalu\u00f1a se proclam\u00f3 justa vencedora del<\/p>\n","protected":false},"author":5,"featured_media":21430,"comment_status":"closed","ping_status":"closed","sticky":false,"template":"","format":"standard","meta":{"om_disable_all_campaigns":false,"footnotes":""},"categories":[16,69,72],"tags":[118,189,324,124,98,137,86,149],"class_list":["post-21427","post","type-post","status-publish","format-standard","has-post-thumbnail","hentry","category-actualidad","category-noticias-ffcv","category-noticias-selecciones","tag-cadete","tag-campeonato-de-espana","tag-fase-final","tag-femenino","tag-futbol","tag-rfef","tag-selecciones","tag-sub-16"],"aioseo_notices":[],"_links":{"self":[{"href":"https:\/\/ffcv.es\/wp\/wp-json\/wp\/v2\/posts\/21427"}],"collection":[{"href":"https:\/\/ffcv.es\/wp\/wp-json\/wp\/v2\/posts"}],"about":[{"href":"https:\/\/ffcv.es\/wp\/wp-json\/wp\/v2\/types\/post"}],"author":[{"embeddable":true,"href":"https:\/\/ffcv.es\/wp\/wp-json\/wp\/v2\/users\/5"}],"replies":[{"embeddable":true,"href":"https:\/\/ffcv.es\/wp\/wp-json\/wp\/v2\/comments?post=21427"}],"version-history":[{"count":3,"href":"https:\/\/ffcv.es\/wp\/wp-json\/wp\/v2\/posts\/21427\/revisions"}],"predecessor-version":[{"id":21435,"href":"https:\/\/ffcv.es\/wp\/wp-json\/wp\/v2\/posts\/21427\/revisions\/21435"}],"wp:featuredmedia":[{"embeddable":true,"href":"https:\/\/ffcv.es\/wp\/wp-json\/wp\/v2\/media\/21430"}],"wp:attachment":[{"href":"https:\/\/ffcv.es\/wp\/wp-json\/wp\/v2\/media?parent=21427"}],"wp:term":[{"taxonomy":"category","embeddable":true,"href":"https:\/\/ffcv.es\/wp\/wp-json\/wp\/v2\/categories?post=21427"},{"taxonomy":"post_tag","embeddable":true,"href":"https:\/\/ffcv.es\/wp\/wp-json\/wp\/v2\/tags?post=21427"}],"curies":[{"name":"wp","href":"https:\/\/api.w.org\/{rel}","templated":true}]}}