{"id":21236,"date":"2018-05-31T16:13:11","date_gmt":"2018-05-31T16:13:11","guid":{"rendered":"https:\/\/ffcv.es\/wp\/?p=21236"},"modified":"2018-05-31T16:13:11","modified_gmt":"2018-05-31T16:13:11","slug":"nuevo-horario-publico-verano","status":"publish","type":"post","link":"https:\/\/ffcv.es\/wp\/blog\/2018\/05\/nuevo-horario-publico-verano\/","title":{"rendered":"Nuevo horario de atenci\u00f3n al p\u00fablico en verano de 2018"},"content":{"rendered":"<p>La Federaci\u00f3n de F\u00fatbol de la Comunidad Valenciana informa del establecimiento del nuevo horario de atenci\u00f3n al p\u00fablico durante los pr\u00f3ximos meses de verano de 2018.<\/p>\n<div align=\"center\"><script src=\"\/\/pagead2.googlesyndication.com\/pagead\/js\/adsbygoogle.js\" async=\"\"><\/script><!-- cabecera_paginas_adaptable --> <ins class=\"adsbygoogle\" style=\"display: block; background: none !important;\" data-ad-client=\"ca-pub-8508993344894927\" data-ad-slot=\"8273813495\" data-ad-format=\"auto\"><\/ins><script>\/\/ <![CDATA[\n(adsbygoogle = window.adsbygoogle || []).push({}); \/\/ ]]\n\/\/ ]]><\/script><\/div>\n<p><a href=\"https:\/\/ffcv.es\/wp\/wp-content\/uploads\/2017\/09\/logo.jpg\"><img loading=\"lazy\" decoding=\"async\" class=\"alignright size-medium wp-image-15973 lazyload\" data-src=\"https:\/\/ffcv.es\/wp\/wp-content\/uploads\/2017\/09\/logo-300x225.jpg\" alt=\"logo\" width=\"300\" height=\"225\" src=\"data:image\/gif;base64,R0lGODlhAQABAAAAACH5BAEKAAEALAAAAAABAAEAAAICTAEAOw==\" style=\"--smush-placeholder-width: 300px; --smush-placeholder-aspect-ratio: 300\/225;\" \/><noscript><img loading=\"lazy\" decoding=\"async\" class=\"alignright size-medium wp-image-15973\" src=\"https:\/\/ffcv.es\/wp\/wp-content\/uploads\/2017\/09\/logo-300x225.jpg\" alt=\"logo\" width=\"300\" height=\"225\" \/><\/noscript><\/a>La Secretar\u00eda General de la FFCV ha validado el establecimiento de los nuevos horarios de atenci\u00f3n al p\u00fablico que estar\u00e1n vigentes durante los meses de junio, julio y agosto de 2018. As\u00ed, durante el mes de junio, nuestras sedes y delegaciones permanecer\u00e1n abiertas de lunes a viernes de 9:00 a 14:00 horas en horario matinal, y de lunes a jueves de 16:00 a 18:00 horas en horario vespertino, permaneciendo cerradas al p\u00fablico los viernes por la tarde. Durante los meses de julio y agosto, el horario de atenci\u00f3n al p\u00fablico ser\u00e1 \u00fanicamente de lunes a viernes de 9:00 a 14:00 horas.<\/p>\n<p><em>Autor: Prensa FFCV<\/em><\/p>\n","protected":false},"excerpt":{"rendered":"<p>La Federaci\u00f3n de F\u00fatbol de la Comunidad Valenciana informa del establecimiento del nuevo horario de atenci\u00f3n al p\u00fablico durante los pr\u00f3ximos meses de verano de 2018. La Secretar\u00eda General de la FFCV ha validado el establecimiento de los nuevos horarios de atenci\u00f3n al p\u00fablico que estar\u00e1n vigentes durante los meses de junio, julio y agosto<\/p>\n","protected":false},"author":5,"featured_media":15973,"comment_status":"closed","ping_status":"closed","sticky":false,"template":"","format":"standard","meta":{"om_disable_all_campaigns":false,"footnotes":""},"categories":[16,69],"tags":[191,955],"class_list":["post-21236","post","type-post","status-publish","format-standard","has-post-thumbnail","hentry","category-actualidad","category-noticias-ffcv","tag-horarios","tag-verano"],"aioseo_notices":[],"_links":{"self":[{"href":"https:\/\/ffcv.es\/wp\/wp-json\/wp\/v2\/posts\/21236"}],"collection":[{"href":"https:\/\/ffcv.es\/wp\/wp-json\/wp\/v2\/posts"}],"about":[{"href":"https:\/\/ffcv.es\/wp\/wp-json\/wp\/v2\/types\/post"}],"author":[{"embeddable":true,"href":"https:\/\/ffcv.es\/wp\/wp-json\/wp\/v2\/users\/5"}],"replies":[{"embeddable":true,"href":"https:\/\/ffcv.es\/wp\/wp-json\/wp\/v2\/comments?post=21236"}],"version-history":[{"count":1,"href":"https:\/\/ffcv.es\/wp\/wp-json\/wp\/v2\/posts\/21236\/revisions"}],"predecessor-version":[{"id":21237,"href":"https:\/\/ffcv.es\/wp\/wp-json\/wp\/v2\/posts\/21236\/revisions\/21237"}],"wp:featuredmedia":[{"embeddable":true,"href":"https:\/\/ffcv.es\/wp\/wp-json\/wp\/v2\/media\/15973"}],"wp:attachment":[{"href":"https:\/\/ffcv.es\/wp\/wp-json\/wp\/v2\/media?parent=21236"}],"wp:term":[{"taxonomy":"category","embeddable":true,"href":"https:\/\/ffcv.es\/wp\/wp-json\/wp\/v2\/categories?post=21236"},{"taxonomy":"post_tag","embeddable":true,"href":"https:\/\/ffcv.es\/wp\/wp-json\/wp\/v2\/tags?post=21236"}],"curies":[{"name":"wp","href":"https:\/\/api.w.org\/{rel}","templated":true}]}}