{"id":21069,"date":"2018-05-23T12:07:55","date_gmt":"2018-05-23T12:07:55","guid":{"rendered":"https:\/\/ffcv.es\/wp\/?p=21069"},"modified":"2018-05-23T12:07:55","modified_gmt":"2018-05-23T12:07:55","slug":"lrfef-campeonas-europa-sub-17","status":"publish","type":"post","link":"https:\/\/ffcv.es\/wp\/blog\/2018\/05\/lrfef-campeonas-europa-sub-17\/","title":{"rendered":"La RFEF recibe a las Campeonas de Europa Sub-17"},"content":{"rendered":"<p>La Real Federaci\u00f3n Espa\u00f1ola de F\u00fatbol (RFEF) ha homenajeado esta ma\u00f1ana a la Selecci\u00f3n Femenina Sub-17 tras haberse proclamado Campeonas de Europa. Entre ellas, las tres representantes del f\u00fatbol valenciano: Eva Navarro, Paula Tom\u00e1s y Aixa Salvador.<\/p>\n<div align=\"center\"><script src=\"\/\/pagead2.googlesyndication.com\/pagead\/js\/adsbygoogle.js\" async=\"\"><\/script><!-- cabecera_paginas_adaptable --> <ins class=\"adsbygoogle\" style=\"display: block; background: none !important;\" data-ad-client=\"ca-pub-8508993344894927\" data-ad-slot=\"8273813495\" data-ad-format=\"auto\"><\/ins><script>\/\/ <![CDATA[\n(adsbygoogle = window.adsbygoogle || []).push({}); \/\/ ]]\n\/\/ ]]><\/script><\/div>\n<p><a href=\"https:\/\/ffcv.es\/wp\/wp-content\/uploads\/2018\/05\/1rs5372.jpg\"><img loading=\"lazy\" decoding=\"async\" class=\"alignright wp-image-21070 lazyload\" data-src=\"https:\/\/ffcv.es\/wp\/wp-content\/uploads\/2018\/05\/1rs5372-300x198.jpg\" alt=\"_1rs5372\" width=\"386\" height=\"255\" data-srcset=\"https:\/\/ffcv.es\/wp\/wp-content\/uploads\/2018\/05\/1rs5372-300x198.jpg 300w, https:\/\/ffcv.es\/wp\/wp-content\/uploads\/2018\/05\/1rs5372-768x508.jpg 768w, https:\/\/ffcv.es\/wp\/wp-content\/uploads\/2018\/05\/1rs5372.jpg 853w\" data-sizes=\"(max-width: 386px) 100vw, 386px\" src=\"data:image\/gif;base64,R0lGODlhAQABAAAAACH5BAEKAAEALAAAAAABAAEAAAICTAEAOw==\" style=\"--smush-placeholder-width: 386px; --smush-placeholder-aspect-ratio: 386\/255;\" \/><noscript><img loading=\"lazy\" decoding=\"async\" class=\"alignright wp-image-21070\" src=\"https:\/\/ffcv.es\/wp\/wp-content\/uploads\/2018\/05\/1rs5372-300x198.jpg\" alt=\"_1rs5372\" width=\"386\" height=\"255\" srcset=\"https:\/\/ffcv.es\/wp\/wp-content\/uploads\/2018\/05\/1rs5372-300x198.jpg 300w, https:\/\/ffcv.es\/wp\/wp-content\/uploads\/2018\/05\/1rs5372-768x508.jpg 768w, https:\/\/ffcv.es\/wp\/wp-content\/uploads\/2018\/05\/1rs5372.jpg 853w\" sizes=\"(max-width: 386px) 100vw, 386px\" \/><\/noscript><\/a>La Ciudad del F\u00fatbol de Las Rozas, sede de la RFEF, ha albergado esta ma\u00f1ana un espectacular recibimiento al combinado nacional femenino que ha conseguido encumbrarse como Campe\u00f3n de Europa en categor\u00eda Sub-17 tras imponerse en la Final del torneo a Alemania por 2-0; curiosamente, los dos goles que dieron el oro a Espa\u00f1a fueron obra de la jugadora del Sporting Plaza de Argel de Alicante Eva Navarro, protagonista absoluta en el devenir de Espa\u00f1a en este Europeo, que adem\u00e1s ha estado perfectamente secundada por las otras dos representantes del f\u00fatbol femenino valenciano y tambi\u00e9n campeonas de Europa: Aixa Salvador (Villarreal CF) y Paula Tom\u00e1s (Levante UD). El nuevo presidente de la RFEF, Luis Rubiales, acompa\u00f1ado de directivos y personal de la casa, ha querido recibir con todos los honores a la expedici\u00f3n espa\u00f1ola a su vuelta de Lituania, en un acto en el que ha estado acompa\u00f1ando a las futbolistas valencianas el secretario general de la FFCV, Salvador Gomar.<\/p>\n<p><a href=\"https:\/\/ffcv.es\/wp\/wp-content\/uploads\/2018\/05\/IMG-20180523-WA0023.jpg\"><img loading=\"lazy\" decoding=\"async\" class=\"wp-image-21071 aligncenter lazyload\" data-src=\"https:\/\/ffcv.es\/wp\/wp-content\/uploads\/2018\/05\/IMG-20180523-WA0023-300x225.jpg\" alt=\"IMG-20180523-WA0023\" width=\"503\" height=\"377\" data-srcset=\"https:\/\/ffcv.es\/wp\/wp-content\/uploads\/2018\/05\/IMG-20180523-WA0023-300x225.jpg 300w, https:\/\/ffcv.es\/wp\/wp-content\/uploads\/2018\/05\/IMG-20180523-WA0023-768x576.jpg 768w, https:\/\/ffcv.es\/wp\/wp-content\/uploads\/2018\/05\/IMG-20180523-WA0023-1024x768.jpg 1024w, https:\/\/ffcv.es\/wp\/wp-content\/uploads\/2018\/05\/IMG-20180523-WA0023.jpg 1600w\" data-sizes=\"(max-width: 503px) 100vw, 503px\" src=\"data:image\/gif;base64,R0lGODlhAQABAAAAACH5BAEKAAEALAAAAAABAAEAAAICTAEAOw==\" style=\"--smush-placeholder-width: 503px; --smush-placeholder-aspect-ratio: 503\/377;\" \/><noscript><img loading=\"lazy\" decoding=\"async\" class=\" wp-image-21071 aligncenter\" src=\"https:\/\/ffcv.es\/wp\/wp-content\/uploads\/2018\/05\/IMG-20180523-WA0023-300x225.jpg\" alt=\"IMG-20180523-WA0023\" width=\"503\" height=\"377\" srcset=\"https:\/\/ffcv.es\/wp\/wp-content\/uploads\/2018\/05\/IMG-20180523-WA0023-300x225.jpg 300w, https:\/\/ffcv.es\/wp\/wp-content\/uploads\/2018\/05\/IMG-20180523-WA0023-768x576.jpg 768w, https:\/\/ffcv.es\/wp\/wp-content\/uploads\/2018\/05\/IMG-20180523-WA0023-1024x768.jpg 1024w, https:\/\/ffcv.es\/wp\/wp-content\/uploads\/2018\/05\/IMG-20180523-WA0023.jpg 1600w\" sizes=\"(max-width: 503px) 100vw, 503px\" \/><\/noscript><\/a><em>Autor: Prensa FFCV<\/em><\/p>\n","protected":false},"excerpt":{"rendered":"<p>La Real Federaci\u00f3n Espa\u00f1ola de F\u00fatbol (RFEF) ha homenajeado esta ma\u00f1ana a la Selecci\u00f3n Femenina Sub-17 tras haberse proclamado Campeonas de Europa. Entre ellas, las tres representantes del f\u00fatbol valenciano: Eva Navarro, Paula Tom\u00e1s y Aixa Salvador. La Ciudad del F\u00fatbol de Las Rozas, sede de la RFEF, ha albergado esta ma\u00f1ana un espectacular recibimiento<\/p>\n","protected":false},"author":5,"featured_media":21070,"comment_status":"closed","ping_status":"closed","sticky":false,"template":"","format":"standard","meta":{"om_disable_all_campaigns":false,"footnotes":""},"categories":[16,69,72],"tags":[99,124,98,137,86,100],"class_list":["post-21069","post","type-post","status-publish","format-standard","has-post-thumbnail","hentry","category-actualidad","category-noticias-ffcv","category-noticias-selecciones","tag-espana","tag-femenino","tag-futbol","tag-rfef","tag-selecciones","tag-sub-17"],"aioseo_notices":[],"_links":{"self":[{"href":"https:\/\/ffcv.es\/wp\/wp-json\/wp\/v2\/posts\/21069"}],"collection":[{"href":"https:\/\/ffcv.es\/wp\/wp-json\/wp\/v2\/posts"}],"about":[{"href":"https:\/\/ffcv.es\/wp\/wp-json\/wp\/v2\/types\/post"}],"author":[{"embeddable":true,"href":"https:\/\/ffcv.es\/wp\/wp-json\/wp\/v2\/users\/5"}],"replies":[{"embeddable":true,"href":"https:\/\/ffcv.es\/wp\/wp-json\/wp\/v2\/comments?post=21069"}],"version-history":[{"count":1,"href":"https:\/\/ffcv.es\/wp\/wp-json\/wp\/v2\/posts\/21069\/revisions"}],"predecessor-version":[{"id":21072,"href":"https:\/\/ffcv.es\/wp\/wp-json\/wp\/v2\/posts\/21069\/revisions\/21072"}],"wp:featuredmedia":[{"embeddable":true,"href":"https:\/\/ffcv.es\/wp\/wp-json\/wp\/v2\/media\/21070"}],"wp:attachment":[{"href":"https:\/\/ffcv.es\/wp\/wp-json\/wp\/v2\/media?parent=21069"}],"wp:term":[{"taxonomy":"category","embeddable":true,"href":"https:\/\/ffcv.es\/wp\/wp-json\/wp\/v2\/categories?post=21069"},{"taxonomy":"post_tag","embeddable":true,"href":"https:\/\/ffcv.es\/wp\/wp-json\/wp\/v2\/tags?post=21069"}],"curies":[{"name":"wp","href":"https:\/\/api.w.org\/{rel}","templated":true}]}}