{"id":20955,"date":"2018-05-18T09:52:45","date_gmt":"2018-05-18T09:52:45","guid":{"rendered":"https:\/\/ffcv.es\/wp\/?p=20955"},"modified":"2018-05-18T12:01:43","modified_gmt":"2018-05-18T12:01:43","slug":"alzira-xxi-gala-futbol-sala-comarcal","status":"publish","type":"post","link":"https:\/\/ffcv.es\/wp\/blog\/2018\/05\/alzira-xxi-gala-futbol-sala-comarcal\/","title":{"rendered":"Alzira albergar\u00e1 la XXI Gala del F\u00fatbol y F\u00fatbol Sala Comarcal"},"content":{"rendered":"<p>La Delegaci\u00f3n de la Federaci\u00f3n del F\u00fatbol de la Comunidad Valenciana en Alberic ha confirmado que la XXI Gala del F\u00fatbol y F\u00fatbol Sala Comarcal tendr\u00e1 lugar el pr\u00f3ximo d\u00eda 1 de junio en la localidad de Alzira.<\/p>\n<div align=\"center\"><script src=\"\/\/pagead2.googlesyndication.com\/pagead\/js\/adsbygoogle.js\" async=\"\"><\/script><!-- cabecera_paginas_adaptable --> <ins class=\"adsbygoogle\" style=\"display: block; background: none !important;\" data-ad-client=\"ca-pub-8508993344894927\" data-ad-slot=\"8273813495\" data-ad-format=\"auto\"><\/ins><script>\/\/ <![CDATA[\n(adsbygoogle = window.adsbygoogle || []).push({}); \/\/ ]]\n\/\/ ]]><\/script><\/div>\n<p><a href=\"https:\/\/ffcv.es\/wp\/wp-content\/uploads\/2018\/05\/Slider-entrega-premios-alberic.jpg\"><img loading=\"lazy\" decoding=\"async\" class=\"wp-image-20959 aligncenter lazyload\" data-src=\"https:\/\/ffcv.es\/wp\/wp-content\/uploads\/2018\/05\/Slider-entrega-premios-alberic-300x86.jpg\" alt=\"Slider entrega premios alberic\" width=\"600\" height=\"172\" data-srcset=\"https:\/\/ffcv.es\/wp\/wp-content\/uploads\/2018\/05\/Slider-entrega-premios-alberic-300x86.jpg 300w, https:\/\/ffcv.es\/wp\/wp-content\/uploads\/2018\/05\/Slider-entrega-premios-alberic-768x220.jpg 768w, https:\/\/ffcv.es\/wp\/wp-content\/uploads\/2018\/05\/Slider-entrega-premios-alberic-1024x293.jpg 1024w, https:\/\/ffcv.es\/wp\/wp-content\/uploads\/2018\/05\/Slider-entrega-premios-alberic.jpg 1399w\" data-sizes=\"(max-width: 600px) 100vw, 600px\" src=\"data:image\/gif;base64,R0lGODlhAQABAAAAACH5BAEKAAEALAAAAAABAAEAAAICTAEAOw==\" style=\"--smush-placeholder-width: 600px; --smush-placeholder-aspect-ratio: 600\/172;\" \/><noscript><img loading=\"lazy\" decoding=\"async\" class=\" wp-image-20959 aligncenter\" src=\"https:\/\/ffcv.es\/wp\/wp-content\/uploads\/2018\/05\/Slider-entrega-premios-alberic-300x86.jpg\" alt=\"Slider entrega premios alberic\" width=\"600\" height=\"172\" srcset=\"https:\/\/ffcv.es\/wp\/wp-content\/uploads\/2018\/05\/Slider-entrega-premios-alberic-300x86.jpg 300w, https:\/\/ffcv.es\/wp\/wp-content\/uploads\/2018\/05\/Slider-entrega-premios-alberic-768x220.jpg 768w, https:\/\/ffcv.es\/wp\/wp-content\/uploads\/2018\/05\/Slider-entrega-premios-alberic-1024x293.jpg 1024w, https:\/\/ffcv.es\/wp\/wp-content\/uploads\/2018\/05\/Slider-entrega-premios-alberic.jpg 1399w\" sizes=\"(max-width: 600px) 100vw, 600px\" \/><\/noscript><\/a>El delegado de la FFCV en las comarcas de la Ribera y La Safor, Eduardo Revert Juan, ha informado que los Premios \u2018Importants\u2019 correspondientes a la Temporada 2017\/18, as\u00ed como los diferentes reconocimientos a lo m\u00e1s destacado de la campa\u00f1a que ahora se cierra, se librar\u00e1n el viernes, d\u00eda 1 de junio, en la que ser\u00e1 la vig\u00e9simo primera edici\u00f3n de la Gala del F\u00fatbol y el F\u00fatbol Sala Comarcal. Esta tendr\u00e1 lugar durante el transcurso de la ya tradicional cena de hermandad con los representantes de los clubes y equipos de ambas comarcas, que se celebrar\u00e1 desde las 21:30 horas en la Sala Rex Natura de la localidad de Alzira. Revert ha manifestado al respecto que <em>\u201cun a\u00f1o m\u00e1s, nos reunimos en torno a una mesa en una noche excepcional que viene a significar el perfecto colof\u00f3n a una temporada m\u00e1s dedicada al servicio de nuestros deportes y de los clubes de nuestras comarcas\u201d<\/em>. La Delegaci\u00f3n que dirige Revert reunir\u00e1 a lo m\u00e1s granado de los equipos representantes del f\u00fatbol y el f\u00fatbol sala de estas comarcas en una noche inolvidable y siempre cargada de sentimiento y deportividad.<\/p>\n<p><em>Autor: Prensa FFCV<\/em><\/p>\n","protected":false},"excerpt":{"rendered":"<p>La Delegaci\u00f3n de la Federaci\u00f3n del F\u00fatbol de la Comunidad Valenciana en Alberic ha confirmado que la XXI Gala del F\u00fatbol y F\u00fatbol Sala Comarcal tendr\u00e1 lugar el pr\u00f3ximo d\u00eda 1 de junio en la localidad de Alzira. El delegado de la FFCV en las comarcas de la Ribera y La Safor, Eduardo Revert Juan,<\/p>\n","protected":false},"author":5,"featured_media":20956,"comment_status":"closed","ping_status":"closed","sticky":false,"template":"","format":"standard","meta":{"om_disable_all_campaigns":false,"footnotes":""},"categories":[16,69],"tags":[322,124,98,51,156,883],"class_list":["post-20955","post","type-post","status-publish","format-standard","has-post-thumbnail","hentry","category-actualidad","category-noticias-ffcv","tag-alzira","tag-femenino","tag-futbol","tag-futbol-sala","tag-gala","tag-la-ribera"],"aioseo_notices":[],"_links":{"self":[{"href":"https:\/\/ffcv.es\/wp\/wp-json\/wp\/v2\/posts\/20955"}],"collection":[{"href":"https:\/\/ffcv.es\/wp\/wp-json\/wp\/v2\/posts"}],"about":[{"href":"https:\/\/ffcv.es\/wp\/wp-json\/wp\/v2\/types\/post"}],"author":[{"embeddable":true,"href":"https:\/\/ffcv.es\/wp\/wp-json\/wp\/v2\/users\/5"}],"replies":[{"embeddable":true,"href":"https:\/\/ffcv.es\/wp\/wp-json\/wp\/v2\/comments?post=20955"}],"version-history":[{"count":3,"href":"https:\/\/ffcv.es\/wp\/wp-json\/wp\/v2\/posts\/20955\/revisions"}],"predecessor-version":[{"id":20972,"href":"https:\/\/ffcv.es\/wp\/wp-json\/wp\/v2\/posts\/20955\/revisions\/20972"}],"wp:featuredmedia":[{"embeddable":true,"href":"https:\/\/ffcv.es\/wp\/wp-json\/wp\/v2\/media\/20956"}],"wp:attachment":[{"href":"https:\/\/ffcv.es\/wp\/wp-json\/wp\/v2\/media?parent=20955"}],"wp:term":[{"taxonomy":"category","embeddable":true,"href":"https:\/\/ffcv.es\/wp\/wp-json\/wp\/v2\/categories?post=20955"},{"taxonomy":"post_tag","embeddable":true,"href":"https:\/\/ffcv.es\/wp\/wp-json\/wp\/v2\/tags?post=20955"}],"curies":[{"name":"wp","href":"https:\/\/api.w.org\/{rel}","templated":true}]}}