{"id":20702,"date":"2018-05-09T07:46:07","date_gmt":"2018-05-09T07:46:07","guid":{"rendered":"https:\/\/ffcv.es\/wp\/?p=20702"},"modified":"2018-05-09T07:46:07","modified_gmt":"2018-05-09T07:46:07","slug":"seis-representantes-futbol-valenciano-sub-18-entrenaran-ciudad-futbol","status":"publish","type":"post","link":"https:\/\/ffcv.es\/wp\/blog\/2018\/05\/seis-representantes-futbol-valenciano-sub-18-entrenaran-ciudad-futbol\/","title":{"rendered":"Seis representantes del f\u00fatbol valenciano Sub-18 entrenar\u00e1n en la Ciudad del F\u00fatbol"},"content":{"rendered":"<p>Los seleccionadores del combinado nacional Sub-18 han hecho p\u00fablica la lista de jugadores citados para las jornadas de entrenamiento en la Ciudad del F\u00fatbol de Las Rozas, que se celebrar\u00e1n entre los d\u00eda 14 y 16 de mayo, y entre la lista de convocados destacan el nombre de seis representantes del f\u00fatbol valenciano.<\/p>\n<div align=\"center\"><script src=\"\/\/pagead2.googlesyndication.com\/pagead\/js\/adsbygoogle.js\" async=\"\"><\/script><!-- cabecera_paginas_adaptable --> <ins class=\"adsbygoogle\" style=\"display: block; background: none !important;\" data-ad-client=\"ca-pub-8508993344894927\" data-ad-slot=\"8273813495\" data-ad-format=\"auto\"><\/ins><script>\/\/ <![CDATA[\n(adsbygoogle = window.adsbygoogle || []).push({}); \/\/ ]]\n\/\/ ]]><\/script><\/div>\n<p><a href=\"https:\/\/ffcv.es\/wp\/wp-content\/uploads\/2017\/11\/luis-de-la-fuente-3-e1525796052446.jpg\"><img loading=\"lazy\" decoding=\"async\" class=\"alignright size-medium wp-image-17195 lazyload\" data-src=\"https:\/\/ffcv.es\/wp\/wp-content\/uploads\/2017\/11\/luis-de-la-fuente-3-e1525796052446-300x217.jpg\" alt=\"luis de la fuente 3\" width=\"300\" height=\"217\" data-srcset=\"https:\/\/ffcv.es\/wp\/wp-content\/uploads\/2017\/11\/luis-de-la-fuente-3-e1525796052446-300x217.jpg 300w, https:\/\/ffcv.es\/wp\/wp-content\/uploads\/2017\/11\/luis-de-la-fuente-3-e1525796052446.jpg 717w\" data-sizes=\"(max-width: 300px) 100vw, 300px\" src=\"data:image\/gif;base64,R0lGODlhAQABAAAAACH5BAEKAAEALAAAAAABAAEAAAICTAEAOw==\" style=\"--smush-placeholder-width: 300px; --smush-placeholder-aspect-ratio: 300\/217;\" \/><noscript><img loading=\"lazy\" decoding=\"async\" class=\"alignright size-medium wp-image-17195\" src=\"https:\/\/ffcv.es\/wp\/wp-content\/uploads\/2017\/11\/luis-de-la-fuente-3-e1525796052446-300x217.jpg\" alt=\"luis de la fuente 3\" width=\"300\" height=\"217\" srcset=\"https:\/\/ffcv.es\/wp\/wp-content\/uploads\/2017\/11\/luis-de-la-fuente-3-e1525796052446-300x217.jpg 300w, https:\/\/ffcv.es\/wp\/wp-content\/uploads\/2017\/11\/luis-de-la-fuente-3-e1525796052446.jpg 717w\" sizes=\"(max-width: 300px) 100vw, 300px\" \/><\/noscript><\/a>Luis de la Fuente ha citado para esta sesi\u00f3n de entrenamiento a los jugadores del Villarreal CF Marc Vidal, Gregorio Medina y Nacho D\u00edaz; a los valencianistas Hugo Guillam\u00f3n y Ferran Torres, y al valenciano V\u00edctor Chust que actualmente juega en el juvenil del Real Madrid. Excepto Gregorio Medina, el resto de representantes valencianos han dado el salto a la din\u00e1mica de trabajo tras proclamarse campeones de Europa Sub-17 la pasada temporada y subcampeones del Mundo\u00a0el pasado mes de octubre. De hecho,\u00a0Ferran Torres incluso se\u00a0estren\u00f3 ya como Sub-19 en la Copa del Atl\u00e1ntico y junto a Guillam\u00f3n ha participado tambi\u00e9n en algunas sesiones de entrenamiento de esa categor\u00eda.<\/p>\n<p><em>Autor: Prensa FFCV<\/em><\/p>\n<p>&nbsp;<\/p>\n<div class=\"subtitulo-noticia\"><\/div>\n","protected":false},"excerpt":{"rendered":"<p>Los seleccionadores del combinado nacional Sub-18 han hecho p\u00fablica la lista de jugadores citados para las jornadas de entrenamiento en la Ciudad del F\u00fatbol de Las Rozas, que se celebrar\u00e1n entre los d\u00eda 14 y 16 de mayo, y entre la lista de convocados destacan el nombre de seis representantes del f\u00fatbol valenciano. Luis de<\/p>\n","protected":false},"author":5,"featured_media":17195,"comment_status":"closed","ping_status":"closed","sticky":false,"template":"","format":"standard","meta":{"om_disable_all_campaigns":false,"footnotes":""},"categories":[16,69,72],"tags":[363,102,494,416,546,127,364,596,476],"class_list":["post-20702","post","type-post","status-publish","format-standard","has-post-thumbnail","hentry","category-actualidad","category-noticias-ffcv","category-noticias-selecciones","tag-ciudad-del-futbol","tag-convocatoria","tag-entrenamiento","tag-las-rozas","tag-luis-de-la-fuente","tag-sub-18","tag-valencia-cf","tag-valencianos","tag-villarreal-cf"],"aioseo_notices":[],"_links":{"self":[{"href":"https:\/\/ffcv.es\/wp\/wp-json\/wp\/v2\/posts\/20702"}],"collection":[{"href":"https:\/\/ffcv.es\/wp\/wp-json\/wp\/v2\/posts"}],"about":[{"href":"https:\/\/ffcv.es\/wp\/wp-json\/wp\/v2\/types\/post"}],"author":[{"embeddable":true,"href":"https:\/\/ffcv.es\/wp\/wp-json\/wp\/v2\/users\/5"}],"replies":[{"embeddable":true,"href":"https:\/\/ffcv.es\/wp\/wp-json\/wp\/v2\/comments?post=20702"}],"version-history":[{"count":2,"href":"https:\/\/ffcv.es\/wp\/wp-json\/wp\/v2\/posts\/20702\/revisions"}],"predecessor-version":[{"id":20712,"href":"https:\/\/ffcv.es\/wp\/wp-json\/wp\/v2\/posts\/20702\/revisions\/20712"}],"wp:featuredmedia":[{"embeddable":true,"href":"https:\/\/ffcv.es\/wp\/wp-json\/wp\/v2\/media\/17195"}],"wp:attachment":[{"href":"https:\/\/ffcv.es\/wp\/wp-json\/wp\/v2\/media?parent=20702"}],"wp:term":[{"taxonomy":"category","embeddable":true,"href":"https:\/\/ffcv.es\/wp\/wp-json\/wp\/v2\/categories?post=20702"},{"taxonomy":"post_tag","embeddable":true,"href":"https:\/\/ffcv.es\/wp\/wp-json\/wp\/v2\/tags?post=20702"}],"curies":[{"name":"wp","href":"https:\/\/api.w.org\/{rel}","templated":true}]}}