{"id":20651,"date":"2018-05-07T14:58:29","date_gmt":"2018-05-07T14:58:29","guid":{"rendered":"https:\/\/ffcv.es\/wp\/?p=20651"},"modified":"2018-05-07T14:58:29","modified_gmt":"2018-05-07T14:58:29","slug":"aldaia-golpea-primero-copa-femenina","status":"publish","type":"post","link":"https:\/\/ffcv.es\/wp\/blog\/2018\/05\/aldaia-golpea-primero-copa-femenina\/","title":{"rendered":"Aldaia golpea primero en la Copa Amateur Femenina"},"content":{"rendered":"<p>La UD Aldaia se impuso por dos goles a cero al Levante UD &#8216;B&#8217; en la jornada de estreno de la primera edici\u00f3n de la Copa Federaci\u00f3n del f\u00fatbol femenino amateur de la Comunidad Valenciana.<\/p>\n<div align=\"center\"><script src=\"\/\/pagead2.googlesyndication.com\/pagead\/js\/adsbygoogle.js\" async=\"\"><\/script><!-- cabecera_paginas_adaptable --> <ins class=\"adsbygoogle\" style=\"display: block; background: none !important;\" data-ad-client=\"ca-pub-8508993344894927\" data-ad-slot=\"8273813495\" data-ad-format=\"auto\"><\/ins><script>\/\/ <![CDATA[\n(adsbygoogle = window.adsbygoogle || []).push({}); \/\/ ]]\n\/\/ ]]><\/script><\/div>\n<p><a href=\"https:\/\/ffcv.es\/wp\/wp-content\/uploads\/2018\/05\/31542707_1737156189704721_4400343893405597696_n.jpg\"><img loading=\"lazy\" decoding=\"async\" class=\"alignright size-medium wp-image-20655 lazyload\" data-src=\"https:\/\/ffcv.es\/wp\/wp-content\/uploads\/2018\/05\/31542707_1737156189704721_4400343893405597696_n-300x224.jpg\" alt=\"31542707_1737156189704721_4400343893405597696_n\" width=\"300\" height=\"224\" data-srcset=\"https:\/\/ffcv.es\/wp\/wp-content\/uploads\/2018\/05\/31542707_1737156189704721_4400343893405597696_n-300x224.jpg 300w, https:\/\/ffcv.es\/wp\/wp-content\/uploads\/2018\/05\/31542707_1737156189704721_4400343893405597696_n-768x574.jpg 768w, https:\/\/ffcv.es\/wp\/wp-content\/uploads\/2018\/05\/31542707_1737156189704721_4400343893405597696_n.jpg 960w\" data-sizes=\"(max-width: 300px) 100vw, 300px\" src=\"data:image\/gif;base64,R0lGODlhAQABAAAAACH5BAEKAAEALAAAAAABAAEAAAICTAEAOw==\" style=\"--smush-placeholder-width: 300px; --smush-placeholder-aspect-ratio: 300\/224;\" \/><noscript><img loading=\"lazy\" decoding=\"async\" class=\"alignright size-medium wp-image-20655\" src=\"https:\/\/ffcv.es\/wp\/wp-content\/uploads\/2018\/05\/31542707_1737156189704721_4400343893405597696_n-300x224.jpg\" alt=\"31542707_1737156189704721_4400343893405597696_n\" width=\"300\" height=\"224\" srcset=\"https:\/\/ffcv.es\/wp\/wp-content\/uploads\/2018\/05\/31542707_1737156189704721_4400343893405597696_n-300x224.jpg 300w, https:\/\/ffcv.es\/wp\/wp-content\/uploads\/2018\/05\/31542707_1737156189704721_4400343893405597696_n-768x574.jpg 768w, https:\/\/ffcv.es\/wp\/wp-content\/uploads\/2018\/05\/31542707_1737156189704721_4400343893405597696_n.jpg 960w\" sizes=\"(max-width: 300px) 100vw, 300px\" \/><\/noscript><\/a>La jornada de debut de la nueva Copa Federaci\u00f3n Femenina en categor\u00eda amateur no dej\u00f3 a nadie indiferente, primero por tratarse de una nueva competici\u00f3n oficial con un t\u00edtulo en juego, y segundo por que la UD Aldaia fue capaz de imponerse en un brillante partido al Levante UD &#8216;B&#8217; por dos goles a cero, obra de Sandra L\u00f3pez y Peque, estren\u00e1ndose de manera inmejorable en esta competici\u00f3n. Revive ahora este encuentro con todos sus detalles y los goles que certificaron la victoria de las locales en el resumen que te acerca la plataforma televisiva de la Federaci\u00f3n de F\u00fatbol de la Comunidad Valenciana, y recuerda que puedes consultar todas las estad\u00edsticas en el apartado &#8216;<a href=\"https:\/\/ffcv.es\/wp\/competiciones\/\">Competiciones<\/a>&#8216; de nuestra web.<br \/>\n<iframe loading=\"lazy\" data-src=\"https:\/\/www.youtube.com\/embed\/NYDnlyZEeek\" width=\"560\" height=\"315\" frameborder=\"0\" allowfullscreen=\"allowfullscreen\" src=\"data:image\/gif;base64,R0lGODlhAQABAAAAACH5BAEKAAEALAAAAAABAAEAAAICTAEAOw==\" class=\"lazyload\" data-load-mode=\"1\"><\/iframe><br \/>\n<em>Autor: Prensa FFCV<\/em><\/p>\n","protected":false},"excerpt":{"rendered":"<p>La UD Aldaia se impuso por dos goles a cero al Levante UD &#8216;B&#8217; en la jornada de estreno de la primera edici\u00f3n de la Copa Federaci\u00f3n del f\u00fatbol femenino amateur de la Comunidad Valenciana. La jornada de debut de la nueva Copa Federaci\u00f3n Femenina en categor\u00eda amateur no dej\u00f3 a nadie indiferente, primero por<\/p>\n","protected":false},"author":5,"featured_media":20655,"comment_status":"closed","ping_status":"closed","sticky":false,"template":"","format":"standard","meta":{"om_disable_all_campaigns":false,"footnotes":""},"categories":[16,69],"tags":[260,143,124,98],"class_list":["post-20651","post","type-post","status-publish","format-standard","has-post-thumbnail","hentry","category-actualidad","category-noticias-ffcv","tag-aficionado-femenino","tag-copa-federacion","tag-femenino","tag-futbol"],"aioseo_notices":[],"_links":{"self":[{"href":"https:\/\/ffcv.es\/wp\/wp-json\/wp\/v2\/posts\/20651"}],"collection":[{"href":"https:\/\/ffcv.es\/wp\/wp-json\/wp\/v2\/posts"}],"about":[{"href":"https:\/\/ffcv.es\/wp\/wp-json\/wp\/v2\/types\/post"}],"author":[{"embeddable":true,"href":"https:\/\/ffcv.es\/wp\/wp-json\/wp\/v2\/users\/5"}],"replies":[{"embeddable":true,"href":"https:\/\/ffcv.es\/wp\/wp-json\/wp\/v2\/comments?post=20651"}],"version-history":[{"count":2,"href":"https:\/\/ffcv.es\/wp\/wp-json\/wp\/v2\/posts\/20651\/revisions"}],"predecessor-version":[{"id":20656,"href":"https:\/\/ffcv.es\/wp\/wp-json\/wp\/v2\/posts\/20651\/revisions\/20656"}],"wp:featuredmedia":[{"embeddable":true,"href":"https:\/\/ffcv.es\/wp\/wp-json\/wp\/v2\/media\/20655"}],"wp:attachment":[{"href":"https:\/\/ffcv.es\/wp\/wp-json\/wp\/v2\/media?parent=20651"}],"wp:term":[{"taxonomy":"category","embeddable":true,"href":"https:\/\/ffcv.es\/wp\/wp-json\/wp\/v2\/categories?post=20651"},{"taxonomy":"post_tag","embeddable":true,"href":"https:\/\/ffcv.es\/wp\/wp-json\/wp\/v2\/tags?post=20651"}],"curies":[{"name":"wp","href":"https:\/\/api.w.org\/{rel}","templated":true}]}}