{"id":20338,"date":"2018-04-20T16:43:36","date_gmt":"2018-04-20T16:43:36","guid":{"rendered":"https:\/\/ffcv.es\/wp\/?p=20338"},"modified":"2018-04-20T16:43:36","modified_gmt":"2018-04-20T16:43:36","slug":"uniformidad-primera-regional","status":"publish","type":"post","link":"https:\/\/ffcv.es\/wp\/blog\/2018\/04\/uniformidad-primera-regional\/","title":{"rendered":"Uniformidad de horarios en la \u00faltima jornada de Primera Regional"},"content":{"rendered":"<p>El Comit\u00e9 de Competici\u00f3n de la categor\u00eda de Primera Regional de f\u00fatbol ha establecido la uniformidad de horarios de cara a la \u00faltima jornada de la competici\u00f3n.<\/p>\n<div align=\"center\"><script src=\"\/\/pagead2.googlesyndication.com\/pagead\/js\/adsbygoogle.js\" async=\"\"><\/script><!-- cabecera_paginas_adaptable --> <ins class=\"adsbygoogle\" style=\"display: block; background: none !important;\" data-ad-client=\"ca-pub-8508993344894927\" data-ad-slot=\"8273813495\" data-ad-format=\"auto\"><\/ins><script>\/\/ <![CDATA[\n(adsbygoogle = window.adsbygoogle || []).push({}); \/\/ ]]\n\/\/ ]]><\/script><\/div>\n<p><a href=\"https:\/\/ffcv.es\/wp\/wp-content\/uploads\/2017\/11\/175x175bb-1.jpg\"><img loading=\"lazy\" decoding=\"async\" class=\"alignright size-full wp-image-17266 lazyload\" data-src=\"https:\/\/ffcv.es\/wp\/wp-content\/uploads\/2017\/11\/175x175bb-1.jpg\" alt=\"logo app\" width=\"200\" height=\"200\" data-srcset=\"https:\/\/ffcv.es\/wp\/wp-content\/uploads\/2017\/11\/175x175bb-1.jpg 200w, https:\/\/ffcv.es\/wp\/wp-content\/uploads\/2017\/11\/175x175bb-1-150x150.jpg 150w, https:\/\/ffcv.es\/wp\/wp-content\/uploads\/2017\/11\/175x175bb-1-175x175.jpg 175w, https:\/\/ffcv.es\/wp\/wp-content\/uploads\/2017\/11\/175x175bb-1-85x85.jpg 85w\" data-sizes=\"(max-width: 200px) 100vw, 200px\" src=\"data:image\/gif;base64,R0lGODlhAQABAAAAACH5BAEKAAEALAAAAAABAAEAAAICTAEAOw==\" style=\"--smush-placeholder-width: 200px; --smush-placeholder-aspect-ratio: 200\/200;\" \/><noscript><img loading=\"lazy\" decoding=\"async\" class=\"alignright size-full wp-image-17266\" src=\"https:\/\/ffcv.es\/wp\/wp-content\/uploads\/2017\/11\/175x175bb-1.jpg\" alt=\"logo app\" width=\"200\" height=\"200\" srcset=\"https:\/\/ffcv.es\/wp\/wp-content\/uploads\/2017\/11\/175x175bb-1.jpg 200w, https:\/\/ffcv.es\/wp\/wp-content\/uploads\/2017\/11\/175x175bb-1-150x150.jpg 150w, https:\/\/ffcv.es\/wp\/wp-content\/uploads\/2017\/11\/175x175bb-1-175x175.jpg 175w, https:\/\/ffcv.es\/wp\/wp-content\/uploads\/2017\/11\/175x175bb-1-85x85.jpg 85w\" sizes=\"(max-width: 200px) 100vw, 200px\" \/><\/noscript><\/a>Al amparo de lo que prev\u00e9 el art\u00edculo 5, f) del C\u00f3digo Disciplinario de la Federaci\u00f3n de F\u00fatbol de la Comunidad Valenciana, el Comit\u00e9 de Competici\u00f3n acuerda fijar las 18:00 (dieciocho) horas como hora uniforme para que den comienzo los partidos correspondientes a la \u00faltima jornada del Campeonato de Liga en Primera Categor\u00eda Regional, a disputar el s\u00e1bado d\u00eda 5 de mayo, en los que intervengan clubes a los que afecten sus resultados para determinar el descenso de categor\u00eda, o la participaci\u00f3n en las eliminatorias de promoci\u00f3n de ascenso a Liga Regional Preferente, incluy\u00e9ndose en estas a aquellos equipos que, a\u00fan habiendo obtenido matem\u00e1ticamente el derecho a participar en la misma, no est\u00e9 determinado el puesto que definitivamente ocupen los dos primeros de la anterior.<\/p>\n<p><em>Autor: Prensa FFCV<\/em><\/p>\n","protected":false},"excerpt":{"rendered":"<p>El Comit\u00e9 de Competici\u00f3n de la categor\u00eda de Primera Regional de f\u00fatbol ha establecido la uniformidad de horarios de cara a la \u00faltima jornada de la competici\u00f3n. Al amparo de lo que prev\u00e9 el art\u00edculo 5, f) del C\u00f3digo Disciplinario de la Federaci\u00f3n de F\u00fatbol de la Comunidad Valenciana, el Comit\u00e9 de Competici\u00f3n acuerda fijar<\/p>\n","protected":false},"author":5,"featured_media":17266,"comment_status":"closed","ping_status":"closed","sticky":false,"template":"","format":"standard","meta":{"om_disable_all_campaigns":false,"footnotes":""},"categories":[16,69],"tags":[98,297,213],"class_list":["post-20338","post","type-post","status-publish","format-standard","has-post-thumbnail","hentry","category-actualidad","category-noticias-ffcv","tag-futbol","tag-primera-regional","tag-uniformidad-de-horarios"],"aioseo_notices":[],"_links":{"self":[{"href":"https:\/\/ffcv.es\/wp\/wp-json\/wp\/v2\/posts\/20338"}],"collection":[{"href":"https:\/\/ffcv.es\/wp\/wp-json\/wp\/v2\/posts"}],"about":[{"href":"https:\/\/ffcv.es\/wp\/wp-json\/wp\/v2\/types\/post"}],"author":[{"embeddable":true,"href":"https:\/\/ffcv.es\/wp\/wp-json\/wp\/v2\/users\/5"}],"replies":[{"embeddable":true,"href":"https:\/\/ffcv.es\/wp\/wp-json\/wp\/v2\/comments?post=20338"}],"version-history":[{"count":1,"href":"https:\/\/ffcv.es\/wp\/wp-json\/wp\/v2\/posts\/20338\/revisions"}],"predecessor-version":[{"id":20339,"href":"https:\/\/ffcv.es\/wp\/wp-json\/wp\/v2\/posts\/20338\/revisions\/20339"}],"wp:featuredmedia":[{"embeddable":true,"href":"https:\/\/ffcv.es\/wp\/wp-json\/wp\/v2\/media\/17266"}],"wp:attachment":[{"href":"https:\/\/ffcv.es\/wp\/wp-json\/wp\/v2\/media?parent=20338"}],"wp:term":[{"taxonomy":"category","embeddable":true,"href":"https:\/\/ffcv.es\/wp\/wp-json\/wp\/v2\/categories?post=20338"},{"taxonomy":"post_tag","embeddable":true,"href":"https:\/\/ffcv.es\/wp\/wp-json\/wp\/v2\/tags?post=20338"}],"curies":[{"name":"wp","href":"https:\/\/api.w.org\/{rel}","templated":true}]}}