{"id":20235,"date":"2018-04-17T11:37:14","date_gmt":"2018-04-17T11:37:14","guid":{"rendered":"https:\/\/ffcv.es\/wp\/?p=20235"},"modified":"2018-04-17T11:37:14","modified_gmt":"2018-04-17T11:37:14","slug":"malaga-rival-valencia-copa-rey-juvenil","status":"publish","type":"post","link":"https:\/\/ffcv.es\/wp\/blog\/2018\/04\/malaga-rival-valencia-copa-rey-juvenil\/","title":{"rendered":"M\u00e1laga, rival del Valencia en 1\/8 de Copa del Rey Juvenil"},"content":{"rendered":"<p>El Valencia CF tendr\u00e1 como rival al M\u00e1laga CF en los Octavos de Final de la Copa del Rey Juvenil tras el correspondiente sorteo de emparejamientos celebrado por la Real Federaci\u00f3n Espa\u00f1ola de F\u00fatbol.<\/p>\n<div align=\"center\"><script src=\"\/\/pagead2.googlesyndication.com\/pagead\/js\/adsbygoogle.js\" async=\"\"><\/script><!-- cabecera_paginas_adaptable --> <ins class=\"adsbygoogle\" style=\"display: block; background: none !important;\" data-ad-client=\"ca-pub-8508993344894927\" data-ad-slot=\"8273813495\" data-ad-format=\"auto\"><\/ins><script>\/\/ <![CDATA[\n(adsbygoogle = window.adsbygoogle || []).push({}); \/\/ ]]\n\/\/ ]]><\/script><\/div>\n<p><a href=\"https:\/\/ffcv.es\/wp\/wp-content\/uploads\/2018\/04\/juvenil-b-mista-valencia.jpg\"><img loading=\"lazy\" decoding=\"async\" class=\"alignright wp-image-20236 lazyload\" data-src=\"https:\/\/ffcv.es\/wp\/wp-content\/uploads\/2018\/04\/juvenil-b-mista-valencia-300x140.jpg\" alt=\"juvenil-b-mista-valencia\" width=\"373\" height=\"174\" data-srcset=\"https:\/\/ffcv.es\/wp\/wp-content\/uploads\/2018\/04\/juvenil-b-mista-valencia-300x140.jpg 300w, https:\/\/ffcv.es\/wp\/wp-content\/uploads\/2018\/04\/juvenil-b-mista-valencia-768x359.jpg 768w, https:\/\/ffcv.es\/wp\/wp-content\/uploads\/2018\/04\/juvenil-b-mista-valencia.jpg 936w\" data-sizes=\"(max-width: 373px) 100vw, 373px\" src=\"data:image\/gif;base64,R0lGODlhAQABAAAAACH5BAEKAAEALAAAAAABAAEAAAICTAEAOw==\" style=\"--smush-placeholder-width: 373px; --smush-placeholder-aspect-ratio: 373\/174;\" \/><noscript><img loading=\"lazy\" decoding=\"async\" class=\"alignright wp-image-20236\" src=\"https:\/\/ffcv.es\/wp\/wp-content\/uploads\/2018\/04\/juvenil-b-mista-valencia-300x140.jpg\" alt=\"juvenil-b-mista-valencia\" width=\"373\" height=\"174\" srcset=\"https:\/\/ffcv.es\/wp\/wp-content\/uploads\/2018\/04\/juvenil-b-mista-valencia-300x140.jpg 300w, https:\/\/ffcv.es\/wp\/wp-content\/uploads\/2018\/04\/juvenil-b-mista-valencia-768x359.jpg 768w, https:\/\/ffcv.es\/wp\/wp-content\/uploads\/2018\/04\/juvenil-b-mista-valencia.jpg 936w\" sizes=\"(max-width: 373px) 100vw, 373px\" \/><\/noscript><\/a>El pr\u00f3ximo mes de mayo, y una vez concluya la Copa de Campeones entre todos los vencedores de grupo en Divisi\u00f3n de Honor Juvenil, se disputar\u00e1 la Copa del Rey Juvenil, en la que el Valencia CF de Miguel Angel Ferrer &#8216;Mista&#8217; deber\u00e1 enfrentarse al M\u00e1laga CF en los Octavos de Final tras celebrarse el preceptivo sorteo realizado esta ma\u00f1ana en la Ciudad del F\u00fatbol de Las Rozas (Madrid), sede de la RFEF. El conjunto ch\u00e9, clasificado para este torneo en la \u00faltima jornada de liga y desde la segunda plaza de su grupo, afrontar\u00e1 el duelo de ida en el &#8216;Antonio Puchades&#8217; de la Ciudad Deportiva de Paterna los d\u00edas 12 \u00f3 13 de mayo, debiendo disputar la vuelta de la eliminatoria en tierras malague\u00f1as una semana despu\u00e9s, el fin de semana del 19\/20 de mayo. El cuadro definitivo de emparejamientos de esta Copa del Rey Juvenil es el siguiente:<\/p>\n<p>Real Sporting \u2013 Real Sociedad<\/p>\n<p>Deportivo \u2013 Athletic Club<\/p>\n<p>Las Palmas \u2013 Atl\u00e9tico de Madrid<\/p>\n<p>CD Tenerife \u2013 Rayo Vallecano<\/p>\n<p>Atl\u00e9tico Madrile\u00f1o \u2013 CD San F\u00e9lix<\/p>\n<p><strong>Valencia \u2013 M\u00e1laga<\/strong><\/p>\n<p>Barcelona \u2013 Real Betis<\/p>\n<p>Real Zaragoza \u2013 Real Madrid<\/p>\n<p><em>Autor: Prensa FFCV<\/em><\/p>\n","protected":false},"excerpt":{"rendered":"<p>El Valencia CF tendr\u00e1 como rival al M\u00e1laga CF en los Octavos de Final de la Copa del Rey Juvenil tras el correspondiente sorteo de emparejamientos celebrado por la Real Federaci\u00f3n Espa\u00f1ola de F\u00fatbol. El pr\u00f3ximo mes de mayo, y una vez concluya la Copa de Campeones entre todos los vencedores de grupo en Divisi\u00f3n<\/p>\n","protected":false},"author":5,"featured_media":20236,"comment_status":"closed","ping_status":"closed","sticky":false,"template":"","format":"standard","meta":{"om_disable_all_campaigns":false,"footnotes":""},"categories":[16,69],"tags":[136,97],"class_list":["post-20235","post","type-post","status-publish","format-standard","has-post-thumbnail","hentry","category-actualidad","category-noticias-ffcv","tag-copa-del-rey","tag-juvenil"],"aioseo_notices":[],"_links":{"self":[{"href":"https:\/\/ffcv.es\/wp\/wp-json\/wp\/v2\/posts\/20235"}],"collection":[{"href":"https:\/\/ffcv.es\/wp\/wp-json\/wp\/v2\/posts"}],"about":[{"href":"https:\/\/ffcv.es\/wp\/wp-json\/wp\/v2\/types\/post"}],"author":[{"embeddable":true,"href":"https:\/\/ffcv.es\/wp\/wp-json\/wp\/v2\/users\/5"}],"replies":[{"embeddable":true,"href":"https:\/\/ffcv.es\/wp\/wp-json\/wp\/v2\/comments?post=20235"}],"version-history":[{"count":1,"href":"https:\/\/ffcv.es\/wp\/wp-json\/wp\/v2\/posts\/20235\/revisions"}],"predecessor-version":[{"id":20237,"href":"https:\/\/ffcv.es\/wp\/wp-json\/wp\/v2\/posts\/20235\/revisions\/20237"}],"wp:featuredmedia":[{"embeddable":true,"href":"https:\/\/ffcv.es\/wp\/wp-json\/wp\/v2\/media\/20236"}],"wp:attachment":[{"href":"https:\/\/ffcv.es\/wp\/wp-json\/wp\/v2\/media?parent=20235"}],"wp:term":[{"taxonomy":"category","embeddable":true,"href":"https:\/\/ffcv.es\/wp\/wp-json\/wp\/v2\/categories?post=20235"},{"taxonomy":"post_tag","embeddable":true,"href":"https:\/\/ffcv.es\/wp\/wp-json\/wp\/v2\/tags?post=20235"}],"curies":[{"name":"wp","href":"https:\/\/api.w.org\/{rel}","templated":true}]}}