{"id":197068,"date":"2026-05-03T14:42:47","date_gmt":"2026-05-03T12:42:47","guid":{"rendered":"https:\/\/ffcv.es\/wp\/?p=197068"},"modified":"2026-05-03T14:43:45","modified_gmt":"2026-05-03T12:43:45","slug":"destiny-cruel-la-seleccio-valenciana-cae-contra-catalunya-en-la-final-del-campeonato-de-espana-sub-12","status":"publish","type":"post","link":"https:\/\/ffcv.es\/wp\/blog\/2026\/05\/destiny-cruel-la-seleccio-valenciana-cae-contra-catalunya-en-la-final-del-campeonato-de-espana-sub-12\/","title":{"rendered":"Destiny cruel \ud83e\udd72 &#8211; La Selecci\u00f3 Valenciana cae contra Catalunya en la final del Campeonato de Espa\u00f1a sub-12 (0-2)"},"content":{"rendered":"\n<p>La <strong>Selecci\u00f3 Valenciana masculina sub12<\/strong> no pudo con <strong>Catalunya<\/strong> en la final del <strong>Campeonato de Espa\u00f1a<\/strong> disputada en<strong> Benidorm<\/strong>.<\/p>\n\n\n\n<p>El conjunto dirigido por <strong>Jos\u00e9 Antonio Camacho<\/strong> se top\u00f3 con un delantero imperial y con dos porteros en estado de gracia. <\/p>\n\n\n\n<p><strong>Destiny<\/strong> anot\u00f3 los dos tantos de su equipo (10&#8242; y 35&#8242;) y dio un recital de juego de espaldas y golpeo de bal\u00f3n. Adem\u00e1s, <strong>Teo Rodr\u00edguez<\/strong> y <strong>Mauro Artigot<\/strong> frenaron con sus intervenciones a los delanteros valencianos. <\/p>\n\n\n\n<p>Los catalanes, que logran con este su cuarto t\u00edtulo, se llevan una copa que se le resiste a la <strong>Comunitat Valenciana <\/strong>desde 2017.  Desde entonces, tres finales perdidas (2023, 2024 y 2026).<\/p>\n\n\n\n<p>A\u00fan as\u00ed, este <strong>CESA<\/strong> ha mostrado a una gran generaci\u00f3n de futbolistas que dar\u00e1 mucho que hablar en el futuro. <\/p>\n\n\n\n<p>La final fue arbitrada por <strong>Juan Mart\u00ednez Munuera <\/strong>y su equipo. Un detalle que refleja la importancia de este <strong>Campeonato de Espa\u00f1a<\/strong>.<\/p>\n\n\n\n<figure class=\"wp-block-image size-large\"><img loading=\"lazy\" decoding=\"async\" width=\"768\" height=\"1024\" data-src=\"https:\/\/ffcv.es\/wp\/wp-content\/uploads\/2026\/05\/M-final-vs-CAT-768x1024.png\" alt=\"\" class=\"wp-image-197143 lazyload\" data-srcset=\"https:\/\/ffcv.es\/wp\/wp-content\/uploads\/2026\/05\/M-final-vs-CAT-768x1024.png 768w, https:\/\/ffcv.es\/wp\/wp-content\/uploads\/2026\/05\/M-final-vs-CAT-225x300.png 225w, https:\/\/ffcv.es\/wp\/wp-content\/uploads\/2026\/05\/M-final-vs-CAT-1152x1536.png 1152w, https:\/\/ffcv.es\/wp\/wp-content\/uploads\/2026\/05\/M-final-vs-CAT-1536x2048.png 1536w, https:\/\/ffcv.es\/wp\/wp-content\/uploads\/2026\/05\/M-final-vs-CAT-140x187.png 140w, https:\/\/ffcv.es\/wp\/wp-content\/uploads\/2026\/05\/M-final-vs-CAT-1170x1560.png 1170w, https:\/\/ffcv.es\/wp\/wp-content\/uploads\/2026\/05\/M-final-vs-CAT.png 810w\" data-sizes=\"(max-width: 768px) 100vw, 768px\" src=\"data:image\/gif;base64,R0lGODlhAQABAAAAACH5BAEKAAEALAAAAAABAAEAAAICTAEAOw==\" style=\"--smush-placeholder-width: 768px; --smush-placeholder-aspect-ratio: 768\/1024;\" \/><noscript><img loading=\"lazy\" decoding=\"async\" width=\"768\" height=\"1024\" src=\"https:\/\/ffcv.es\/wp\/wp-content\/uploads\/2026\/05\/M-final-vs-CAT-768x1024.png\" alt=\"\" class=\"wp-image-197143\" srcset=\"https:\/\/ffcv.es\/wp\/wp-content\/uploads\/2026\/05\/M-final-vs-CAT-768x1024.png 768w, https:\/\/ffcv.es\/wp\/wp-content\/uploads\/2026\/05\/M-final-vs-CAT-225x300.png 225w, https:\/\/ffcv.es\/wp\/wp-content\/uploads\/2026\/05\/M-final-vs-CAT-1152x1536.png 1152w, https:\/\/ffcv.es\/wp\/wp-content\/uploads\/2026\/05\/M-final-vs-CAT-1536x2048.png 1536w, https:\/\/ffcv.es\/wp\/wp-content\/uploads\/2026\/05\/M-final-vs-CAT-140x187.png 140w, https:\/\/ffcv.es\/wp\/wp-content\/uploads\/2026\/05\/M-final-vs-CAT-1170x1560.png 1170w, https:\/\/ffcv.es\/wp\/wp-content\/uploads\/2026\/05\/M-final-vs-CAT.png 810w\" sizes=\"(max-width: 768px) 100vw, 768px\" \/><\/noscript><\/figure>\n\n\n\n<h2 class=\"wp-block-heading\">Apareci\u00f3 Destiny<\/h2>\n\n\n\n<p>Los primeros diez minutos del partido fueron naranjas. La<strong> Selecci\u00f3 Valenciana<\/strong> consigui\u00f3 quitarle el bal\u00f3n a los catalanes y tuvo dos ocasiones muy claras para haberse adelantado en el marcador.<\/p>\n\n\n\n<figure class=\"wp-block-image size-large\"><img loading=\"lazy\" decoding=\"async\" width=\"1024\" height=\"606\" data-src=\"https:\/\/ffcv.es\/wp\/wp-content\/uploads\/2026\/05\/IMG_5696-David-Kazakov--1024x606.jpg\" alt=\"\" class=\"wp-image-197123 lazyload\" data-srcset=\"https:\/\/ffcv.es\/wp\/wp-content\/uploads\/2026\/05\/IMG_5696-David-Kazakov--1024x606.jpg 1024w, https:\/\/ffcv.es\/wp\/wp-content\/uploads\/2026\/05\/IMG_5696-David-Kazakov--300x178.jpg 300w, https:\/\/ffcv.es\/wp\/wp-content\/uploads\/2026\/05\/IMG_5696-David-Kazakov--768x455.jpg 768w, https:\/\/ffcv.es\/wp\/wp-content\/uploads\/2026\/05\/IMG_5696-David-Kazakov--1536x909.jpg 1536w, https:\/\/ffcv.es\/wp\/wp-content\/uploads\/2026\/05\/IMG_5696-David-Kazakov--2048x1212.jpg 2048w, https:\/\/ffcv.es\/wp\/wp-content\/uploads\/2026\/05\/IMG_5696-David-Kazakov--280x166.jpg 280w, https:\/\/ffcv.es\/wp\/wp-content\/uploads\/2026\/05\/IMG_5696-David-Kazakov--1170x693.jpg 1170w, https:\/\/ffcv.es\/wp\/wp-content\/uploads\/2026\/05\/IMG_5696-David-Kazakov--scaled.jpg 1824w\" data-sizes=\"(max-width: 1024px) 100vw, 1024px\" src=\"data:image\/gif;base64,R0lGODlhAQABAAAAACH5BAEKAAEALAAAAAABAAEAAAICTAEAOw==\" style=\"--smush-placeholder-width: 1024px; --smush-placeholder-aspect-ratio: 1024\/606;\" \/><noscript><img loading=\"lazy\" decoding=\"async\" width=\"1024\" height=\"606\" src=\"https:\/\/ffcv.es\/wp\/wp-content\/uploads\/2026\/05\/IMG_5696-David-Kazakov--1024x606.jpg\" alt=\"\" class=\"wp-image-197123\" srcset=\"https:\/\/ffcv.es\/wp\/wp-content\/uploads\/2026\/05\/IMG_5696-David-Kazakov--1024x606.jpg 1024w, https:\/\/ffcv.es\/wp\/wp-content\/uploads\/2026\/05\/IMG_5696-David-Kazakov--300x178.jpg 300w, https:\/\/ffcv.es\/wp\/wp-content\/uploads\/2026\/05\/IMG_5696-David-Kazakov--768x455.jpg 768w, https:\/\/ffcv.es\/wp\/wp-content\/uploads\/2026\/05\/IMG_5696-David-Kazakov--1536x909.jpg 1536w, https:\/\/ffcv.es\/wp\/wp-content\/uploads\/2026\/05\/IMG_5696-David-Kazakov--2048x1212.jpg 2048w, https:\/\/ffcv.es\/wp\/wp-content\/uploads\/2026\/05\/IMG_5696-David-Kazakov--280x166.jpg 280w, https:\/\/ffcv.es\/wp\/wp-content\/uploads\/2026\/05\/IMG_5696-David-Kazakov--1170x693.jpg 1170w, https:\/\/ffcv.es\/wp\/wp-content\/uploads\/2026\/05\/IMG_5696-David-Kazakov--scaled.jpg 1824w\" sizes=\"(max-width: 1024px) 100vw, 1024px\" \/><\/noscript><figcaption class=\"wp-element-caption\"><strong>David Kazakov<\/strong> con la <strong>Selecci\u00f3 Valenciana<\/strong> sub12 en la final contra <strong>Catalunya<\/strong>.<\/figcaption><\/figure>\n\n\n\n<p>La presi\u00f3n alta dise\u00f1ada por <strong>Camacho<\/strong> estaba dando resultado y el equipo estaba c\u00f3modo en el campo. De hecho, tuvo las dos mejores ocasiones del encuentro. <strong>Teo Rodr\u00edguez<\/strong>, portero de la <strong>Selecci\u00f3n Catalana<\/strong> y del <strong>F\u00fatbol Club Barcelona<\/strong>, hizo dos paradas antol\u00f3gicas para sostener a su equipo en el partido.<\/p>\n\n\n\n<p>As\u00ed estaban las cosas cuando un chispazo de <strong>Destiny<\/strong> cambi\u00f3 el encuentro. El delantero del <strong>Bar\u00e7a<\/strong> caz\u00f3 un bal\u00f3n suelto en el \u00e1rea y se la cruz\u00f3 a <strong>Eric<\/strong> para marcar el primero.<\/p>\n\n\n\n<p><\/p>\n\n\n\n<figure class=\"wp-block-image size-large\"><img loading=\"lazy\" decoding=\"async\" width=\"819\" height=\"1024\" data-src=\"https:\/\/ffcv.es\/wp\/wp-content\/uploads\/2026\/05\/IZQ_5373-819x1024.jpg\" alt=\"Destiny Benidorm\" class=\"wp-image-197134 lazyload\" data-srcset=\"https:\/\/ffcv.es\/wp\/wp-content\/uploads\/2026\/05\/IZQ_5373-819x1024.jpg 819w, https:\/\/ffcv.es\/wp\/wp-content\/uploads\/2026\/05\/IZQ_5373-240x300.jpg 240w, https:\/\/ffcv.es\/wp\/wp-content\/uploads\/2026\/05\/IZQ_5373-768x960.jpg 768w, https:\/\/ffcv.es\/wp\/wp-content\/uploads\/2026\/05\/IZQ_5373-1229x1536.jpg 1229w, https:\/\/ffcv.es\/wp\/wp-content\/uploads\/2026\/05\/IZQ_5373-1638x2048.jpg 1638w, https:\/\/ffcv.es\/wp\/wp-content\/uploads\/2026\/05\/IZQ_5373-150x187.jpg 150w, https:\/\/ffcv.es\/wp\/wp-content\/uploads\/2026\/05\/IZQ_5373-1170x1463.jpg 1170w, https:\/\/ffcv.es\/wp\/wp-content\/uploads\/2026\/05\/IZQ_5373-scaled.jpg 864w\" data-sizes=\"(max-width: 819px) 100vw, 819px\" src=\"data:image\/gif;base64,R0lGODlhAQABAAAAACH5BAEKAAEALAAAAAABAAEAAAICTAEAOw==\" style=\"--smush-placeholder-width: 819px; --smush-placeholder-aspect-ratio: 819\/1024;\" \/><noscript><img loading=\"lazy\" decoding=\"async\" width=\"819\" height=\"1024\" src=\"https:\/\/ffcv.es\/wp\/wp-content\/uploads\/2026\/05\/IZQ_5373-819x1024.jpg\" alt=\"Destiny Benidorm\" class=\"wp-image-197134\" srcset=\"https:\/\/ffcv.es\/wp\/wp-content\/uploads\/2026\/05\/IZQ_5373-819x1024.jpg 819w, https:\/\/ffcv.es\/wp\/wp-content\/uploads\/2026\/05\/IZQ_5373-240x300.jpg 240w, https:\/\/ffcv.es\/wp\/wp-content\/uploads\/2026\/05\/IZQ_5373-768x960.jpg 768w, https:\/\/ffcv.es\/wp\/wp-content\/uploads\/2026\/05\/IZQ_5373-1229x1536.jpg 1229w, https:\/\/ffcv.es\/wp\/wp-content\/uploads\/2026\/05\/IZQ_5373-1638x2048.jpg 1638w, https:\/\/ffcv.es\/wp\/wp-content\/uploads\/2026\/05\/IZQ_5373-150x187.jpg 150w, https:\/\/ffcv.es\/wp\/wp-content\/uploads\/2026\/05\/IZQ_5373-1170x1463.jpg 1170w, https:\/\/ffcv.es\/wp\/wp-content\/uploads\/2026\/05\/IZQ_5373-scaled.jpg 864w\" sizes=\"(max-width: 819px) 100vw, 819px\" \/><\/noscript><figcaption class=\"wp-element-caption\"><strong>Destiny<\/strong> dio el triunfo a su selecci\u00f3n en la final.<\/figcaption><\/figure>\n\n\n\n<p>A partir de ah\u00ed, <strong>Catalunya<\/strong> se hizo con el bal\u00f3n y se pusieron a jugar comandados por <strong>Marc Ribera<\/strong>. En ese trance, el combinado de la <strong>Comunitat Valenciana<\/strong> vio como la pelota se estrell\u00f3 hasta en dos ocasiones en su larguero.<\/p>\n\n\n\n<p>Lo mejor fue llegar solo con uno a cero en contra al descanso y apelar a la entrega para la segunda mitad.<\/p>\n\n\n\n<figure class=\"wp-block-image size-large\"><img loading=\"lazy\" decoding=\"async\" width=\"1024\" height=\"683\" data-src=\"https:\/\/ffcv.es\/wp\/wp-content\/uploads\/2026\/05\/IZQ_5164-1024x683.jpg\" alt=\"\" class=\"wp-image-197125 lazyload\" data-srcset=\"https:\/\/ffcv.es\/wp\/wp-content\/uploads\/2026\/05\/IZQ_5164-1024x683.jpg 1024w, https:\/\/ffcv.es\/wp\/wp-content\/uploads\/2026\/05\/IZQ_5164-300x200.jpg 300w, https:\/\/ffcv.es\/wp\/wp-content\/uploads\/2026\/05\/IZQ_5164-768x512.jpg 768w, https:\/\/ffcv.es\/wp\/wp-content\/uploads\/2026\/05\/IZQ_5164-1536x1025.jpg 1536w, https:\/\/ffcv.es\/wp\/wp-content\/uploads\/2026\/05\/IZQ_5164-2048x1366.jpg 2048w, https:\/\/ffcv.es\/wp\/wp-content\/uploads\/2026\/05\/IZQ_5164-280x187.jpg 280w, https:\/\/ffcv.es\/wp\/wp-content\/uploads\/2026\/05\/IZQ_5164-1170x780.jpg 1170w, https:\/\/ffcv.es\/wp\/wp-content\/uploads\/2026\/05\/IZQ_5164-scaled.jpg 1619w\" data-sizes=\"(max-width: 1024px) 100vw, 1024px\" src=\"data:image\/gif;base64,R0lGODlhAQABAAAAACH5BAEKAAEALAAAAAABAAEAAAICTAEAOw==\" style=\"--smush-placeholder-width: 1024px; --smush-placeholder-aspect-ratio: 1024\/683;\" \/><noscript><img loading=\"lazy\" decoding=\"async\" width=\"1024\" height=\"683\" src=\"https:\/\/ffcv.es\/wp\/wp-content\/uploads\/2026\/05\/IZQ_5164-1024x683.jpg\" alt=\"\" class=\"wp-image-197125\" srcset=\"https:\/\/ffcv.es\/wp\/wp-content\/uploads\/2026\/05\/IZQ_5164-1024x683.jpg 1024w, https:\/\/ffcv.es\/wp\/wp-content\/uploads\/2026\/05\/IZQ_5164-300x200.jpg 300w, https:\/\/ffcv.es\/wp\/wp-content\/uploads\/2026\/05\/IZQ_5164-768x512.jpg 768w, https:\/\/ffcv.es\/wp\/wp-content\/uploads\/2026\/05\/IZQ_5164-1536x1025.jpg 1536w, https:\/\/ffcv.es\/wp\/wp-content\/uploads\/2026\/05\/IZQ_5164-2048x1366.jpg 2048w, https:\/\/ffcv.es\/wp\/wp-content\/uploads\/2026\/05\/IZQ_5164-280x187.jpg 280w, https:\/\/ffcv.es\/wp\/wp-content\/uploads\/2026\/05\/IZQ_5164-1170x780.jpg 1170w, https:\/\/ffcv.es\/wp\/wp-content\/uploads\/2026\/05\/IZQ_5164-scaled.jpg 1619w\" sizes=\"(max-width: 1024px) 100vw, 1024px\" \/><\/noscript><figcaption class=\"wp-element-caption\"><strong>Lato<\/strong> controla un bal\u00f3n junto a<strong> Marc Ribera<\/strong>.<\/figcaption><\/figure>\n\n\n\n<h2 class=\"wp-block-heading\">Otra cara en la reanudaci\u00f3n<\/h2>\n\n\n\n<p>La <strong>Selecci\u00f3<\/strong> mostr\u00f3 otra cara a la vuelta de vestuarios. La defensa de los catalanes fue intensa y no dej\u00f3 apenas progresar a los <em><strong>camachitos<\/strong><\/em>, pero los futbolistas supieron apelar al pundonor y a la fe para no despegarse de la final.<\/p>\n\n\n\n<p>Y en ese momento, como sucedi\u00f3 en la primera parte, el guardameta catal\u00e1n sostuvo a su equipo. Lo \u00fanico es que el portero ya no era <strong>Teo<\/strong> sino <strong>Mauro Artigot<\/strong>.<\/p>\n\n\n\n<p><strong>Mauro<\/strong>, tambi\u00e9n jugador del <strong>Bar\u00e7a<\/strong>, sac\u00f3 un pie abajo para evitar el gol del empate que ya cantaba<strong> Pavlin Zlatkov<\/strong>. Incre\u00edble parada.<\/p>\n\n\n\n<figure class=\"wp-block-image size-large\"><img loading=\"lazy\" decoding=\"async\" width=\"936\" height=\"1024\" data-src=\"https:\/\/ffcv.es\/wp\/wp-content\/uploads\/2026\/05\/IMG_5639-Pavlin-Zlatkov--936x1024.jpg\" alt=\"\" class=\"wp-image-197127 lazyload\" data-srcset=\"https:\/\/ffcv.es\/wp\/wp-content\/uploads\/2026\/05\/IMG_5639-Pavlin-Zlatkov--936x1024.jpg 936w, https:\/\/ffcv.es\/wp\/wp-content\/uploads\/2026\/05\/IMG_5639-Pavlin-Zlatkov--274x300.jpg 274w, https:\/\/ffcv.es\/wp\/wp-content\/uploads\/2026\/05\/IMG_5639-Pavlin-Zlatkov--768x840.jpg 768w, https:\/\/ffcv.es\/wp\/wp-content\/uploads\/2026\/05\/IMG_5639-Pavlin-Zlatkov--1404x1536.jpg 1404w, https:\/\/ffcv.es\/wp\/wp-content\/uploads\/2026\/05\/IMG_5639-Pavlin-Zlatkov--1873x2048.jpg 1873w, https:\/\/ffcv.es\/wp\/wp-content\/uploads\/2026\/05\/IMG_5639-Pavlin-Zlatkov--171x187.jpg 171w, https:\/\/ffcv.es\/wp\/wp-content\/uploads\/2026\/05\/IMG_5639-Pavlin-Zlatkov--1170x1280.jpg 1170w, https:\/\/ffcv.es\/wp\/wp-content\/uploads\/2026\/05\/IMG_5639-Pavlin-Zlatkov--scaled.jpg 988w\" data-sizes=\"(max-width: 936px) 100vw, 936px\" src=\"data:image\/gif;base64,R0lGODlhAQABAAAAACH5BAEKAAEALAAAAAABAAEAAAICTAEAOw==\" style=\"--smush-placeholder-width: 936px; --smush-placeholder-aspect-ratio: 936\/1024;\" \/><noscript><img loading=\"lazy\" decoding=\"async\" width=\"936\" height=\"1024\" src=\"https:\/\/ffcv.es\/wp\/wp-content\/uploads\/2026\/05\/IMG_5639-Pavlin-Zlatkov--936x1024.jpg\" alt=\"\" class=\"wp-image-197127\" srcset=\"https:\/\/ffcv.es\/wp\/wp-content\/uploads\/2026\/05\/IMG_5639-Pavlin-Zlatkov--936x1024.jpg 936w, https:\/\/ffcv.es\/wp\/wp-content\/uploads\/2026\/05\/IMG_5639-Pavlin-Zlatkov--274x300.jpg 274w, https:\/\/ffcv.es\/wp\/wp-content\/uploads\/2026\/05\/IMG_5639-Pavlin-Zlatkov--768x840.jpg 768w, https:\/\/ffcv.es\/wp\/wp-content\/uploads\/2026\/05\/IMG_5639-Pavlin-Zlatkov--1404x1536.jpg 1404w, https:\/\/ffcv.es\/wp\/wp-content\/uploads\/2026\/05\/IMG_5639-Pavlin-Zlatkov--1873x2048.jpg 1873w, https:\/\/ffcv.es\/wp\/wp-content\/uploads\/2026\/05\/IMG_5639-Pavlin-Zlatkov--171x187.jpg 171w, https:\/\/ffcv.es\/wp\/wp-content\/uploads\/2026\/05\/IMG_5639-Pavlin-Zlatkov--1170x1280.jpg 1170w, https:\/\/ffcv.es\/wp\/wp-content\/uploads\/2026\/05\/IMG_5639-Pavlin-Zlatkov--scaled.jpg 988w\" sizes=\"(max-width: 936px) 100vw, 936px\" \/><\/noscript><figcaption class=\"wp-element-caption\"><strong>Pavlin Zlatkov<\/strong>, en la final del <strong>Campeonato de Espa\u00f1a sub-12 <\/strong>contra <strong>Catalunya<\/strong>.<\/figcaption><\/figure>\n\n\n\n<p>Con la <strong>Selecci\u00f3<\/strong> volcada sobre la porter\u00eda catalana, <strong>Destiny<\/strong> comenz\u00f3 a disfrutar de espacios y de manos a manos con los centrales.<\/p>\n\n\n\n<p>En una de esas, el delantero del <strong>FC Barcelona<\/strong> pivot\u00f3 como si jugara a futsal, se abri\u00f3 el hueco y la clav\u00f3 en la escuadra. Un golazo de bandera ante el que <strong>Fran P\u00e9rez<\/strong>, que tambi\u00e9n hab\u00eda salvado alguna peligrosa en esta segunda mitad, no pudo hacer absolutamente nada.<\/p>\n\n\n\n<blockquote class=\"twitter-tweet\" data-media-max-width=\"560\"><p lang=\"es\" dir=\"ltr\">\ud83e\udd29 \u00a1DESTINY! <br><br>Este chico solo sabe hacer obras de arte, \u00bfverdad <a href=\"https:\/\/twitter.com\/FCF_CAT?ref_src=twsrc%5Etfw\">@FCF_CAT<\/a>?<br><br>\ud83d\udd38 <a href=\"https:\/\/twitter.com\/FFCV_info?ref_src=twsrc%5Etfw\">@FFCV_info<\/a> 0-2 <a href=\"https:\/\/twitter.com\/FCF_CAT?ref_src=twsrc%5Etfw\">@FCF_CAT<\/a><br> <br>\ud83d\udcfa <a href=\"https:\/\/twitter.com\/YouTube?ref_src=twsrc%5Etfw\">@YouTube<\/a> RFEF y <a href=\"https:\/\/twitter.com\/MovistarPlus?ref_src=twsrc%5Etfw\">@MovistarPlus<\/a> (dial 51).<a href=\"https:\/\/twitter.com\/hashtag\/SUB12?src=hash&amp;ref_src=twsrc%5Etfw\">#SUB12<\/a> <a href=\"https:\/\/t.co\/E5OnomDX6B\">pic.twitter.com\/E5OnomDX6B<\/a><\/p>&mdash; RFEF (@rfef) <a href=\"https:\/\/twitter.com\/rfef\/status\/2050907909702517228?ref_src=twsrc%5Etfw\">May 3, 2026<\/a><\/blockquote> <script async src=\"https:\/\/platform.twitter.com\/widgets.js\" charset=\"utf-8\"><\/script>\n\n\n\n<p>La <strong>Comunitat Valenciana<\/strong> fue a la desesperada entonces, con dos delanteros sobre el campo, y a\u00fan tuvo una ocasi\u00f3n clara para recortar distancias que par\u00f3 de nuevo <strong>Mauro Artigot<\/strong>.<\/p>\n\n\n\n<p>Una pena este resultado para este equipo. Los jugadores dieron todo lo que pudieron dar y se llevan de <strong>Benidorm<\/strong> el reconocimiento como lo que son: una familia, unos grandes futbolistas y unos buenos deportistas. Enhorabuena!!!!<\/p>\n\n\n\n<p><\/p>\n\n\n\n<figure class=\"wp-block-gallery has-nested-images columns-default is-cropped wp-block-gallery-1 is-layout-flex wp-block-gallery-is-layout-flex\">\n<figure class=\"wp-block-image size-large\"><img loading=\"lazy\" decoding=\"async\" width=\"819\" height=\"1024\" data-id=\"197136\" data-src=\"https:\/\/ffcv.es\/wp\/wp-content\/uploads\/2026\/05\/IZQ_5417-819x1024.jpg\" alt=\"\" class=\"wp-image-197136 lazyload\" data-srcset=\"https:\/\/ffcv.es\/wp\/wp-content\/uploads\/2026\/05\/IZQ_5417-819x1024.jpg 819w, https:\/\/ffcv.es\/wp\/wp-content\/uploads\/2026\/05\/IZQ_5417-240x300.jpg 240w, https:\/\/ffcv.es\/wp\/wp-content\/uploads\/2026\/05\/IZQ_5417-768x960.jpg 768w, https:\/\/ffcv.es\/wp\/wp-content\/uploads\/2026\/05\/IZQ_5417-1229x1536.jpg 1229w, https:\/\/ffcv.es\/wp\/wp-content\/uploads\/2026\/05\/IZQ_5417-1638x2048.jpg 1638w, https:\/\/ffcv.es\/wp\/wp-content\/uploads\/2026\/05\/IZQ_5417-150x187.jpg 150w, https:\/\/ffcv.es\/wp\/wp-content\/uploads\/2026\/05\/IZQ_5417-1170x1463.jpg 1170w, https:\/\/ffcv.es\/wp\/wp-content\/uploads\/2026\/05\/IZQ_5417-scaled.jpg 1536w\" data-sizes=\"(max-width: 819px) 100vw, 819px\" src=\"data:image\/gif;base64,R0lGODlhAQABAAAAACH5BAEKAAEALAAAAAABAAEAAAICTAEAOw==\" style=\"--smush-placeholder-width: 819px; --smush-placeholder-aspect-ratio: 819\/1024;\" \/><noscript><img loading=\"lazy\" decoding=\"async\" width=\"819\" height=\"1024\" data-id=\"197136\" src=\"https:\/\/ffcv.es\/wp\/wp-content\/uploads\/2026\/05\/IZQ_5417-819x1024.jpg\" alt=\"\" class=\"wp-image-197136\" srcset=\"https:\/\/ffcv.es\/wp\/wp-content\/uploads\/2026\/05\/IZQ_5417-819x1024.jpg 819w, https:\/\/ffcv.es\/wp\/wp-content\/uploads\/2026\/05\/IZQ_5417-240x300.jpg 240w, https:\/\/ffcv.es\/wp\/wp-content\/uploads\/2026\/05\/IZQ_5417-768x960.jpg 768w, https:\/\/ffcv.es\/wp\/wp-content\/uploads\/2026\/05\/IZQ_5417-1229x1536.jpg 1229w, https:\/\/ffcv.es\/wp\/wp-content\/uploads\/2026\/05\/IZQ_5417-1638x2048.jpg 1638w, https:\/\/ffcv.es\/wp\/wp-content\/uploads\/2026\/05\/IZQ_5417-150x187.jpg 150w, https:\/\/ffcv.es\/wp\/wp-content\/uploads\/2026\/05\/IZQ_5417-1170x1463.jpg 1170w, https:\/\/ffcv.es\/wp\/wp-content\/uploads\/2026\/05\/IZQ_5417-scaled.jpg 1536w\" sizes=\"(max-width: 819px) 100vw, 819px\" \/><\/noscript><figcaption class=\"wp-element-caption\">Destiny saluda a Ferrer <\/figcaption><\/figure>\n\n\n\n<figure class=\"wp-block-image size-large\"><img loading=\"lazy\" decoding=\"async\" width=\"693\" height=\"1024\" data-id=\"197140\" data-src=\"https:\/\/ffcv.es\/wp\/wp-content\/uploads\/2026\/05\/WhatsApp-Image-2026-05-03-at-14.13.10-693x1024.jpeg\" alt=\"\" class=\"wp-image-197140 lazyload\" data-srcset=\"https:\/\/ffcv.es\/wp\/wp-content\/uploads\/2026\/05\/WhatsApp-Image-2026-05-03-at-14.13.10-693x1024.jpeg 693w, https:\/\/ffcv.es\/wp\/wp-content\/uploads\/2026\/05\/WhatsApp-Image-2026-05-03-at-14.13.10-203x300.jpeg 203w, https:\/\/ffcv.es\/wp\/wp-content\/uploads\/2026\/05\/WhatsApp-Image-2026-05-03-at-14.13.10-768x1135.jpeg 768w, https:\/\/ffcv.es\/wp\/wp-content\/uploads\/2026\/05\/WhatsApp-Image-2026-05-03-at-14.13.10-1040x1536.jpeg 1040w, https:\/\/ffcv.es\/wp\/wp-content\/uploads\/2026\/05\/WhatsApp-Image-2026-05-03-at-14.13.10-127x187.jpeg 127w, https:\/\/ffcv.es\/wp\/wp-content\/uploads\/2026\/05\/WhatsApp-Image-2026-05-03-at-14.13.10.jpeg 731w\" data-sizes=\"(max-width: 693px) 100vw, 693px\" src=\"data:image\/gif;base64,R0lGODlhAQABAAAAACH5BAEKAAEALAAAAAABAAEAAAICTAEAOw==\" style=\"--smush-placeholder-width: 693px; --smush-placeholder-aspect-ratio: 693\/1024;\" \/><noscript><img loading=\"lazy\" decoding=\"async\" width=\"693\" height=\"1024\" data-id=\"197140\" src=\"https:\/\/ffcv.es\/wp\/wp-content\/uploads\/2026\/05\/WhatsApp-Image-2026-05-03-at-14.13.10-693x1024.jpeg\" alt=\"\" class=\"wp-image-197140\" srcset=\"https:\/\/ffcv.es\/wp\/wp-content\/uploads\/2026\/05\/WhatsApp-Image-2026-05-03-at-14.13.10-693x1024.jpeg 693w, https:\/\/ffcv.es\/wp\/wp-content\/uploads\/2026\/05\/WhatsApp-Image-2026-05-03-at-14.13.10-203x300.jpeg 203w, https:\/\/ffcv.es\/wp\/wp-content\/uploads\/2026\/05\/WhatsApp-Image-2026-05-03-at-14.13.10-768x1135.jpeg 768w, https:\/\/ffcv.es\/wp\/wp-content\/uploads\/2026\/05\/WhatsApp-Image-2026-05-03-at-14.13.10-1040x1536.jpeg 1040w, https:\/\/ffcv.es\/wp\/wp-content\/uploads\/2026\/05\/WhatsApp-Image-2026-05-03-at-14.13.10-127x187.jpeg 127w, https:\/\/ffcv.es\/wp\/wp-content\/uploads\/2026\/05\/WhatsApp-Image-2026-05-03-at-14.13.10.jpeg 731w\" sizes=\"(max-width: 693px) 100vw, 693px\" \/><\/noscript><\/figure>\n\n\n\n<figure class=\"wp-block-image size-large\"><img loading=\"lazy\" decoding=\"async\" width=\"682\" height=\"1024\" data-id=\"197133\" data-src=\"https:\/\/ffcv.es\/wp\/wp-content\/uploads\/2026\/05\/WhatsApp-Image-2026-05-03-at-14.11.29-682x1024.jpeg\" alt=\"\" class=\"wp-image-197133 lazyload\" data-srcset=\"https:\/\/ffcv.es\/wp\/wp-content\/uploads\/2026\/05\/WhatsApp-Image-2026-05-03-at-14.11.29-682x1024.jpeg 682w, https:\/\/ffcv.es\/wp\/wp-content\/uploads\/2026\/05\/WhatsApp-Image-2026-05-03-at-14.11.29-200x300.jpeg 200w, https:\/\/ffcv.es\/wp\/wp-content\/uploads\/2026\/05\/WhatsApp-Image-2026-05-03-at-14.11.29-768x1153.jpeg 768w, https:\/\/ffcv.es\/wp\/wp-content\/uploads\/2026\/05\/WhatsApp-Image-2026-05-03-at-14.11.29-1023x1536.jpeg 1023w, https:\/\/ffcv.es\/wp\/wp-content\/uploads\/2026\/05\/WhatsApp-Image-2026-05-03-at-14.11.29-125x187.jpeg 125w, https:\/\/ffcv.es\/wp\/wp-content\/uploads\/2026\/05\/WhatsApp-Image-2026-05-03-at-14.11.29.jpeg 720w\" data-sizes=\"(max-width: 682px) 100vw, 682px\" src=\"data:image\/gif;base64,R0lGODlhAQABAAAAACH5BAEKAAEALAAAAAABAAEAAAICTAEAOw==\" style=\"--smush-placeholder-width: 682px; --smush-placeholder-aspect-ratio: 682\/1024;\" \/><noscript><img loading=\"lazy\" decoding=\"async\" width=\"682\" height=\"1024\" data-id=\"197133\" src=\"https:\/\/ffcv.es\/wp\/wp-content\/uploads\/2026\/05\/WhatsApp-Image-2026-05-03-at-14.11.29-682x1024.jpeg\" alt=\"\" class=\"wp-image-197133\" srcset=\"https:\/\/ffcv.es\/wp\/wp-content\/uploads\/2026\/05\/WhatsApp-Image-2026-05-03-at-14.11.29-682x1024.jpeg 682w, https:\/\/ffcv.es\/wp\/wp-content\/uploads\/2026\/05\/WhatsApp-Image-2026-05-03-at-14.11.29-200x300.jpeg 200w, https:\/\/ffcv.es\/wp\/wp-content\/uploads\/2026\/05\/WhatsApp-Image-2026-05-03-at-14.11.29-768x1153.jpeg 768w, https:\/\/ffcv.es\/wp\/wp-content\/uploads\/2026\/05\/WhatsApp-Image-2026-05-03-at-14.11.29-1023x1536.jpeg 1023w, https:\/\/ffcv.es\/wp\/wp-content\/uploads\/2026\/05\/WhatsApp-Image-2026-05-03-at-14.11.29-125x187.jpeg 125w, https:\/\/ffcv.es\/wp\/wp-content\/uploads\/2026\/05\/WhatsApp-Image-2026-05-03-at-14.11.29.jpeg 720w\" sizes=\"(max-width: 682px) 100vw, 682px\" \/><\/noscript><\/figure>\n\n\n\n<figure class=\"wp-block-image size-large\"><img loading=\"lazy\" decoding=\"async\" width=\"1024\" height=\"683\" data-id=\"197130\" data-src=\"https:\/\/ffcv.es\/wp\/wp-content\/uploads\/2026\/05\/IZQ_5096-1024x683.jpg\" alt=\"\" class=\"wp-image-197130 lazyload\" data-srcset=\"https:\/\/ffcv.es\/wp\/wp-content\/uploads\/2026\/05\/IZQ_5096-1024x683.jpg 1024w, https:\/\/ffcv.es\/wp\/wp-content\/uploads\/2026\/05\/IZQ_5096-300x200.jpg 300w, https:\/\/ffcv.es\/wp\/wp-content\/uploads\/2026\/05\/IZQ_5096-768x512.jpg 768w, https:\/\/ffcv.es\/wp\/wp-content\/uploads\/2026\/05\/IZQ_5096-1536x1024.jpg 1536w, https:\/\/ffcv.es\/wp\/wp-content\/uploads\/2026\/05\/IZQ_5096-2048x1365.jpg 2048w, https:\/\/ffcv.es\/wp\/wp-content\/uploads\/2026\/05\/IZQ_5096-280x187.jpg 280w, https:\/\/ffcv.es\/wp\/wp-content\/uploads\/2026\/05\/IZQ_5096-1170x780.jpg 1170w, https:\/\/ffcv.es\/wp\/wp-content\/uploads\/2026\/05\/IZQ_5096-scaled.jpg 1620w\" data-sizes=\"(max-width: 1024px) 100vw, 1024px\" src=\"data:image\/gif;base64,R0lGODlhAQABAAAAACH5BAEKAAEALAAAAAABAAEAAAICTAEAOw==\" style=\"--smush-placeholder-width: 1024px; --smush-placeholder-aspect-ratio: 1024\/683;\" \/><noscript><img loading=\"lazy\" decoding=\"async\" width=\"1024\" height=\"683\" data-id=\"197130\" src=\"https:\/\/ffcv.es\/wp\/wp-content\/uploads\/2026\/05\/IZQ_5096-1024x683.jpg\" alt=\"\" class=\"wp-image-197130\" srcset=\"https:\/\/ffcv.es\/wp\/wp-content\/uploads\/2026\/05\/IZQ_5096-1024x683.jpg 1024w, https:\/\/ffcv.es\/wp\/wp-content\/uploads\/2026\/05\/IZQ_5096-300x200.jpg 300w, https:\/\/ffcv.es\/wp\/wp-content\/uploads\/2026\/05\/IZQ_5096-768x512.jpg 768w, https:\/\/ffcv.es\/wp\/wp-content\/uploads\/2026\/05\/IZQ_5096-1536x1024.jpg 1536w, https:\/\/ffcv.es\/wp\/wp-content\/uploads\/2026\/05\/IZQ_5096-2048x1365.jpg 2048w, https:\/\/ffcv.es\/wp\/wp-content\/uploads\/2026\/05\/IZQ_5096-280x187.jpg 280w, https:\/\/ffcv.es\/wp\/wp-content\/uploads\/2026\/05\/IZQ_5096-1170x780.jpg 1170w, https:\/\/ffcv.es\/wp\/wp-content\/uploads\/2026\/05\/IZQ_5096-scaled.jpg 1620w\" sizes=\"(max-width: 1024px) 100vw, 1024px\" \/><\/noscript><figcaption class=\"wp-element-caption\">Jos\u00e9 Antonio Camacho da instrucciones<\/figcaption><\/figure>\n\n\n\n<figure class=\"wp-block-image size-large\"><img loading=\"lazy\" decoding=\"async\" width=\"1024\" height=\"683\" data-id=\"197129\" data-src=\"https:\/\/ffcv.es\/wp\/wp-content\/uploads\/2026\/05\/IZQ_5045-1024x683.jpg\" alt=\"\" class=\"wp-image-197129 lazyload\" data-srcset=\"https:\/\/ffcv.es\/wp\/wp-content\/uploads\/2026\/05\/IZQ_5045-1024x683.jpg 1024w, https:\/\/ffcv.es\/wp\/wp-content\/uploads\/2026\/05\/IZQ_5045-300x200.jpg 300w, https:\/\/ffcv.es\/wp\/wp-content\/uploads\/2026\/05\/IZQ_5045-768x512.jpg 768w, https:\/\/ffcv.es\/wp\/wp-content\/uploads\/2026\/05\/IZQ_5045-1536x1024.jpg 1536w, https:\/\/ffcv.es\/wp\/wp-content\/uploads\/2026\/05\/IZQ_5045-2048x1365.jpg 2048w, https:\/\/ffcv.es\/wp\/wp-content\/uploads\/2026\/05\/IZQ_5045-280x187.jpg 280w, https:\/\/ffcv.es\/wp\/wp-content\/uploads\/2026\/05\/IZQ_5045-1170x780.jpg 1170w, https:\/\/ffcv.es\/wp\/wp-content\/uploads\/2026\/05\/IZQ_5045-scaled.jpg 1620w\" data-sizes=\"(max-width: 1024px) 100vw, 1024px\" src=\"data:image\/gif;base64,R0lGODlhAQABAAAAACH5BAEKAAEALAAAAAABAAEAAAICTAEAOw==\" style=\"--smush-placeholder-width: 1024px; --smush-placeholder-aspect-ratio: 1024\/683;\" \/><noscript><img loading=\"lazy\" decoding=\"async\" width=\"1024\" height=\"683\" data-id=\"197129\" src=\"https:\/\/ffcv.es\/wp\/wp-content\/uploads\/2026\/05\/IZQ_5045-1024x683.jpg\" alt=\"\" class=\"wp-image-197129\" srcset=\"https:\/\/ffcv.es\/wp\/wp-content\/uploads\/2026\/05\/IZQ_5045-1024x683.jpg 1024w, https:\/\/ffcv.es\/wp\/wp-content\/uploads\/2026\/05\/IZQ_5045-300x200.jpg 300w, https:\/\/ffcv.es\/wp\/wp-content\/uploads\/2026\/05\/IZQ_5045-768x512.jpg 768w, https:\/\/ffcv.es\/wp\/wp-content\/uploads\/2026\/05\/IZQ_5045-1536x1024.jpg 1536w, https:\/\/ffcv.es\/wp\/wp-content\/uploads\/2026\/05\/IZQ_5045-2048x1365.jpg 2048w, https:\/\/ffcv.es\/wp\/wp-content\/uploads\/2026\/05\/IZQ_5045-280x187.jpg 280w, https:\/\/ffcv.es\/wp\/wp-content\/uploads\/2026\/05\/IZQ_5045-1170x780.jpg 1170w, https:\/\/ffcv.es\/wp\/wp-content\/uploads\/2026\/05\/IZQ_5045-scaled.jpg 1620w\" sizes=\"(max-width: 1024px) 100vw, 1024px\" \/><\/noscript><figcaption class=\"wp-element-caption\">Afici\u00f3n de la Selecci\u00f3 Valenciana<\/figcaption><\/figure>\n\n\n\n<figure class=\"wp-block-image size-large\"><img loading=\"lazy\" decoding=\"async\" width=\"682\" height=\"1024\" data-id=\"197131\" data-src=\"https:\/\/ffcv.es\/wp\/wp-content\/uploads\/2026\/05\/WhatsApp-Image-2026-05-03-at-14.07.41-682x1024.jpeg\" alt=\"\" class=\"wp-image-197131 lazyload\" data-srcset=\"https:\/\/ffcv.es\/wp\/wp-content\/uploads\/2026\/05\/WhatsApp-Image-2026-05-03-at-14.07.41-682x1024.jpeg 682w, https:\/\/ffcv.es\/wp\/wp-content\/uploads\/2026\/05\/WhatsApp-Image-2026-05-03-at-14.07.41-200x300.jpeg 200w, https:\/\/ffcv.es\/wp\/wp-content\/uploads\/2026\/05\/WhatsApp-Image-2026-05-03-at-14.07.41-768x1153.jpeg 768w, https:\/\/ffcv.es\/wp\/wp-content\/uploads\/2026\/05\/WhatsApp-Image-2026-05-03-at-14.07.41-1023x1536.jpeg 1023w, https:\/\/ffcv.es\/wp\/wp-content\/uploads\/2026\/05\/WhatsApp-Image-2026-05-03-at-14.07.41-125x187.jpeg 125w, https:\/\/ffcv.es\/wp\/wp-content\/uploads\/2026\/05\/WhatsApp-Image-2026-05-03-at-14.07.41.jpeg 720w\" data-sizes=\"(max-width: 682px) 100vw, 682px\" src=\"data:image\/gif;base64,R0lGODlhAQABAAAAACH5BAEKAAEALAAAAAABAAEAAAICTAEAOw==\" style=\"--smush-placeholder-width: 682px; --smush-placeholder-aspect-ratio: 682\/1024;\" \/><noscript><img loading=\"lazy\" decoding=\"async\" width=\"682\" height=\"1024\" data-id=\"197131\" src=\"https:\/\/ffcv.es\/wp\/wp-content\/uploads\/2026\/05\/WhatsApp-Image-2026-05-03-at-14.07.41-682x1024.jpeg\" alt=\"\" class=\"wp-image-197131\" srcset=\"https:\/\/ffcv.es\/wp\/wp-content\/uploads\/2026\/05\/WhatsApp-Image-2026-05-03-at-14.07.41-682x1024.jpeg 682w, https:\/\/ffcv.es\/wp\/wp-content\/uploads\/2026\/05\/WhatsApp-Image-2026-05-03-at-14.07.41-200x300.jpeg 200w, https:\/\/ffcv.es\/wp\/wp-content\/uploads\/2026\/05\/WhatsApp-Image-2026-05-03-at-14.07.41-768x1153.jpeg 768w, https:\/\/ffcv.es\/wp\/wp-content\/uploads\/2026\/05\/WhatsApp-Image-2026-05-03-at-14.07.41-1023x1536.jpeg 1023w, https:\/\/ffcv.es\/wp\/wp-content\/uploads\/2026\/05\/WhatsApp-Image-2026-05-03-at-14.07.41-125x187.jpeg 125w, https:\/\/ffcv.es\/wp\/wp-content\/uploads\/2026\/05\/WhatsApp-Image-2026-05-03-at-14.07.41.jpeg 720w\" sizes=\"(max-width: 682px) 100vw, 682px\" \/><\/noscript><\/figure>\n\n\n\n<figure class=\"wp-block-image size-large\"><img loading=\"lazy\" decoding=\"async\" width=\"1024\" height=\"683\" data-id=\"197128\" data-src=\"https:\/\/ffcv.es\/wp\/wp-content\/uploads\/2026\/05\/IZQ_5048-1024x683.jpg\" alt=\"\" class=\"wp-image-197128 lazyload\" data-srcset=\"https:\/\/ffcv.es\/wp\/wp-content\/uploads\/2026\/05\/IZQ_5048-1024x683.jpg 1024w, https:\/\/ffcv.es\/wp\/wp-content\/uploads\/2026\/05\/IZQ_5048-300x200.jpg 300w, https:\/\/ffcv.es\/wp\/wp-content\/uploads\/2026\/05\/IZQ_5048-768x512.jpg 768w, https:\/\/ffcv.es\/wp\/wp-content\/uploads\/2026\/05\/IZQ_5048-1536x1024.jpg 1536w, https:\/\/ffcv.es\/wp\/wp-content\/uploads\/2026\/05\/IZQ_5048-2048x1365.jpg 2048w, https:\/\/ffcv.es\/wp\/wp-content\/uploads\/2026\/05\/IZQ_5048-280x187.jpg 280w, https:\/\/ffcv.es\/wp\/wp-content\/uploads\/2026\/05\/IZQ_5048-1170x780.jpg 1170w, https:\/\/ffcv.es\/wp\/wp-content\/uploads\/2026\/05\/IZQ_5048-scaled.jpg 1620w\" data-sizes=\"(max-width: 1024px) 100vw, 1024px\" src=\"data:image\/gif;base64,R0lGODlhAQABAAAAACH5BAEKAAEALAAAAAABAAEAAAICTAEAOw==\" style=\"--smush-placeholder-width: 1024px; --smush-placeholder-aspect-ratio: 1024\/683;\" \/><noscript><img loading=\"lazy\" decoding=\"async\" width=\"1024\" height=\"683\" data-id=\"197128\" src=\"https:\/\/ffcv.es\/wp\/wp-content\/uploads\/2026\/05\/IZQ_5048-1024x683.jpg\" alt=\"\" class=\"wp-image-197128\" srcset=\"https:\/\/ffcv.es\/wp\/wp-content\/uploads\/2026\/05\/IZQ_5048-1024x683.jpg 1024w, https:\/\/ffcv.es\/wp\/wp-content\/uploads\/2026\/05\/IZQ_5048-300x200.jpg 300w, https:\/\/ffcv.es\/wp\/wp-content\/uploads\/2026\/05\/IZQ_5048-768x512.jpg 768w, https:\/\/ffcv.es\/wp\/wp-content\/uploads\/2026\/05\/IZQ_5048-1536x1024.jpg 1536w, https:\/\/ffcv.es\/wp\/wp-content\/uploads\/2026\/05\/IZQ_5048-2048x1365.jpg 2048w, https:\/\/ffcv.es\/wp\/wp-content\/uploads\/2026\/05\/IZQ_5048-280x187.jpg 280w, https:\/\/ffcv.es\/wp\/wp-content\/uploads\/2026\/05\/IZQ_5048-1170x780.jpg 1170w, https:\/\/ffcv.es\/wp\/wp-content\/uploads\/2026\/05\/IZQ_5048-scaled.jpg 1620w\" sizes=\"(max-width: 1024px) 100vw, 1024px\" \/><\/noscript><figcaption class=\"wp-element-caption\">Arenga de la Selecci\u00f3<\/figcaption><\/figure>\n<\/figure>\n\n\n\n<figure class=\"wp-block-image size-large\"><img loading=\"lazy\" decoding=\"async\" width=\"1024\" height=\"632\" data-src=\"https:\/\/ffcv.es\/wp\/wp-content\/uploads\/2026\/05\/WhatsApp-Image-2026-05-03-at-14.35.18-1024x632.jpeg\" alt=\"\" class=\"wp-image-197145 lazyload\" data-srcset=\"https:\/\/ffcv.es\/wp\/wp-content\/uploads\/2026\/05\/WhatsApp-Image-2026-05-03-at-14.35.18-1024x632.jpeg 1024w, https:\/\/ffcv.es\/wp\/wp-content\/uploads\/2026\/05\/WhatsApp-Image-2026-05-03-at-14.35.18-300x185.jpeg 300w, https:\/\/ffcv.es\/wp\/wp-content\/uploads\/2026\/05\/WhatsApp-Image-2026-05-03-at-14.35.18-768x474.jpeg 768w, https:\/\/ffcv.es\/wp\/wp-content\/uploads\/2026\/05\/WhatsApp-Image-2026-05-03-at-14.35.18-1536x948.jpeg 1536w, https:\/\/ffcv.es\/wp\/wp-content\/uploads\/2026\/05\/WhatsApp-Image-2026-05-03-at-14.35.18-280x173.jpeg 280w, https:\/\/ffcv.es\/wp\/wp-content\/uploads\/2026\/05\/WhatsApp-Image-2026-05-03-at-14.35.18-1170x722.jpeg 1170w, https:\/\/ffcv.es\/wp\/wp-content\/uploads\/2026\/05\/WhatsApp-Image-2026-05-03-at-14.35.18.jpeg 1600w\" data-sizes=\"(max-width: 1024px) 100vw, 1024px\" src=\"data:image\/gif;base64,R0lGODlhAQABAAAAACH5BAEKAAEALAAAAAABAAEAAAICTAEAOw==\" style=\"--smush-placeholder-width: 1024px; --smush-placeholder-aspect-ratio: 1024\/632;\" \/><noscript><img loading=\"lazy\" decoding=\"async\" width=\"1024\" height=\"632\" src=\"https:\/\/ffcv.es\/wp\/wp-content\/uploads\/2026\/05\/WhatsApp-Image-2026-05-03-at-14.35.18-1024x632.jpeg\" alt=\"\" class=\"wp-image-197145\" srcset=\"https:\/\/ffcv.es\/wp\/wp-content\/uploads\/2026\/05\/WhatsApp-Image-2026-05-03-at-14.35.18-1024x632.jpeg 1024w, https:\/\/ffcv.es\/wp\/wp-content\/uploads\/2026\/05\/WhatsApp-Image-2026-05-03-at-14.35.18-300x185.jpeg 300w, https:\/\/ffcv.es\/wp\/wp-content\/uploads\/2026\/05\/WhatsApp-Image-2026-05-03-at-14.35.18-768x474.jpeg 768w, https:\/\/ffcv.es\/wp\/wp-content\/uploads\/2026\/05\/WhatsApp-Image-2026-05-03-at-14.35.18-1536x948.jpeg 1536w, https:\/\/ffcv.es\/wp\/wp-content\/uploads\/2026\/05\/WhatsApp-Image-2026-05-03-at-14.35.18-280x173.jpeg 280w, https:\/\/ffcv.es\/wp\/wp-content\/uploads\/2026\/05\/WhatsApp-Image-2026-05-03-at-14.35.18-1170x722.jpeg 1170w, https:\/\/ffcv.es\/wp\/wp-content\/uploads\/2026\/05\/WhatsApp-Image-2026-05-03-at-14.35.18.jpeg 1600w\" sizes=\"(max-width: 1024px) 100vw, 1024px\" \/><\/noscript><figcaption class=\"wp-element-caption\"><strong>Juan Mart\u00ednez Munuera<\/strong>, en la final del<strong> Campeonato de Espa\u00f1a sub-12 <\/strong>disputado en <strong>Benidorm<\/strong>.<br><\/figcaption><\/figure>\n\n\n\n<figure class=\"wp-block-embed is-type-video is-provider-youtube wp-block-embed-youtube wp-embed-aspect-4-3 wp-has-aspect-ratio\"><div class=\"wp-block-embed__wrapper\">\n<iframe loading=\"lazy\" title=\"P86 FINAL I CESA  | Masculino sub-12\ud83d\udd34RFEF\" width=\"500\" height=\"375\" data-src=\"https:\/\/www.youtube.com\/embed\/XDWeM_8XQBo?feature=oembed\" frameborder=\"0\" allow=\"accelerometer; autoplay; clipboard-write; encrypted-media; gyroscope; picture-in-picture; web-share\" referrerpolicy=\"strict-origin-when-cross-origin\" allowfullscreen src=\"data:image\/gif;base64,R0lGODlhAQABAAAAACH5BAEKAAEALAAAAAABAAEAAAICTAEAOw==\" class=\"lazyload\" data-load-mode=\"1\"><\/iframe>\n<\/div><\/figure>\n\n\n\n<h2 class=\"wp-block-heading\">Partido de semifinales \ud83c\udd9a Euskadi &#8211; El gol salvador de David Akchouaa que meti\u00f3 en la final a la Selecci\u00f3<\/h2>\n\n\n\n<p>La <strong>Selecci\u00f3 Valenciana <\/strong>sali\u00f3 muy convencida de su potencial y mostr\u00f3 confianza en el c\u00e9sped desde  el primer momento. El gol de <strong>Hugo Mar\u00edn<\/strong> en el 14&#8242; hizo justicia a lo visto hasta ese momento.<\/p>\n\n\n\n<p><strong>Lato<\/strong>, que jug\u00f3 una primera mitad perfecta, marc\u00f3 un gran gol al filo del descanso que dejaba todo bastante claro a priori para los intereses valencianos.<\/p>\n\n\n\n<p>Sin embargo, los vascos se reordenaron en la segunda mitad y supieron arriconar poco a poco a la <strong>Selecci\u00f3<\/strong>. La simple presencia de <strong>Saibo<\/strong> arriba condicion\u00f3 todo el esquema de <strong>Jos\u00e9 Antonio Camacho<\/strong>, ya que le oblig\u00f3 a tener a alguien acompa\u00f1ando a <strong>\u00c1lex Ferrer<\/strong> para poder secarlo.<\/p>\n\n\n\n<p>Los tantos de Julen Sarasola y del propio Saibo le sirvieron para remontar el encuentro. Este \u00faltimo gol lleg\u00f3 a dos minutos del final e hizo mucho da\u00f1o a los <em>camachitos<\/em>.<\/p>\n\n\n\n<p>Sin embargo, <strong>David Akchouaa<\/strong> sali\u00f3 al rescate con una volea espectacular en el \u00faltimo minuto del descuento. El futbolista del <strong>Villarreal CF<\/strong> remat\u00f3 de primeras un bal\u00f3n llovido desde la derecha que meti\u00f3 a la <strong>Selecci\u00f3 Valenciana<\/strong> en la final del <strong>Campeonato de Espa\u00f1a <\/strong>dos a\u00f1os despu\u00e9s.<\/p>\n\n\n\n<figure class=\"wp-block-image size-large\"><img loading=\"lazy\" decoding=\"async\" width=\"768\" height=\"1024\" data-src=\"https:\/\/ffcv.es\/wp\/wp-content\/uploads\/2026\/05\/M-semis-vs-EUS-768x1024.png\" alt=\"\" class=\"wp-image-197105 lazyload\" data-srcset=\"https:\/\/ffcv.es\/wp\/wp-content\/uploads\/2026\/05\/M-semis-vs-EUS-768x1024.png 768w, https:\/\/ffcv.es\/wp\/wp-content\/uploads\/2026\/05\/M-semis-vs-EUS-225x300.png 225w, https:\/\/ffcv.es\/wp\/wp-content\/uploads\/2026\/05\/M-semis-vs-EUS-1152x1536.png 1152w, https:\/\/ffcv.es\/wp\/wp-content\/uploads\/2026\/05\/M-semis-vs-EUS-1536x2048.png 1536w, https:\/\/ffcv.es\/wp\/wp-content\/uploads\/2026\/05\/M-semis-vs-EUS-140x187.png 140w, https:\/\/ffcv.es\/wp\/wp-content\/uploads\/2026\/05\/M-semis-vs-EUS-1170x1560.png 1170w, https:\/\/ffcv.es\/wp\/wp-content\/uploads\/2026\/05\/M-semis-vs-EUS.png 810w\" data-sizes=\"(max-width: 768px) 100vw, 768px\" src=\"data:image\/gif;base64,R0lGODlhAQABAAAAACH5BAEKAAEALAAAAAABAAEAAAICTAEAOw==\" style=\"--smush-placeholder-width: 768px; --smush-placeholder-aspect-ratio: 768\/1024;\" \/><noscript><img loading=\"lazy\" decoding=\"async\" width=\"768\" height=\"1024\" src=\"https:\/\/ffcv.es\/wp\/wp-content\/uploads\/2026\/05\/M-semis-vs-EUS-768x1024.png\" alt=\"\" class=\"wp-image-197105\" srcset=\"https:\/\/ffcv.es\/wp\/wp-content\/uploads\/2026\/05\/M-semis-vs-EUS-768x1024.png 768w, https:\/\/ffcv.es\/wp\/wp-content\/uploads\/2026\/05\/M-semis-vs-EUS-225x300.png 225w, https:\/\/ffcv.es\/wp\/wp-content\/uploads\/2026\/05\/M-semis-vs-EUS-1152x1536.png 1152w, https:\/\/ffcv.es\/wp\/wp-content\/uploads\/2026\/05\/M-semis-vs-EUS-1536x2048.png 1536w, https:\/\/ffcv.es\/wp\/wp-content\/uploads\/2026\/05\/M-semis-vs-EUS-140x187.png 140w, https:\/\/ffcv.es\/wp\/wp-content\/uploads\/2026\/05\/M-semis-vs-EUS-1170x1560.png 1170w, https:\/\/ffcv.es\/wp\/wp-content\/uploads\/2026\/05\/M-semis-vs-EUS.png 810w\" sizes=\"(max-width: 768px) 100vw, 768px\" \/><\/noscript><\/figure>\n\n\n\n<figure class=\"wp-block-embed is-type-video is-provider-youtube wp-block-embed-youtube wp-embed-aspect-4-3 wp-has-aspect-ratio\"><div class=\"wp-block-embed__wrapper\">\n<iframe loading=\"lazy\" title=\"P84  CVA - VAS I SEMIFINAL 1  I CESA  | Masculino sub-12\ud83d\udd34RFEF\" width=\"500\" height=\"375\" data-src=\"https:\/\/www.youtube.com\/embed\/vhmFLTM1JXs?feature=oembed\" frameborder=\"0\" allow=\"accelerometer; autoplay; clipboard-write; encrypted-media; gyroscope; picture-in-picture; web-share\" referrerpolicy=\"strict-origin-when-cross-origin\" allowfullscreen src=\"data:image\/gif;base64,R0lGODlhAQABAAAAACH5BAEKAAEALAAAAAABAAEAAAICTAEAOw==\" class=\"lazyload\" data-load-mode=\"1\"><\/iframe>\n<\/div><\/figure>\n\n\n\n<h2 class=\"wp-block-heading\">Las mejores im\u00e1genes de la semifinal<\/h2>\n\n\n\n<figure class=\"wp-block-gallery has-nested-images columns-default is-cropped wp-block-gallery-2 is-layout-flex wp-block-gallery-is-layout-flex\">\n<figure class=\"wp-block-image size-large\"><img loading=\"lazy\" decoding=\"async\" width=\"1024\" height=\"632\" data-id=\"197111\" data-src=\"https:\/\/ffcv.es\/wp\/wp-content\/uploads\/2026\/05\/IMG_5261-Alvaro-Mompo--1024x632.jpg\" alt=\"\u00c1varo Momp\u00f3 Selecci\u00f3 Valenciana sub12\" class=\"wp-image-197111 lazyload\" data-srcset=\"https:\/\/ffcv.es\/wp\/wp-content\/uploads\/2026\/05\/IMG_5261-Alvaro-Mompo--1024x632.jpg 1024w, https:\/\/ffcv.es\/wp\/wp-content\/uploads\/2026\/05\/IMG_5261-Alvaro-Mompo--300x185.jpg 300w, https:\/\/ffcv.es\/wp\/wp-content\/uploads\/2026\/05\/IMG_5261-Alvaro-Mompo--768x474.jpg 768w, https:\/\/ffcv.es\/wp\/wp-content\/uploads\/2026\/05\/IMG_5261-Alvaro-Mompo--1536x948.jpg 1536w, https:\/\/ffcv.es\/wp\/wp-content\/uploads\/2026\/05\/IMG_5261-Alvaro-Mompo--2048x1264.jpg 2048w, https:\/\/ffcv.es\/wp\/wp-content\/uploads\/2026\/05\/IMG_5261-Alvaro-Mompo--280x173.jpg 280w, https:\/\/ffcv.es\/wp\/wp-content\/uploads\/2026\/05\/IMG_5261-Alvaro-Mompo--1170x722.jpg 1170w, https:\/\/ffcv.es\/wp\/wp-content\/uploads\/2026\/05\/IMG_5261-Alvaro-Mompo--scaled.jpg 1750w\" data-sizes=\"(max-width: 1024px) 100vw, 1024px\" src=\"data:image\/gif;base64,R0lGODlhAQABAAAAACH5BAEKAAEALAAAAAABAAEAAAICTAEAOw==\" style=\"--smush-placeholder-width: 1024px; --smush-placeholder-aspect-ratio: 1024\/632;\" \/><noscript><img loading=\"lazy\" decoding=\"async\" width=\"1024\" height=\"632\" data-id=\"197111\" src=\"https:\/\/ffcv.es\/wp\/wp-content\/uploads\/2026\/05\/IMG_5261-Alvaro-Mompo--1024x632.jpg\" alt=\"\u00c1varo Momp\u00f3 Selecci\u00f3 Valenciana sub12\" class=\"wp-image-197111\" srcset=\"https:\/\/ffcv.es\/wp\/wp-content\/uploads\/2026\/05\/IMG_5261-Alvaro-Mompo--1024x632.jpg 1024w, https:\/\/ffcv.es\/wp\/wp-content\/uploads\/2026\/05\/IMG_5261-Alvaro-Mompo--300x185.jpg 300w, https:\/\/ffcv.es\/wp\/wp-content\/uploads\/2026\/05\/IMG_5261-Alvaro-Mompo--768x474.jpg 768w, https:\/\/ffcv.es\/wp\/wp-content\/uploads\/2026\/05\/IMG_5261-Alvaro-Mompo--1536x948.jpg 1536w, https:\/\/ffcv.es\/wp\/wp-content\/uploads\/2026\/05\/IMG_5261-Alvaro-Mompo--2048x1264.jpg 2048w, https:\/\/ffcv.es\/wp\/wp-content\/uploads\/2026\/05\/IMG_5261-Alvaro-Mompo--280x173.jpg 280w, https:\/\/ffcv.es\/wp\/wp-content\/uploads\/2026\/05\/IMG_5261-Alvaro-Mompo--1170x722.jpg 1170w, https:\/\/ffcv.es\/wp\/wp-content\/uploads\/2026\/05\/IMG_5261-Alvaro-Mompo--scaled.jpg 1750w\" sizes=\"(max-width: 1024px) 100vw, 1024px\" \/><\/noscript><figcaption class=\"wp-element-caption\">\u00c1lvaro Momp\u00f3.<\/figcaption><\/figure>\n\n\n\n<figure class=\"wp-block-image size-large\"><img loading=\"lazy\" decoding=\"async\" width=\"1024\" height=\"683\" data-id=\"197112\" data-src=\"https:\/\/ffcv.es\/wp\/wp-content\/uploads\/2026\/05\/IMG_5304-Hugo-Marin--1024x683.jpg\" alt=\"Hugo Mari\u0301n Selecci\u00f3 Valenciana sub12\" class=\"wp-image-197112 lazyload\" data-srcset=\"https:\/\/ffcv.es\/wp\/wp-content\/uploads\/2026\/05\/IMG_5304-Hugo-Marin--1024x683.jpg 1024w, https:\/\/ffcv.es\/wp\/wp-content\/uploads\/2026\/05\/IMG_5304-Hugo-Marin--300x200.jpg 300w, https:\/\/ffcv.es\/wp\/wp-content\/uploads\/2026\/05\/IMG_5304-Hugo-Marin--768x512.jpg 768w, https:\/\/ffcv.es\/wp\/wp-content\/uploads\/2026\/05\/IMG_5304-Hugo-Marin--1536x1024.jpg 1536w, https:\/\/ffcv.es\/wp\/wp-content\/uploads\/2026\/05\/IMG_5304-Hugo-Marin--2048x1365.jpg 2048w, https:\/\/ffcv.es\/wp\/wp-content\/uploads\/2026\/05\/IMG_5304-Hugo-Marin--280x187.jpg 280w, https:\/\/ffcv.es\/wp\/wp-content\/uploads\/2026\/05\/IMG_5304-Hugo-Marin--1170x780.jpg 1170w, https:\/\/ffcv.es\/wp\/wp-content\/uploads\/2026\/05\/IMG_5304-Hugo-Marin--scaled.jpg 1620w\" data-sizes=\"(max-width: 1024px) 100vw, 1024px\" src=\"data:image\/gif;base64,R0lGODlhAQABAAAAACH5BAEKAAEALAAAAAABAAEAAAICTAEAOw==\" style=\"--smush-placeholder-width: 1024px; --smush-placeholder-aspect-ratio: 1024\/683;\" \/><noscript><img loading=\"lazy\" decoding=\"async\" width=\"1024\" height=\"683\" data-id=\"197112\" src=\"https:\/\/ffcv.es\/wp\/wp-content\/uploads\/2026\/05\/IMG_5304-Hugo-Marin--1024x683.jpg\" alt=\"Hugo Mari\u0301n Selecci\u00f3 Valenciana sub12\" class=\"wp-image-197112\" srcset=\"https:\/\/ffcv.es\/wp\/wp-content\/uploads\/2026\/05\/IMG_5304-Hugo-Marin--1024x683.jpg 1024w, https:\/\/ffcv.es\/wp\/wp-content\/uploads\/2026\/05\/IMG_5304-Hugo-Marin--300x200.jpg 300w, https:\/\/ffcv.es\/wp\/wp-content\/uploads\/2026\/05\/IMG_5304-Hugo-Marin--768x512.jpg 768w, https:\/\/ffcv.es\/wp\/wp-content\/uploads\/2026\/05\/IMG_5304-Hugo-Marin--1536x1024.jpg 1536w, https:\/\/ffcv.es\/wp\/wp-content\/uploads\/2026\/05\/IMG_5304-Hugo-Marin--2048x1365.jpg 2048w, https:\/\/ffcv.es\/wp\/wp-content\/uploads\/2026\/05\/IMG_5304-Hugo-Marin--280x187.jpg 280w, https:\/\/ffcv.es\/wp\/wp-content\/uploads\/2026\/05\/IMG_5304-Hugo-Marin--1170x780.jpg 1170w, https:\/\/ffcv.es\/wp\/wp-content\/uploads\/2026\/05\/IMG_5304-Hugo-Marin--scaled.jpg 1620w\" sizes=\"(max-width: 1024px) 100vw, 1024px\" \/><\/noscript><figcaption class=\"wp-element-caption\">Hugo Mar\u00edn.<\/figcaption><\/figure>\n\n\n\n<figure class=\"wp-block-image size-large\"><img loading=\"lazy\" decoding=\"async\" width=\"1024\" height=\"683\" data-id=\"197113\" data-src=\"https:\/\/ffcv.es\/wp\/wp-content\/uploads\/2026\/05\/IMG_5320-LATO--1024x683.jpg\" alt=\"Lato Selecci\u00f3 Valenciana sub12\" class=\"wp-image-197113 lazyload\" data-srcset=\"https:\/\/ffcv.es\/wp\/wp-content\/uploads\/2026\/05\/IMG_5320-LATO--1024x683.jpg 1024w, https:\/\/ffcv.es\/wp\/wp-content\/uploads\/2026\/05\/IMG_5320-LATO--300x200.jpg 300w, https:\/\/ffcv.es\/wp\/wp-content\/uploads\/2026\/05\/IMG_5320-LATO--768x512.jpg 768w, https:\/\/ffcv.es\/wp\/wp-content\/uploads\/2026\/05\/IMG_5320-LATO--1536x1024.jpg 1536w, https:\/\/ffcv.es\/wp\/wp-content\/uploads\/2026\/05\/IMG_5320-LATO--2048x1365.jpg 2048w, https:\/\/ffcv.es\/wp\/wp-content\/uploads\/2026\/05\/IMG_5320-LATO--280x187.jpg 280w, https:\/\/ffcv.es\/wp\/wp-content\/uploads\/2026\/05\/IMG_5320-LATO--1170x780.jpg 1170w, https:\/\/ffcv.es\/wp\/wp-content\/uploads\/2026\/05\/IMG_5320-LATO--scaled.jpg 1620w\" data-sizes=\"(max-width: 1024px) 100vw, 1024px\" src=\"data:image\/gif;base64,R0lGODlhAQABAAAAACH5BAEKAAEALAAAAAABAAEAAAICTAEAOw==\" style=\"--smush-placeholder-width: 1024px; --smush-placeholder-aspect-ratio: 1024\/683;\" \/><noscript><img loading=\"lazy\" decoding=\"async\" width=\"1024\" height=\"683\" data-id=\"197113\" src=\"https:\/\/ffcv.es\/wp\/wp-content\/uploads\/2026\/05\/IMG_5320-LATO--1024x683.jpg\" alt=\"Lato Selecci\u00f3 Valenciana sub12\" class=\"wp-image-197113\" srcset=\"https:\/\/ffcv.es\/wp\/wp-content\/uploads\/2026\/05\/IMG_5320-LATO--1024x683.jpg 1024w, https:\/\/ffcv.es\/wp\/wp-content\/uploads\/2026\/05\/IMG_5320-LATO--300x200.jpg 300w, https:\/\/ffcv.es\/wp\/wp-content\/uploads\/2026\/05\/IMG_5320-LATO--768x512.jpg 768w, https:\/\/ffcv.es\/wp\/wp-content\/uploads\/2026\/05\/IMG_5320-LATO--1536x1024.jpg 1536w, https:\/\/ffcv.es\/wp\/wp-content\/uploads\/2026\/05\/IMG_5320-LATO--2048x1365.jpg 2048w, https:\/\/ffcv.es\/wp\/wp-content\/uploads\/2026\/05\/IMG_5320-LATO--280x187.jpg 280w, https:\/\/ffcv.es\/wp\/wp-content\/uploads\/2026\/05\/IMG_5320-LATO--1170x780.jpg 1170w, https:\/\/ffcv.es\/wp\/wp-content\/uploads\/2026\/05\/IMG_5320-LATO--scaled.jpg 1620w\" sizes=\"(max-width: 1024px) 100vw, 1024px\" \/><\/noscript><figcaption class=\"wp-element-caption\">Lato.<\/figcaption><\/figure>\n\n\n\n<figure class=\"wp-block-image size-large\"><img loading=\"lazy\" decoding=\"async\" width=\"1024\" height=\"683\" data-id=\"197114\" data-src=\"https:\/\/ffcv.es\/wp\/wp-content\/uploads\/2026\/05\/IZQ_4850-1024x683.jpg\" alt=\"David Akchouaa Selecci\u00f3 Valenciana sub12\" class=\"wp-image-197114 lazyload\" data-srcset=\"https:\/\/ffcv.es\/wp\/wp-content\/uploads\/2026\/05\/IZQ_4850-1024x683.jpg 1024w, https:\/\/ffcv.es\/wp\/wp-content\/uploads\/2026\/05\/IZQ_4850-300x200.jpg 300w, https:\/\/ffcv.es\/wp\/wp-content\/uploads\/2026\/05\/IZQ_4850-768x512.jpg 768w, https:\/\/ffcv.es\/wp\/wp-content\/uploads\/2026\/05\/IZQ_4850-1536x1025.jpg 1536w, https:\/\/ffcv.es\/wp\/wp-content\/uploads\/2026\/05\/IZQ_4850-2048x1366.jpg 2048w, https:\/\/ffcv.es\/wp\/wp-content\/uploads\/2026\/05\/IZQ_4850-280x187.jpg 280w, https:\/\/ffcv.es\/wp\/wp-content\/uploads\/2026\/05\/IZQ_4850-1170x780.jpg 1170w, https:\/\/ffcv.es\/wp\/wp-content\/uploads\/2026\/05\/IZQ_4850-scaled.jpg 1619w\" data-sizes=\"(max-width: 1024px) 100vw, 1024px\" src=\"data:image\/gif;base64,R0lGODlhAQABAAAAACH5BAEKAAEALAAAAAABAAEAAAICTAEAOw==\" style=\"--smush-placeholder-width: 1024px; --smush-placeholder-aspect-ratio: 1024\/683;\" \/><noscript><img loading=\"lazy\" decoding=\"async\" width=\"1024\" height=\"683\" data-id=\"197114\" src=\"https:\/\/ffcv.es\/wp\/wp-content\/uploads\/2026\/05\/IZQ_4850-1024x683.jpg\" alt=\"David Akchouaa Selecci\u00f3 Valenciana sub12\" class=\"wp-image-197114\" srcset=\"https:\/\/ffcv.es\/wp\/wp-content\/uploads\/2026\/05\/IZQ_4850-1024x683.jpg 1024w, https:\/\/ffcv.es\/wp\/wp-content\/uploads\/2026\/05\/IZQ_4850-300x200.jpg 300w, https:\/\/ffcv.es\/wp\/wp-content\/uploads\/2026\/05\/IZQ_4850-768x512.jpg 768w, https:\/\/ffcv.es\/wp\/wp-content\/uploads\/2026\/05\/IZQ_4850-1536x1025.jpg 1536w, https:\/\/ffcv.es\/wp\/wp-content\/uploads\/2026\/05\/IZQ_4850-2048x1366.jpg 2048w, https:\/\/ffcv.es\/wp\/wp-content\/uploads\/2026\/05\/IZQ_4850-280x187.jpg 280w, https:\/\/ffcv.es\/wp\/wp-content\/uploads\/2026\/05\/IZQ_4850-1170x780.jpg 1170w, https:\/\/ffcv.es\/wp\/wp-content\/uploads\/2026\/05\/IZQ_4850-scaled.jpg 1619w\" sizes=\"(max-width: 1024px) 100vw, 1024px\" \/><\/noscript><figcaption class=\"wp-element-caption\">David Akchouaa consigue el gol de la victoria para la Selecci\u00f3 Valenciana sub12.<\/figcaption><\/figure>\n\n\n\n<figure class=\"wp-block-image size-large\"><img loading=\"lazy\" decoding=\"async\" width=\"1024\" height=\"683\" data-id=\"197115\" data-src=\"https:\/\/ffcv.es\/wp\/wp-content\/uploads\/2026\/05\/IZQ_4892-1024x683.jpg\" alt=\"\" class=\"wp-image-197115 lazyload\" data-srcset=\"https:\/\/ffcv.es\/wp\/wp-content\/uploads\/2026\/05\/IZQ_4892-1024x683.jpg 1024w, https:\/\/ffcv.es\/wp\/wp-content\/uploads\/2026\/05\/IZQ_4892-300x200.jpg 300w, https:\/\/ffcv.es\/wp\/wp-content\/uploads\/2026\/05\/IZQ_4892-768x512.jpg 768w, https:\/\/ffcv.es\/wp\/wp-content\/uploads\/2026\/05\/IZQ_4892-1536x1024.jpg 1536w, https:\/\/ffcv.es\/wp\/wp-content\/uploads\/2026\/05\/IZQ_4892-2048x1365.jpg 2048w, https:\/\/ffcv.es\/wp\/wp-content\/uploads\/2026\/05\/IZQ_4892-280x187.jpg 280w, https:\/\/ffcv.es\/wp\/wp-content\/uploads\/2026\/05\/IZQ_4892-1170x780.jpg 1170w, https:\/\/ffcv.es\/wp\/wp-content\/uploads\/2026\/05\/IZQ_4892-scaled.jpg 1620w\" data-sizes=\"(max-width: 1024px) 100vw, 1024px\" src=\"data:image\/gif;base64,R0lGODlhAQABAAAAACH5BAEKAAEALAAAAAABAAEAAAICTAEAOw==\" style=\"--smush-placeholder-width: 1024px; --smush-placeholder-aspect-ratio: 1024\/683;\" \/><noscript><img loading=\"lazy\" decoding=\"async\" width=\"1024\" height=\"683\" data-id=\"197115\" src=\"https:\/\/ffcv.es\/wp\/wp-content\/uploads\/2026\/05\/IZQ_4892-1024x683.jpg\" alt=\"\" class=\"wp-image-197115\" srcset=\"https:\/\/ffcv.es\/wp\/wp-content\/uploads\/2026\/05\/IZQ_4892-1024x683.jpg 1024w, https:\/\/ffcv.es\/wp\/wp-content\/uploads\/2026\/05\/IZQ_4892-300x200.jpg 300w, https:\/\/ffcv.es\/wp\/wp-content\/uploads\/2026\/05\/IZQ_4892-768x512.jpg 768w, https:\/\/ffcv.es\/wp\/wp-content\/uploads\/2026\/05\/IZQ_4892-1536x1024.jpg 1536w, https:\/\/ffcv.es\/wp\/wp-content\/uploads\/2026\/05\/IZQ_4892-2048x1365.jpg 2048w, https:\/\/ffcv.es\/wp\/wp-content\/uploads\/2026\/05\/IZQ_4892-280x187.jpg 280w, https:\/\/ffcv.es\/wp\/wp-content\/uploads\/2026\/05\/IZQ_4892-1170x780.jpg 1170w, https:\/\/ffcv.es\/wp\/wp-content\/uploads\/2026\/05\/IZQ_4892-scaled.jpg 1620w\" sizes=\"(max-width: 1024px) 100vw, 1024px\" \/><\/noscript><\/figure>\n<\/figure>\n\n\n\n<h2 class=\"wp-block-heading\">Partido de cuartos de final<\/h2>\n\n\n\n<p><strong><a href=\"https:\/\/ffcv.es\/wp\/blog\/2026\/05\/david-kazakov-lleva-a-la-seleccio-valenciana-a-reeditar-la-semifinal-contra-euskadi-en-el-campeonato-de-espana-sub-12\/\" title=\"\">Selecci\u00f3 Valenciana \ud83c\udd9a Canarias (3-0)<\/a><\/strong><\/p>\n\n\n\n<figure class=\"wp-block-image size-large\"><a href=\"https:\/\/ffcv.es\/wp\/blog\/2026\/05\/david-kazakov-lleva-a-la-seleccio-valenciana-a-reeditar-la-semifinal-contra-euskadi-en-el-campeonato-de-espana-sub-12\/\"><img loading=\"lazy\" decoding=\"async\" width=\"768\" height=\"1024\" data-src=\"https:\/\/ffcv.es\/wp\/wp-content\/uploads\/2026\/05\/M-cuartos-vs-CNR-768x1024.png\" alt=\"\" class=\"wp-image-197066 lazyload\" data-srcset=\"https:\/\/ffcv.es\/wp\/wp-content\/uploads\/2026\/05\/M-cuartos-vs-CNR-768x1024.png 768w, https:\/\/ffcv.es\/wp\/wp-content\/uploads\/2026\/05\/M-cuartos-vs-CNR-225x300.png 225w, https:\/\/ffcv.es\/wp\/wp-content\/uploads\/2026\/05\/M-cuartos-vs-CNR-1152x1536.png 1152w, https:\/\/ffcv.es\/wp\/wp-content\/uploads\/2026\/05\/M-cuartos-vs-CNR-1536x2048.png 1536w, https:\/\/ffcv.es\/wp\/wp-content\/uploads\/2026\/05\/M-cuartos-vs-CNR-140x187.png 140w, https:\/\/ffcv.es\/wp\/wp-content\/uploads\/2026\/05\/M-cuartos-vs-CNR-1170x1560.png 1170w, https:\/\/ffcv.es\/wp\/wp-content\/uploads\/2026\/05\/M-cuartos-vs-CNR.png 810w\" data-sizes=\"(max-width: 768px) 100vw, 768px\" src=\"data:image\/gif;base64,R0lGODlhAQABAAAAACH5BAEKAAEALAAAAAABAAEAAAICTAEAOw==\" style=\"--smush-placeholder-width: 768px; --smush-placeholder-aspect-ratio: 768\/1024;\" \/><noscript><img loading=\"lazy\" decoding=\"async\" width=\"768\" height=\"1024\" src=\"https:\/\/ffcv.es\/wp\/wp-content\/uploads\/2026\/05\/M-cuartos-vs-CNR-768x1024.png\" alt=\"\" class=\"wp-image-197066\" srcset=\"https:\/\/ffcv.es\/wp\/wp-content\/uploads\/2026\/05\/M-cuartos-vs-CNR-768x1024.png 768w, https:\/\/ffcv.es\/wp\/wp-content\/uploads\/2026\/05\/M-cuartos-vs-CNR-225x300.png 225w, https:\/\/ffcv.es\/wp\/wp-content\/uploads\/2026\/05\/M-cuartos-vs-CNR-1152x1536.png 1152w, https:\/\/ffcv.es\/wp\/wp-content\/uploads\/2026\/05\/M-cuartos-vs-CNR-1536x2048.png 1536w, https:\/\/ffcv.es\/wp\/wp-content\/uploads\/2026\/05\/M-cuartos-vs-CNR-140x187.png 140w, https:\/\/ffcv.es\/wp\/wp-content\/uploads\/2026\/05\/M-cuartos-vs-CNR-1170x1560.png 1170w, https:\/\/ffcv.es\/wp\/wp-content\/uploads\/2026\/05\/M-cuartos-vs-CNR.png 810w\" sizes=\"(max-width: 768px) 100vw, 768px\" \/><\/noscript><\/a><\/figure>\n\n\n\n<h2 class=\"wp-block-heading\">Partidos de Fase de grupos<\/h2>\n\n\n\n<p><strong><a href=\"https:\/\/ffcv.es\/wp\/blog\/2026\/05\/que-el-ritmo-no-pare-pleno-de-victorias-para-la-seleccio-valenciana-masculina-en-el-primer-dia-de-campeonato-de-espana-sub-12\/\" title=\"\">Ceuta \ud83c\udd9a Selecci\u00f3 Valenciana (0-7)<\/a><\/strong><\/p>\n\n\n\n<p><strong><a href=\"https:\/\/ffcv.es\/wp\/blog\/2026\/05\/que-el-ritmo-no-pare-pleno-de-victorias-para-la-seleccio-valenciana-masculina-en-el-primer-dia-de-campeonato-de-espana-sub-12\/\" title=\"\">Cantabria \ud83c\udd9a Selecci\u00f3 Valenciana (0-11)<\/a><\/strong><\/p>\n\n\n\n<p><strong><a href=\"https:\/\/ffcv.es\/wp\/blog\/2026\/05\/que-el-ritmo-no-pare-pleno-de-victorias-para-la-seleccio-valenciana-masculina-en-el-primer-dia-de-campeonato-de-espana-sub-12\/\" title=\"\">Selecci\u00f3 Valenciana \ud83c\udd9a Asturias (6-0)<\/a><\/strong><\/p>\n\n\n\n<p><strong><a href=\"https:\/\/ffcv.es\/wp\/blog\/2026\/05\/david-kazakov-lleva-a-la-seleccio-valenciana-a-reeditar-la-semifinal-contra-euskadi-en-el-campeonato-de-espana-sub-12\/\" title=\"\">Selecci\u00f3 Valenciana \ud83c\udd9a Illes Balears (3-0)<\/a><\/strong><\/p>\n\n\n\n<figure class=\"wp-block-gallery has-nested-images columns-default is-cropped wp-block-gallery-3 is-layout-flex wp-block-gallery-is-layout-flex\">\n<figure class=\"wp-block-image size-large\"><a href=\"https:\/\/ffcv.es\/wp\/blog\/2026\/05\/que-el-ritmo-no-pare-pleno-de-victorias-para-la-seleccio-valenciana-masculina-en-el-primer-dia-de-campeonato-de-espana-sub-12\/\"><img loading=\"lazy\" decoding=\"async\" width=\"768\" height=\"1024\" data-id=\"196860\" data-src=\"https:\/\/ffcv.es\/wp\/wp-content\/uploads\/2026\/04\/M-j1-vs-CEU-2-768x1024.png\" alt=\"\" class=\"wp-image-196860 lazyload\" data-srcset=\"https:\/\/ffcv.es\/wp\/wp-content\/uploads\/2026\/04\/M-j1-vs-CEU-2-768x1024.png 768w, https:\/\/ffcv.es\/wp\/wp-content\/uploads\/2026\/04\/M-j1-vs-CEU-2-225x300.png 225w, https:\/\/ffcv.es\/wp\/wp-content\/uploads\/2026\/04\/M-j1-vs-CEU-2-140x187.png 140w, https:\/\/ffcv.es\/wp\/wp-content\/uploads\/2026\/04\/M-j1-vs-CEU-2.png 810w\" data-sizes=\"(max-width: 768px) 100vw, 768px\" src=\"data:image\/gif;base64,R0lGODlhAQABAAAAACH5BAEKAAEALAAAAAABAAEAAAICTAEAOw==\" style=\"--smush-placeholder-width: 768px; --smush-placeholder-aspect-ratio: 768\/1024;\" \/><noscript><img loading=\"lazy\" decoding=\"async\" width=\"768\" height=\"1024\" data-id=\"196860\" src=\"https:\/\/ffcv.es\/wp\/wp-content\/uploads\/2026\/04\/M-j1-vs-CEU-2-768x1024.png\" alt=\"\" class=\"wp-image-196860\" srcset=\"https:\/\/ffcv.es\/wp\/wp-content\/uploads\/2026\/04\/M-j1-vs-CEU-2-768x1024.png 768w, https:\/\/ffcv.es\/wp\/wp-content\/uploads\/2026\/04\/M-j1-vs-CEU-2-225x300.png 225w, https:\/\/ffcv.es\/wp\/wp-content\/uploads\/2026\/04\/M-j1-vs-CEU-2-140x187.png 140w, https:\/\/ffcv.es\/wp\/wp-content\/uploads\/2026\/04\/M-j1-vs-CEU-2.png 810w\" sizes=\"(max-width: 768px) 100vw, 768px\" \/><\/noscript><\/a><\/figure>\n\n\n\n<figure class=\"wp-block-image size-large\"><a href=\"https:\/\/ffcv.es\/wp\/blog\/2026\/05\/que-el-ritmo-no-pare-pleno-de-victorias-para-la-seleccio-valenciana-masculina-en-el-primer-dia-de-campeonato-de-espana-sub-12\/\"><img loading=\"lazy\" decoding=\"async\" width=\"768\" height=\"1024\" data-id=\"196909\" data-src=\"https:\/\/ffcv.es\/wp\/wp-content\/uploads\/2026\/04\/M-j2-vs-CNT-1-768x1024.png\" alt=\"\" class=\"wp-image-196909 lazyload\" data-srcset=\"https:\/\/ffcv.es\/wp\/wp-content\/uploads\/2026\/04\/M-j2-vs-CNT-1-768x1024.png 768w, https:\/\/ffcv.es\/wp\/wp-content\/uploads\/2026\/04\/M-j2-vs-CNT-1-225x300.png 225w, https:\/\/ffcv.es\/wp\/wp-content\/uploads\/2026\/04\/M-j2-vs-CNT-1-140x187.png 140w, https:\/\/ffcv.es\/wp\/wp-content\/uploads\/2026\/04\/M-j2-vs-CNT-1.png 810w\" data-sizes=\"(max-width: 768px) 100vw, 768px\" src=\"data:image\/gif;base64,R0lGODlhAQABAAAAACH5BAEKAAEALAAAAAABAAEAAAICTAEAOw==\" style=\"--smush-placeholder-width: 768px; --smush-placeholder-aspect-ratio: 768\/1024;\" \/><noscript><img loading=\"lazy\" decoding=\"async\" width=\"768\" height=\"1024\" data-id=\"196909\" src=\"https:\/\/ffcv.es\/wp\/wp-content\/uploads\/2026\/04\/M-j2-vs-CNT-1-768x1024.png\" alt=\"\" class=\"wp-image-196909\" srcset=\"https:\/\/ffcv.es\/wp\/wp-content\/uploads\/2026\/04\/M-j2-vs-CNT-1-768x1024.png 768w, https:\/\/ffcv.es\/wp\/wp-content\/uploads\/2026\/04\/M-j2-vs-CNT-1-225x300.png 225w, https:\/\/ffcv.es\/wp\/wp-content\/uploads\/2026\/04\/M-j2-vs-CNT-1-140x187.png 140w, https:\/\/ffcv.es\/wp\/wp-content\/uploads\/2026\/04\/M-j2-vs-CNT-1.png 810w\" sizes=\"(max-width: 768px) 100vw, 768px\" \/><\/noscript><\/a><\/figure>\n\n\n\n<figure class=\"wp-block-image size-large\"><a href=\"https:\/\/ffcv.es\/wp\/blog\/2026\/05\/que-el-ritmo-no-pare-pleno-de-victorias-para-la-seleccio-valenciana-masculina-en-el-primer-dia-de-campeonato-de-espana-sub-12\/\"><img loading=\"lazy\" decoding=\"async\" width=\"768\" height=\"1024\" data-id=\"196974\" data-src=\"https:\/\/ffcv.es\/wp\/wp-content\/uploads\/2026\/05\/M-j3-vs-AST-768x1024.png\" alt=\"\" class=\"wp-image-196974 lazyload\" data-srcset=\"https:\/\/ffcv.es\/wp\/wp-content\/uploads\/2026\/05\/M-j3-vs-AST-768x1024.png 768w, https:\/\/ffcv.es\/wp\/wp-content\/uploads\/2026\/05\/M-j3-vs-AST-225x300.png 225w, https:\/\/ffcv.es\/wp\/wp-content\/uploads\/2026\/05\/M-j3-vs-AST-140x187.png 140w, https:\/\/ffcv.es\/wp\/wp-content\/uploads\/2026\/05\/M-j3-vs-AST.png 810w\" data-sizes=\"(max-width: 768px) 100vw, 768px\" src=\"data:image\/gif;base64,R0lGODlhAQABAAAAACH5BAEKAAEALAAAAAABAAEAAAICTAEAOw==\" style=\"--smush-placeholder-width: 768px; --smush-placeholder-aspect-ratio: 768\/1024;\" \/><noscript><img loading=\"lazy\" decoding=\"async\" width=\"768\" height=\"1024\" data-id=\"196974\" src=\"https:\/\/ffcv.es\/wp\/wp-content\/uploads\/2026\/05\/M-j3-vs-AST-768x1024.png\" alt=\"\" class=\"wp-image-196974\" srcset=\"https:\/\/ffcv.es\/wp\/wp-content\/uploads\/2026\/05\/M-j3-vs-AST-768x1024.png 768w, https:\/\/ffcv.es\/wp\/wp-content\/uploads\/2026\/05\/M-j3-vs-AST-225x300.png 225w, https:\/\/ffcv.es\/wp\/wp-content\/uploads\/2026\/05\/M-j3-vs-AST-140x187.png 140w, https:\/\/ffcv.es\/wp\/wp-content\/uploads\/2026\/05\/M-j3-vs-AST.png 810w\" sizes=\"(max-width: 768px) 100vw, 768px\" \/><\/noscript><\/a><\/figure>\n\n\n\n<figure class=\"wp-block-image size-large\"><a href=\"https:\/\/ffcv.es\/wp\/blog\/2026\/05\/david-kazakov-lleva-a-la-seleccio-valenciana-a-reeditar-la-semifinal-contra-euskadi-en-el-campeonato-de-espana-sub-12\/\"><img loading=\"lazy\" decoding=\"async\" width=\"768\" height=\"1024\" data-id=\"197020\" data-src=\"https:\/\/ffcv.es\/wp\/wp-content\/uploads\/2026\/05\/M-j4-vs-BAL-768x1024.png\" alt=\"\" class=\"wp-image-197020 lazyload\" data-srcset=\"https:\/\/ffcv.es\/wp\/wp-content\/uploads\/2026\/05\/M-j4-vs-BAL-768x1024.png 768w, https:\/\/ffcv.es\/wp\/wp-content\/uploads\/2026\/05\/M-j4-vs-BAL-225x300.png 225w, https:\/\/ffcv.es\/wp\/wp-content\/uploads\/2026\/05\/M-j4-vs-BAL-1152x1536.png 1152w, https:\/\/ffcv.es\/wp\/wp-content\/uploads\/2026\/05\/M-j4-vs-BAL-1536x2048.png 1536w, https:\/\/ffcv.es\/wp\/wp-content\/uploads\/2026\/05\/M-j4-vs-BAL-140x187.png 140w, https:\/\/ffcv.es\/wp\/wp-content\/uploads\/2026\/05\/M-j4-vs-BAL-1170x1560.png 1170w\" data-sizes=\"(max-width: 768px) 100vw, 768px\" src=\"data:image\/gif;base64,R0lGODlhAQABAAAAACH5BAEKAAEALAAAAAABAAEAAAICTAEAOw==\" style=\"--smush-placeholder-width: 768px; --smush-placeholder-aspect-ratio: 768\/1024;\" \/><noscript><img loading=\"lazy\" decoding=\"async\" width=\"768\" height=\"1024\" data-id=\"197020\" src=\"https:\/\/ffcv.es\/wp\/wp-content\/uploads\/2026\/05\/M-j4-vs-BAL-768x1024.png\" alt=\"\" class=\"wp-image-197020\" srcset=\"https:\/\/ffcv.es\/wp\/wp-content\/uploads\/2026\/05\/M-j4-vs-BAL-768x1024.png 768w, https:\/\/ffcv.es\/wp\/wp-content\/uploads\/2026\/05\/M-j4-vs-BAL-225x300.png 225w, https:\/\/ffcv.es\/wp\/wp-content\/uploads\/2026\/05\/M-j4-vs-BAL-1152x1536.png 1152w, https:\/\/ffcv.es\/wp\/wp-content\/uploads\/2026\/05\/M-j4-vs-BAL-1536x2048.png 1536w, https:\/\/ffcv.es\/wp\/wp-content\/uploads\/2026\/05\/M-j4-vs-BAL-140x187.png 140w, https:\/\/ffcv.es\/wp\/wp-content\/uploads\/2026\/05\/M-j4-vs-BAL-1170x1560.png 1170w\" sizes=\"(max-width: 768px) 100vw, 768px\" \/><\/noscript><\/a><\/figure>\n<\/figure>\n\n\n\n<h2 class=\"wp-block-heading\">Convocatoria oficial para #Benidorm2026<\/h2>\n\n\n\n<p>Esta es la convocatoria oficial de <strong>Jos\u00e9 Antonio Camacho<\/strong> para el <strong>Campeonato de Espa\u00f1a de Selecciones Auton\u00f3micas<\/strong>:<\/p>\n\n\n\n<figure class=\"wp-block-image size-large\"><img loading=\"lazy\" decoding=\"async\" width=\"1024\" height=\"576\" data-src=\"https:\/\/ffcv.es\/wp\/wp-content\/uploads\/2026\/04\/Convo-sub12-CAMACHO-1024x576.png\" alt=\"Convocatoria Selecci\u00f3 Masculina sub12 2026\" class=\"wp-image-196424 lazyload\" data-srcset=\"https:\/\/ffcv.es\/wp\/wp-content\/uploads\/2026\/04\/Convo-sub12-CAMACHO-1024x576.png 1024w, https:\/\/ffcv.es\/wp\/wp-content\/uploads\/2026\/04\/Convo-sub12-CAMACHO-300x169.png 300w, https:\/\/ffcv.es\/wp\/wp-content\/uploads\/2026\/04\/Convo-sub12-CAMACHO-768x432.png 768w, https:\/\/ffcv.es\/wp\/wp-content\/uploads\/2026\/04\/Convo-sub12-CAMACHO-1536x864.png 1536w, https:\/\/ffcv.es\/wp\/wp-content\/uploads\/2026\/04\/Convo-sub12-CAMACHO-2048x1152.png 2048w, https:\/\/ffcv.es\/wp\/wp-content\/uploads\/2026\/04\/Convo-sub12-CAMACHO-280x158.png 280w, https:\/\/ffcv.es\/wp\/wp-content\/uploads\/2026\/04\/Convo-sub12-CAMACHO-1170x658.png 1170w, https:\/\/ffcv.es\/wp\/wp-content\/uploads\/2026\/04\/Convo-sub12-CAMACHO.png 1920w\" data-sizes=\"(max-width: 1024px) 100vw, 1024px\" src=\"data:image\/gif;base64,R0lGODlhAQABAAAAACH5BAEKAAEALAAAAAABAAEAAAICTAEAOw==\" style=\"--smush-placeholder-width: 1024px; --smush-placeholder-aspect-ratio: 1024\/576;\" \/><noscript><img loading=\"lazy\" decoding=\"async\" width=\"1024\" height=\"576\" src=\"https:\/\/ffcv.es\/wp\/wp-content\/uploads\/2026\/04\/Convo-sub12-CAMACHO-1024x576.png\" alt=\"Convocatoria Selecci\u00f3 Masculina sub12 2026\" class=\"wp-image-196424\" srcset=\"https:\/\/ffcv.es\/wp\/wp-content\/uploads\/2026\/04\/Convo-sub12-CAMACHO-1024x576.png 1024w, https:\/\/ffcv.es\/wp\/wp-content\/uploads\/2026\/04\/Convo-sub12-CAMACHO-300x169.png 300w, https:\/\/ffcv.es\/wp\/wp-content\/uploads\/2026\/04\/Convo-sub12-CAMACHO-768x432.png 768w, https:\/\/ffcv.es\/wp\/wp-content\/uploads\/2026\/04\/Convo-sub12-CAMACHO-1536x864.png 1536w, https:\/\/ffcv.es\/wp\/wp-content\/uploads\/2026\/04\/Convo-sub12-CAMACHO-2048x1152.png 2048w, https:\/\/ffcv.es\/wp\/wp-content\/uploads\/2026\/04\/Convo-sub12-CAMACHO-280x158.png 280w, https:\/\/ffcv.es\/wp\/wp-content\/uploads\/2026\/04\/Convo-sub12-CAMACHO-1170x658.png 1170w, https:\/\/ffcv.es\/wp\/wp-content\/uploads\/2026\/04\/Convo-sub12-CAMACHO.png 1920w\" sizes=\"(max-width: 1024px) 100vw, 1024px\" \/><\/noscript><\/figure>\n\n\n\n<h2 class=\"wp-block-heading\">Consigue la camiseta AFICI\u00d3<\/h2>\n\n\n\n<p>Consigue la camiseta oficial&nbsp;<strong>AFICI\u00d3<\/strong>&nbsp;de la&nbsp;<strong>Selecci\u00f3 Valenciana<\/strong>&nbsp;<a href=\"https:\/\/www.futbolemotion.com\/es\/categoria\/colectivos\/equipaciones-oficiales-federacion-valenciana-de-futbol\">PINCHANDO AQU\u00cd<\/a><\/p>\n\n\n\n<figure class=\"wp-block-image\"><a href=\"https:\/\/www.futbolemotion.com\/es\/categoria\/colectivos\/equipaciones-oficiales-federacion-valenciana-de-futbol\"><img loading=\"lazy\" decoding=\"async\" width=\"819\" height=\"1024\" data-src=\"https:\/\/ffcv.es\/wp\/wp-content\/uploads\/2025\/12\/SEJ7758-819x1024.jpg\" alt=\"\" class=\"wp-image-184130 lazyload\" data-srcset=\"https:\/\/ffcv.es\/wp\/wp-content\/uploads\/2025\/12\/SEJ7758-819x1024.jpg 819w, https:\/\/ffcv.es\/wp\/wp-content\/uploads\/2025\/12\/SEJ7758-240x300.jpg 240w, https:\/\/ffcv.es\/wp\/wp-content\/uploads\/2025\/12\/SEJ7758-768x960.jpg 768w, https:\/\/ffcv.es\/wp\/wp-content\/uploads\/2025\/12\/SEJ7758-150x187.jpg 150w, https:\/\/ffcv.es\/wp\/wp-content\/uploads\/2025\/12\/SEJ7758.jpg 864w\" data-sizes=\"(max-width: 819px) 100vw, 819px\" src=\"data:image\/gif;base64,R0lGODlhAQABAAAAACH5BAEKAAEALAAAAAABAAEAAAICTAEAOw==\" style=\"--smush-placeholder-width: 819px; --smush-placeholder-aspect-ratio: 819\/1024;\" \/><noscript><img loading=\"lazy\" decoding=\"async\" width=\"819\" height=\"1024\" src=\"https:\/\/ffcv.es\/wp\/wp-content\/uploads\/2025\/12\/SEJ7758-819x1024.jpg\" alt=\"\" class=\"wp-image-184130\" srcset=\"https:\/\/ffcv.es\/wp\/wp-content\/uploads\/2025\/12\/SEJ7758-819x1024.jpg 819w, https:\/\/ffcv.es\/wp\/wp-content\/uploads\/2025\/12\/SEJ7758-240x300.jpg 240w, https:\/\/ffcv.es\/wp\/wp-content\/uploads\/2025\/12\/SEJ7758-768x960.jpg 768w, https:\/\/ffcv.es\/wp\/wp-content\/uploads\/2025\/12\/SEJ7758-150x187.jpg 150w, https:\/\/ffcv.es\/wp\/wp-content\/uploads\/2025\/12\/SEJ7758.jpg 864w\" sizes=\"(max-width: 819px) 100vw, 819px\" \/><\/noscript><\/a><\/figure>\n","protected":false},"excerpt":{"rendered":"<p>La Selecci\u00f3 Valenciana masculina sub12 no pudo con Catalunya en la final del Campeonato de Espa\u00f1a disputada en Benidorm. El conjunto dirigido por Jos\u00e9 Antonio Camacho se top\u00f3 con un delantero imperial y con dos porteros en estado de gracia. Destiny anot\u00f3 los dos tantos de su equipo (10&#8242; y 35&#8242;) y dio un recital<\/p>\n","protected":false},"author":15,"featured_media":197141,"comment_status":"closed","ping_status":"closed","sticky":false,"template":"","format":"standard","meta":{"om_disable_all_campaigns":false,"footnotes":""},"categories":[3452,1282],"tags":[758,1264,8655,6869,8666,1205,6541],"class_list":["post-197068","post","type-post","status-publish","format-standard","has-post-thumbnail","hentry","category-seleccio-valenciana-sub12","category-portada","tag-benidorm","tag-campeonato-espana-sub12","tag-cesa-sub12-benidorm","tag-cronica","tag-jornada-1","tag-seleccio-valenciana","tag-seleccio-valenciana-masculina-sub12"],"aioseo_notices":[],"_links":{"self":[{"href":"https:\/\/ffcv.es\/wp\/wp-json\/wp\/v2\/posts\/197068"}],"collection":[{"href":"https:\/\/ffcv.es\/wp\/wp-json\/wp\/v2\/posts"}],"about":[{"href":"https:\/\/ffcv.es\/wp\/wp-json\/wp\/v2\/types\/post"}],"author":[{"embeddable":true,"href":"https:\/\/ffcv.es\/wp\/wp-json\/wp\/v2\/users\/15"}],"replies":[{"embeddable":true,"href":"https:\/\/ffcv.es\/wp\/wp-json\/wp\/v2\/comments?post=197068"}],"version-history":[{"count":4,"href":"https:\/\/ffcv.es\/wp\/wp-json\/wp\/v2\/posts\/197068\/revisions"}],"predecessor-version":[{"id":197148,"href":"https:\/\/ffcv.es\/wp\/wp-json\/wp\/v2\/posts\/197068\/revisions\/197148"}],"wp:featuredmedia":[{"embeddable":true,"href":"https:\/\/ffcv.es\/wp\/wp-json\/wp\/v2\/media\/197141"}],"wp:attachment":[{"href":"https:\/\/ffcv.es\/wp\/wp-json\/wp\/v2\/media?parent=197068"}],"wp:term":[{"taxonomy":"category","embeddable":true,"href":"https:\/\/ffcv.es\/wp\/wp-json\/wp\/v2\/categories?post=197068"},{"taxonomy":"post_tag","embeddable":true,"href":"https:\/\/ffcv.es\/wp\/wp-json\/wp\/v2\/tags?post=197068"}],"curies":[{"name":"wp","href":"https:\/\/api.w.org\/{rel}","templated":true}]}}