{"id":196416,"date":"2026-04-27T20:56:17","date_gmt":"2026-04-27T18:56:17","guid":{"rendered":"https:\/\/ffcv.es\/wp\/?p=196416"},"modified":"2026-04-27T21:00:39","modified_gmt":"2026-04-27T19:00:39","slug":"convocatoria-oficial-esta-es-la-seleccio-valenciana-valenta-sub12-de-futbol-para-el-campeonato-de-espana-en-benidorm","status":"publish","type":"post","link":"https:\/\/ffcv.es\/wp\/blog\/2026\/04\/convocatoria-oficial-esta-es-la-seleccio-valenciana-valenta-sub12-de-futbol-para-el-campeonato-de-espana-en-benidorm\/","title":{"rendered":"CONVOCATORIA OFICIAL: Esta es la Selecci\u00f3 Valenciana Valenta sub12 de f\u00fatbol para  el Campeonato de Espa\u00f1a en Benidorm"},"content":{"rendered":"\n<p>La <strong>Federaci\u00f3 de Futbol de la Comunitat Valenciana<\/strong> ha hecho p\u00fablica la convocatoria oficial de la <strong>Selecci\u00f3 Valenciana Valenta sub12<\/strong> de f\u00fatbol que disputar\u00e1 el <strong>Campeonato de Espa\u00f1a<\/strong> este fin de semana en <strong>Benidorm<\/strong>.<\/p>\n\n\n\n<p>La seleccionadora<strong> Esther Romero<\/strong> ha convocado a estas 14 jugadoras que pelear\u00e1n por ser campeonas de <strong>Espa\u00f1a<\/strong> del 11 al 13 de abril, y revalidar el t\u00edtulo conseguido la pasada temporada.<\/p>\n\n\n\n<figure class=\"wp-block-image size-large\"><img loading=\"lazy\" decoding=\"async\" width=\"885\" height=\"1024\" data-src=\"https:\/\/ffcv.es\/wp\/wp-content\/uploads\/2026\/04\/Convo-sub12-ESTHER-1250-885x1024.png\" alt=\"\" class=\"wp-image-196422 lazyload\" data-srcset=\"https:\/\/ffcv.es\/wp\/wp-content\/uploads\/2026\/04\/Convo-sub12-ESTHER-1250-885x1024.png 885w, https:\/\/ffcv.es\/wp\/wp-content\/uploads\/2026\/04\/Convo-sub12-ESTHER-1250-259x300.png 259w, https:\/\/ffcv.es\/wp\/wp-content\/uploads\/2026\/04\/Convo-sub12-ESTHER-1250-768x889.png 768w, https:\/\/ffcv.es\/wp\/wp-content\/uploads\/2026\/04\/Convo-sub12-ESTHER-1250-1327x1536.png 1327w, https:\/\/ffcv.es\/wp\/wp-content\/uploads\/2026\/04\/Convo-sub12-ESTHER-1250-1769x2048.png 1769w, https:\/\/ffcv.es\/wp\/wp-content\/uploads\/2026\/04\/Convo-sub12-ESTHER-1250-162x187.png 162w, https:\/\/ffcv.es\/wp\/wp-content\/uploads\/2026\/04\/Convo-sub12-ESTHER-1250-1170x1354.png 1170w, https:\/\/ffcv.es\/wp\/wp-content\/uploads\/2026\/04\/Convo-sub12-ESTHER-1250.png 933w\" data-sizes=\"(max-width: 885px) 100vw, 885px\" src=\"data:image\/gif;base64,R0lGODlhAQABAAAAACH5BAEKAAEALAAAAAABAAEAAAICTAEAOw==\" style=\"--smush-placeholder-width: 885px; --smush-placeholder-aspect-ratio: 885\/1024;\" \/><noscript><img loading=\"lazy\" decoding=\"async\" width=\"885\" height=\"1024\" src=\"https:\/\/ffcv.es\/wp\/wp-content\/uploads\/2026\/04\/Convo-sub12-ESTHER-1250-885x1024.png\" alt=\"\" class=\"wp-image-196422\" srcset=\"https:\/\/ffcv.es\/wp\/wp-content\/uploads\/2026\/04\/Convo-sub12-ESTHER-1250-885x1024.png 885w, https:\/\/ffcv.es\/wp\/wp-content\/uploads\/2026\/04\/Convo-sub12-ESTHER-1250-259x300.png 259w, https:\/\/ffcv.es\/wp\/wp-content\/uploads\/2026\/04\/Convo-sub12-ESTHER-1250-768x889.png 768w, https:\/\/ffcv.es\/wp\/wp-content\/uploads\/2026\/04\/Convo-sub12-ESTHER-1250-1327x1536.png 1327w, https:\/\/ffcv.es\/wp\/wp-content\/uploads\/2026\/04\/Convo-sub12-ESTHER-1250-1769x2048.png 1769w, https:\/\/ffcv.es\/wp\/wp-content\/uploads\/2026\/04\/Convo-sub12-ESTHER-1250-162x187.png 162w, https:\/\/ffcv.es\/wp\/wp-content\/uploads\/2026\/04\/Convo-sub12-ESTHER-1250-1170x1354.png 1170w, https:\/\/ffcv.es\/wp\/wp-content\/uploads\/2026\/04\/Convo-sub12-ESTHER-1250.png 933w\" sizes=\"(max-width: 885px) 100vw, 885px\" \/><\/noscript><\/figure>\n\n\n\n<div data-wp-interactive=\"core\/file\" class=\"wp-block-file\"><object data-wp-bind--hidden=\"!state.hasPdfPreview\"  class=\"wp-block-file__embed\" data=\"https:\/\/ffcv.es\/wp\/wp-content\/uploads\/2026\/04\/CESA-SUB-12-BENIDORM-1.pdf\" type=\"application\/pdf\" style=\"width:100%;height:600px\" aria-label=\"Incrustado de CESA SUB-12 BENIDORM (1).\"><\/object><a id=\"wp-block-file--media-68c15005-aed9-441b-847d-1cf74fdda76d\" href=\"https:\/\/ffcv.es\/wp\/wp-content\/uploads\/2026\/04\/CESA-SUB-12-BENIDORM-1.pdf\">CESA SUB-12 BENIDORM (1)<\/a><a href=\"https:\/\/ffcv.es\/wp\/wp-content\/uploads\/2026\/04\/CESA-SUB-12-BENIDORM-1.pdf\" class=\"wp-block-file__button wp-element-button\" download aria-describedby=\"wp-block-file--media-68c15005-aed9-441b-847d-1cf74fdda76d\">Descarga<\/a><\/div>\n\n\n\n<h2 class=\"wp-block-heading\">Calendario y sedes<\/h2>\n\n\n\n<p><strong>Ceuta<\/strong>, <strong>Cantabria<\/strong>,&nbsp;<strong>Asturias e Illes Baleras<\/strong>&nbsp;integran el Grupo A junto a la&nbsp;<strong>Selecci\u00f3 Valenciana<\/strong>.<\/p>\n\n\n\n<h3 class=\"wp-block-heading\">\ud83d\udd39 Viernes 1 mayo<\/h3>\n\n\n\n<p>9:30h Ceuta \ud83c\udd9a Selecci\u00f3 Valenciana (Guillermo Amor 1)<\/p>\n\n\n\n<p>11:45h Cantabria \ud83c\udd9a Selecci\u00f3 Valenciana (Guillermo Amor 1)<\/p>\n\n\n\n<p>18:00h Selecci\u00f3 Valenciana \ud83c\udd9a Asturias (Miguel Mart\u00ednez Munuera 2)<\/p>\n\n\n\n<h3 class=\"wp-block-heading\">\ud83d\udd39 S\u00e1bado 2 mayo<\/h3>\n\n\n\n<p>9:30h Selecci\u00f3 Valenciana \ud83c\udd9a Illes Balears (Miguel Mart\u00ednez Munuera 1)<\/p>\n\n\n\n<p>17:30h Cuartos de final \ud83c\udd9a primeras Grupo A (Guillermo Amor 1)<\/p>\n\n\n\n<p>18:35h Cuartos de final \ud83c\udd9a segundas Grupo A (Guillermo Amor 1)<\/p>\n\n\n\n<h3 class=\"wp-block-heading\">\ud83d\udd39 Domingo 13 abril<\/h3>\n\n\n\n<p>10:00h Semifinales (Guillermo Amor)<\/p>\n\n\n\n<p>12:00h Final (Guillermo Amor 1)<\/p>\n\n\n\n<p><\/p>\n\n\n\n<figure class=\"wp-block-image size-large\"><img loading=\"lazy\" decoding=\"async\" width=\"1024\" height=\"683\" data-src=\"https:\/\/ffcv.es\/wp\/wp-content\/uploads\/2025\/04\/IMG_9538-1024x683.jpg\" alt=\"\" class=\"wp-image-156737 lazyload\" data-srcset=\"https:\/\/ffcv.es\/wp\/wp-content\/uploads\/2025\/04\/IMG_9538-1024x683.jpg 1024w, https:\/\/ffcv.es\/wp\/wp-content\/uploads\/2025\/04\/IMG_9538-300x200.jpg 300w, https:\/\/ffcv.es\/wp\/wp-content\/uploads\/2025\/04\/IMG_9538-768x512.jpg 768w, https:\/\/ffcv.es\/wp\/wp-content\/uploads\/2025\/04\/IMG_9538-1536x1024.jpg 1536w, https:\/\/ffcv.es\/wp\/wp-content\/uploads\/2025\/04\/IMG_9538-2048x1365.jpg 2048w, https:\/\/ffcv.es\/wp\/wp-content\/uploads\/2025\/04\/IMG_9538-280x187.jpg 280w, https:\/\/ffcv.es\/wp\/wp-content\/uploads\/2025\/04\/IMG_9538-1170x780.jpg 1170w, https:\/\/ffcv.es\/wp\/wp-content\/uploads\/2025\/04\/IMG_9538-scaled.jpg 1620w\" data-sizes=\"(max-width: 1024px) 100vw, 1024px\" src=\"data:image\/gif;base64,R0lGODlhAQABAAAAACH5BAEKAAEALAAAAAABAAEAAAICTAEAOw==\" style=\"--smush-placeholder-width: 1024px; --smush-placeholder-aspect-ratio: 1024\/683;\" \/><noscript><img loading=\"lazy\" decoding=\"async\" width=\"1024\" height=\"683\" src=\"https:\/\/ffcv.es\/wp\/wp-content\/uploads\/2025\/04\/IMG_9538-1024x683.jpg\" alt=\"\" class=\"wp-image-156737\" srcset=\"https:\/\/ffcv.es\/wp\/wp-content\/uploads\/2025\/04\/IMG_9538-1024x683.jpg 1024w, https:\/\/ffcv.es\/wp\/wp-content\/uploads\/2025\/04\/IMG_9538-300x200.jpg 300w, https:\/\/ffcv.es\/wp\/wp-content\/uploads\/2025\/04\/IMG_9538-768x512.jpg 768w, https:\/\/ffcv.es\/wp\/wp-content\/uploads\/2025\/04\/IMG_9538-1536x1024.jpg 1536w, https:\/\/ffcv.es\/wp\/wp-content\/uploads\/2025\/04\/IMG_9538-2048x1365.jpg 2048w, https:\/\/ffcv.es\/wp\/wp-content\/uploads\/2025\/04\/IMG_9538-280x187.jpg 280w, https:\/\/ffcv.es\/wp\/wp-content\/uploads\/2025\/04\/IMG_9538-1170x780.jpg 1170w, https:\/\/ffcv.es\/wp\/wp-content\/uploads\/2025\/04\/IMG_9538-scaled.jpg 1620w\" sizes=\"(max-width: 1024px) 100vw, 1024px\" \/><\/noscript><figcaption class=\"wp-element-caption\">Esther Romero, seleccionadora auton\u00f3mica sub-12 de f\u00fatbol.<\/figcaption><\/figure>\n\n\n\n<h2 class=\"wp-block-heading\">Cuartos de final, el \u00faltimo precedente<\/h2>\n\n\n\n<p>En la pasada edici\u00f3n de este <strong>CNSA<\/strong>, la <strong>Selecci\u00f3 Valenciana<\/strong> <strong>Valenta<\/strong>, dirigida tambi\u00e9n por <strong>Esther Romero<\/strong>, cay\u00f3 en los cuartos de final frente a <strong>Andaluc\u00eda<\/strong> por un gol a tres.<\/p>\n\n\n\n<figure class=\"wp-block-embed is-type-wp-embed is-provider-ffcv wp-block-embed-ffcv\"><div class=\"wp-block-embed__wrapper\">\n<blockquote class=\"wp-embedded-content\" data-secret=\"8Vs2hRgN5r\"><a href=\"https:\/\/ffcv.es\/wp\/blog\/2025\/04\/la-vigente-campeona-deja-el-campeonato-de-espana-con-la-cabeza-alta-la-seleccio-valenciana-valenta-sub12-cae-en-cuartos-de-final-contra-andalucia-madrid2025\/\">La vigente campeona deja el Campeonato de Espa\u00f1a con la cabeza alta &#8211; La Selecci\u00f3 Valenciana Valenta sub12 cae en cuartos de final contra Andaluc\u00eda #Madrid2025<\/a><\/blockquote><iframe loading=\"lazy\" class=\"wp-embedded-content lazyload\" sandbox=\"allow-scripts\" security=\"restricted\" style=\"position: absolute; visibility: hidden;\" title=\"\u00abLa vigente campeona deja el Campeonato de Espa\u00f1a con la cabeza alta &#8211; La Selecci\u00f3 Valenciana Valenta sub12 cae en cuartos de final contra Andaluc\u00eda #Madrid2025\u00bb \u2014 FFCV\" data-src=\"https:\/\/ffcv.es\/wp\/blog\/2025\/04\/la-vigente-campeona-deja-el-campeonato-de-espana-con-la-cabeza-alta-la-seleccio-valenciana-valenta-sub12-cae-en-cuartos-de-final-contra-andalucia-madrid2025\/embed\/#?secret=ulOdMTccmv#?secret=8Vs2hRgN5r\" data-secret=\"8Vs2hRgN5r\" width=\"500\" height=\"282\" frameborder=\"0\" marginwidth=\"0\" marginheight=\"0\" scrolling=\"no\" src=\"data:image\/gif;base64,R0lGODlhAQABAAAAACH5BAEKAAEALAAAAAABAAEAAAICTAEAOw==\" data-load-mode=\"1\"><\/iframe>\n<\/div><\/figure>\n\n\n\n<p><\/p>\n","protected":false},"excerpt":{"rendered":"<p>La Federaci\u00f3 de Futbol de la Comunitat Valenciana ha hecho p\u00fablica la convocatoria oficial de la Selecci\u00f3 Valenciana Valenta sub12 de f\u00fatbol que disputar\u00e1 el Campeonato de Espa\u00f1a este fin de semana en Benidorm. La seleccionadora Esther Romero ha convocado a estas 14 jugadoras que pelear\u00e1n por ser campeonas de Espa\u00f1a del 11 al 13<\/p>\n","protected":false},"author":15,"featured_media":196417,"comment_status":"closed","ping_status":"closed","sticky":false,"template":"","format":"standard","meta":{"om_disable_all_campaigns":false,"footnotes":""},"categories":[16,3442,72,1282],"tags":[758,189,8395,7628,3587,6471],"class_list":["post-196416","post","type-post","status-publish","format-standard","has-post-thumbnail","hentry","category-actualidad","category-noticias-seleccio-valenta-sub12","category-noticias-selecciones","category-portada","tag-benidorm","tag-campeonato-de-espana","tag-cesa","tag-esther-romero","tag-seleccio-valenciana-sub12","tag-seleccio-valenciana-valenta-sub12"],"aioseo_notices":[],"_links":{"self":[{"href":"https:\/\/ffcv.es\/wp\/wp-json\/wp\/v2\/posts\/196416"}],"collection":[{"href":"https:\/\/ffcv.es\/wp\/wp-json\/wp\/v2\/posts"}],"about":[{"href":"https:\/\/ffcv.es\/wp\/wp-json\/wp\/v2\/types\/post"}],"author":[{"embeddable":true,"href":"https:\/\/ffcv.es\/wp\/wp-json\/wp\/v2\/users\/15"}],"replies":[{"embeddable":true,"href":"https:\/\/ffcv.es\/wp\/wp-json\/wp\/v2\/comments?post=196416"}],"version-history":[{"count":2,"href":"https:\/\/ffcv.es\/wp\/wp-json\/wp\/v2\/posts\/196416\/revisions"}],"predecessor-version":[{"id":196460,"href":"https:\/\/ffcv.es\/wp\/wp-json\/wp\/v2\/posts\/196416\/revisions\/196460"}],"wp:featuredmedia":[{"embeddable":true,"href":"https:\/\/ffcv.es\/wp\/wp-json\/wp\/v2\/media\/196417"}],"wp:attachment":[{"href":"https:\/\/ffcv.es\/wp\/wp-json\/wp\/v2\/media?parent=196416"}],"wp:term":[{"taxonomy":"category","embeddable":true,"href":"https:\/\/ffcv.es\/wp\/wp-json\/wp\/v2\/categories?post=196416"},{"taxonomy":"post_tag","embeddable":true,"href":"https:\/\/ffcv.es\/wp\/wp-json\/wp\/v2\/tags?post=196416"}],"curies":[{"name":"wp","href":"https:\/\/api.w.org\/{rel}","templated":true}]}}