{"id":196210,"date":"2026-04-23T14:50:20","date_gmt":"2026-04-23T12:50:20","guid":{"rendered":"https:\/\/ffcv.es\/wp\/?p=196210"},"modified":"2026-04-23T14:50:21","modified_gmt":"2026-04-23T12:50:21","slug":"convocatoria-amistoso-de-la-seleccio-valenciana-valenta-sub12-de-futbol-sala-ante-el-cd-dominicos-infantil","status":"publish","type":"post","link":"https:\/\/ffcv.es\/wp\/blog\/2026\/04\/convocatoria-amistoso-de-la-seleccio-valenciana-valenta-sub12-de-futbol-sala-ante-el-cd-dominicos-infantil\/","title":{"rendered":"CONVOCATORIA: Amistoso de la Selecci\u00f3 Valenciana Valenta sub12 de f\u00fatbol sala ante el CD Dominicos infantil"},"content":{"rendered":"\n<p>La <strong>Federaci\u00f3 de Futbol de la Comunitat Valenciana<\/strong> ha hecho p\u00fablica la convocatoria de la temporada de la <strong>Selecci\u00f3 Valenciana Valenta sub12 de f\u00fatbol sala<\/strong>.<\/p>\n\n\n\n<p>El seleccionador <strong>\u00c1lex Mart\u00ednez<\/strong> ha convocado a 15 jugadoras para el amistoso del pr\u00f3ximo lunes 27 de abril en el pabell\u00f3n <strong>SUMA Alfafar<\/strong> ante el equipo infantil del <strong>CD Dominicos<\/strong>. <\/p>\n\n\n\n<div data-wp-interactive=\"core\/file\" class=\"wp-block-file\"><object data-wp-bind--hidden=\"!state.hasPdfPreview\"  class=\"wp-block-file__embed\" data=\"https:\/\/ffcv.es\/wp\/wp-content\/uploads\/2026\/04\/CONV.-SUB-12-VALENTA-FS-ALFAFAR-2.pdf\" type=\"application\/pdf\" style=\"width:100%;height:600px\" aria-label=\"Incrustado de CONV. SUB-12 VALENTA FS ALFAFAR.\"><\/object><a id=\"wp-block-file--media-170bb3fb-819f-4327-94f0-09eca7ca5684\" href=\"https:\/\/ffcv.es\/wp\/wp-content\/uploads\/2026\/04\/CONV.-SUB-12-VALENTA-FS-ALFAFAR-2.pdf\">CONV. SUB-12 VALENTA FS ALFAFAR<\/a><a href=\"https:\/\/ffcv.es\/wp\/wp-content\/uploads\/2026\/04\/CONV.-SUB-12-VALENTA-FS-ALFAFAR-2.pdf\" class=\"wp-block-file__button wp-element-button\" download aria-describedby=\"wp-block-file--media-170bb3fb-819f-4327-94f0-09eca7ca5684\">Descarga<\/a><\/div>\n\n\n\n<p>El pasado mes de diciembre esta <strong>Selecci\u00f3<\/strong> comenz\u00f3 a preparar el <strong>Campeonato de Espa\u00f1a<\/strong> de la categor\u00eda en el que competir\u00e1 por primera vez en la historia de la <strong>FFCV<\/strong>.<\/p>\n\n\n\n<p>Ser\u00e1 en la <strong>Comunidad de Madrid <\/strong>del 12 al 17 de mayo.<\/p>\n\n\n\n<figure class=\"wp-block-gallery has-nested-images columns-default is-cropped wp-block-gallery-1 is-layout-flex wp-block-gallery-is-layout-flex\">\n<figure class=\"wp-block-image size-large\"><img loading=\"lazy\" decoding=\"async\" width=\"1024\" height=\"768\" data-id=\"194947\" data-src=\"https:\/\/ffcv.es\/wp\/wp-content\/uploads\/2026\/04\/30-mar-Amistoso-Seleccio-Valenciana-Valenta-sub12-vs-CD-Esclavas-en-SUMA-Alfafar-1024x768.jpeg\" alt=\"\" class=\"wp-image-194947 lazyload\" data-srcset=\"https:\/\/ffcv.es\/wp\/wp-content\/uploads\/2026\/04\/30-mar-Amistoso-Seleccio-Valenciana-Valenta-sub12-vs-CD-Esclavas-en-SUMA-Alfafar-1024x768.jpeg 1024w, https:\/\/ffcv.es\/wp\/wp-content\/uploads\/2026\/04\/30-mar-Amistoso-Seleccio-Valenciana-Valenta-sub12-vs-CD-Esclavas-en-SUMA-Alfafar-300x225.jpeg 300w, https:\/\/ffcv.es\/wp\/wp-content\/uploads\/2026\/04\/30-mar-Amistoso-Seleccio-Valenciana-Valenta-sub12-vs-CD-Esclavas-en-SUMA-Alfafar-768x576.jpeg 768w, https:\/\/ffcv.es\/wp\/wp-content\/uploads\/2026\/04\/30-mar-Amistoso-Seleccio-Valenciana-Valenta-sub12-vs-CD-Esclavas-en-SUMA-Alfafar-1536x1152.jpeg 1536w, https:\/\/ffcv.es\/wp\/wp-content\/uploads\/2026\/04\/30-mar-Amistoso-Seleccio-Valenciana-Valenta-sub12-vs-CD-Esclavas-en-SUMA-Alfafar-249x187.jpeg 249w, https:\/\/ffcv.es\/wp\/wp-content\/uploads\/2026\/04\/30-mar-Amistoso-Seleccio-Valenciana-Valenta-sub12-vs-CD-Esclavas-en-SUMA-Alfafar-1170x878.jpeg 1170w, https:\/\/ffcv.es\/wp\/wp-content\/uploads\/2026\/04\/30-mar-Amistoso-Seleccio-Valenciana-Valenta-sub12-vs-CD-Esclavas-en-SUMA-Alfafar.jpeg 1600w\" data-sizes=\"(max-width: 1024px) 100vw, 1024px\" src=\"data:image\/gif;base64,R0lGODlhAQABAAAAACH5BAEKAAEALAAAAAABAAEAAAICTAEAOw==\" style=\"--smush-placeholder-width: 1024px; --smush-placeholder-aspect-ratio: 1024\/768;\" \/><noscript><img loading=\"lazy\" decoding=\"async\" width=\"1024\" height=\"768\" data-id=\"194947\" src=\"https:\/\/ffcv.es\/wp\/wp-content\/uploads\/2026\/04\/30-mar-Amistoso-Seleccio-Valenciana-Valenta-sub12-vs-CD-Esclavas-en-SUMA-Alfafar-1024x768.jpeg\" alt=\"\" class=\"wp-image-194947\" srcset=\"https:\/\/ffcv.es\/wp\/wp-content\/uploads\/2026\/04\/30-mar-Amistoso-Seleccio-Valenciana-Valenta-sub12-vs-CD-Esclavas-en-SUMA-Alfafar-1024x768.jpeg 1024w, https:\/\/ffcv.es\/wp\/wp-content\/uploads\/2026\/04\/30-mar-Amistoso-Seleccio-Valenciana-Valenta-sub12-vs-CD-Esclavas-en-SUMA-Alfafar-300x225.jpeg 300w, https:\/\/ffcv.es\/wp\/wp-content\/uploads\/2026\/04\/30-mar-Amistoso-Seleccio-Valenciana-Valenta-sub12-vs-CD-Esclavas-en-SUMA-Alfafar-768x576.jpeg 768w, https:\/\/ffcv.es\/wp\/wp-content\/uploads\/2026\/04\/30-mar-Amistoso-Seleccio-Valenciana-Valenta-sub12-vs-CD-Esclavas-en-SUMA-Alfafar-1536x1152.jpeg 1536w, https:\/\/ffcv.es\/wp\/wp-content\/uploads\/2026\/04\/30-mar-Amistoso-Seleccio-Valenciana-Valenta-sub12-vs-CD-Esclavas-en-SUMA-Alfafar-249x187.jpeg 249w, https:\/\/ffcv.es\/wp\/wp-content\/uploads\/2026\/04\/30-mar-Amistoso-Seleccio-Valenciana-Valenta-sub12-vs-CD-Esclavas-en-SUMA-Alfafar-1170x878.jpeg 1170w, https:\/\/ffcv.es\/wp\/wp-content\/uploads\/2026\/04\/30-mar-Amistoso-Seleccio-Valenciana-Valenta-sub12-vs-CD-Esclavas-en-SUMA-Alfafar.jpeg 1600w\" sizes=\"(max-width: 1024px) 100vw, 1024px\" \/><\/noscript><figcaption class=\"wp-element-caption\">Jugadoras convocadas el pasado 30 de marzo para el amistoso ante el CD Esclavas.<\/figcaption><\/figure>\n<\/figure>\n\n\n\n<h2 class=\"wp-block-heading\"><strong>Canal Telegram exclusivo futsal FFCV<\/strong><\/h2>\n\n\n\n<figure class=\"wp-block-image\"><a href=\"https:\/\/t.me\/somFutsal\"><img loading=\"lazy\" decoding=\"async\" width=\"1024\" height=\"341\" data-src=\"https:\/\/ffcv.es\/wp\/wp-content\/uploads\/2024\/06\/tw-cabecera_Mesa-de-trabajo-1-1024x341.png\" alt=\"\" class=\"wp-image-138634 lazyload\" data-srcset=\"https:\/\/ffcv.es\/wp\/wp-content\/uploads\/2024\/06\/tw-cabecera_Mesa-de-trabajo-1-1024x341.png 1024w, https:\/\/ffcv.es\/wp\/wp-content\/uploads\/2024\/06\/tw-cabecera_Mesa-de-trabajo-1-300x100.png 300w, https:\/\/ffcv.es\/wp\/wp-content\/uploads\/2024\/06\/tw-cabecera_Mesa-de-trabajo-1-768x256.png 768w, https:\/\/ffcv.es\/wp\/wp-content\/uploads\/2024\/06\/tw-cabecera_Mesa-de-trabajo-1-1536x512.png 1536w, https:\/\/ffcv.es\/wp\/wp-content\/uploads\/2024\/06\/tw-cabecera_Mesa-de-trabajo-1-2048x683.png 2048w, https:\/\/ffcv.es\/wp\/wp-content\/uploads\/2024\/06\/tw-cabecera_Mesa-de-trabajo-1-280x93.png 280w, https:\/\/ffcv.es\/wp\/wp-content\/uploads\/2024\/06\/tw-cabecera_Mesa-de-trabajo-1-1170x390.png 1170w, https:\/\/ffcv.es\/wp\/wp-content\/uploads\/2024\/06\/tw-cabecera_Mesa-de-trabajo-1.png 1920w\" data-sizes=\"(max-width: 1024px) 100vw, 1024px\" src=\"data:image\/gif;base64,R0lGODlhAQABAAAAACH5BAEKAAEALAAAAAABAAEAAAICTAEAOw==\" style=\"--smush-placeholder-width: 1024px; --smush-placeholder-aspect-ratio: 1024\/341;\" \/><noscript><img loading=\"lazy\" decoding=\"async\" width=\"1024\" height=\"341\" src=\"https:\/\/ffcv.es\/wp\/wp-content\/uploads\/2024\/06\/tw-cabecera_Mesa-de-trabajo-1-1024x341.png\" alt=\"\" class=\"wp-image-138634\" srcset=\"https:\/\/ffcv.es\/wp\/wp-content\/uploads\/2024\/06\/tw-cabecera_Mesa-de-trabajo-1-1024x341.png 1024w, https:\/\/ffcv.es\/wp\/wp-content\/uploads\/2024\/06\/tw-cabecera_Mesa-de-trabajo-1-300x100.png 300w, https:\/\/ffcv.es\/wp\/wp-content\/uploads\/2024\/06\/tw-cabecera_Mesa-de-trabajo-1-768x256.png 768w, https:\/\/ffcv.es\/wp\/wp-content\/uploads\/2024\/06\/tw-cabecera_Mesa-de-trabajo-1-1536x512.png 1536w, https:\/\/ffcv.es\/wp\/wp-content\/uploads\/2024\/06\/tw-cabecera_Mesa-de-trabajo-1-2048x683.png 2048w, https:\/\/ffcv.es\/wp\/wp-content\/uploads\/2024\/06\/tw-cabecera_Mesa-de-trabajo-1-280x93.png 280w, https:\/\/ffcv.es\/wp\/wp-content\/uploads\/2024\/06\/tw-cabecera_Mesa-de-trabajo-1-1170x390.png 1170w, https:\/\/ffcv.es\/wp\/wp-content\/uploads\/2024\/06\/tw-cabecera_Mesa-de-trabajo-1.png 1920w\" sizes=\"(max-width: 1024px) 100vw, 1024px\" \/><\/noscript><\/a><\/figure>\n\n\n\n<p><em>Para estar al d\u00eda de todas las novedades sobre el f\u00fatbol sala en la Comunitat Valenciana sigue el&nbsp;<strong>CANAL DE TELEGRAM&nbsp;<\/strong>oficial de la FFCV y&nbsp;<strong>exclusivo de futsal<\/strong>&nbsp;#somFutsal | FFCV&nbsp;<\/em><\/p>\n\n\n\n<p><em><strong>S\u00edguelo pinchando<\/strong>&nbsp;<strong>AQU\u00cd<\/strong>&nbsp;\u279c&nbsp;<a href=\"https:\/\/t.me\/somFutsal\">https:\/\/t.me\/somFutsal<\/a><\/em><\/p>\n","protected":false},"excerpt":{"rendered":"<p>La Federaci\u00f3 de Futbol de la Comunitat Valenciana ha hecho p\u00fablica la convocatoria de la temporada de la Selecci\u00f3 Valenciana Valenta sub12 de f\u00fatbol sala. El seleccionador \u00c1lex Mart\u00ednez ha convocado a 15 jugadoras para el amistoso del pr\u00f3ximo lunes 27 de abril en el pabell\u00f3n SUMA Alfafar ante el equipo infantil del CD Dominicos.<\/p>\n","protected":false},"author":16,"featured_media":166341,"comment_status":"closed","ping_status":"closed","sticky":false,"template":"","format":"standard","meta":{"om_disable_all_campaigns":false,"footnotes":""},"categories":[3765,4,72],"tags":[7046,121,3724,102,51,6471,8050],"class_list":["post-196210","post","type-post","status-publish","format-standard","has-post-thumbnail","hentry","category-seleccio-valenta-futsal-sub12","category-noticias-futbol-sala","category-noticias-selecciones","tag-alex-martinez-es","tag-amistoso","tag-cd-dominicos","tag-convocatoria","tag-futbol-sala","tag-seleccio-valenciana-valenta-sub12","tag-suma-alfafar"],"aioseo_notices":[],"_links":{"self":[{"href":"https:\/\/ffcv.es\/wp\/wp-json\/wp\/v2\/posts\/196210"}],"collection":[{"href":"https:\/\/ffcv.es\/wp\/wp-json\/wp\/v2\/posts"}],"about":[{"href":"https:\/\/ffcv.es\/wp\/wp-json\/wp\/v2\/types\/post"}],"author":[{"embeddable":true,"href":"https:\/\/ffcv.es\/wp\/wp-json\/wp\/v2\/users\/16"}],"replies":[{"embeddable":true,"href":"https:\/\/ffcv.es\/wp\/wp-json\/wp\/v2\/comments?post=196210"}],"version-history":[{"count":1,"href":"https:\/\/ffcv.es\/wp\/wp-json\/wp\/v2\/posts\/196210\/revisions"}],"predecessor-version":[{"id":196216,"href":"https:\/\/ffcv.es\/wp\/wp-json\/wp\/v2\/posts\/196210\/revisions\/196216"}],"wp:featuredmedia":[{"embeddable":true,"href":"https:\/\/ffcv.es\/wp\/wp-json\/wp\/v2\/media\/166341"}],"wp:attachment":[{"href":"https:\/\/ffcv.es\/wp\/wp-json\/wp\/v2\/media?parent=196210"}],"wp:term":[{"taxonomy":"category","embeddable":true,"href":"https:\/\/ffcv.es\/wp\/wp-json\/wp\/v2\/categories?post=196210"},{"taxonomy":"post_tag","embeddable":true,"href":"https:\/\/ffcv.es\/wp\/wp-json\/wp\/v2\/tags?post=196210"}],"curies":[{"name":"wp","href":"https:\/\/api.w.org\/{rel}","templated":true}]}}