{"id":19535,"date":"2018-03-08T10:19:08","date_gmt":"2018-03-08T10:19:08","guid":{"rendered":"https:\/\/ffcv.es\/wp\/?p=19535"},"modified":"2018-03-08T10:19:08","modified_gmt":"2018-03-08T10:19:08","slug":"nuevo-curso-arbitro-futbol-elda","status":"publish","type":"post","link":"https:\/\/ffcv.es\/wp\/blog\/2018\/03\/nuevo-curso-arbitro-futbol-elda\/","title":{"rendered":"Nuevo Curso de \u00c1rbitro de F\u00fatbol en Elda"},"content":{"rendered":"<p>El Comit\u00e9 T\u00e9cnico de \u00c1rbitros de la Federaci\u00f3n de F\u00fatbol de la Comunidad Valenciana ha confirmado la celebraci\u00f3n de un nuevo Curso de Arbitro de F\u00fatbol para la Temporada 2018\/19, que se impartir\u00e1 la delegaci\u00f3n de Elda a partir del pr\u00f3ximo mes de septiembre.<\/p>\n<div align=\"center\"><script src=\"\/\/pagead2.googlesyndication.com\/pagead\/js\/adsbygoogle.js\" async=\"\"><\/script><!-- cabecera_paginas_adaptable --> <ins class=\"adsbygoogle\" style=\"display: block; background: none !important;\" data-ad-client=\"ca-pub-8508993344894927\" data-ad-slot=\"8273813495\" data-ad-format=\"auto\"><\/ins><script>\/\/ <![CDATA[\n(adsbygoogle = window.adsbygoogle || []).push({}); \/\/ ]]\n\/\/ ]]><\/script><\/div>\n<p class=\"alignnone\"><a href=\"https:\/\/ffcv.es\/wp\/wp-content\/uploads\/2017\/02\/saul-ais-reig-arbitro-e1520444326478.jpg\"><img loading=\"lazy\" decoding=\"async\" class=\"alignright size-medium wp-image-13242 lazyload\" data-src=\"https:\/\/ffcv.es\/wp\/wp-content\/uploads\/2017\/02\/saul-ais-reig-arbitro-e1520444326478-300x267.jpg\" alt=\"saul-ais-reig-arbitro\" width=\"300\" height=\"267\" data-srcset=\"https:\/\/ffcv.es\/wp\/wp-content\/uploads\/2017\/02\/saul-ais-reig-arbitro-e1520444326478-300x267.jpg 300w, https:\/\/ffcv.es\/wp\/wp-content\/uploads\/2017\/02\/saul-ais-reig-arbitro-e1520444326478.jpg 404w\" data-sizes=\"(max-width: 300px) 100vw, 300px\" src=\"data:image\/gif;base64,R0lGODlhAQABAAAAACH5BAEKAAEALAAAAAABAAEAAAICTAEAOw==\" style=\"--smush-placeholder-width: 300px; --smush-placeholder-aspect-ratio: 300\/267;\" \/><noscript><img loading=\"lazy\" decoding=\"async\" class=\"alignright size-medium wp-image-13242\" src=\"https:\/\/ffcv.es\/wp\/wp-content\/uploads\/2017\/02\/saul-ais-reig-arbitro-e1520444326478-300x267.jpg\" alt=\"saul-ais-reig-arbitro\" width=\"300\" height=\"267\" srcset=\"https:\/\/ffcv.es\/wp\/wp-content\/uploads\/2017\/02\/saul-ais-reig-arbitro-e1520444326478-300x267.jpg 300w, https:\/\/ffcv.es\/wp\/wp-content\/uploads\/2017\/02\/saul-ais-reig-arbitro-e1520444326478.jpg 404w\" sizes=\"(max-width: 300px) 100vw, 300px\" \/><\/noscript><\/a>Nueva oportunidad para formarse como \u00e1rbitro de f\u00fatbol con el Curso\u00a0que el CTA de la FFCV ha programado para el pr\u00f3ximo mes de Septiembre en el Valle del Medio Vinalopo, que se impartir\u00e1 en la sede de la FFCV de Elda (C\/ Uruguay, 12 Entlo.) en principio del 4 de septiembre al 24 de octubre de 2018, <span style=\"font-weight: 400;\"> los d\u00edas y horas de las clases lectivas se determinaran al comienzo del curso. Para optar a este nuevo curso, los candidatos deber\u00e1n tener entre 14 y 27 a\u00f1os y no disponer de licencia federativa de ning\u00fan tipo en ning\u00fan equipo de f\u00fatbol o f\u00fatbol sala para la pr\u00f3xima temporada 2018\/2019. Con el fin de formalizar la matr\u00edcula, los candidatos deber\u00e1n aportar certificado m\u00e9dico que les acredite para realizar las pruebas f\u00edsicas correspondientes -y los menores de edad, adem\u00e1s, una autorizaci\u00f3n de la madre, el padre o tutor legal junto a la solicitud-, as\u00ed como entregar en la delegaci\u00f3n antes de la fecha de comienzo del curso los impresos de formalizaci\u00f3n de matr\u00edcula debidamente cumplimentados, fotocopia de DNI, fotograf\u00eda de tama\u00f1o carnet y abonar en efectivo la cantidad de 10\u20ac como Derechos de Matr\u00edcula y Material para la formalizaci\u00f3n de la matr\u00edcula en la misma delegaci\u00f3n antes del inicio del curso (cantidad que no ser\u00e1 devuelta en ninguna circunstancia).\u00a0<\/span>Para poder presentarse a los ex\u00e1menes finales ser\u00e1 requisito indispensable la asistencia -como m\u00ednimo- al 80 por ciento de las clases de las que se compone el curso. Para m\u00e1s informaci\u00f3n contacte con el CTA a trav\u00e9s del mail de ygonzalez@cta.ffcv.es<\/p>\n<p>Autor: Prensa FFCV<\/p>\n","protected":false},"excerpt":{"rendered":"<p>El Comit\u00e9 T\u00e9cnico de \u00c1rbitros de la Federaci\u00f3n de F\u00fatbol de la Comunidad Valenciana ha confirmado la celebraci\u00f3n de un nuevo Curso de Arbitro de F\u00fatbol para la Temporada 2018\/19, que se impartir\u00e1 la delegaci\u00f3n de Elda a partir del pr\u00f3ximo mes de septiembre. Nueva oportunidad para formarse como \u00e1rbitro de f\u00fatbol con el Curso\u00a0que<\/p>\n","protected":false},"author":5,"featured_media":13242,"comment_status":"closed","ping_status":"closed","sticky":false,"template":"","format":"standard","meta":{"om_disable_all_campaigns":false,"footnotes":""},"categories":[16,15,71,69],"tags":[929,396,201,366,334,935],"class_list":["post-19535","post","type-post","status-publish","format-standard","has-post-thumbnail","hentry","category-actualidad","category-cursos","category-noticias-arbitros-noticias-arbitros","category-noticias-ffcv","tag-arbitro","tag-comite-de-arbitros","tag-curso","tag-elda","tag-inscripcion","tag-matricula"],"aioseo_notices":[],"_links":{"self":[{"href":"https:\/\/ffcv.es\/wp\/wp-json\/wp\/v2\/posts\/19535"}],"collection":[{"href":"https:\/\/ffcv.es\/wp\/wp-json\/wp\/v2\/posts"}],"about":[{"href":"https:\/\/ffcv.es\/wp\/wp-json\/wp\/v2\/types\/post"}],"author":[{"embeddable":true,"href":"https:\/\/ffcv.es\/wp\/wp-json\/wp\/v2\/users\/5"}],"replies":[{"embeddable":true,"href":"https:\/\/ffcv.es\/wp\/wp-json\/wp\/v2\/comments?post=19535"}],"version-history":[{"count":2,"href":"https:\/\/ffcv.es\/wp\/wp-json\/wp\/v2\/posts\/19535\/revisions"}],"predecessor-version":[{"id":19552,"href":"https:\/\/ffcv.es\/wp\/wp-json\/wp\/v2\/posts\/19535\/revisions\/19552"}],"wp:featuredmedia":[{"embeddable":true,"href":"https:\/\/ffcv.es\/wp\/wp-json\/wp\/v2\/media\/13242"}],"wp:attachment":[{"href":"https:\/\/ffcv.es\/wp\/wp-json\/wp\/v2\/media?parent=19535"}],"wp:term":[{"taxonomy":"category","embeddable":true,"href":"https:\/\/ffcv.es\/wp\/wp-json\/wp\/v2\/categories?post=19535"},{"taxonomy":"post_tag","embeddable":true,"href":"https:\/\/ffcv.es\/wp\/wp-json\/wp\/v2\/tags?post=19535"}],"curies":[{"name":"wp","href":"https:\/\/api.w.org\/{rel}","templated":true}]}}