{"id":194139,"date":"2026-03-22T12:01:26","date_gmt":"2026-03-22T10:01:26","guid":{"rendered":"https:\/\/ffcv.es\/wp\/?p=194139"},"modified":"2026-03-22T12:01:28","modified_gmt":"2026-03-22T10:01:28","slug":"derrota-y-cuartas-de-espana-seleccio-valenciana-valenta-sub16-%f0%9f%86%9a-comunidad-de-madrid-1-2","status":"publish","type":"post","link":"https:\/\/ffcv.es\/wp\/blog\/2026\/03\/derrota-y-cuartas-de-espana-seleccio-valenciana-valenta-sub16-%f0%9f%86%9a-comunidad-de-madrid-1-2\/","title":{"rendered":"Derrota y cuartas de Espa\u00f1a  &#8211; Selecci\u00f3 Valenciana Valenta sub16 \ud83c\udd9a Comunidad de Madrid (1-2)"},"content":{"rendered":"\n<p>La<a href=\"https:\/\/ffcv.es\/wp\/blog\/2025\/02\/24\/convocatoria-oficial-estas-son-las-jugadoras-convocadas-por-la-seleccio-valenciana-valenta-sub16-de-futbol-para-la-fase-oro-en-zaragoza\/\" target=\"_blank\" rel=\"noopener\" title=\"\"> <\/a><strong><a href=\"https:\/\/ffcv.es\/wp\/seleccio-valenciana-valenta-futbol-sub17\/\" title=\"\">Selecci\u00f3 Valenciana Valenta sub16<\/a> <\/strong>finaliz\u00f3 en la cuarta plaza<strong> el Campeonato de Espa\u00f1a de Selecciones Auton\u00f3micas<\/strong> que se ha celebrado en <strong>Torrevieja<\/strong>.<\/p>\n\n\n\n<p>El equipo de <strong>Fernando Luna<\/strong>, que logr\u00f3 la machada en la \u00faltima jornada de la fase de clasificaci\u00f3n ante <strong>Andaluc\u00eda<\/strong> para meterse en semifinales, finaliz\u00f3 cuarta de la <strong>Primera Divisi\u00f3n<\/strong> tras caer ante <strong>Madrid<\/strong> en un partido muy igualado. <\/p>\n\n\n\n<p>El esfuerzo f\u00edsico y psicol\u00f3gico del pasado viernes y la goleada encajada ante <strong>Catalunya<\/strong> en la semifinal pesaron en las piernas y en la mente de las jugadoras, que lograron una meritoria cuarta posici\u00f3n.<\/p>\n\n\n\n<figure class=\"wp-block-image size-large\"><img loading=\"lazy\" decoding=\"async\" width=\"768\" height=\"1024\" data-src=\"https:\/\/ffcv.es\/wp\/wp-content\/uploads\/2026\/03\/resultado-sub16-tercer-cuarto-768x1024.jpeg\" alt=\"\" class=\"wp-image-194176 lazyload\" data-srcset=\"https:\/\/ffcv.es\/wp\/wp-content\/uploads\/2026\/03\/resultado-sub16-tercer-cuarto-768x1024.jpeg 768w, https:\/\/ffcv.es\/wp\/wp-content\/uploads\/2026\/03\/resultado-sub16-tercer-cuarto-225x300.jpeg 225w, https:\/\/ffcv.es\/wp\/wp-content\/uploads\/2026\/03\/resultado-sub16-tercer-cuarto-1152x1536.jpeg 1152w, https:\/\/ffcv.es\/wp\/wp-content\/uploads\/2026\/03\/resultado-sub16-tercer-cuarto-140x187.jpeg 140w, https:\/\/ffcv.es\/wp\/wp-content\/uploads\/2026\/03\/resultado-sub16-tercer-cuarto-1170x1560.jpeg 1170w, https:\/\/ffcv.es\/wp\/wp-content\/uploads\/2026\/03\/resultado-sub16-tercer-cuarto.jpeg 1200w\" data-sizes=\"(max-width: 768px) 100vw, 768px\" src=\"data:image\/gif;base64,R0lGODlhAQABAAAAACH5BAEKAAEALAAAAAABAAEAAAICTAEAOw==\" style=\"--smush-placeholder-width: 768px; --smush-placeholder-aspect-ratio: 768\/1024;\" \/><noscript><img loading=\"lazy\" decoding=\"async\" width=\"768\" height=\"1024\" src=\"https:\/\/ffcv.es\/wp\/wp-content\/uploads\/2026\/03\/resultado-sub16-tercer-cuarto-768x1024.jpeg\" alt=\"\" class=\"wp-image-194176\" srcset=\"https:\/\/ffcv.es\/wp\/wp-content\/uploads\/2026\/03\/resultado-sub16-tercer-cuarto-768x1024.jpeg 768w, https:\/\/ffcv.es\/wp\/wp-content\/uploads\/2026\/03\/resultado-sub16-tercer-cuarto-225x300.jpeg 225w, https:\/\/ffcv.es\/wp\/wp-content\/uploads\/2026\/03\/resultado-sub16-tercer-cuarto-1152x1536.jpeg 1152w, https:\/\/ffcv.es\/wp\/wp-content\/uploads\/2026\/03\/resultado-sub16-tercer-cuarto-140x187.jpeg 140w, https:\/\/ffcv.es\/wp\/wp-content\/uploads\/2026\/03\/resultado-sub16-tercer-cuarto-1170x1560.jpeg 1170w, https:\/\/ffcv.es\/wp\/wp-content\/uploads\/2026\/03\/resultado-sub16-tercer-cuarto.jpeg 1200w\" sizes=\"(max-width: 768px) 100vw, 768px\" \/><\/noscript><\/figure>\n\n\n\n<p>Por fin la ma\u00f1ana amaneci\u00f3 soleada y sin viento en la Ciudad Deportiva de <strong>Torrevieja<\/strong> y las gradas registraron un gran ambiente de f\u00fatbol. <\/p>\n\n\n\n<p>Antes de comenzar el partido se guard\u00f3 un minuto de silencio en memoria la ni\u00f1a de tres a\u00f1os asesinada en <strong>Torrevieja<\/strong> por su padre, tambi\u00e9n fallecido. <\/p>\n\n\n\n<figure class=\"wp-block-image size-large\"><img loading=\"lazy\" decoding=\"async\" width=\"1024\" height=\"683\" data-src=\"https:\/\/ffcv.es\/wp\/wp-content\/uploads\/2026\/03\/IMG_8190-1024x683.jpg\" alt=\"\" class=\"wp-image-194171 lazyload\" data-srcset=\"https:\/\/ffcv.es\/wp\/wp-content\/uploads\/2026\/03\/IMG_8190-1024x683.jpg 1024w, https:\/\/ffcv.es\/wp\/wp-content\/uploads\/2026\/03\/IMG_8190-300x200.jpg 300w, https:\/\/ffcv.es\/wp\/wp-content\/uploads\/2026\/03\/IMG_8190-768x512.jpg 768w, https:\/\/ffcv.es\/wp\/wp-content\/uploads\/2026\/03\/IMG_8190-1536x1024.jpg 1536w, https:\/\/ffcv.es\/wp\/wp-content\/uploads\/2026\/03\/IMG_8190-2048x1365.jpg 2048w, https:\/\/ffcv.es\/wp\/wp-content\/uploads\/2026\/03\/IMG_8190-280x187.jpg 280w, https:\/\/ffcv.es\/wp\/wp-content\/uploads\/2026\/03\/IMG_8190-1170x780.jpg 1170w, https:\/\/ffcv.es\/wp\/wp-content\/uploads\/2026\/03\/IMG_8190-scaled.jpg 1620w\" data-sizes=\"(max-width: 1024px) 100vw, 1024px\" src=\"data:image\/gif;base64,R0lGODlhAQABAAAAACH5BAEKAAEALAAAAAABAAEAAAICTAEAOw==\" style=\"--smush-placeholder-width: 1024px; --smush-placeholder-aspect-ratio: 1024\/683;\" \/><noscript><img loading=\"lazy\" decoding=\"async\" width=\"1024\" height=\"683\" src=\"https:\/\/ffcv.es\/wp\/wp-content\/uploads\/2026\/03\/IMG_8190-1024x683.jpg\" alt=\"\" class=\"wp-image-194171\" srcset=\"https:\/\/ffcv.es\/wp\/wp-content\/uploads\/2026\/03\/IMG_8190-1024x683.jpg 1024w, https:\/\/ffcv.es\/wp\/wp-content\/uploads\/2026\/03\/IMG_8190-300x200.jpg 300w, https:\/\/ffcv.es\/wp\/wp-content\/uploads\/2026\/03\/IMG_8190-768x512.jpg 768w, https:\/\/ffcv.es\/wp\/wp-content\/uploads\/2026\/03\/IMG_8190-1536x1024.jpg 1536w, https:\/\/ffcv.es\/wp\/wp-content\/uploads\/2026\/03\/IMG_8190-2048x1365.jpg 2048w, https:\/\/ffcv.es\/wp\/wp-content\/uploads\/2026\/03\/IMG_8190-280x187.jpg 280w, https:\/\/ffcv.es\/wp\/wp-content\/uploads\/2026\/03\/IMG_8190-1170x780.jpg 1170w, https:\/\/ffcv.es\/wp\/wp-content\/uploads\/2026\/03\/IMG_8190-scaled.jpg 1620w\" sizes=\"(max-width: 1024px) 100vw, 1024px\" \/><\/noscript><\/figure>\n\n\n\n<h2 class=\"wp-block-heading\">Dominio madrile\u00f1o<\/h2>\n\n\n\n<p>Una gran parada de <strong>Natalia Ram\u00f3n<\/strong> en el primer palo a disparo de <strong>Gabriela Garc\u00eda <\/strong>fue la primera acci\u00f3n destacada del partido. <\/p>\n\n\n\n<p>En el minuto 20, tras una falta no se\u00f1alada en el centro del campo, la jugadora del <strong>Atl\u00e9tico de Madrid<\/strong> <strong>Natalia Zorrilla<\/strong> cabalg\u00f3 por el flanco derecho, busc\u00f3 la frontal y dispar\u00f3 con la zurda ajustado al palo para marcar el primero de <strong>Madrid<\/strong>.<\/p>\n\n\n\n<p>Se pon\u00eda el partido cuesta arriba para el equipo de <strong>Fernando Luna <\/strong>ante un rival m\u00e1s suelto.<\/p>\n\n\n\n<figure class=\"wp-block-image size-large\"><img loading=\"lazy\" decoding=\"async\" width=\"1024\" height=\"441\" data-src=\"https:\/\/ffcv.es\/wp\/wp-content\/uploads\/2026\/03\/IMG_8220-1024x441.jpg\" alt=\"\" class=\"wp-image-194172 lazyload\" data-srcset=\"https:\/\/ffcv.es\/wp\/wp-content\/uploads\/2026\/03\/IMG_8220-1024x441.jpg 1024w, https:\/\/ffcv.es\/wp\/wp-content\/uploads\/2026\/03\/IMG_8220-300x129.jpg 300w, https:\/\/ffcv.es\/wp\/wp-content\/uploads\/2026\/03\/IMG_8220-768x331.jpg 768w, https:\/\/ffcv.es\/wp\/wp-content\/uploads\/2026\/03\/IMG_8220-1536x662.jpg 1536w, https:\/\/ffcv.es\/wp\/wp-content\/uploads\/2026\/03\/IMG_8220-2048x882.jpg 2048w, https:\/\/ffcv.es\/wp\/wp-content\/uploads\/2026\/03\/IMG_8220-280x121.jpg 280w, https:\/\/ffcv.es\/wp\/wp-content\/uploads\/2026\/03\/IMG_8220-1170x504.jpg 1170w, https:\/\/ffcv.es\/wp\/wp-content\/uploads\/2026\/03\/IMG_8220-scaled.jpg 1920w\" data-sizes=\"(max-width: 1024px) 100vw, 1024px\" src=\"data:image\/gif;base64,R0lGODlhAQABAAAAACH5BAEKAAEALAAAAAABAAEAAAICTAEAOw==\" style=\"--smush-placeholder-width: 1024px; --smush-placeholder-aspect-ratio: 1024\/441;\" \/><noscript><img loading=\"lazy\" decoding=\"async\" width=\"1024\" height=\"441\" src=\"https:\/\/ffcv.es\/wp\/wp-content\/uploads\/2026\/03\/IMG_8220-1024x441.jpg\" alt=\"\" class=\"wp-image-194172\" srcset=\"https:\/\/ffcv.es\/wp\/wp-content\/uploads\/2026\/03\/IMG_8220-1024x441.jpg 1024w, https:\/\/ffcv.es\/wp\/wp-content\/uploads\/2026\/03\/IMG_8220-300x129.jpg 300w, https:\/\/ffcv.es\/wp\/wp-content\/uploads\/2026\/03\/IMG_8220-768x331.jpg 768w, https:\/\/ffcv.es\/wp\/wp-content\/uploads\/2026\/03\/IMG_8220-1536x662.jpg 1536w, https:\/\/ffcv.es\/wp\/wp-content\/uploads\/2026\/03\/IMG_8220-2048x882.jpg 2048w, https:\/\/ffcv.es\/wp\/wp-content\/uploads\/2026\/03\/IMG_8220-280x121.jpg 280w, https:\/\/ffcv.es\/wp\/wp-content\/uploads\/2026\/03\/IMG_8220-1170x504.jpg 1170w, https:\/\/ffcv.es\/wp\/wp-content\/uploads\/2026\/03\/IMG_8220-scaled.jpg 1920w\" sizes=\"(max-width: 1024px) 100vw, 1024px\" \/><\/noscript><\/figure>\n\n\n\n<h2 class=\"wp-block-heading\">Reacci\u00f3n<\/h2>\n\n\n\n<p>Pero una gran jugada de<strong> Balma Villamar\u00edn<\/strong> enchuf\u00f3 al equipo.  La atacante grogueta sorte\u00f3 a tres rivales por banda izquierda y forz\u00f3 una falta al borde del \u00e1rea. <\/p>\n\n\n\n<p><strong>Mer\u00e7\u00e9 Mej\u00edas<\/strong>, con pierna derecha, busc\u00f3 en el golpe franco la escuadra derecha madrile\u00f1a y el bal\u00f3n se fue fuera por poco. Era la primera llegada con peligro de la <strong>Selecci\u00f3<\/strong>, en el 25&#8242; de partido.<\/p>\n\n\n\n<p>En el siguiente ataque, <strong>Mer\u00e7\u00e9<\/strong> filtr\u00f3 un pase de dibujos animados entre las centrales y la jugadora del <strong>Villarreal CF Mara Fern\u00e1ndez<\/strong> defini\u00f3 por arriba como una delantera. Empate justo.<\/p>\n\n\n\n<figure class=\"wp-block-image size-large\"><img loading=\"lazy\" decoding=\"async\" width=\"1024\" height=\"683\" data-src=\"https:\/\/ffcv.es\/wp\/wp-content\/uploads\/2026\/03\/IMG_8282-1024x683.jpg\" alt=\"\" class=\"wp-image-194170 lazyload\" data-srcset=\"https:\/\/ffcv.es\/wp\/wp-content\/uploads\/2026\/03\/IMG_8282-1024x683.jpg 1024w, https:\/\/ffcv.es\/wp\/wp-content\/uploads\/2026\/03\/IMG_8282-300x200.jpg 300w, https:\/\/ffcv.es\/wp\/wp-content\/uploads\/2026\/03\/IMG_8282-768x512.jpg 768w, https:\/\/ffcv.es\/wp\/wp-content\/uploads\/2026\/03\/IMG_8282-1536x1024.jpg 1536w, https:\/\/ffcv.es\/wp\/wp-content\/uploads\/2026\/03\/IMG_8282-2048x1365.jpg 2048w, https:\/\/ffcv.es\/wp\/wp-content\/uploads\/2026\/03\/IMG_8282-280x187.jpg 280w, https:\/\/ffcv.es\/wp\/wp-content\/uploads\/2026\/03\/IMG_8282-1170x780.jpg 1170w, https:\/\/ffcv.es\/wp\/wp-content\/uploads\/2026\/03\/IMG_8282-scaled.jpg 1620w\" data-sizes=\"(max-width: 1024px) 100vw, 1024px\" src=\"data:image\/gif;base64,R0lGODlhAQABAAAAACH5BAEKAAEALAAAAAABAAEAAAICTAEAOw==\" style=\"--smush-placeholder-width: 1024px; --smush-placeholder-aspect-ratio: 1024\/683;\" \/><noscript><img loading=\"lazy\" decoding=\"async\" width=\"1024\" height=\"683\" src=\"https:\/\/ffcv.es\/wp\/wp-content\/uploads\/2026\/03\/IMG_8282-1024x683.jpg\" alt=\"\" class=\"wp-image-194170\" srcset=\"https:\/\/ffcv.es\/wp\/wp-content\/uploads\/2026\/03\/IMG_8282-1024x683.jpg 1024w, https:\/\/ffcv.es\/wp\/wp-content\/uploads\/2026\/03\/IMG_8282-300x200.jpg 300w, https:\/\/ffcv.es\/wp\/wp-content\/uploads\/2026\/03\/IMG_8282-768x512.jpg 768w, https:\/\/ffcv.es\/wp\/wp-content\/uploads\/2026\/03\/IMG_8282-1536x1024.jpg 1536w, https:\/\/ffcv.es\/wp\/wp-content\/uploads\/2026\/03\/IMG_8282-2048x1365.jpg 2048w, https:\/\/ffcv.es\/wp\/wp-content\/uploads\/2026\/03\/IMG_8282-280x187.jpg 280w, https:\/\/ffcv.es\/wp\/wp-content\/uploads\/2026\/03\/IMG_8282-1170x780.jpg 1170w, https:\/\/ffcv.es\/wp\/wp-content\/uploads\/2026\/03\/IMG_8282-scaled.jpg 1620w\" sizes=\"(max-width: 1024px) 100vw, 1024px\" \/><\/noscript><\/figure>\n\n\n\n<p>La r\u00e9plica madrille\u00f1a estuvo en las botas de <strong>Andrea Fern\u00e1ndez<\/strong> a cinco del descanso. El bal\u00f3n se fue rozando la escuadra. <\/p>\n\n\n\n<p>En el descuento <strong>Madrid<\/strong> dispuso de una gran ocasi\u00f3n tras una incursi\u00f3n de <strong>Andrea Fern\u00e1ndez<\/strong>. <strong>Samira<\/strong> intent\u00f3 rematar de tac\u00f3n. Afortunadamente no lo consigui\u00f3. <\/p>\n\n\n\n<h2 class=\"wp-block-heading\">Mala reanudaci\u00f3n<\/h2>\n\n\n\n<p>La segunda parte comenz\u00f3 con gol de <strong>Madrid<\/strong>. <strong>Natalia Zorrilla<\/strong> firm\u00f3 el segundo en su cuenta particular tras una falta que pill\u00f3 desprevenida a la <strong>Selecci\u00f3<\/strong> (y que no se sac\u00f3 desde donde se hab\u00eda se\u00f1alado).<\/p>\n\n\n\n<p><strong>Garrido<\/strong> y <strong>Natalia<\/strong> <strong>Andr\u00e9s<\/strong> se incorporaron al partido para dar frescura al equipo de <strong>Luna<\/strong>.<\/p>\n\n\n\n<p>Un discutible penalti por desmayo permiti\u00f3 a <strong>Madrid<\/strong> ampliar la ventaja en el 55, pero <strong>Natalia Ram\u00f3n <\/strong>hizo un parad\u00f3n al disparo de <strong>\u00c1ngela Vieco<\/strong>. Se hizo justicia.<\/p>\n\n\n\n<figure class=\"wp-block-image size-large\"><img loading=\"lazy\" decoding=\"async\" width=\"1024\" height=\"645\" data-src=\"https:\/\/ffcv.es\/wp\/wp-content\/uploads\/2026\/03\/IMG_8227-1024x645.jpg\" alt=\"\" class=\"wp-image-194173 lazyload\" data-srcset=\"https:\/\/ffcv.es\/wp\/wp-content\/uploads\/2026\/03\/IMG_8227-1024x645.jpg 1024w, https:\/\/ffcv.es\/wp\/wp-content\/uploads\/2026\/03\/IMG_8227-300x189.jpg 300w, https:\/\/ffcv.es\/wp\/wp-content\/uploads\/2026\/03\/IMG_8227-768x484.jpg 768w, https:\/\/ffcv.es\/wp\/wp-content\/uploads\/2026\/03\/IMG_8227-1536x968.jpg 1536w, https:\/\/ffcv.es\/wp\/wp-content\/uploads\/2026\/03\/IMG_8227-2048x1290.jpg 2048w, https:\/\/ffcv.es\/wp\/wp-content\/uploads\/2026\/03\/IMG_8227-280x176.jpg 280w, https:\/\/ffcv.es\/wp\/wp-content\/uploads\/2026\/03\/IMG_8227-1170x737.jpg 1170w, https:\/\/ffcv.es\/wp\/wp-content\/uploads\/2026\/03\/IMG_8227-scaled.jpg 1714w\" data-sizes=\"(max-width: 1024px) 100vw, 1024px\" src=\"data:image\/gif;base64,R0lGODlhAQABAAAAACH5BAEKAAEALAAAAAABAAEAAAICTAEAOw==\" style=\"--smush-placeholder-width: 1024px; --smush-placeholder-aspect-ratio: 1024\/645;\" \/><noscript><img loading=\"lazy\" decoding=\"async\" width=\"1024\" height=\"645\" src=\"https:\/\/ffcv.es\/wp\/wp-content\/uploads\/2026\/03\/IMG_8227-1024x645.jpg\" alt=\"\" class=\"wp-image-194173\" srcset=\"https:\/\/ffcv.es\/wp\/wp-content\/uploads\/2026\/03\/IMG_8227-1024x645.jpg 1024w, https:\/\/ffcv.es\/wp\/wp-content\/uploads\/2026\/03\/IMG_8227-300x189.jpg 300w, https:\/\/ffcv.es\/wp\/wp-content\/uploads\/2026\/03\/IMG_8227-768x484.jpg 768w, https:\/\/ffcv.es\/wp\/wp-content\/uploads\/2026\/03\/IMG_8227-1536x968.jpg 1536w, https:\/\/ffcv.es\/wp\/wp-content\/uploads\/2026\/03\/IMG_8227-2048x1290.jpg 2048w, https:\/\/ffcv.es\/wp\/wp-content\/uploads\/2026\/03\/IMG_8227-280x176.jpg 280w, https:\/\/ffcv.es\/wp\/wp-content\/uploads\/2026\/03\/IMG_8227-1170x737.jpg 1170w, https:\/\/ffcv.es\/wp\/wp-content\/uploads\/2026\/03\/IMG_8227-scaled.jpg 1714w\" sizes=\"(max-width: 1024px) 100vw, 1024px\" \/><\/noscript><\/figure>\n\n\n\n<p><strong>Garrote<\/strong>, <strong>Cris<\/strong> y <strong>Maite<\/strong> entraron al campo a 20 minutos del final. La <strong>Selecci\u00f3<\/strong> buscaba empatar para acercarse a la tercera plaza y tuvo ocasiones para lograrlo.<\/p>\n\n\n\n<p>En el 72, <strong>Cris<\/strong> y <strong>Garrido<\/strong> fabricaron una gran ocasi\u00f3n para igualar pero rechaz\u00f3 la defensa. <\/p>\n\n\n\n<p>Un bal\u00f3n largo de <strong>Maite<\/strong> a la espalda de la lateral izquierda dej\u00f3 a <strong>Cris<\/strong> dentro del \u00e1rea. El remate de la atacante granota se fue arriba.<\/p>\n\n\n\n<p>En el tramo final, la <strong>Selecci\u00f3<\/strong> lo intent\u00f3 con m\u00e1s coraz\u00f3n que cabeza. No pudo ser. Cuarta plaza muy meritoria. \u00a1Enhorabuena!<\/p>\n\n\n\n<figure class=\"wp-block-gallery has-nested-images columns-default is-cropped wp-block-gallery-1 is-layout-flex wp-block-gallery-is-layout-flex\">\n<figure class=\"wp-block-image size-large\"><img loading=\"lazy\" decoding=\"async\" width=\"1024\" height=\"683\" data-id=\"194169\" data-src=\"https:\/\/ffcv.es\/wp\/wp-content\/uploads\/2026\/03\/IMG_8262-1024x683.jpg\" alt=\"\" class=\"wp-image-194169 lazyload\" data-srcset=\"https:\/\/ffcv.es\/wp\/wp-content\/uploads\/2026\/03\/IMG_8262-1024x683.jpg 1024w, https:\/\/ffcv.es\/wp\/wp-content\/uploads\/2026\/03\/IMG_8262-300x200.jpg 300w, https:\/\/ffcv.es\/wp\/wp-content\/uploads\/2026\/03\/IMG_8262-768x512.jpg 768w, https:\/\/ffcv.es\/wp\/wp-content\/uploads\/2026\/03\/IMG_8262-1536x1024.jpg 1536w, https:\/\/ffcv.es\/wp\/wp-content\/uploads\/2026\/03\/IMG_8262-2048x1365.jpg 2048w, https:\/\/ffcv.es\/wp\/wp-content\/uploads\/2026\/03\/IMG_8262-280x187.jpg 280w, https:\/\/ffcv.es\/wp\/wp-content\/uploads\/2026\/03\/IMG_8262-1170x780.jpg 1170w, https:\/\/ffcv.es\/wp\/wp-content\/uploads\/2026\/03\/IMG_8262-scaled.jpg 1620w\" data-sizes=\"(max-width: 1024px) 100vw, 1024px\" src=\"data:image\/gif;base64,R0lGODlhAQABAAAAACH5BAEKAAEALAAAAAABAAEAAAICTAEAOw==\" style=\"--smush-placeholder-width: 1024px; --smush-placeholder-aspect-ratio: 1024\/683;\" \/><noscript><img loading=\"lazy\" decoding=\"async\" width=\"1024\" height=\"683\" data-id=\"194169\" src=\"https:\/\/ffcv.es\/wp\/wp-content\/uploads\/2026\/03\/IMG_8262-1024x683.jpg\" alt=\"\" class=\"wp-image-194169\" srcset=\"https:\/\/ffcv.es\/wp\/wp-content\/uploads\/2026\/03\/IMG_8262-1024x683.jpg 1024w, https:\/\/ffcv.es\/wp\/wp-content\/uploads\/2026\/03\/IMG_8262-300x200.jpg 300w, https:\/\/ffcv.es\/wp\/wp-content\/uploads\/2026\/03\/IMG_8262-768x512.jpg 768w, https:\/\/ffcv.es\/wp\/wp-content\/uploads\/2026\/03\/IMG_8262-1536x1024.jpg 1536w, https:\/\/ffcv.es\/wp\/wp-content\/uploads\/2026\/03\/IMG_8262-2048x1365.jpg 2048w, https:\/\/ffcv.es\/wp\/wp-content\/uploads\/2026\/03\/IMG_8262-280x187.jpg 280w, https:\/\/ffcv.es\/wp\/wp-content\/uploads\/2026\/03\/IMG_8262-1170x780.jpg 1170w, https:\/\/ffcv.es\/wp\/wp-content\/uploads\/2026\/03\/IMG_8262-scaled.jpg 1620w\" sizes=\"(max-width: 1024px) 100vw, 1024px\" \/><\/noscript><\/figure>\n\n\n\n<figure class=\"wp-block-image size-large\"><img loading=\"lazy\" decoding=\"async\" width=\"1024\" height=\"666\" data-id=\"194168\" data-src=\"https:\/\/ffcv.es\/wp\/wp-content\/uploads\/2026\/03\/IMG_8255-1024x666.jpg\" alt=\"\" class=\"wp-image-194168 lazyload\" data-srcset=\"https:\/\/ffcv.es\/wp\/wp-content\/uploads\/2026\/03\/IMG_8255-1024x666.jpg 1024w, https:\/\/ffcv.es\/wp\/wp-content\/uploads\/2026\/03\/IMG_8255-300x195.jpg 300w, https:\/\/ffcv.es\/wp\/wp-content\/uploads\/2026\/03\/IMG_8255-768x499.jpg 768w, https:\/\/ffcv.es\/wp\/wp-content\/uploads\/2026\/03\/IMG_8255-1536x999.jpg 1536w, https:\/\/ffcv.es\/wp\/wp-content\/uploads\/2026\/03\/IMG_8255-2048x1332.jpg 2048w, https:\/\/ffcv.es\/wp\/wp-content\/uploads\/2026\/03\/IMG_8255-280x182.jpg 280w, https:\/\/ffcv.es\/wp\/wp-content\/uploads\/2026\/03\/IMG_8255-1170x761.jpg 1170w, https:\/\/ffcv.es\/wp\/wp-content\/uploads\/2026\/03\/IMG_8255-scaled.jpg 1662w\" data-sizes=\"(max-width: 1024px) 100vw, 1024px\" src=\"data:image\/gif;base64,R0lGODlhAQABAAAAACH5BAEKAAEALAAAAAABAAEAAAICTAEAOw==\" style=\"--smush-placeholder-width: 1024px; --smush-placeholder-aspect-ratio: 1024\/666;\" \/><noscript><img loading=\"lazy\" decoding=\"async\" width=\"1024\" height=\"666\" data-id=\"194168\" src=\"https:\/\/ffcv.es\/wp\/wp-content\/uploads\/2026\/03\/IMG_8255-1024x666.jpg\" alt=\"\" class=\"wp-image-194168\" srcset=\"https:\/\/ffcv.es\/wp\/wp-content\/uploads\/2026\/03\/IMG_8255-1024x666.jpg 1024w, https:\/\/ffcv.es\/wp\/wp-content\/uploads\/2026\/03\/IMG_8255-300x195.jpg 300w, https:\/\/ffcv.es\/wp\/wp-content\/uploads\/2026\/03\/IMG_8255-768x499.jpg 768w, https:\/\/ffcv.es\/wp\/wp-content\/uploads\/2026\/03\/IMG_8255-1536x999.jpg 1536w, https:\/\/ffcv.es\/wp\/wp-content\/uploads\/2026\/03\/IMG_8255-2048x1332.jpg 2048w, https:\/\/ffcv.es\/wp\/wp-content\/uploads\/2026\/03\/IMG_8255-280x182.jpg 280w, https:\/\/ffcv.es\/wp\/wp-content\/uploads\/2026\/03\/IMG_8255-1170x761.jpg 1170w, https:\/\/ffcv.es\/wp\/wp-content\/uploads\/2026\/03\/IMG_8255-scaled.jpg 1662w\" sizes=\"(max-width: 1024px) 100vw, 1024px\" \/><\/noscript><\/figure>\n\n\n\n<figure class=\"wp-block-image size-large\"><img loading=\"lazy\" decoding=\"async\" width=\"1024\" height=\"632\" data-id=\"194167\" data-src=\"https:\/\/ffcv.es\/wp\/wp-content\/uploads\/2026\/03\/IMG_8252-1024x632.jpg\" alt=\"\" class=\"wp-image-194167 lazyload\" data-srcset=\"https:\/\/ffcv.es\/wp\/wp-content\/uploads\/2026\/03\/IMG_8252-1024x632.jpg 1024w, https:\/\/ffcv.es\/wp\/wp-content\/uploads\/2026\/03\/IMG_8252-300x185.jpg 300w, https:\/\/ffcv.es\/wp\/wp-content\/uploads\/2026\/03\/IMG_8252-768x474.jpg 768w, https:\/\/ffcv.es\/wp\/wp-content\/uploads\/2026\/03\/IMG_8252-1536x947.jpg 1536w, https:\/\/ffcv.es\/wp\/wp-content\/uploads\/2026\/03\/IMG_8252-2048x1263.jpg 2048w, https:\/\/ffcv.es\/wp\/wp-content\/uploads\/2026\/03\/IMG_8252-280x173.jpg 280w, https:\/\/ffcv.es\/wp\/wp-content\/uploads\/2026\/03\/IMG_8252-1170x722.jpg 1170w, https:\/\/ffcv.es\/wp\/wp-content\/uploads\/2026\/03\/IMG_8252-scaled.jpg 1751w\" data-sizes=\"(max-width: 1024px) 100vw, 1024px\" src=\"data:image\/gif;base64,R0lGODlhAQABAAAAACH5BAEKAAEALAAAAAABAAEAAAICTAEAOw==\" style=\"--smush-placeholder-width: 1024px; --smush-placeholder-aspect-ratio: 1024\/632;\" \/><noscript><img loading=\"lazy\" decoding=\"async\" width=\"1024\" height=\"632\" data-id=\"194167\" src=\"https:\/\/ffcv.es\/wp\/wp-content\/uploads\/2026\/03\/IMG_8252-1024x632.jpg\" alt=\"\" class=\"wp-image-194167\" srcset=\"https:\/\/ffcv.es\/wp\/wp-content\/uploads\/2026\/03\/IMG_8252-1024x632.jpg 1024w, https:\/\/ffcv.es\/wp\/wp-content\/uploads\/2026\/03\/IMG_8252-300x185.jpg 300w, https:\/\/ffcv.es\/wp\/wp-content\/uploads\/2026\/03\/IMG_8252-768x474.jpg 768w, https:\/\/ffcv.es\/wp\/wp-content\/uploads\/2026\/03\/IMG_8252-1536x947.jpg 1536w, https:\/\/ffcv.es\/wp\/wp-content\/uploads\/2026\/03\/IMG_8252-2048x1263.jpg 2048w, https:\/\/ffcv.es\/wp\/wp-content\/uploads\/2026\/03\/IMG_8252-280x173.jpg 280w, https:\/\/ffcv.es\/wp\/wp-content\/uploads\/2026\/03\/IMG_8252-1170x722.jpg 1170w, https:\/\/ffcv.es\/wp\/wp-content\/uploads\/2026\/03\/IMG_8252-scaled.jpg 1751w\" sizes=\"(max-width: 1024px) 100vw, 1024px\" \/><\/noscript><\/figure>\n\n\n\n<figure class=\"wp-block-image size-large\"><img loading=\"lazy\" decoding=\"async\" width=\"1024\" height=\"683\" data-id=\"194166\" data-src=\"https:\/\/ffcv.es\/wp\/wp-content\/uploads\/2026\/03\/IMG_8251-1024x683.jpg\" alt=\"\" class=\"wp-image-194166 lazyload\" data-srcset=\"https:\/\/ffcv.es\/wp\/wp-content\/uploads\/2026\/03\/IMG_8251-1024x683.jpg 1024w, https:\/\/ffcv.es\/wp\/wp-content\/uploads\/2026\/03\/IMG_8251-300x200.jpg 300w, https:\/\/ffcv.es\/wp\/wp-content\/uploads\/2026\/03\/IMG_8251-768x512.jpg 768w, https:\/\/ffcv.es\/wp\/wp-content\/uploads\/2026\/03\/IMG_8251-1536x1024.jpg 1536w, https:\/\/ffcv.es\/wp\/wp-content\/uploads\/2026\/03\/IMG_8251-2048x1365.jpg 2048w, https:\/\/ffcv.es\/wp\/wp-content\/uploads\/2026\/03\/IMG_8251-280x187.jpg 280w, https:\/\/ffcv.es\/wp\/wp-content\/uploads\/2026\/03\/IMG_8251-1170x780.jpg 1170w, https:\/\/ffcv.es\/wp\/wp-content\/uploads\/2026\/03\/IMG_8251-scaled.jpg 1620w\" data-sizes=\"(max-width: 1024px) 100vw, 1024px\" src=\"data:image\/gif;base64,R0lGODlhAQABAAAAACH5BAEKAAEALAAAAAABAAEAAAICTAEAOw==\" style=\"--smush-placeholder-width: 1024px; --smush-placeholder-aspect-ratio: 1024\/683;\" \/><noscript><img loading=\"lazy\" decoding=\"async\" width=\"1024\" height=\"683\" data-id=\"194166\" src=\"https:\/\/ffcv.es\/wp\/wp-content\/uploads\/2026\/03\/IMG_8251-1024x683.jpg\" alt=\"\" class=\"wp-image-194166\" srcset=\"https:\/\/ffcv.es\/wp\/wp-content\/uploads\/2026\/03\/IMG_8251-1024x683.jpg 1024w, https:\/\/ffcv.es\/wp\/wp-content\/uploads\/2026\/03\/IMG_8251-300x200.jpg 300w, https:\/\/ffcv.es\/wp\/wp-content\/uploads\/2026\/03\/IMG_8251-768x512.jpg 768w, https:\/\/ffcv.es\/wp\/wp-content\/uploads\/2026\/03\/IMG_8251-1536x1024.jpg 1536w, https:\/\/ffcv.es\/wp\/wp-content\/uploads\/2026\/03\/IMG_8251-2048x1365.jpg 2048w, https:\/\/ffcv.es\/wp\/wp-content\/uploads\/2026\/03\/IMG_8251-280x187.jpg 280w, https:\/\/ffcv.es\/wp\/wp-content\/uploads\/2026\/03\/IMG_8251-1170x780.jpg 1170w, https:\/\/ffcv.es\/wp\/wp-content\/uploads\/2026\/03\/IMG_8251-scaled.jpg 1620w\" sizes=\"(max-width: 1024px) 100vw, 1024px\" \/><\/noscript><\/figure>\n<\/figure>\n\n\n\n<p><em><strong>FICHA T\u00c9CNICA<\/strong><\/em><\/p>\n\n\n\n<p><em><strong>Goles:<\/strong><\/em>\u00a00-1 (Natalia Zorrilla, 20&#8242;), 1-1 (Mara, 29&#8242;), 1-2 (Natalia Zorrilla, 45&#8242;)<\/p>\n\n\n\n<p><strong><em><em><strong><em><strong><strong><em><em><strong>Selecci\u00f3 Valenta<\/strong><\/em> sub<\/em><\/strong><\/strong><\/em><\/strong><\/em>16 (1):<\/em><\/strong> Natalia Ram\u00f3n, Andrea Catal\u00e1, Mar\u00eda Ferrer, Mara Fern\u00e1ndez, Marga, Claudia Tendillo, Balma, Carla L\u00f3pez, Andrea Navarro, Leyre Requena y Mer\u00e7\u00e9. Banquillo: Roc\u00edo Pardo (ps), Garrote, Paola, Cris, Natalia Andr\u00e9s, Maite y Garrido.<\/p>\n\n\n\n<figure class=\"wp-block-image size-large\"><img loading=\"lazy\" decoding=\"async\" width=\"1024\" height=\"683\" data-src=\"https:\/\/ffcv.es\/wp\/wp-content\/uploads\/2026\/03\/IMG_8183-1024x683.jpg\" alt=\"\" class=\"wp-image-194165 lazyload\" data-srcset=\"https:\/\/ffcv.es\/wp\/wp-content\/uploads\/2026\/03\/IMG_8183-1024x683.jpg 1024w, https:\/\/ffcv.es\/wp\/wp-content\/uploads\/2026\/03\/IMG_8183-300x200.jpg 300w, https:\/\/ffcv.es\/wp\/wp-content\/uploads\/2026\/03\/IMG_8183-768x512.jpg 768w, https:\/\/ffcv.es\/wp\/wp-content\/uploads\/2026\/03\/IMG_8183-1536x1024.jpg 1536w, https:\/\/ffcv.es\/wp\/wp-content\/uploads\/2026\/03\/IMG_8183-2048x1365.jpg 2048w, https:\/\/ffcv.es\/wp\/wp-content\/uploads\/2026\/03\/IMG_8183-280x187.jpg 280w, https:\/\/ffcv.es\/wp\/wp-content\/uploads\/2026\/03\/IMG_8183-1170x780.jpg 1170w, https:\/\/ffcv.es\/wp\/wp-content\/uploads\/2026\/03\/IMG_8183-scaled.jpg 1620w\" data-sizes=\"(max-width: 1024px) 100vw, 1024px\" src=\"data:image\/gif;base64,R0lGODlhAQABAAAAACH5BAEKAAEALAAAAAABAAEAAAICTAEAOw==\" style=\"--smush-placeholder-width: 1024px; --smush-placeholder-aspect-ratio: 1024\/683;\" \/><noscript><img loading=\"lazy\" decoding=\"async\" width=\"1024\" height=\"683\" src=\"https:\/\/ffcv.es\/wp\/wp-content\/uploads\/2026\/03\/IMG_8183-1024x683.jpg\" alt=\"\" class=\"wp-image-194165\" srcset=\"https:\/\/ffcv.es\/wp\/wp-content\/uploads\/2026\/03\/IMG_8183-1024x683.jpg 1024w, https:\/\/ffcv.es\/wp\/wp-content\/uploads\/2026\/03\/IMG_8183-300x200.jpg 300w, https:\/\/ffcv.es\/wp\/wp-content\/uploads\/2026\/03\/IMG_8183-768x512.jpg 768w, https:\/\/ffcv.es\/wp\/wp-content\/uploads\/2026\/03\/IMG_8183-1536x1024.jpg 1536w, https:\/\/ffcv.es\/wp\/wp-content\/uploads\/2026\/03\/IMG_8183-2048x1365.jpg 2048w, https:\/\/ffcv.es\/wp\/wp-content\/uploads\/2026\/03\/IMG_8183-280x187.jpg 280w, https:\/\/ffcv.es\/wp\/wp-content\/uploads\/2026\/03\/IMG_8183-1170x780.jpg 1170w, https:\/\/ffcv.es\/wp\/wp-content\/uploads\/2026\/03\/IMG_8183-scaled.jpg 1620w\" sizes=\"(max-width: 1024px) 100vw, 1024px\" \/><\/noscript><\/figure>\n\n\n\n<p><em><strong><strong><em><em><strong>Madrid<\/strong><\/em> sub16 <\/em><\/strong>(2):<\/strong><\/em>\u00a0Laura Cifuentes, Abril D\u00edaz, Blanca Gil, In\u00e9s Fern\u00e1ndez, \u00c1ngela Vieco, Lidia Prieto, Martina Rubio, Gabriela Garc\u00eda, Sara Ruiz, Andrea Fern\u00e1ndez y Natalia Zorrilla. Banquillo: Karla Guti\u00e9rrez (ps), Alicia Buiza, Jara Fern\u00e1ndez, Samira Elamrani, Claudia Isla, Marta Guti\u00e9rrez y Elena Quijada.<\/p>\n\n\n\n<p><em><strong>\u00c1rbitras: <\/strong><\/em>Raquel Ortiz (principal), asistida por Miriam P\u00e9rez y Talia Arcos. Cuarta: Marta Medina. Amonestaron al seleccionador de Madrid Ricardo Galiano, a Mara.<\/p>\n\n\n\n<figure class=\"wp-block-image size-large\"><img loading=\"lazy\" decoding=\"async\" width=\"768\" height=\"1024\" data-src=\"https:\/\/ffcv.es\/wp\/wp-content\/uploads\/2026\/03\/alineacion-sub16-tercer-y-cuarto-768x1024.jpeg\" alt=\"\" class=\"wp-image-194158 lazyload\" data-srcset=\"https:\/\/ffcv.es\/wp\/wp-content\/uploads\/2026\/03\/alineacion-sub16-tercer-y-cuarto-768x1024.jpeg 768w, https:\/\/ffcv.es\/wp\/wp-content\/uploads\/2026\/03\/alineacion-sub16-tercer-y-cuarto-225x300.jpeg 225w, https:\/\/ffcv.es\/wp\/wp-content\/uploads\/2026\/03\/alineacion-sub16-tercer-y-cuarto-1152x1536.jpeg 1152w, https:\/\/ffcv.es\/wp\/wp-content\/uploads\/2026\/03\/alineacion-sub16-tercer-y-cuarto-140x187.jpeg 140w, https:\/\/ffcv.es\/wp\/wp-content\/uploads\/2026\/03\/alineacion-sub16-tercer-y-cuarto-1170x1560.jpeg 1170w, https:\/\/ffcv.es\/wp\/wp-content\/uploads\/2026\/03\/alineacion-sub16-tercer-y-cuarto.jpeg 1200w\" data-sizes=\"(max-width: 768px) 100vw, 768px\" src=\"data:image\/gif;base64,R0lGODlhAQABAAAAACH5BAEKAAEALAAAAAABAAEAAAICTAEAOw==\" style=\"--smush-placeholder-width: 768px; --smush-placeholder-aspect-ratio: 768\/1024;\" \/><noscript><img loading=\"lazy\" decoding=\"async\" width=\"768\" height=\"1024\" src=\"https:\/\/ffcv.es\/wp\/wp-content\/uploads\/2026\/03\/alineacion-sub16-tercer-y-cuarto-768x1024.jpeg\" alt=\"\" class=\"wp-image-194158\" srcset=\"https:\/\/ffcv.es\/wp\/wp-content\/uploads\/2026\/03\/alineacion-sub16-tercer-y-cuarto-768x1024.jpeg 768w, https:\/\/ffcv.es\/wp\/wp-content\/uploads\/2026\/03\/alineacion-sub16-tercer-y-cuarto-225x300.jpeg 225w, https:\/\/ffcv.es\/wp\/wp-content\/uploads\/2026\/03\/alineacion-sub16-tercer-y-cuarto-1152x1536.jpeg 1152w, https:\/\/ffcv.es\/wp\/wp-content\/uploads\/2026\/03\/alineacion-sub16-tercer-y-cuarto-140x187.jpeg 140w, https:\/\/ffcv.es\/wp\/wp-content\/uploads\/2026\/03\/alineacion-sub16-tercer-y-cuarto-1170x1560.jpeg 1170w, https:\/\/ffcv.es\/wp\/wp-content\/uploads\/2026\/03\/alineacion-sub16-tercer-y-cuarto.jpeg 1200w\" sizes=\"(max-width: 768px) 100vw, 768px\" \/><\/noscript><\/figure>\n\n\n\n<figure class=\"wp-block-image size-large\"><img loading=\"lazy\" decoding=\"async\" width=\"792\" height=\"1024\" data-src=\"https:\/\/ffcv.es\/wp\/wp-content\/uploads\/2026\/03\/Captura-de-pantalla-2026-03-22-a-las-9.29.25-792x1024.png\" alt=\"\" class=\"wp-image-194163 lazyload\" data-srcset=\"https:\/\/ffcv.es\/wp\/wp-content\/uploads\/2026\/03\/Captura-de-pantalla-2026-03-22-a-las-9.29.25-792x1024.png 792w, https:\/\/ffcv.es\/wp\/wp-content\/uploads\/2026\/03\/Captura-de-pantalla-2026-03-22-a-las-9.29.25-232x300.png 232w, https:\/\/ffcv.es\/wp\/wp-content\/uploads\/2026\/03\/Captura-de-pantalla-2026-03-22-a-las-9.29.25-768x993.png 768w, https:\/\/ffcv.es\/wp\/wp-content\/uploads\/2026\/03\/Captura-de-pantalla-2026-03-22-a-las-9.29.25-1188x1536.png 1188w, https:\/\/ffcv.es\/wp\/wp-content\/uploads\/2026\/03\/Captura-de-pantalla-2026-03-22-a-las-9.29.25-145x187.png 145w, https:\/\/ffcv.es\/wp\/wp-content\/uploads\/2026\/03\/Captura-de-pantalla-2026-03-22-a-las-9.29.25-1170x1512.png 1170w, https:\/\/ffcv.es\/wp\/wp-content\/uploads\/2026\/03\/Captura-de-pantalla-2026-03-22-a-las-9.29.25.png 1408w\" data-sizes=\"(max-width: 792px) 100vw, 792px\" src=\"data:image\/gif;base64,R0lGODlhAQABAAAAACH5BAEKAAEALAAAAAABAAEAAAICTAEAOw==\" style=\"--smush-placeholder-width: 792px; --smush-placeholder-aspect-ratio: 792\/1024;\" \/><noscript><img loading=\"lazy\" decoding=\"async\" width=\"792\" height=\"1024\" src=\"https:\/\/ffcv.es\/wp\/wp-content\/uploads\/2026\/03\/Captura-de-pantalla-2026-03-22-a-las-9.29.25-792x1024.png\" alt=\"\" class=\"wp-image-194163\" srcset=\"https:\/\/ffcv.es\/wp\/wp-content\/uploads\/2026\/03\/Captura-de-pantalla-2026-03-22-a-las-9.29.25-792x1024.png 792w, https:\/\/ffcv.es\/wp\/wp-content\/uploads\/2026\/03\/Captura-de-pantalla-2026-03-22-a-las-9.29.25-232x300.png 232w, https:\/\/ffcv.es\/wp\/wp-content\/uploads\/2026\/03\/Captura-de-pantalla-2026-03-22-a-las-9.29.25-768x993.png 768w, https:\/\/ffcv.es\/wp\/wp-content\/uploads\/2026\/03\/Captura-de-pantalla-2026-03-22-a-las-9.29.25-1188x1536.png 1188w, https:\/\/ffcv.es\/wp\/wp-content\/uploads\/2026\/03\/Captura-de-pantalla-2026-03-22-a-las-9.29.25-145x187.png 145w, https:\/\/ffcv.es\/wp\/wp-content\/uploads\/2026\/03\/Captura-de-pantalla-2026-03-22-a-las-9.29.25-1170x1512.png 1170w, https:\/\/ffcv.es\/wp\/wp-content\/uploads\/2026\/03\/Captura-de-pantalla-2026-03-22-a-las-9.29.25.png 1408w\" sizes=\"(max-width: 792px) 100vw, 792px\" \/><\/noscript><\/figure>\n\n\n\n<h2 class=\"wp-block-heading\">Streaming<\/h2>\n\n\n\n<figure class=\"wp-block-embed is-type-video is-provider-youtube wp-block-embed-youtube wp-embed-aspect-4-3 wp-has-aspect-ratio\"><div class=\"wp-block-embed__wrapper\">\n<iframe loading=\"lazy\" title=\"Sub-16 09:00h   3\u00ba - 4\u00ba            20    Puesto (Esteban R)  I\ud83d\udd34RFEF\" width=\"500\" height=\"281\" data-src=\"https:\/\/www.youtube.com\/embed\/_qssk9XK7Hc?feature=oembed\" frameborder=\"0\" allow=\"accelerometer; autoplay; clipboard-write; encrypted-media; gyroscope; picture-in-picture; web-share\" referrerpolicy=\"strict-origin-when-cross-origin\" allowfullscreen src=\"data:image\/gif;base64,R0lGODlhAQABAAAAACH5BAEKAAEALAAAAAABAAEAAAICTAEAOw==\" class=\"lazyload\" data-load-mode=\"1\"><\/iframe>\n<\/div><\/figure>\n\n\n\n<h2 class=\"wp-block-heading\">La dura semifinal <\/h2>\n\n\n\n<p><a href=\"https:\/\/ffcv.es\/wp\/blog\/2026\/03\/una-derrota-dura-priva-de-la-final-a-un-gran-equipo-catalunya-%f0%9f%86%9a-seleccio-valenciana-valenta-\" title=\"\"><strong>Semifinal &#8211;&gt; <\/strong>Catalunya \ud83c\udd9a Selecci\u00f3 Valenciana (6-1)<\/a><\/p>\n\n\n\n<figure class=\"wp-block-image size-large\"><a href=\"https:\/\/ffcv.es\/wp\/blog\/2026\/03\/una-derrota-dura-priva-de-la-final-a-un-gran-equipo-catalunya-%f0%9f%86%9a-seleccio-valenciana-valenta-\"><img loading=\"lazy\" decoding=\"async\" width=\"768\" height=\"1024\" data-src=\"https:\/\/ffcv.es\/wp\/wp-content\/uploads\/2026\/03\/sub16-vs-CAT-1-768x1024.png\" alt=\"\" class=\"wp-image-194102 lazyload\" data-srcset=\"https:\/\/ffcv.es\/wp\/wp-content\/uploads\/2026\/03\/sub16-vs-CAT-1-768x1024.png 768w, https:\/\/ffcv.es\/wp\/wp-content\/uploads\/2026\/03\/sub16-vs-CAT-1-225x300.png 225w, https:\/\/ffcv.es\/wp\/wp-content\/uploads\/2026\/03\/sub16-vs-CAT-1-1152x1536.png 1152w, https:\/\/ffcv.es\/wp\/wp-content\/uploads\/2026\/03\/sub16-vs-CAT-1-1536x2048.png 1536w, https:\/\/ffcv.es\/wp\/wp-content\/uploads\/2026\/03\/sub16-vs-CAT-1-140x187.png 140w, https:\/\/ffcv.es\/wp\/wp-content\/uploads\/2026\/03\/sub16-vs-CAT-1-1170x1560.png 1170w, https:\/\/ffcv.es\/wp\/wp-content\/uploads\/2026\/03\/sub16-vs-CAT-1.png 810w\" data-sizes=\"(max-width: 768px) 100vw, 768px\" src=\"data:image\/gif;base64,R0lGODlhAQABAAAAACH5BAEKAAEALAAAAAABAAEAAAICTAEAOw==\" style=\"--smush-placeholder-width: 768px; --smush-placeholder-aspect-ratio: 768\/1024;\" \/><noscript><img loading=\"lazy\" decoding=\"async\" width=\"768\" height=\"1024\" src=\"https:\/\/ffcv.es\/wp\/wp-content\/uploads\/2026\/03\/sub16-vs-CAT-1-768x1024.png\" alt=\"\" class=\"wp-image-194102\" srcset=\"https:\/\/ffcv.es\/wp\/wp-content\/uploads\/2026\/03\/sub16-vs-CAT-1-768x1024.png 768w, https:\/\/ffcv.es\/wp\/wp-content\/uploads\/2026\/03\/sub16-vs-CAT-1-225x300.png 225w, https:\/\/ffcv.es\/wp\/wp-content\/uploads\/2026\/03\/sub16-vs-CAT-1-1152x1536.png 1152w, https:\/\/ffcv.es\/wp\/wp-content\/uploads\/2026\/03\/sub16-vs-CAT-1-1536x2048.png 1536w, https:\/\/ffcv.es\/wp\/wp-content\/uploads\/2026\/03\/sub16-vs-CAT-1-140x187.png 140w, https:\/\/ffcv.es\/wp\/wp-content\/uploads\/2026\/03\/sub16-vs-CAT-1-1170x1560.png 1170w, https:\/\/ffcv.es\/wp\/wp-content\/uploads\/2026\/03\/sub16-vs-CAT-1.png 810w\" sizes=\"(max-width: 768px) 100vw, 768px\" \/><\/noscript><\/a><\/figure>\n\n\n\n<h2 class=\"wp-block-heading\">Cr\u00f3nicas jornadas Fase Previa<\/h2>\n\n\n\n<p><a href=\"https:\/\/ffcv.es\/wp\/blog\/2025\/12\/derrota-sin-excusas-a-pensar-en-asturias-madrid-%f0%9f%86%9a-seleccio-valenciana-valenta-sub16-3-0\/\" title=\"\"><strong>Jornada 1 &#8211;&gt; <\/strong>Madrid \ud83c\udd9a Selecci\u00f3 Valenciana (3-0)<\/a><\/p>\n\n\n\n<p><a href=\"https:\/\/ffcv.es\/wp\/blog\/2025\/12\/un-triunfo-balsamico-ante-la-anfitriona-asturias-%f0%9f%86%9a-seleccio-valenciana-valenta-sub16-0-3\/\" title=\"\"><strong>Jornada 2 &#8211;&gt; <\/strong>Asturias \ud83c\udd9a Selecci\u00f3 Valenciana (0-3)<\/a><\/p>\n\n\n\n<p><a href=\"https:\/\/ffcv.es\/wp\/blog\/2025\/12\/impotentes-ante-la-vigente-campeona-seleccio-valenciana-valenta-sub16-%f0%9f%86%9a-euskadi-0-2\/\" title=\"Jornada 3 --&gt; Selecci\u00f3 Valenciana \ud83c\udd9a Euskadi (1-1)\"><strong>Jornada 3 &#8211;&gt; <\/strong>Selecci\u00f3 Valenciana \ud83c\udd9a Euskadi (0-2)<\/a><\/p>\n\n\n\n<p><a href=\"https:\/\/ffcv.es\/wp\/blog\/2026\/03\/se-obro-el-milagro-machada-goleada-y-doblete-de-semifinalistas-valenta-andalucia-%f0%9f%86%9a-seleccio-valenciana-valenta-sub16-0-4\/\" title=\"\"><strong>Jornada 4 &#8211;&gt; <\/strong>Andaluc\u00eda \ud83c\udd9a Selecci\u00f3 Valenciana (0-4)<\/a><\/p>\n\n\n\n<figure class=\"wp-block-gallery has-nested-images columns-default is-cropped wp-block-gallery-2 is-layout-flex wp-block-gallery-is-layout-flex\">\n<figure class=\"wp-block-image size-large\"><a href=\"https:\/\/ffcv.es\/wp\/blog\/2025\/12\/derrota-sin-excusas-a-pensar-en-asturias-madrid-%f0%9f%86%9a-seleccio-valenciana-valenta-sub16-3-0\/\"><img loading=\"lazy\" decoding=\"async\" width=\"768\" height=\"1024\" data-id=\"181951\" data-src=\"https:\/\/ffcv.es\/wp\/wp-content\/uploads\/2025\/12\/resultado-sub6-madrid-768x1024.jpeg\" alt=\"\" class=\"wp-image-181951 lazyload\" data-srcset=\"https:\/\/ffcv.es\/wp\/wp-content\/uploads\/2025\/12\/resultado-sub6-madrid-768x1024.jpeg 768w, https:\/\/ffcv.es\/wp\/wp-content\/uploads\/2025\/12\/resultado-sub6-madrid-225x300.jpeg 225w, https:\/\/ffcv.es\/wp\/wp-content\/uploads\/2025\/12\/resultado-sub6-madrid-1152x1536.jpeg 1152w, https:\/\/ffcv.es\/wp\/wp-content\/uploads\/2025\/12\/resultado-sub6-madrid-140x187.jpeg 140w, https:\/\/ffcv.es\/wp\/wp-content\/uploads\/2025\/12\/resultado-sub6-madrid-1170x1560.jpeg 1170w, https:\/\/ffcv.es\/wp\/wp-content\/uploads\/2025\/12\/resultado-sub6-madrid.jpeg 810w\" data-sizes=\"(max-width: 768px) 100vw, 768px\" src=\"data:image\/gif;base64,R0lGODlhAQABAAAAACH5BAEKAAEALAAAAAABAAEAAAICTAEAOw==\" style=\"--smush-placeholder-width: 768px; --smush-placeholder-aspect-ratio: 768\/1024;\" \/><noscript><img loading=\"lazy\" decoding=\"async\" width=\"768\" height=\"1024\" data-id=\"181951\" src=\"https:\/\/ffcv.es\/wp\/wp-content\/uploads\/2025\/12\/resultado-sub6-madrid-768x1024.jpeg\" alt=\"\" class=\"wp-image-181951\" srcset=\"https:\/\/ffcv.es\/wp\/wp-content\/uploads\/2025\/12\/resultado-sub6-madrid-768x1024.jpeg 768w, https:\/\/ffcv.es\/wp\/wp-content\/uploads\/2025\/12\/resultado-sub6-madrid-225x300.jpeg 225w, https:\/\/ffcv.es\/wp\/wp-content\/uploads\/2025\/12\/resultado-sub6-madrid-1152x1536.jpeg 1152w, https:\/\/ffcv.es\/wp\/wp-content\/uploads\/2025\/12\/resultado-sub6-madrid-140x187.jpeg 140w, https:\/\/ffcv.es\/wp\/wp-content\/uploads\/2025\/12\/resultado-sub6-madrid-1170x1560.jpeg 1170w, https:\/\/ffcv.es\/wp\/wp-content\/uploads\/2025\/12\/resultado-sub6-madrid.jpeg 810w\" sizes=\"(max-width: 768px) 100vw, 768px\" \/><\/noscript><\/a><\/figure>\n\n\n\n<figure class=\"wp-block-image size-large\"><a href=\"https:\/\/ffcv.es\/wp\/blog\/2025\/12\/un-triunfo-balsamico-ante-la-anfitriona-asturias-%f0%9f%86%9a-seleccio-valenciana-valenta-sub16-0-3\/\"><img loading=\"lazy\" decoding=\"async\" width=\"768\" height=\"1024\" data-id=\"182687\" data-src=\"https:\/\/ffcv.es\/wp\/wp-content\/uploads\/2025\/12\/resultado-sub16-vs-Asturias-768x1024.jpeg\" alt=\"\" class=\"wp-image-182687 lazyload\" data-srcset=\"https:\/\/ffcv.es\/wp\/wp-content\/uploads\/2025\/12\/resultado-sub16-vs-Asturias-768x1024.jpeg 768w, https:\/\/ffcv.es\/wp\/wp-content\/uploads\/2025\/12\/resultado-sub16-vs-Asturias-225x300.jpeg 225w, https:\/\/ffcv.es\/wp\/wp-content\/uploads\/2025\/12\/resultado-sub16-vs-Asturias-1152x1536.jpeg 1152w, https:\/\/ffcv.es\/wp\/wp-content\/uploads\/2025\/12\/resultado-sub16-vs-Asturias-140x187.jpeg 140w, https:\/\/ffcv.es\/wp\/wp-content\/uploads\/2025\/12\/resultado-sub16-vs-Asturias-1170x1560.jpeg 1170w, https:\/\/ffcv.es\/wp\/wp-content\/uploads\/2025\/12\/resultado-sub16-vs-Asturias.jpeg 810w\" data-sizes=\"(max-width: 768px) 100vw, 768px\" src=\"data:image\/gif;base64,R0lGODlhAQABAAAAACH5BAEKAAEALAAAAAABAAEAAAICTAEAOw==\" style=\"--smush-placeholder-width: 768px; --smush-placeholder-aspect-ratio: 768\/1024;\" \/><noscript><img loading=\"lazy\" decoding=\"async\" width=\"768\" height=\"1024\" data-id=\"182687\" src=\"https:\/\/ffcv.es\/wp\/wp-content\/uploads\/2025\/12\/resultado-sub16-vs-Asturias-768x1024.jpeg\" alt=\"\" class=\"wp-image-182687\" srcset=\"https:\/\/ffcv.es\/wp\/wp-content\/uploads\/2025\/12\/resultado-sub16-vs-Asturias-768x1024.jpeg 768w, https:\/\/ffcv.es\/wp\/wp-content\/uploads\/2025\/12\/resultado-sub16-vs-Asturias-225x300.jpeg 225w, https:\/\/ffcv.es\/wp\/wp-content\/uploads\/2025\/12\/resultado-sub16-vs-Asturias-1152x1536.jpeg 1152w, https:\/\/ffcv.es\/wp\/wp-content\/uploads\/2025\/12\/resultado-sub16-vs-Asturias-140x187.jpeg 140w, https:\/\/ffcv.es\/wp\/wp-content\/uploads\/2025\/12\/resultado-sub16-vs-Asturias-1170x1560.jpeg 1170w, https:\/\/ffcv.es\/wp\/wp-content\/uploads\/2025\/12\/resultado-sub16-vs-Asturias.jpeg 810w\" sizes=\"(max-width: 768px) 100vw, 768px\" \/><\/noscript><\/a><\/figure>\n\n\n\n<figure class=\"wp-block-image size-large\"><a href=\"https:\/\/ffcv.es\/wp\/blog\/2025\/12\/impotentes-ante-la-vigente-campeona-seleccio-valenciana-valenta-sub16-%f0%9f%86%9a-euskadi-0-2\/\"><img loading=\"lazy\" decoding=\"async\" width=\"768\" height=\"1024\" data-id=\"183095\" data-src=\"https:\/\/ffcv.es\/wp\/wp-content\/uploads\/2025\/12\/resultado-sub16-Euskadi-768x1024.jpeg\" alt=\"\" class=\"wp-image-183095 lazyload\" data-srcset=\"https:\/\/ffcv.es\/wp\/wp-content\/uploads\/2025\/12\/resultado-sub16-Euskadi-768x1024.jpeg 768w, https:\/\/ffcv.es\/wp\/wp-content\/uploads\/2025\/12\/resultado-sub16-Euskadi-225x300.jpeg 225w, https:\/\/ffcv.es\/wp\/wp-content\/uploads\/2025\/12\/resultado-sub16-Euskadi-1152x1536.jpeg 1152w, https:\/\/ffcv.es\/wp\/wp-content\/uploads\/2025\/12\/resultado-sub16-Euskadi-140x187.jpeg 140w, https:\/\/ffcv.es\/wp\/wp-content\/uploads\/2025\/12\/resultado-sub16-Euskadi-1170x1560.jpeg 1170w, https:\/\/ffcv.es\/wp\/wp-content\/uploads\/2025\/12\/resultado-sub16-Euskadi.jpeg 810w\" data-sizes=\"(max-width: 768px) 100vw, 768px\" src=\"data:image\/gif;base64,R0lGODlhAQABAAAAACH5BAEKAAEALAAAAAABAAEAAAICTAEAOw==\" style=\"--smush-placeholder-width: 768px; --smush-placeholder-aspect-ratio: 768\/1024;\" \/><noscript><img loading=\"lazy\" decoding=\"async\" width=\"768\" height=\"1024\" data-id=\"183095\" src=\"https:\/\/ffcv.es\/wp\/wp-content\/uploads\/2025\/12\/resultado-sub16-Euskadi-768x1024.jpeg\" alt=\"\" class=\"wp-image-183095\" srcset=\"https:\/\/ffcv.es\/wp\/wp-content\/uploads\/2025\/12\/resultado-sub16-Euskadi-768x1024.jpeg 768w, https:\/\/ffcv.es\/wp\/wp-content\/uploads\/2025\/12\/resultado-sub16-Euskadi-225x300.jpeg 225w, https:\/\/ffcv.es\/wp\/wp-content\/uploads\/2025\/12\/resultado-sub16-Euskadi-1152x1536.jpeg 1152w, https:\/\/ffcv.es\/wp\/wp-content\/uploads\/2025\/12\/resultado-sub16-Euskadi-140x187.jpeg 140w, https:\/\/ffcv.es\/wp\/wp-content\/uploads\/2025\/12\/resultado-sub16-Euskadi-1170x1560.jpeg 1170w, https:\/\/ffcv.es\/wp\/wp-content\/uploads\/2025\/12\/resultado-sub16-Euskadi.jpeg 810w\" sizes=\"(max-width: 768px) 100vw, 768px\" \/><\/noscript><\/a><\/figure>\n\n\n\n<figure class=\"wp-block-image size-large\"><a href=\"https:\/\/ffcv.es\/wp\/blog\/2026\/03\/se-obro-el-milagro-machada-goleada-y-doblete-de-semifinalistas-valenta-andalucia-%f0%9f%86%9a-seleccio-valenciana-valenta-sub16-0-4\/\"><img loading=\"lazy\" decoding=\"async\" width=\"768\" height=\"1024\" data-id=\"194022\" data-src=\"https:\/\/ffcv.es\/wp\/wp-content\/uploads\/2026\/03\/sub16-vs-AND-1-768x1024.png\" alt=\"Balma\" class=\"wp-image-194022 lazyload\" data-srcset=\"https:\/\/ffcv.es\/wp\/wp-content\/uploads\/2026\/03\/sub16-vs-AND-1-768x1024.png 768w, https:\/\/ffcv.es\/wp\/wp-content\/uploads\/2026\/03\/sub16-vs-AND-1-225x300.png 225w, https:\/\/ffcv.es\/wp\/wp-content\/uploads\/2026\/03\/sub16-vs-AND-1-1152x1536.png 1152w, https:\/\/ffcv.es\/wp\/wp-content\/uploads\/2026\/03\/sub16-vs-AND-1-1536x2048.png 1536w, https:\/\/ffcv.es\/wp\/wp-content\/uploads\/2026\/03\/sub16-vs-AND-1-140x187.png 140w, https:\/\/ffcv.es\/wp\/wp-content\/uploads\/2026\/03\/sub16-vs-AND-1-1170x1560.png 1170w, https:\/\/ffcv.es\/wp\/wp-content\/uploads\/2026\/03\/sub16-vs-AND-1.png 810w\" data-sizes=\"(max-width: 768px) 100vw, 768px\" src=\"data:image\/gif;base64,R0lGODlhAQABAAAAACH5BAEKAAEALAAAAAABAAEAAAICTAEAOw==\" style=\"--smush-placeholder-width: 768px; --smush-placeholder-aspect-ratio: 768\/1024;\" \/><noscript><img loading=\"lazy\" decoding=\"async\" width=\"768\" height=\"1024\" data-id=\"194022\" src=\"https:\/\/ffcv.es\/wp\/wp-content\/uploads\/2026\/03\/sub16-vs-AND-1-768x1024.png\" alt=\"Balma\" class=\"wp-image-194022\" srcset=\"https:\/\/ffcv.es\/wp\/wp-content\/uploads\/2026\/03\/sub16-vs-AND-1-768x1024.png 768w, https:\/\/ffcv.es\/wp\/wp-content\/uploads\/2026\/03\/sub16-vs-AND-1-225x300.png 225w, https:\/\/ffcv.es\/wp\/wp-content\/uploads\/2026\/03\/sub16-vs-AND-1-1152x1536.png 1152w, https:\/\/ffcv.es\/wp\/wp-content\/uploads\/2026\/03\/sub16-vs-AND-1-1536x2048.png 1536w, https:\/\/ffcv.es\/wp\/wp-content\/uploads\/2026\/03\/sub16-vs-AND-1-140x187.png 140w, https:\/\/ffcv.es\/wp\/wp-content\/uploads\/2026\/03\/sub16-vs-AND-1-1170x1560.png 1170w, https:\/\/ffcv.es\/wp\/wp-content\/uploads\/2026\/03\/sub16-vs-AND-1.png 810w\" sizes=\"(max-width: 768px) 100vw, 768px\" \/><\/noscript><\/a><\/figure>\n<\/figure>\n\n\n\n<h2 class=\"wp-block-heading\">Convocatoria oficial<\/h2>\n\n\n\n<figure class=\"wp-block-image size-large\"><img loading=\"lazy\" decoding=\"async\" width=\"1024\" height=\"576\" data-src=\"https:\/\/ffcv.es\/wp\/wp-content\/uploads\/2026\/03\/Convocatoria-oficial-Seleccio-Valenciana-Valenta-sub16-CESA-Torrevieja-2026-1024x576.jpeg\" alt=\"\" class=\"wp-image-193792 lazyload\" data-srcset=\"https:\/\/ffcv.es\/wp\/wp-content\/uploads\/2026\/03\/Convocatoria-oficial-Seleccio-Valenciana-Valenta-sub16-CESA-Torrevieja-2026-1024x576.jpeg 1024w, https:\/\/ffcv.es\/wp\/wp-content\/uploads\/2026\/03\/Convocatoria-oficial-Seleccio-Valenciana-Valenta-sub16-CESA-Torrevieja-2026-300x169.jpeg 300w, https:\/\/ffcv.es\/wp\/wp-content\/uploads\/2026\/03\/Convocatoria-oficial-Seleccio-Valenciana-Valenta-sub16-CESA-Torrevieja-2026-768x432.jpeg 768w, https:\/\/ffcv.es\/wp\/wp-content\/uploads\/2026\/03\/Convocatoria-oficial-Seleccio-Valenciana-Valenta-sub16-CESA-Torrevieja-2026-1536x864.jpeg 1536w, https:\/\/ffcv.es\/wp\/wp-content\/uploads\/2026\/03\/Convocatoria-oficial-Seleccio-Valenciana-Valenta-sub16-CESA-Torrevieja-2026-280x158.jpeg 280w, https:\/\/ffcv.es\/wp\/wp-content\/uploads\/2026\/03\/Convocatoria-oficial-Seleccio-Valenciana-Valenta-sub16-CESA-Torrevieja-2026-1170x658.jpeg 1170w, https:\/\/ffcv.es\/wp\/wp-content\/uploads\/2026\/03\/Convocatoria-oficial-Seleccio-Valenciana-Valenta-sub16-CESA-Torrevieja-2026.jpeg 1600w\" data-sizes=\"(max-width: 1024px) 100vw, 1024px\" src=\"data:image\/gif;base64,R0lGODlhAQABAAAAACH5BAEKAAEALAAAAAABAAEAAAICTAEAOw==\" style=\"--smush-placeholder-width: 1024px; --smush-placeholder-aspect-ratio: 1024\/576;\" \/><noscript><img loading=\"lazy\" decoding=\"async\" width=\"1024\" height=\"576\" src=\"https:\/\/ffcv.es\/wp\/wp-content\/uploads\/2026\/03\/Convocatoria-oficial-Seleccio-Valenciana-Valenta-sub16-CESA-Torrevieja-2026-1024x576.jpeg\" alt=\"\" class=\"wp-image-193792\" srcset=\"https:\/\/ffcv.es\/wp\/wp-content\/uploads\/2026\/03\/Convocatoria-oficial-Seleccio-Valenciana-Valenta-sub16-CESA-Torrevieja-2026-1024x576.jpeg 1024w, https:\/\/ffcv.es\/wp\/wp-content\/uploads\/2026\/03\/Convocatoria-oficial-Seleccio-Valenciana-Valenta-sub16-CESA-Torrevieja-2026-300x169.jpeg 300w, https:\/\/ffcv.es\/wp\/wp-content\/uploads\/2026\/03\/Convocatoria-oficial-Seleccio-Valenciana-Valenta-sub16-CESA-Torrevieja-2026-768x432.jpeg 768w, https:\/\/ffcv.es\/wp\/wp-content\/uploads\/2026\/03\/Convocatoria-oficial-Seleccio-Valenciana-Valenta-sub16-CESA-Torrevieja-2026-1536x864.jpeg 1536w, https:\/\/ffcv.es\/wp\/wp-content\/uploads\/2026\/03\/Convocatoria-oficial-Seleccio-Valenciana-Valenta-sub16-CESA-Torrevieja-2026-280x158.jpeg 280w, https:\/\/ffcv.es\/wp\/wp-content\/uploads\/2026\/03\/Convocatoria-oficial-Seleccio-Valenciana-Valenta-sub16-CESA-Torrevieja-2026-1170x658.jpeg 1170w, https:\/\/ffcv.es\/wp\/wp-content\/uploads\/2026\/03\/Convocatoria-oficial-Seleccio-Valenciana-Valenta-sub16-CESA-Torrevieja-2026.jpeg 1600w\" sizes=\"(max-width: 1024px) 100vw, 1024px\" \/><\/noscript><\/figure>\n\n\n\n<p><a href=\"https:\/\/ffcv.es\/wp\/blog\/2026\/03\/convocatoria-oficial-esta-es-la-seleccio-valenciana-valenta-sub16-de-futbol-que-disputara-la-segunda-fase-del-cesa-en-torrevieja\/\" title=\"\">CONVOCATORIA OFICIAL <\/a><\/p>\n\n\n\n<p><\/p>\n\n\n\n<h2 class=\"wp-block-heading\">Reglamento de la competici\u00f3n<\/h2>\n\n\n\n<p><a href=\"https:\/\/rfef.es\/sites\/default\/files\/2025-10\/1._CESA_Sub-16_y_Sub-14_MASCULINO.pdf\" title=\"\">Consulta AQU\u00cd la circular de la RFEF que regula esta competici\u00f3n<\/a><\/p>\n\n\n\n<div data-wp-interactive=\"core\/file\" class=\"wp-block-file\"><object data-wp-bind--hidden=\"!state.hasPdfPreview\"  class=\"wp-block-file__embed\" data=\"https:\/\/ffcv.es\/wp\/wp-content\/uploads\/2025\/11\/1._CESA_Sub-16_y_Sub-14_MASCULINO.pdf\" type=\"application\/pdf\" style=\"width:100%;height:600px\" aria-label=\"Incrustado de 1._CESA_Sub-16_y_Sub-14_MASCULINO.\"><\/object><a id=\"wp-block-file--media-05df895b-4d08-4695-b344-10adbfde42ce\" href=\"https:\/\/ffcv.es\/wp\/wp-content\/uploads\/2025\/11\/1._CESA_Sub-16_y_Sub-14_MASCULINO.pdf\">1._CESA_Sub-16_y_Sub-14_MASCULINO<\/a><a href=\"https:\/\/ffcv.es\/wp\/wp-content\/uploads\/2025\/11\/1._CESA_Sub-16_y_Sub-14_MASCULINO.pdf\" class=\"wp-block-file__button wp-element-button\" download aria-describedby=\"wp-block-file--media-05df895b-4d08-4695-b344-10adbfde42ce\">Descarga<\/a><\/div>\n\n\n\n<h2 class=\"wp-block-heading\">Consigue la camiseta AFICI\u00d3 <\/h2>\n\n\n\n<p>Consigue la camiseta oficial <strong>AFICI\u00d3<\/strong> de la <strong>Selecci\u00f3 Valenciana<\/strong> <a href=\"https:\/\/www.futbolemotion.com\/es\/categoria\/colectivos\/equipaciones-oficiales-federacion-valenciana-de-futbol\">PINCHANDO AQU\u00cd<\/a><\/p>\n\n\n\n<figure class=\"wp-block-image size-large\"><a href=\"https:\/\/www.futbolemotion.com\/es\/categoria\/colectivos\/equipaciones-oficiales-federacion-valenciana-de-futbol\"><img loading=\"lazy\" decoding=\"async\" width=\"819\" height=\"1024\" data-src=\"https:\/\/ffcv.es\/wp\/wp-content\/uploads\/2025\/12\/SEJ7758-819x1024.jpg\" alt=\"\" class=\"wp-image-184130 lazyload\" data-srcset=\"https:\/\/ffcv.es\/wp\/wp-content\/uploads\/2025\/12\/SEJ7758-819x1024.jpg 819w, https:\/\/ffcv.es\/wp\/wp-content\/uploads\/2025\/12\/SEJ7758-240x300.jpg 240w, https:\/\/ffcv.es\/wp\/wp-content\/uploads\/2025\/12\/SEJ7758-768x960.jpg 768w, https:\/\/ffcv.es\/wp\/wp-content\/uploads\/2025\/12\/SEJ7758-150x187.jpg 150w, https:\/\/ffcv.es\/wp\/wp-content\/uploads\/2025\/12\/SEJ7758.jpg 864w\" data-sizes=\"(max-width: 819px) 100vw, 819px\" src=\"data:image\/gif;base64,R0lGODlhAQABAAAAACH5BAEKAAEALAAAAAABAAEAAAICTAEAOw==\" style=\"--smush-placeholder-width: 819px; --smush-placeholder-aspect-ratio: 819\/1024;\" \/><noscript><img loading=\"lazy\" decoding=\"async\" width=\"819\" height=\"1024\" src=\"https:\/\/ffcv.es\/wp\/wp-content\/uploads\/2025\/12\/SEJ7758-819x1024.jpg\" alt=\"\" class=\"wp-image-184130\" srcset=\"https:\/\/ffcv.es\/wp\/wp-content\/uploads\/2025\/12\/SEJ7758-819x1024.jpg 819w, https:\/\/ffcv.es\/wp\/wp-content\/uploads\/2025\/12\/SEJ7758-240x300.jpg 240w, https:\/\/ffcv.es\/wp\/wp-content\/uploads\/2025\/12\/SEJ7758-768x960.jpg 768w, https:\/\/ffcv.es\/wp\/wp-content\/uploads\/2025\/12\/SEJ7758-150x187.jpg 150w, https:\/\/ffcv.es\/wp\/wp-content\/uploads\/2025\/12\/SEJ7758.jpg 864w\" sizes=\"(max-width: 819px) 100vw, 819px\" \/><\/noscript><\/a><\/figure>\n","protected":false},"excerpt":{"rendered":"<p>La Selecci\u00f3 Valenciana Valenta sub16 finaliz\u00f3 en la cuarta plaza el Campeonato de Espa\u00f1a de Selecciones Auton\u00f3micas que se ha celebrado en Torrevieja. El equipo de Fernando Luna, que logr\u00f3 la machada en la \u00faltima jornada de la fase de clasificaci\u00f3n ante Andaluc\u00eda para meterse en semifinales, finaliz\u00f3 cuarta de la Primera Divisi\u00f3n tras caer<\/p>\n","protected":false},"author":15,"featured_media":194174,"comment_status":"closed","ping_status":"closed","sticky":false,"template":"","format":"standard","meta":{"om_disable_all_campaigns":false,"footnotes":""},"categories":[3438,72,1177,1282],"tags":[189,8395,1117,6869,324,7574,1188,8606,319,1205,1417,3407,149,8555,8113],"class_list":["post-194139","post","type-post","status-publish","format-standard","has-post-thumbnail","hentry","category-noticias-seleccion-valenta-sub16","category-noticias-selecciones","category-noticias-valenta","category-portada","tag-campeonato-de-espana","tag-cesa","tag-cnsa","tag-cronica","tag-fase-final","tag-fernando-luna","tag-madrid","tag-nelson-mandela","tag-primera-division","tag-seleccio-valenciana","tag-seleccio-valenciana-sub16","tag-seleccio-valenta","tag-sub-16","tag-tercer-y-cuarto-puesto","tag-torrevieja"],"aioseo_notices":[],"_links":{"self":[{"href":"https:\/\/ffcv.es\/wp\/wp-json\/wp\/v2\/posts\/194139"}],"collection":[{"href":"https:\/\/ffcv.es\/wp\/wp-json\/wp\/v2\/posts"}],"about":[{"href":"https:\/\/ffcv.es\/wp\/wp-json\/wp\/v2\/types\/post"}],"author":[{"embeddable":true,"href":"https:\/\/ffcv.es\/wp\/wp-json\/wp\/v2\/users\/15"}],"replies":[{"embeddable":true,"href":"https:\/\/ffcv.es\/wp\/wp-json\/wp\/v2\/comments?post=194139"}],"version-history":[{"count":3,"href":"https:\/\/ffcv.es\/wp\/wp-json\/wp\/v2\/posts\/194139\/revisions"}],"predecessor-version":[{"id":194177,"href":"https:\/\/ffcv.es\/wp\/wp-json\/wp\/v2\/posts\/194139\/revisions\/194177"}],"wp:featuredmedia":[{"embeddable":true,"href":"https:\/\/ffcv.es\/wp\/wp-json\/wp\/v2\/media\/194174"}],"wp:attachment":[{"href":"https:\/\/ffcv.es\/wp\/wp-json\/wp\/v2\/media?parent=194139"}],"wp:term":[{"taxonomy":"category","embeddable":true,"href":"https:\/\/ffcv.es\/wp\/wp-json\/wp\/v2\/categories?post=194139"},{"taxonomy":"post_tag","embeddable":true,"href":"https:\/\/ffcv.es\/wp\/wp-json\/wp\/v2\/tags?post=194139"}],"curies":[{"name":"wp","href":"https:\/\/api.w.org\/{rel}","templated":true}]}}