{"id":193958,"date":"2026-03-20T15:37:49","date_gmt":"2026-03-20T13:37:49","guid":{"rendered":"https:\/\/ffcv.es\/wp\/?p=193958"},"modified":"2026-03-20T15:38:10","modified_gmt":"2026-03-20T13:38:10","slug":"se-obro-el-milagro-machada-goleada-y-doblete-de-semifinalistas-valenta-andalucia-%f0%9f%86%9a-seleccio-valenciana-valenta-sub16-0-4","status":"publish","type":"post","link":"https:\/\/ffcv.es\/wp\/blog\/2026\/03\/se-obro-el-milagro-machada-goleada-y-doblete-de-semifinalistas-valenta-andalucia-%f0%9f%86%9a-seleccio-valenciana-valenta-sub16-0-4\/","title":{"rendered":"\u00a1Se obr\u00f3 el milagro! Machada, goleada y doblete de semifinalistas Valenta &#8211; Andaluc\u00eda \ud83c\udd9a Selecci\u00f3 Valenciana Valenta sub16 (0-4)"},"content":{"rendered":"\n<p>La<a href=\"https:\/\/ffcv.es\/wp\/blog\/2025\/02\/24\/convocatoria-oficial-estas-son-las-jugadoras-convocadas-por-la-seleccio-valenciana-valenta-sub16-de-futbol-para-la-fase-oro-en-zaragoza\/\" target=\"_blank\" rel=\"noopener\" title=\"\"> <\/a><strong><a href=\"https:\/\/ffcv.es\/wp\/seleccio-valenciana-valenta-futbol-sub17\/\" title=\"\">Selecci\u00f3 Valenciana Valenta sub16<\/a> <\/strong>de f\u00fatbol tuvo fe cuando estaba todo en contra y cuaj\u00f3 ante <strong>Andaluc\u00eda un partido hist\u00f3rico y redondo en la cuarta y \u00faltima jornada de <\/strong>la Primera Fase del <strong>Campeonato de Espa\u00f1a de Selecciones Auton\u00f3micas<\/strong>.<\/p>\n\n\n\n<p>El equipo de<strong> Fernando Luna<\/strong> necesitaba ganar por tres goles de diferencia para meterse en semis y obr\u00f3 el milagro: acab\u00f3 ganando por cuatro goles a cero, tras una primera parte para el recuerdo de las selecciones <strong>Valenta<\/strong>.<\/p>\n\n\n\n<p>Ahora, la invicta <strong>Catalunya<\/strong> espera a la <strong>Valenciana<\/strong> en la semifinal. El encuentro se disputar\u00e1 ma\u00f1ana a las 12.30h en el <strong>Nelson Mandela <\/strong>de <strong>Torrevieja<\/strong>.<\/p>\n\n\n\n<p>En 34 minutos, la <strong>Selecci\u00f3<\/strong> ya hab\u00eda conseguido los cuatro goles: doblete de <strong>Cristina Garc\u00eda <\/strong>(14&#8242; y 29&#8242;), <strong>Andrea Catal\u00e1<\/strong> (29&#8242;) y <strong>Balma<\/strong> (34&#8242;). <\/p>\n\n\n\n<p>La segunda parte, el equipo aguant\u00f3 la renta gracias a la intensidad de las jugadoras y a la labor de <strong>Roc\u00edo Pardo<\/strong>. <\/p>\n\n\n\n<p>Con esta victoria, las dos selecciones <strong>Valenta<\/strong> pasan a semifinales por tercera vez en la historia. Hay que remontarse a 2018 y a 2012 para encontrar una gesta parecida.<\/p>\n\n\n\n<figure class=\"wp-block-image size-large\"><img loading=\"lazy\" decoding=\"async\" width=\"768\" height=\"1024\" data-src=\"https:\/\/ffcv.es\/wp\/wp-content\/uploads\/2026\/03\/sub16-vs-AND-1-768x1024.png\" alt=\"\" class=\"wp-image-194022 lazyload\" data-srcset=\"https:\/\/ffcv.es\/wp\/wp-content\/uploads\/2026\/03\/sub16-vs-AND-1-768x1024.png 768w, https:\/\/ffcv.es\/wp\/wp-content\/uploads\/2026\/03\/sub16-vs-AND-1-225x300.png 225w, https:\/\/ffcv.es\/wp\/wp-content\/uploads\/2026\/03\/sub16-vs-AND-1-1152x1536.png 1152w, https:\/\/ffcv.es\/wp\/wp-content\/uploads\/2026\/03\/sub16-vs-AND-1-1536x2048.png 1536w, https:\/\/ffcv.es\/wp\/wp-content\/uploads\/2026\/03\/sub16-vs-AND-1-140x187.png 140w, https:\/\/ffcv.es\/wp\/wp-content\/uploads\/2026\/03\/sub16-vs-AND-1-1170x1560.png 1170w, https:\/\/ffcv.es\/wp\/wp-content\/uploads\/2026\/03\/sub16-vs-AND-1.png 810w\" data-sizes=\"(max-width: 768px) 100vw, 768px\" src=\"data:image\/gif;base64,R0lGODlhAQABAAAAACH5BAEKAAEALAAAAAABAAEAAAICTAEAOw==\" style=\"--smush-placeholder-width: 768px; --smush-placeholder-aspect-ratio: 768\/1024;\" \/><noscript><img loading=\"lazy\" decoding=\"async\" width=\"768\" height=\"1024\" src=\"https:\/\/ffcv.es\/wp\/wp-content\/uploads\/2026\/03\/sub16-vs-AND-1-768x1024.png\" alt=\"\" class=\"wp-image-194022\" srcset=\"https:\/\/ffcv.es\/wp\/wp-content\/uploads\/2026\/03\/sub16-vs-AND-1-768x1024.png 768w, https:\/\/ffcv.es\/wp\/wp-content\/uploads\/2026\/03\/sub16-vs-AND-1-225x300.png 225w, https:\/\/ffcv.es\/wp\/wp-content\/uploads\/2026\/03\/sub16-vs-AND-1-1152x1536.png 1152w, https:\/\/ffcv.es\/wp\/wp-content\/uploads\/2026\/03\/sub16-vs-AND-1-1536x2048.png 1536w, https:\/\/ffcv.es\/wp\/wp-content\/uploads\/2026\/03\/sub16-vs-AND-1-140x187.png 140w, https:\/\/ffcv.es\/wp\/wp-content\/uploads\/2026\/03\/sub16-vs-AND-1-1170x1560.png 1170w, https:\/\/ffcv.es\/wp\/wp-content\/uploads\/2026\/03\/sub16-vs-AND-1.png 810w\" sizes=\"(max-width: 768px) 100vw, 768px\" \/><\/noscript><\/figure>\n\n\n\n<h2 class=\"wp-block-heading\">La media hora so\u00f1ada<\/h2>\n\n\n\n<p>Las tres primeras jornadas de la <strong>Selecci\u00f3 Valenciana<\/strong> fueron para despistar. Eso debi\u00f3 pensar J<strong>avier Berm\u00fadez<\/strong>, el t\u00e9cnico andaluz, en el minuto 34 de partido cuando su equipo iba perdiendo por cuatro goles a cero.<\/p>\n\n\n\n<p>El vendaval no fue de viento, que tambi\u00e9n, sino de juego y goles naranjas. El conjunto dirigido por <strong>Fernando Luna<\/strong> salt\u00f3 al campo como un cicl\u00f3n, convencido del milagro. Y ya que acaba de pasar el 19 de marzo, llam\u00e9mosle<em> &#8216;el miracle de Sant Josep&#8217;<\/em>.<\/p>\n\n\n\n<figure class=\"wp-block-image size-large\"><img loading=\"lazy\" decoding=\"async\" width=\"769\" height=\"1024\" data-src=\"https:\/\/ffcv.es\/wp\/wp-content\/uploads\/2026\/03\/Claudia-Tendillo-Seleccion-Valenciana-1-769x1024.jpg\" alt=\"Claudia Tendillo con Selecci\u00f3n Valenciana sub16\" class=\"wp-image-194016 lazyload\" data-srcset=\"https:\/\/ffcv.es\/wp\/wp-content\/uploads\/2026\/03\/Claudia-Tendillo-Seleccion-Valenciana-1-769x1024.jpg 769w, https:\/\/ffcv.es\/wp\/wp-content\/uploads\/2026\/03\/Claudia-Tendillo-Seleccion-Valenciana-1-225x300.jpg 225w, https:\/\/ffcv.es\/wp\/wp-content\/uploads\/2026\/03\/Claudia-Tendillo-Seleccion-Valenciana-1-768x1022.jpg 768w, https:\/\/ffcv.es\/wp\/wp-content\/uploads\/2026\/03\/Claudia-Tendillo-Seleccion-Valenciana-1-1154x1536.jpg 1154w, https:\/\/ffcv.es\/wp\/wp-content\/uploads\/2026\/03\/Claudia-Tendillo-Seleccion-Valenciana-1-1539x2048.jpg 1539w, https:\/\/ffcv.es\/wp\/wp-content\/uploads\/2026\/03\/Claudia-Tendillo-Seleccion-Valenciana-1-141x187.jpg 141w, https:\/\/ffcv.es\/wp\/wp-content\/uploads\/2026\/03\/Claudia-Tendillo-Seleccion-Valenciana-1-1170x1557.jpg 1170w, https:\/\/ffcv.es\/wp\/wp-content\/uploads\/2026\/03\/Claudia-Tendillo-Seleccion-Valenciana-1-scaled.jpg 812w\" data-sizes=\"(max-width: 769px) 100vw, 769px\" src=\"data:image\/gif;base64,R0lGODlhAQABAAAAACH5BAEKAAEALAAAAAABAAEAAAICTAEAOw==\" style=\"--smush-placeholder-width: 769px; --smush-placeholder-aspect-ratio: 769\/1024;\" \/><noscript><img loading=\"lazy\" decoding=\"async\" width=\"769\" height=\"1024\" src=\"https:\/\/ffcv.es\/wp\/wp-content\/uploads\/2026\/03\/Claudia-Tendillo-Seleccion-Valenciana-1-769x1024.jpg\" alt=\"Claudia Tendillo con Selecci\u00f3n Valenciana sub16\" class=\"wp-image-194016\" srcset=\"https:\/\/ffcv.es\/wp\/wp-content\/uploads\/2026\/03\/Claudia-Tendillo-Seleccion-Valenciana-1-769x1024.jpg 769w, https:\/\/ffcv.es\/wp\/wp-content\/uploads\/2026\/03\/Claudia-Tendillo-Seleccion-Valenciana-1-225x300.jpg 225w, https:\/\/ffcv.es\/wp\/wp-content\/uploads\/2026\/03\/Claudia-Tendillo-Seleccion-Valenciana-1-768x1022.jpg 768w, https:\/\/ffcv.es\/wp\/wp-content\/uploads\/2026\/03\/Claudia-Tendillo-Seleccion-Valenciana-1-1154x1536.jpg 1154w, https:\/\/ffcv.es\/wp\/wp-content\/uploads\/2026\/03\/Claudia-Tendillo-Seleccion-Valenciana-1-1539x2048.jpg 1539w, https:\/\/ffcv.es\/wp\/wp-content\/uploads\/2026\/03\/Claudia-Tendillo-Seleccion-Valenciana-1-141x187.jpg 141w, https:\/\/ffcv.es\/wp\/wp-content\/uploads\/2026\/03\/Claudia-Tendillo-Seleccion-Valenciana-1-1170x1557.jpg 1170w, https:\/\/ffcv.es\/wp\/wp-content\/uploads\/2026\/03\/Claudia-Tendillo-Seleccion-Valenciana-1-scaled.jpg 812w\" sizes=\"(max-width: 769px) 100vw, 769px\" \/><\/noscript><figcaption class=\"wp-element-caption\"><strong>Claudia Tendillo<\/strong><\/figcaption><\/figure>\n\n\n\n<p>No era f\u00e1cil la misi\u00f3n: hab\u00eda ganar por tres goles de diferencia para estar en semifinales. Enfrente, <strong>Andaluc\u00eda<\/strong> \u00fanicamente ten\u00eda que evitar perder por tres goles de diferencia o m\u00e1s para pasar a semis.<\/p>\n\n\n\n<p>Y encima, <strong>Andaluc\u00eda<\/strong> anot\u00f3 primero un gol&#8230; pero fue anulado por fuera de juego. As\u00ed la \u00e9pica fue mayor.<\/p>\n\n\n\n<p>Pero las valencianas, espoleadas por el p\u00fablico presente en el <strong>Nelson Mandela<\/strong> de <strong>Torrevieja<\/strong>, fueron las primeras creyentes.<\/p>\n\n\n\n<p>La &#8216;pirata&#8217; de la <strong>Selecci\u00f3<\/strong>, <strong>Cristina Garc\u00eda<\/strong>, no perdon\u00f3 a las defensas rivales. Culmin\u00f3 sin piedad el primer gol y el tercero. <strong>Andrea Catal\u00e1<\/strong> puso el segundo y <strong>Balma<\/strong>, el cuarto \u00a1Menuda exhibici\u00f3n!<\/p>\n\n\n\n<figure class=\"wp-block-gallery has-nested-images columns-default is-cropped wp-block-gallery-1 is-layout-flex wp-block-gallery-is-layout-flex\">\n<figure class=\"wp-block-image size-large\"><img loading=\"lazy\" decoding=\"async\" width=\"1024\" height=\"682\" data-id=\"194003\" data-src=\"https:\/\/ffcv.es\/wp\/wp-content\/uploads\/2026\/03\/Cristina-Garcia-seleccion-valenciana-sub16-1-1024x682.jpeg\" alt=\"Cristina Garc\u00eda jugadora selecci\u00f3n valenciana sub16\" class=\"wp-image-194003 lazyload\" data-srcset=\"https:\/\/ffcv.es\/wp\/wp-content\/uploads\/2026\/03\/Cristina-Garcia-seleccion-valenciana-sub16-1-1024x682.jpeg 1024w, https:\/\/ffcv.es\/wp\/wp-content\/uploads\/2026\/03\/Cristina-Garcia-seleccion-valenciana-sub16-1-300x200.jpeg 300w, https:\/\/ffcv.es\/wp\/wp-content\/uploads\/2026\/03\/Cristina-Garcia-seleccion-valenciana-sub16-1-768x512.jpeg 768w, https:\/\/ffcv.es\/wp\/wp-content\/uploads\/2026\/03\/Cristina-Garcia-seleccion-valenciana-sub16-1-1536x1023.jpeg 1536w, https:\/\/ffcv.es\/wp\/wp-content\/uploads\/2026\/03\/Cristina-Garcia-seleccion-valenciana-sub16-1-280x187.jpeg 280w, https:\/\/ffcv.es\/wp\/wp-content\/uploads\/2026\/03\/Cristina-Garcia-seleccion-valenciana-sub16-1-1170x780.jpeg 1170w, https:\/\/ffcv.es\/wp\/wp-content\/uploads\/2026\/03\/Cristina-Garcia-seleccion-valenciana-sub16-1.jpeg 1600w\" data-sizes=\"(max-width: 1024px) 100vw, 1024px\" src=\"data:image\/gif;base64,R0lGODlhAQABAAAAACH5BAEKAAEALAAAAAABAAEAAAICTAEAOw==\" style=\"--smush-placeholder-width: 1024px; --smush-placeholder-aspect-ratio: 1024\/682;\" \/><noscript><img loading=\"lazy\" decoding=\"async\" width=\"1024\" height=\"682\" data-id=\"194003\" src=\"https:\/\/ffcv.es\/wp\/wp-content\/uploads\/2026\/03\/Cristina-Garcia-seleccion-valenciana-sub16-1-1024x682.jpeg\" alt=\"Cristina Garc\u00eda jugadora selecci\u00f3n valenciana sub16\" class=\"wp-image-194003\" srcset=\"https:\/\/ffcv.es\/wp\/wp-content\/uploads\/2026\/03\/Cristina-Garcia-seleccion-valenciana-sub16-1-1024x682.jpeg 1024w, https:\/\/ffcv.es\/wp\/wp-content\/uploads\/2026\/03\/Cristina-Garcia-seleccion-valenciana-sub16-1-300x200.jpeg 300w, https:\/\/ffcv.es\/wp\/wp-content\/uploads\/2026\/03\/Cristina-Garcia-seleccion-valenciana-sub16-1-768x512.jpeg 768w, https:\/\/ffcv.es\/wp\/wp-content\/uploads\/2026\/03\/Cristina-Garcia-seleccion-valenciana-sub16-1-1536x1023.jpeg 1536w, https:\/\/ffcv.es\/wp\/wp-content\/uploads\/2026\/03\/Cristina-Garcia-seleccion-valenciana-sub16-1-280x187.jpeg 280w, https:\/\/ffcv.es\/wp\/wp-content\/uploads\/2026\/03\/Cristina-Garcia-seleccion-valenciana-sub16-1-1170x780.jpeg 1170w, https:\/\/ffcv.es\/wp\/wp-content\/uploads\/2026\/03\/Cristina-Garcia-seleccion-valenciana-sub16-1.jpeg 1600w\" sizes=\"(max-width: 1024px) 100vw, 1024px\" \/><\/noscript><figcaption class=\"wp-element-caption\"><strong>Cristina Garc\u00eda<\/strong><\/figcaption><\/figure>\n\n\n\n<figure class=\"wp-block-image size-large\"><img loading=\"lazy\" decoding=\"async\" width=\"1024\" height=\"595\" data-id=\"194005\" data-src=\"https:\/\/ffcv.es\/wp\/wp-content\/uploads\/2026\/03\/Cristina-Garcia-seleccion-valenciana-sub16-3-1024x595.jpg\" alt=\"Cristina Garc\u00eda jugadora selecci\u00f3n valenciana sub16\" class=\"wp-image-194005 lazyload\" data-srcset=\"https:\/\/ffcv.es\/wp\/wp-content\/uploads\/2026\/03\/Cristina-Garcia-seleccion-valenciana-sub16-3-1024x595.jpg 1024w, https:\/\/ffcv.es\/wp\/wp-content\/uploads\/2026\/03\/Cristina-Garcia-seleccion-valenciana-sub16-3-300x174.jpg 300w, https:\/\/ffcv.es\/wp\/wp-content\/uploads\/2026\/03\/Cristina-Garcia-seleccion-valenciana-sub16-3-768x446.jpg 768w, https:\/\/ffcv.es\/wp\/wp-content\/uploads\/2026\/03\/Cristina-Garcia-seleccion-valenciana-sub16-3-1536x893.jpg 1536w, https:\/\/ffcv.es\/wp\/wp-content\/uploads\/2026\/03\/Cristina-Garcia-seleccion-valenciana-sub16-3-2048x1190.jpg 2048w, https:\/\/ffcv.es\/wp\/wp-content\/uploads\/2026\/03\/Cristina-Garcia-seleccion-valenciana-sub16-3-280x163.jpg 280w, https:\/\/ffcv.es\/wp\/wp-content\/uploads\/2026\/03\/Cristina-Garcia-seleccion-valenciana-sub16-3-1170x680.jpg 1170w, https:\/\/ffcv.es\/wp\/wp-content\/uploads\/2026\/03\/Cristina-Garcia-seleccion-valenciana-sub16-3-scaled.jpg 1858w\" data-sizes=\"(max-width: 1024px) 100vw, 1024px\" src=\"data:image\/gif;base64,R0lGODlhAQABAAAAACH5BAEKAAEALAAAAAABAAEAAAICTAEAOw==\" style=\"--smush-placeholder-width: 1024px; --smush-placeholder-aspect-ratio: 1024\/595;\" \/><noscript><img loading=\"lazy\" decoding=\"async\" width=\"1024\" height=\"595\" data-id=\"194005\" src=\"https:\/\/ffcv.es\/wp\/wp-content\/uploads\/2026\/03\/Cristina-Garcia-seleccion-valenciana-sub16-3-1024x595.jpg\" alt=\"Cristina Garc\u00eda jugadora selecci\u00f3n valenciana sub16\" class=\"wp-image-194005\" srcset=\"https:\/\/ffcv.es\/wp\/wp-content\/uploads\/2026\/03\/Cristina-Garcia-seleccion-valenciana-sub16-3-1024x595.jpg 1024w, https:\/\/ffcv.es\/wp\/wp-content\/uploads\/2026\/03\/Cristina-Garcia-seleccion-valenciana-sub16-3-300x174.jpg 300w, https:\/\/ffcv.es\/wp\/wp-content\/uploads\/2026\/03\/Cristina-Garcia-seleccion-valenciana-sub16-3-768x446.jpg 768w, https:\/\/ffcv.es\/wp\/wp-content\/uploads\/2026\/03\/Cristina-Garcia-seleccion-valenciana-sub16-3-1536x893.jpg 1536w, https:\/\/ffcv.es\/wp\/wp-content\/uploads\/2026\/03\/Cristina-Garcia-seleccion-valenciana-sub16-3-2048x1190.jpg 2048w, https:\/\/ffcv.es\/wp\/wp-content\/uploads\/2026\/03\/Cristina-Garcia-seleccion-valenciana-sub16-3-280x163.jpg 280w, https:\/\/ffcv.es\/wp\/wp-content\/uploads\/2026\/03\/Cristina-Garcia-seleccion-valenciana-sub16-3-1170x680.jpg 1170w, https:\/\/ffcv.es\/wp\/wp-content\/uploads\/2026\/03\/Cristina-Garcia-seleccion-valenciana-sub16-3-scaled.jpg 1858w\" sizes=\"(max-width: 1024px) 100vw, 1024px\" \/><\/noscript><figcaption class=\"wp-element-caption\"><strong>Cristina Garc\u00eda <\/strong>anota el tercer gol<\/figcaption><\/figure>\n\n\n\n<figure class=\"wp-block-image size-large\"><img loading=\"lazy\" decoding=\"async\" width=\"1024\" height=\"641\" data-id=\"194001\" data-src=\"https:\/\/ffcv.es\/wp\/wp-content\/uploads\/2026\/03\/Andrea-Catala-seleccion-valenciana-1-1024x641.jpeg\" alt=\"Andrea Catal\u00e1, jugadora selecci\u00f3 Valenciana sub16\" class=\"wp-image-194001 lazyload\" data-srcset=\"https:\/\/ffcv.es\/wp\/wp-content\/uploads\/2026\/03\/Andrea-Catala-seleccion-valenciana-1-1024x641.jpeg 1024w, https:\/\/ffcv.es\/wp\/wp-content\/uploads\/2026\/03\/Andrea-Catala-seleccion-valenciana-1-300x188.jpeg 300w, https:\/\/ffcv.es\/wp\/wp-content\/uploads\/2026\/03\/Andrea-Catala-seleccion-valenciana-1-768x481.jpeg 768w, https:\/\/ffcv.es\/wp\/wp-content\/uploads\/2026\/03\/Andrea-Catala-seleccion-valenciana-1-1536x962.jpeg 1536w, https:\/\/ffcv.es\/wp\/wp-content\/uploads\/2026\/03\/Andrea-Catala-seleccion-valenciana-1-280x175.jpeg 280w, https:\/\/ffcv.es\/wp\/wp-content\/uploads\/2026\/03\/Andrea-Catala-seleccion-valenciana-1-1170x733.jpeg 1170w, https:\/\/ffcv.es\/wp\/wp-content\/uploads\/2026\/03\/Andrea-Catala-seleccion-valenciana-1.jpeg 1600w\" data-sizes=\"(max-width: 1024px) 100vw, 1024px\" src=\"data:image\/gif;base64,R0lGODlhAQABAAAAACH5BAEKAAEALAAAAAABAAEAAAICTAEAOw==\" style=\"--smush-placeholder-width: 1024px; --smush-placeholder-aspect-ratio: 1024\/641;\" \/><noscript><img loading=\"lazy\" decoding=\"async\" width=\"1024\" height=\"641\" data-id=\"194001\" src=\"https:\/\/ffcv.es\/wp\/wp-content\/uploads\/2026\/03\/Andrea-Catala-seleccion-valenciana-1-1024x641.jpeg\" alt=\"Andrea Catal\u00e1, jugadora selecci\u00f3 Valenciana sub16\" class=\"wp-image-194001\" srcset=\"https:\/\/ffcv.es\/wp\/wp-content\/uploads\/2026\/03\/Andrea-Catala-seleccion-valenciana-1-1024x641.jpeg 1024w, https:\/\/ffcv.es\/wp\/wp-content\/uploads\/2026\/03\/Andrea-Catala-seleccion-valenciana-1-300x188.jpeg 300w, https:\/\/ffcv.es\/wp\/wp-content\/uploads\/2026\/03\/Andrea-Catala-seleccion-valenciana-1-768x481.jpeg 768w, https:\/\/ffcv.es\/wp\/wp-content\/uploads\/2026\/03\/Andrea-Catala-seleccion-valenciana-1-1536x962.jpeg 1536w, https:\/\/ffcv.es\/wp\/wp-content\/uploads\/2026\/03\/Andrea-Catala-seleccion-valenciana-1-280x175.jpeg 280w, https:\/\/ffcv.es\/wp\/wp-content\/uploads\/2026\/03\/Andrea-Catala-seleccion-valenciana-1-1170x733.jpeg 1170w, https:\/\/ffcv.es\/wp\/wp-content\/uploads\/2026\/03\/Andrea-Catala-seleccion-valenciana-1.jpeg 1600w\" sizes=\"(max-width: 1024px) 100vw, 1024px\" \/><\/noscript><figcaption class=\"wp-element-caption\"><strong>Andrea Catal\u00e1<\/strong><\/figcaption><\/figure>\n\n\n\n<figure class=\"wp-block-image size-large\"><img loading=\"lazy\" decoding=\"async\" width=\"1024\" height=\"628\" data-id=\"194002\" data-src=\"https:\/\/ffcv.es\/wp\/wp-content\/uploads\/2026\/03\/Balma-seleccion-valenciana-sub16-1-1024x628.jpeg\" alt=\"Balma jugadora selecci\u00f3n valenciana sub16\" class=\"wp-image-194002 lazyload\" data-srcset=\"https:\/\/ffcv.es\/wp\/wp-content\/uploads\/2026\/03\/Balma-seleccion-valenciana-sub16-1-1024x628.jpeg 1024w, https:\/\/ffcv.es\/wp\/wp-content\/uploads\/2026\/03\/Balma-seleccion-valenciana-sub16-1-300x184.jpeg 300w, https:\/\/ffcv.es\/wp\/wp-content\/uploads\/2026\/03\/Balma-seleccion-valenciana-sub16-1-768x471.jpeg 768w, https:\/\/ffcv.es\/wp\/wp-content\/uploads\/2026\/03\/Balma-seleccion-valenciana-sub16-1-1536x942.jpeg 1536w, https:\/\/ffcv.es\/wp\/wp-content\/uploads\/2026\/03\/Balma-seleccion-valenciana-sub16-1-280x172.jpeg 280w, https:\/\/ffcv.es\/wp\/wp-content\/uploads\/2026\/03\/Balma-seleccion-valenciana-sub16-1-1170x717.jpeg 1170w, https:\/\/ffcv.es\/wp\/wp-content\/uploads\/2026\/03\/Balma-seleccion-valenciana-sub16-1.jpeg 1600w\" data-sizes=\"(max-width: 1024px) 100vw, 1024px\" src=\"data:image\/gif;base64,R0lGODlhAQABAAAAACH5BAEKAAEALAAAAAABAAEAAAICTAEAOw==\" style=\"--smush-placeholder-width: 1024px; --smush-placeholder-aspect-ratio: 1024\/628;\" \/><noscript><img loading=\"lazy\" decoding=\"async\" width=\"1024\" height=\"628\" data-id=\"194002\" src=\"https:\/\/ffcv.es\/wp\/wp-content\/uploads\/2026\/03\/Balma-seleccion-valenciana-sub16-1-1024x628.jpeg\" alt=\"Balma jugadora selecci\u00f3n valenciana sub16\" class=\"wp-image-194002\" srcset=\"https:\/\/ffcv.es\/wp\/wp-content\/uploads\/2026\/03\/Balma-seleccion-valenciana-sub16-1-1024x628.jpeg 1024w, https:\/\/ffcv.es\/wp\/wp-content\/uploads\/2026\/03\/Balma-seleccion-valenciana-sub16-1-300x184.jpeg 300w, https:\/\/ffcv.es\/wp\/wp-content\/uploads\/2026\/03\/Balma-seleccion-valenciana-sub16-1-768x471.jpeg 768w, https:\/\/ffcv.es\/wp\/wp-content\/uploads\/2026\/03\/Balma-seleccion-valenciana-sub16-1-1536x942.jpeg 1536w, https:\/\/ffcv.es\/wp\/wp-content\/uploads\/2026\/03\/Balma-seleccion-valenciana-sub16-1-280x172.jpeg 280w, https:\/\/ffcv.es\/wp\/wp-content\/uploads\/2026\/03\/Balma-seleccion-valenciana-sub16-1-1170x717.jpeg 1170w, https:\/\/ffcv.es\/wp\/wp-content\/uploads\/2026\/03\/Balma-seleccion-valenciana-sub16-1.jpeg 1600w\" sizes=\"(max-width: 1024px) 100vw, 1024px\" \/><\/noscript><figcaption class=\"wp-element-caption\"><strong>Balma<\/strong><\/figcaption><\/figure>\n<\/figure>\n\n\n\n<p>Dos de los cuatro goles vinieron de ABP. Queda claro que <strong>Luna<\/strong> y <strong>Esther Romero<\/strong> hab\u00edan estudiado bien a las rivales.<\/p>\n\n\n\n<p><strong>Mer\u00e7\u00e9<\/strong>, un <em>dimoniet<\/em>; <strong>Maite<\/strong>, un seguro; <strong>Claudia Tendillo<\/strong>, puro control; Balma, un cuchillo; Andrea Catal\u00e1, un baluarte; <strong>Marga<\/strong>, <em>sentido y sensibilidad <\/em>con el bal\u00f3n. Y el resto del equipo, compromiso, solidaridad y fe.<\/p>\n\n\n\n<figure class=\"wp-block-image size-large\"><img loading=\"lazy\" decoding=\"async\" width=\"1024\" height=\"612\" data-src=\"https:\/\/ffcv.es\/wp\/wp-content\/uploads\/2026\/03\/Merce-seleccion-valenciana-1-1024x612.jpg\" alt=\"Mer\u00e7\u00e9 Meg\u00edas jugadora Selecci\u00f3 Valenciana sub16\" class=\"wp-image-194006 lazyload\" data-srcset=\"https:\/\/ffcv.es\/wp\/wp-content\/uploads\/2026\/03\/Merce-seleccion-valenciana-1-1024x612.jpg 1024w, https:\/\/ffcv.es\/wp\/wp-content\/uploads\/2026\/03\/Merce-seleccion-valenciana-1-300x179.jpg 300w, https:\/\/ffcv.es\/wp\/wp-content\/uploads\/2026\/03\/Merce-seleccion-valenciana-1-768x459.jpg 768w, https:\/\/ffcv.es\/wp\/wp-content\/uploads\/2026\/03\/Merce-seleccion-valenciana-1-1536x918.jpg 1536w, https:\/\/ffcv.es\/wp\/wp-content\/uploads\/2026\/03\/Merce-seleccion-valenciana-1-2048x1224.jpg 2048w, https:\/\/ffcv.es\/wp\/wp-content\/uploads\/2026\/03\/Merce-seleccion-valenciana-1-280x167.jpg 280w, https:\/\/ffcv.es\/wp\/wp-content\/uploads\/2026\/03\/Merce-seleccion-valenciana-1-1170x699.jpg 1170w, https:\/\/ffcv.es\/wp\/wp-content\/uploads\/2026\/03\/Merce-seleccion-valenciana-1-scaled.jpg 1808w\" data-sizes=\"(max-width: 1024px) 100vw, 1024px\" src=\"data:image\/gif;base64,R0lGODlhAQABAAAAACH5BAEKAAEALAAAAAABAAEAAAICTAEAOw==\" style=\"--smush-placeholder-width: 1024px; --smush-placeholder-aspect-ratio: 1024\/612;\" \/><noscript><img loading=\"lazy\" decoding=\"async\" width=\"1024\" height=\"612\" src=\"https:\/\/ffcv.es\/wp\/wp-content\/uploads\/2026\/03\/Merce-seleccion-valenciana-1-1024x612.jpg\" alt=\"Mer\u00e7\u00e9 Meg\u00edas jugadora Selecci\u00f3 Valenciana sub16\" class=\"wp-image-194006\" srcset=\"https:\/\/ffcv.es\/wp\/wp-content\/uploads\/2026\/03\/Merce-seleccion-valenciana-1-1024x612.jpg 1024w, https:\/\/ffcv.es\/wp\/wp-content\/uploads\/2026\/03\/Merce-seleccion-valenciana-1-300x179.jpg 300w, https:\/\/ffcv.es\/wp\/wp-content\/uploads\/2026\/03\/Merce-seleccion-valenciana-1-768x459.jpg 768w, https:\/\/ffcv.es\/wp\/wp-content\/uploads\/2026\/03\/Merce-seleccion-valenciana-1-1536x918.jpg 1536w, https:\/\/ffcv.es\/wp\/wp-content\/uploads\/2026\/03\/Merce-seleccion-valenciana-1-2048x1224.jpg 2048w, https:\/\/ffcv.es\/wp\/wp-content\/uploads\/2026\/03\/Merce-seleccion-valenciana-1-280x167.jpg 280w, https:\/\/ffcv.es\/wp\/wp-content\/uploads\/2026\/03\/Merce-seleccion-valenciana-1-1170x699.jpg 1170w, https:\/\/ffcv.es\/wp\/wp-content\/uploads\/2026\/03\/Merce-seleccion-valenciana-1-scaled.jpg 1808w\" sizes=\"(max-width: 1024px) 100vw, 1024px\" \/><\/noscript><\/figure>\n\n\n\n<p>Todos los duelos ganados, todas las batallas eran naranjas. Qu\u00e9 gustazo. Cuando<strong> Mireia Dom\u00e9nech<\/strong> pit\u00f3 el final de la primera parte, nadie se quiso ir de la grada pidiendo que continuara el partido.<\/p>\n\n\n\n<figure class=\"wp-block-image size-large\"><img loading=\"lazy\" decoding=\"async\" width=\"1024\" height=\"635\" data-src=\"https:\/\/ffcv.es\/wp\/wp-content\/uploads\/2026\/03\/IMG_6994-1024x635.jpg\" alt=\"\" class=\"wp-image-194007 lazyload\" data-srcset=\"https:\/\/ffcv.es\/wp\/wp-content\/uploads\/2026\/03\/IMG_6994-1024x635.jpg 1024w, https:\/\/ffcv.es\/wp\/wp-content\/uploads\/2026\/03\/IMG_6994-300x186.jpg 300w, https:\/\/ffcv.es\/wp\/wp-content\/uploads\/2026\/03\/IMG_6994-768x476.jpg 768w, https:\/\/ffcv.es\/wp\/wp-content\/uploads\/2026\/03\/IMG_6994-1536x952.jpg 1536w, https:\/\/ffcv.es\/wp\/wp-content\/uploads\/2026\/03\/IMG_6994-2048x1270.jpg 2048w, https:\/\/ffcv.es\/wp\/wp-content\/uploads\/2026\/03\/IMG_6994-280x174.jpg 280w, https:\/\/ffcv.es\/wp\/wp-content\/uploads\/2026\/03\/IMG_6994-1170x725.jpg 1170w, https:\/\/ffcv.es\/wp\/wp-content\/uploads\/2026\/03\/IMG_6994-scaled.jpg 1743w\" data-sizes=\"(max-width: 1024px) 100vw, 1024px\" src=\"data:image\/gif;base64,R0lGODlhAQABAAAAACH5BAEKAAEALAAAAAABAAEAAAICTAEAOw==\" style=\"--smush-placeholder-width: 1024px; --smush-placeholder-aspect-ratio: 1024\/635;\" \/><noscript><img loading=\"lazy\" decoding=\"async\" width=\"1024\" height=\"635\" src=\"https:\/\/ffcv.es\/wp\/wp-content\/uploads\/2026\/03\/IMG_6994-1024x635.jpg\" alt=\"\" class=\"wp-image-194007\" srcset=\"https:\/\/ffcv.es\/wp\/wp-content\/uploads\/2026\/03\/IMG_6994-1024x635.jpg 1024w, https:\/\/ffcv.es\/wp\/wp-content\/uploads\/2026\/03\/IMG_6994-300x186.jpg 300w, https:\/\/ffcv.es\/wp\/wp-content\/uploads\/2026\/03\/IMG_6994-768x476.jpg 768w, https:\/\/ffcv.es\/wp\/wp-content\/uploads\/2026\/03\/IMG_6994-1536x952.jpg 1536w, https:\/\/ffcv.es\/wp\/wp-content\/uploads\/2026\/03\/IMG_6994-2048x1270.jpg 2048w, https:\/\/ffcv.es\/wp\/wp-content\/uploads\/2026\/03\/IMG_6994-280x174.jpg 280w, https:\/\/ffcv.es\/wp\/wp-content\/uploads\/2026\/03\/IMG_6994-1170x725.jpg 1170w, https:\/\/ffcv.es\/wp\/wp-content\/uploads\/2026\/03\/IMG_6994-scaled.jpg 1743w\" sizes=\"(max-width: 1024px) 100vw, 1024px\" \/><\/noscript><figcaption class=\"wp-element-caption\">As\u00ed estaba el marcador al descanso.<\/figcaption><\/figure>\n\n\n\n<h2 class=\"wp-block-heading\">Despu\u00e9s del fest\u00edn, a sufrir para cerrar el milagro<\/h2>\n\n\n\n<p>En el vestuario, <strong>Fernando Luna<\/strong> ten\u00eda que convencer a las suyas de que hab\u00eda que seguir apretando porque venirse atr\u00e1s pod\u00eda ser peligroso.<\/p>\n\n\n\n<p>Las andaluzas tienen mucha calidad y en cualquier momento se podr\u00edan ver capaces de darle la vuelta al marcador. Y su t\u00e9cnico hizo triple cambio para mover el \u00e1rbol.<\/p>\n\n\n\n<p>As\u00ed, lo ideal para no sufrir habr\u00eda sido que <strong>Cristina<\/strong> completase su hat-trick con un mano a mano que tuvo frente a <strong>Celia Valero<\/strong>, la portera andaluza, nada m\u00e1s empezar la segunda parte. Pero la certera delantera del <strong>Levante UD <\/strong>se la pic\u00f3 y el bal\u00f3n sali\u00f3 fuera junto al palo.<\/p>\n\n\n\n<figure class=\"wp-block-image size-large\"><img loading=\"lazy\" decoding=\"async\" width=\"1024\" height=\"681\" data-src=\"https:\/\/ffcv.es\/wp\/wp-content\/uploads\/2026\/03\/Fernando-Luna-seleccionador-valenciano-1-1024x681.jpg\" alt=\"Fernando Luna seleccionados valenciano sub16\" class=\"wp-image-194017 lazyload\" data-srcset=\"https:\/\/ffcv.es\/wp\/wp-content\/uploads\/2026\/03\/Fernando-Luna-seleccionador-valenciano-1-1024x681.jpg 1024w, https:\/\/ffcv.es\/wp\/wp-content\/uploads\/2026\/03\/Fernando-Luna-seleccionador-valenciano-1-300x200.jpg 300w, https:\/\/ffcv.es\/wp\/wp-content\/uploads\/2026\/03\/Fernando-Luna-seleccionador-valenciano-1-768x511.jpg 768w, https:\/\/ffcv.es\/wp\/wp-content\/uploads\/2026\/03\/Fernando-Luna-seleccionador-valenciano-1-1536x1022.jpg 1536w, https:\/\/ffcv.es\/wp\/wp-content\/uploads\/2026\/03\/Fernando-Luna-seleccionador-valenciano-1-2048x1362.jpg 2048w, https:\/\/ffcv.es\/wp\/wp-content\/uploads\/2026\/03\/Fernando-Luna-seleccionador-valenciano-1-280x187.jpg 280w, https:\/\/ffcv.es\/wp\/wp-content\/uploads\/2026\/03\/Fernando-Luna-seleccionador-valenciano-1-1170x778.jpg 1170w, https:\/\/ffcv.es\/wp\/wp-content\/uploads\/2026\/03\/Fernando-Luna-seleccionador-valenciano-1-scaled.jpg 1624w\" data-sizes=\"(max-width: 1024px) 100vw, 1024px\" src=\"data:image\/gif;base64,R0lGODlhAQABAAAAACH5BAEKAAEALAAAAAABAAEAAAICTAEAOw==\" style=\"--smush-placeholder-width: 1024px; --smush-placeholder-aspect-ratio: 1024\/681;\" \/><noscript><img loading=\"lazy\" decoding=\"async\" width=\"1024\" height=\"681\" src=\"https:\/\/ffcv.es\/wp\/wp-content\/uploads\/2026\/03\/Fernando-Luna-seleccionador-valenciano-1-1024x681.jpg\" alt=\"Fernando Luna seleccionados valenciano sub16\" class=\"wp-image-194017\" srcset=\"https:\/\/ffcv.es\/wp\/wp-content\/uploads\/2026\/03\/Fernando-Luna-seleccionador-valenciano-1-1024x681.jpg 1024w, https:\/\/ffcv.es\/wp\/wp-content\/uploads\/2026\/03\/Fernando-Luna-seleccionador-valenciano-1-300x200.jpg 300w, https:\/\/ffcv.es\/wp\/wp-content\/uploads\/2026\/03\/Fernando-Luna-seleccionador-valenciano-1-768x511.jpg 768w, https:\/\/ffcv.es\/wp\/wp-content\/uploads\/2026\/03\/Fernando-Luna-seleccionador-valenciano-1-1536x1022.jpg 1536w, https:\/\/ffcv.es\/wp\/wp-content\/uploads\/2026\/03\/Fernando-Luna-seleccionador-valenciano-1-2048x1362.jpg 2048w, https:\/\/ffcv.es\/wp\/wp-content\/uploads\/2026\/03\/Fernando-Luna-seleccionador-valenciano-1-280x187.jpg 280w, https:\/\/ffcv.es\/wp\/wp-content\/uploads\/2026\/03\/Fernando-Luna-seleccionador-valenciano-1-1170x778.jpg 1170w, https:\/\/ffcv.es\/wp\/wp-content\/uploads\/2026\/03\/Fernando-Luna-seleccionador-valenciano-1-scaled.jpg 1624w\" sizes=\"(max-width: 1024px) 100vw, 1024px\" \/><\/noscript><figcaption class=\"wp-element-caption\"><strong>Fernando Luna<\/strong> da instrucciones a <strong>Andrea Catal\u00e1<\/strong>.<\/figcaption><\/figure>\n\n\n\n<p>Ahora, la clave estaba en que <strong>Andaluc\u00eda<\/strong> no acertase a meter las que tuviera. Ah\u00ed, la labor de<strong> Roc\u00edo Pardo<\/strong> en la porter\u00eda eran important\u00edsima, como qued\u00f3 demostrado en el 46&#8242;. <strong>Ana Martos<\/strong> se plant\u00f3 delante de ella y la valenciana le sac\u00f3 el pie abajo. Ocasi\u00f3n clar\u00edsima.<\/p>\n\n\n\n<p>Lo mismo que un disparo de <strong>Alma<\/strong> en el 56&#8242;, desviado a c\u00f3rner con la manopla, abajo, por <strong>Roc\u00edo<\/strong>.<\/p>\n\n\n\n<p>Y si no estaba <strong>Roc\u00edo<\/strong>, estaba el palo, como en el remate de en el minuto 63 de<strong> Sof\u00eda M\u00e9ndez<\/strong>.<\/p>\n\n\n\n<figure class=\"wp-block-image size-large\"><img loading=\"lazy\" decoding=\"async\" width=\"1024\" height=\"592\" data-src=\"https:\/\/ffcv.es\/wp\/wp-content\/uploads\/2026\/03\/Rocio-Pardo-seleccion-valenciana-1-1024x592.jpg\" alt=\"Roc\u00edo Pardo selecci\u00f3n valenciana sub16\" class=\"wp-image-194019 lazyload\" data-srcset=\"https:\/\/ffcv.es\/wp\/wp-content\/uploads\/2026\/03\/Rocio-Pardo-seleccion-valenciana-1-1024x592.jpg 1024w, https:\/\/ffcv.es\/wp\/wp-content\/uploads\/2026\/03\/Rocio-Pardo-seleccion-valenciana-1-300x174.jpg 300w, https:\/\/ffcv.es\/wp\/wp-content\/uploads\/2026\/03\/Rocio-Pardo-seleccion-valenciana-1-768x444.jpg 768w, https:\/\/ffcv.es\/wp\/wp-content\/uploads\/2026\/03\/Rocio-Pardo-seleccion-valenciana-1-1536x889.jpg 1536w, https:\/\/ffcv.es\/wp\/wp-content\/uploads\/2026\/03\/Rocio-Pardo-seleccion-valenciana-1-2048x1185.jpg 2048w, https:\/\/ffcv.es\/wp\/wp-content\/uploads\/2026\/03\/Rocio-Pardo-seleccion-valenciana-1-280x162.jpg 280w, https:\/\/ffcv.es\/wp\/wp-content\/uploads\/2026\/03\/Rocio-Pardo-seleccion-valenciana-1-1170x677.jpg 1170w, https:\/\/ffcv.es\/wp\/wp-content\/uploads\/2026\/03\/Rocio-Pardo-seleccion-valenciana-1-scaled.jpg 1866w\" data-sizes=\"(max-width: 1024px) 100vw, 1024px\" src=\"data:image\/gif;base64,R0lGODlhAQABAAAAACH5BAEKAAEALAAAAAABAAEAAAICTAEAOw==\" style=\"--smush-placeholder-width: 1024px; --smush-placeholder-aspect-ratio: 1024\/592;\" \/><noscript><img loading=\"lazy\" decoding=\"async\" width=\"1024\" height=\"592\" src=\"https:\/\/ffcv.es\/wp\/wp-content\/uploads\/2026\/03\/Rocio-Pardo-seleccion-valenciana-1-1024x592.jpg\" alt=\"Roc\u00edo Pardo selecci\u00f3n valenciana sub16\" class=\"wp-image-194019\" srcset=\"https:\/\/ffcv.es\/wp\/wp-content\/uploads\/2026\/03\/Rocio-Pardo-seleccion-valenciana-1-1024x592.jpg 1024w, https:\/\/ffcv.es\/wp\/wp-content\/uploads\/2026\/03\/Rocio-Pardo-seleccion-valenciana-1-300x174.jpg 300w, https:\/\/ffcv.es\/wp\/wp-content\/uploads\/2026\/03\/Rocio-Pardo-seleccion-valenciana-1-768x444.jpg 768w, https:\/\/ffcv.es\/wp\/wp-content\/uploads\/2026\/03\/Rocio-Pardo-seleccion-valenciana-1-1536x889.jpg 1536w, https:\/\/ffcv.es\/wp\/wp-content\/uploads\/2026\/03\/Rocio-Pardo-seleccion-valenciana-1-2048x1185.jpg 2048w, https:\/\/ffcv.es\/wp\/wp-content\/uploads\/2026\/03\/Rocio-Pardo-seleccion-valenciana-1-280x162.jpg 280w, https:\/\/ffcv.es\/wp\/wp-content\/uploads\/2026\/03\/Rocio-Pardo-seleccion-valenciana-1-1170x677.jpg 1170w, https:\/\/ffcv.es\/wp\/wp-content\/uploads\/2026\/03\/Rocio-Pardo-seleccion-valenciana-1-scaled.jpg 1866w\" sizes=\"(max-width: 1024px) 100vw, 1024px\" \/><\/noscript><figcaption class=\"wp-element-caption\"><strong>Roc\u00edo Pardo<\/strong> se emple\u00f3 a fondo en la segunda parte.<\/figcaption><\/figure>\n\n\n\n<p>Como el disfrute, el sufrimiento es algo que lleva impl\u00edcito el gen valenciano. <\/p>\n\n\n\n<p>Un pase a semifinales que quedar\u00e1 en la memoria de todas las selecciones que han pasado por los campeonatos de <strong>Espa\u00f1a<\/strong>.<\/p>\n\n\n\n<h2 class=\"wp-block-heading\"><\/h2>\n\n\n\n<p><\/p>\n\n\n\n<p><em><strong>FICHA T\u00c9CNICA<\/strong><\/em><\/p>\n\n\n\n<figure class=\"wp-block-image size-large\"><img loading=\"lazy\" decoding=\"async\" width=\"1024\" height=\"683\" data-src=\"https:\/\/ffcv.es\/wp\/wp-content\/uploads\/2026\/03\/IMG_6717-1024x683.jpg\" alt=\"\" class=\"wp-image-194018 lazyload\" data-srcset=\"https:\/\/ffcv.es\/wp\/wp-content\/uploads\/2026\/03\/IMG_6717-1024x683.jpg 1024w, https:\/\/ffcv.es\/wp\/wp-content\/uploads\/2026\/03\/IMG_6717-300x200.jpg 300w, https:\/\/ffcv.es\/wp\/wp-content\/uploads\/2026\/03\/IMG_6717-768x512.jpg 768w, https:\/\/ffcv.es\/wp\/wp-content\/uploads\/2026\/03\/IMG_6717-1536x1024.jpg 1536w, https:\/\/ffcv.es\/wp\/wp-content\/uploads\/2026\/03\/IMG_6717-2048x1365.jpg 2048w, https:\/\/ffcv.es\/wp\/wp-content\/uploads\/2026\/03\/IMG_6717-280x187.jpg 280w, https:\/\/ffcv.es\/wp\/wp-content\/uploads\/2026\/03\/IMG_6717-1170x780.jpg 1170w, https:\/\/ffcv.es\/wp\/wp-content\/uploads\/2026\/03\/IMG_6717-scaled.jpg 1620w\" data-sizes=\"(max-width: 1024px) 100vw, 1024px\" src=\"data:image\/gif;base64,R0lGODlhAQABAAAAACH5BAEKAAEALAAAAAABAAEAAAICTAEAOw==\" style=\"--smush-placeholder-width: 1024px; --smush-placeholder-aspect-ratio: 1024\/683;\" \/><noscript><img loading=\"lazy\" decoding=\"async\" width=\"1024\" height=\"683\" src=\"https:\/\/ffcv.es\/wp\/wp-content\/uploads\/2026\/03\/IMG_6717-1024x683.jpg\" alt=\"\" class=\"wp-image-194018\" srcset=\"https:\/\/ffcv.es\/wp\/wp-content\/uploads\/2026\/03\/IMG_6717-1024x683.jpg 1024w, https:\/\/ffcv.es\/wp\/wp-content\/uploads\/2026\/03\/IMG_6717-300x200.jpg 300w, https:\/\/ffcv.es\/wp\/wp-content\/uploads\/2026\/03\/IMG_6717-768x512.jpg 768w, https:\/\/ffcv.es\/wp\/wp-content\/uploads\/2026\/03\/IMG_6717-1536x1024.jpg 1536w, https:\/\/ffcv.es\/wp\/wp-content\/uploads\/2026\/03\/IMG_6717-2048x1365.jpg 2048w, https:\/\/ffcv.es\/wp\/wp-content\/uploads\/2026\/03\/IMG_6717-280x187.jpg 280w, https:\/\/ffcv.es\/wp\/wp-content\/uploads\/2026\/03\/IMG_6717-1170x780.jpg 1170w, https:\/\/ffcv.es\/wp\/wp-content\/uploads\/2026\/03\/IMG_6717-scaled.jpg 1620w\" sizes=\"(max-width: 1024px) 100vw, 1024px\" \/><\/noscript><\/figure>\n\n\n\n<p><em><strong>Goles:<\/strong><\/em>\u00a00-1 (Cristina Garc\u00eda, m. 14), 0-2 (Andrea Catal\u00e1, m. 22); 0-3 (Cristina Garc\u00eda, m. 29); 0-4 (Balma, m. 34).<\/p>\n\n\n\n<p><em><strong><strong><em><em><strong>Andaluc\u00eda<\/strong><\/em> sub16 <\/em><\/strong>(0):<\/strong><\/em>\u00a0Celia Valero, Andrea Caro, Lola Esteban, Irene Cazador, \u00c1ngela G\u00e1lvez, Ana Martos, Daniela, Sof\u00eda M\u00e9ndez, Adriana Mart\u00ednez, Lidia Lozano y Marta Rom\u00e1n.<\/p>\n\n\n\n<p>Tambi\u00e9n jugaron Noelia Raposo, Valeria Cano, Loreto Ram\u00edrez, Roc\u00edo Jim\u00e9nez y Sophia van Lindert<\/p>\n\n\n\n<p><strong><em><em><strong><em><strong><strong><em><em><strong>Selecci\u00f3 Valenta<\/strong><\/em> sub<\/em><\/strong><\/strong><\/em><\/strong><\/em>16 (4):<\/em><\/strong> Roc\u00edo Pardo, Andrea Catal\u00e1, Mar\u00eda Ferrer, Mara Fern\u00e1ndez, Marga, Claudia Tendillo (Garrido, m. 71&#8242;), Cristina Garc\u00eda (Janna Tores, m. 65&#8242;), Balma (Leyre Requena, m. 57&#8242;), Andrea Navarro, Maite (Natalia Andr\u00e9s, m. 65&#8242;) y Mer\u00e7\u00e9.<\/p>\n\n\n\n<p><em><strong>\u00c1rbitras: <\/strong><\/em>Mireia Dom\u00e9nech (principal), asistida por Mireia S\u00e1nchez y \u00c1ngela Asensio. Cuarto: \u00d3scar Penalba.<\/p>\n\n\n\n<figure class=\"wp-block-image size-large\"><img loading=\"lazy\" decoding=\"async\" width=\"768\" height=\"1024\" data-src=\"https:\/\/ffcv.es\/wp\/wp-content\/uploads\/2026\/03\/sub16-vs-AND-768x1024.png\" alt=\"\" class=\"wp-image-193962 lazyload\" data-srcset=\"https:\/\/ffcv.es\/wp\/wp-content\/uploads\/2026\/03\/sub16-vs-AND-768x1024.png 768w, https:\/\/ffcv.es\/wp\/wp-content\/uploads\/2026\/03\/sub16-vs-AND-225x300.png 225w, https:\/\/ffcv.es\/wp\/wp-content\/uploads\/2026\/03\/sub16-vs-AND-1152x1536.png 1152w, https:\/\/ffcv.es\/wp\/wp-content\/uploads\/2026\/03\/sub16-vs-AND-1536x2048.png 1536w, https:\/\/ffcv.es\/wp\/wp-content\/uploads\/2026\/03\/sub16-vs-AND-140x187.png 140w, https:\/\/ffcv.es\/wp\/wp-content\/uploads\/2026\/03\/sub16-vs-AND-1170x1560.png 1170w, https:\/\/ffcv.es\/wp\/wp-content\/uploads\/2026\/03\/sub16-vs-AND.png 810w\" data-sizes=\"(max-width: 768px) 100vw, 768px\" src=\"data:image\/gif;base64,R0lGODlhAQABAAAAACH5BAEKAAEALAAAAAABAAEAAAICTAEAOw==\" style=\"--smush-placeholder-width: 768px; --smush-placeholder-aspect-ratio: 768\/1024;\" \/><noscript><img loading=\"lazy\" decoding=\"async\" width=\"768\" height=\"1024\" src=\"https:\/\/ffcv.es\/wp\/wp-content\/uploads\/2026\/03\/sub16-vs-AND-768x1024.png\" alt=\"\" class=\"wp-image-193962\" srcset=\"https:\/\/ffcv.es\/wp\/wp-content\/uploads\/2026\/03\/sub16-vs-AND-768x1024.png 768w, https:\/\/ffcv.es\/wp\/wp-content\/uploads\/2026\/03\/sub16-vs-AND-225x300.png 225w, https:\/\/ffcv.es\/wp\/wp-content\/uploads\/2026\/03\/sub16-vs-AND-1152x1536.png 1152w, https:\/\/ffcv.es\/wp\/wp-content\/uploads\/2026\/03\/sub16-vs-AND-1536x2048.png 1536w, https:\/\/ffcv.es\/wp\/wp-content\/uploads\/2026\/03\/sub16-vs-AND-140x187.png 140w, https:\/\/ffcv.es\/wp\/wp-content\/uploads\/2026\/03\/sub16-vs-AND-1170x1560.png 1170w, https:\/\/ffcv.es\/wp\/wp-content\/uploads\/2026\/03\/sub16-vs-AND.png 810w\" sizes=\"(max-width: 768px) 100vw, 768px\" \/><\/noscript><\/figure>\n\n\n\n<figure class=\"wp-block-image size-large\"><img loading=\"lazy\" decoding=\"async\" width=\"723\" height=\"1024\" data-src=\"https:\/\/ffcv.es\/wp\/wp-content\/uploads\/2026\/03\/Alineacion-sub16-723x1024.png\" alt=\"\" class=\"wp-image-194024 lazyload\" data-srcset=\"https:\/\/ffcv.es\/wp\/wp-content\/uploads\/2026\/03\/Alineacion-sub16-723x1024.png 723w, https:\/\/ffcv.es\/wp\/wp-content\/uploads\/2026\/03\/Alineacion-sub16-212x300.png 212w, https:\/\/ffcv.es\/wp\/wp-content\/uploads\/2026\/03\/Alineacion-sub16-768x1087.png 768w, https:\/\/ffcv.es\/wp\/wp-content\/uploads\/2026\/03\/Alineacion-sub16-132x187.png 132w, https:\/\/ffcv.es\/wp\/wp-content\/uploads\/2026\/03\/Alineacion-sub16.png 991w\" data-sizes=\"(max-width: 723px) 100vw, 723px\" src=\"data:image\/gif;base64,R0lGODlhAQABAAAAACH5BAEKAAEALAAAAAABAAEAAAICTAEAOw==\" style=\"--smush-placeholder-width: 723px; --smush-placeholder-aspect-ratio: 723\/1024;\" \/><noscript><img loading=\"lazy\" decoding=\"async\" width=\"723\" height=\"1024\" src=\"https:\/\/ffcv.es\/wp\/wp-content\/uploads\/2026\/03\/Alineacion-sub16-723x1024.png\" alt=\"\" class=\"wp-image-194024\" srcset=\"https:\/\/ffcv.es\/wp\/wp-content\/uploads\/2026\/03\/Alineacion-sub16-723x1024.png 723w, https:\/\/ffcv.es\/wp\/wp-content\/uploads\/2026\/03\/Alineacion-sub16-212x300.png 212w, https:\/\/ffcv.es\/wp\/wp-content\/uploads\/2026\/03\/Alineacion-sub16-768x1087.png 768w, https:\/\/ffcv.es\/wp\/wp-content\/uploads\/2026\/03\/Alineacion-sub16-132x187.png 132w, https:\/\/ffcv.es\/wp\/wp-content\/uploads\/2026\/03\/Alineacion-sub16.png 991w\" sizes=\"(max-width: 723px) 100vw, 723px\" \/><\/noscript><\/figure>\n\n\n\n<h2 class=\"wp-block-heading\">As\u00ed lo vivimos en X<\/h2>\n\n\n\n<blockquote class=\"twitter-tweet\"><p lang=\"es\" dir=\"ltr\"><a href=\"https:\/\/twitter.com\/hashtag\/%F0%9D%97%A7%F0%9D%97%BC%F0%9D%97%BF%F0%9D%97%BF%F0%9D%97%B2%F0%9D%98%83%F0%9D%97%B6%F0%9D%97%B2%F0%9D%97%B7%F0%9D%97%AE%F0%9D%9F%AE%F0%9D%9F%AC%F0%9D%9F%AE%F0%9D%9F%B2?src=hash&amp;ref_src=twsrc%5Etfw\">#\ud835\udde7\ud835\uddfc\ud835\uddff\ud835\uddff\ud835\uddf2\ud835\ude03\ud835\uddf6\ud835\uddf2\ud835\uddf7\ud835\uddee\ud835\udfee\ud835\udfec\ud835\udfee\ud835\udff2<\/a><br><br>Busquem el miracle de Sant Josep? BUSQUEM-HO \ud83d\ude05<br><br>Andalucia<br>\ud83c\udd9a Selecci\u00f3n Valenciana<br><br>\ud83d\uddd3 J4 &#8211; <a href=\"https:\/\/twitter.com\/hashtag\/%F0%9D%97%96%F0%9D%97%98%F0%9D%97%A6%F0%9D%97%94?src=hash&amp;ref_src=twsrc%5Etfw\">#\ud835\uddd6\ud835\uddd8\ud835\udde6\ud835\uddd4<\/a> \ud835\ude00\ud835\ude02\ud835\uddef-\ud835\udfed\ud835\udff2<br>\ud83c\udfdf \u2018Nelson Mandela\u2019 &#8211; Torrevieja<br>\ud83d\udd53 12.30h<br><br>\ud83d\udd34 EN DIRECTE \u27a5 <a href=\"https:\/\/t.co\/8Y46oJz7Hr\">https:\/\/t.co\/8Y46oJz7Hr<\/a><a href=\"https:\/\/twitter.com\/hashtag\/Valenta?src=hash&amp;ref_src=twsrc%5Etfw\">#Valenta<\/a>\ud83d\ude4b\u200d\u2640\ufe0f<a href=\"https:\/\/twitter.com\/hashtag\/somValenciana?src=hash&amp;ref_src=twsrc%5Etfw\">#somValenciana<\/a>\ud83d\udd39\ud83d\udd38\u2764\ufe0f <a href=\"https:\/\/t.co\/tuGvq3rgKj\">pic.twitter.com\/tuGvq3rgKj<\/a><\/p>&mdash; FFCV (@FFCV_info) <a href=\"https:\/\/twitter.com\/FFCV_info\/status\/2034953092173619473?ref_src=twsrc%5Etfw\">March 20, 2026<\/a><\/blockquote> <script async src=\"https:\/\/platform.twitter.com\/widgets.js\" charset=\"utf-8\"><\/script>\n\n\n\n<h2 class=\"wp-block-heading\">Streaming<\/h2>\n\n\n\n<figure class=\"wp-block-embed is-type-video is-provider-youtube wp-block-embed-youtube wp-embed-aspect-4-3 wp-has-aspect-ratio\"><div class=\"wp-block-embed__wrapper\">\n<iframe loading=\"lazy\" title=\"Sub-16  12.30 h.  Andaluc\u00eda \u2013 C. Valenciana (Nelson Mandela) 8  I\ud83d\udd34RFEF\" width=\"500\" height=\"375\" data-src=\"https:\/\/www.youtube.com\/embed\/JaIs5tysQVA?feature=oembed\" frameborder=\"0\" allow=\"accelerometer; autoplay; clipboard-write; encrypted-media; gyroscope; picture-in-picture; web-share\" referrerpolicy=\"strict-origin-when-cross-origin\" allowfullscreen src=\"data:image\/gif;base64,R0lGODlhAQABAAAAACH5BAEKAAEALAAAAAABAAEAAAICTAEAOw==\" class=\"lazyload\" data-load-mode=\"1\"><\/iframe>\n<\/div><\/figure>\n\n\n\n<h2 class=\"wp-block-heading\">Cr\u00f3nica jornadas anteriores<\/h2>\n\n\n\n<p><a href=\"https:\/\/ffcv.es\/wp\/blog\/2025\/12\/derrota-sin-excusas-a-pensar-en-asturias-madrid-%f0%9f%86%9a-seleccio-valenciana-valenta-sub16-3-0\/\" title=\"\"><strong>Jornada 1 &#8211;&gt; <\/strong>Madrid \ud83c\udd9a Selecci\u00f3 Valenciana (3-0)<\/a><\/p>\n\n\n\n<p><a href=\"https:\/\/ffcv.es\/wp\/blog\/2025\/12\/un-triunfo-balsamico-ante-la-anfitriona-asturias-%f0%9f%86%9a-seleccio-valenciana-valenta-sub16-0-3\/\" title=\"\"><strong>Jornada 2 &#8211;&gt; <\/strong>Asturias \ud83c\udd9a Selecci\u00f3 Valenciana (0-3)<\/a><\/p>\n\n\n\n<p><a href=\"https:\/\/ffcv.es\/wp\/blog\/2025\/12\/impotentes-ante-la-vigente-campeona-seleccio-valenciana-valenta-sub16-%f0%9f%86%9a-euskadi-0-2\/\" title=\"Jornada 3 --&gt; Selecci\u00f3 Valenciana \ud83c\udd9a Euskadi (1-1)\"><strong>Jornada 3 &#8211;&gt; <\/strong>Selecci\u00f3 Valenciana \ud83c\udd9a Euskadi (0-2)<\/a><\/p>\n\n\n\n<figure class=\"wp-block-gallery has-nested-images columns-default is-cropped wp-block-gallery-2 is-layout-flex wp-block-gallery-is-layout-flex\">\n<figure class=\"wp-block-image size-large\"><a href=\"https:\/\/ffcv.es\/wp\/blog\/2025\/12\/derrota-sin-excusas-a-pensar-en-asturias-madrid-%f0%9f%86%9a-seleccio-valenciana-valenta-sub16-3-0\/\"><img loading=\"lazy\" decoding=\"async\" width=\"768\" height=\"1024\" data-id=\"181951\" data-src=\"https:\/\/ffcv.es\/wp\/wp-content\/uploads\/2025\/12\/resultado-sub6-madrid-768x1024.jpeg\" alt=\"\" class=\"wp-image-181951 lazyload\" data-srcset=\"https:\/\/ffcv.es\/wp\/wp-content\/uploads\/2025\/12\/resultado-sub6-madrid-768x1024.jpeg 768w, https:\/\/ffcv.es\/wp\/wp-content\/uploads\/2025\/12\/resultado-sub6-madrid-225x300.jpeg 225w, https:\/\/ffcv.es\/wp\/wp-content\/uploads\/2025\/12\/resultado-sub6-madrid-1152x1536.jpeg 1152w, https:\/\/ffcv.es\/wp\/wp-content\/uploads\/2025\/12\/resultado-sub6-madrid-140x187.jpeg 140w, https:\/\/ffcv.es\/wp\/wp-content\/uploads\/2025\/12\/resultado-sub6-madrid-1170x1560.jpeg 1170w, https:\/\/ffcv.es\/wp\/wp-content\/uploads\/2025\/12\/resultado-sub6-madrid.jpeg 810w\" data-sizes=\"(max-width: 768px) 100vw, 768px\" src=\"data:image\/gif;base64,R0lGODlhAQABAAAAACH5BAEKAAEALAAAAAABAAEAAAICTAEAOw==\" style=\"--smush-placeholder-width: 768px; --smush-placeholder-aspect-ratio: 768\/1024;\" \/><noscript><img loading=\"lazy\" decoding=\"async\" width=\"768\" height=\"1024\" data-id=\"181951\" src=\"https:\/\/ffcv.es\/wp\/wp-content\/uploads\/2025\/12\/resultado-sub6-madrid-768x1024.jpeg\" alt=\"\" class=\"wp-image-181951\" srcset=\"https:\/\/ffcv.es\/wp\/wp-content\/uploads\/2025\/12\/resultado-sub6-madrid-768x1024.jpeg 768w, https:\/\/ffcv.es\/wp\/wp-content\/uploads\/2025\/12\/resultado-sub6-madrid-225x300.jpeg 225w, https:\/\/ffcv.es\/wp\/wp-content\/uploads\/2025\/12\/resultado-sub6-madrid-1152x1536.jpeg 1152w, https:\/\/ffcv.es\/wp\/wp-content\/uploads\/2025\/12\/resultado-sub6-madrid-140x187.jpeg 140w, https:\/\/ffcv.es\/wp\/wp-content\/uploads\/2025\/12\/resultado-sub6-madrid-1170x1560.jpeg 1170w, https:\/\/ffcv.es\/wp\/wp-content\/uploads\/2025\/12\/resultado-sub6-madrid.jpeg 810w\" sizes=\"(max-width: 768px) 100vw, 768px\" \/><\/noscript><\/a><\/figure>\n\n\n\n<figure class=\"wp-block-image size-large\"><a href=\"https:\/\/ffcv.es\/wp\/blog\/2025\/12\/un-triunfo-balsamico-ante-la-anfitriona-asturias-%f0%9f%86%9a-seleccio-valenciana-valenta-sub16-0-3\/\"><img loading=\"lazy\" decoding=\"async\" width=\"768\" height=\"1024\" data-id=\"182687\" data-src=\"https:\/\/ffcv.es\/wp\/wp-content\/uploads\/2025\/12\/resultado-sub16-vs-Asturias-768x1024.jpeg\" alt=\"\" class=\"wp-image-182687 lazyload\" data-srcset=\"https:\/\/ffcv.es\/wp\/wp-content\/uploads\/2025\/12\/resultado-sub16-vs-Asturias-768x1024.jpeg 768w, https:\/\/ffcv.es\/wp\/wp-content\/uploads\/2025\/12\/resultado-sub16-vs-Asturias-225x300.jpeg 225w, https:\/\/ffcv.es\/wp\/wp-content\/uploads\/2025\/12\/resultado-sub16-vs-Asturias-1152x1536.jpeg 1152w, https:\/\/ffcv.es\/wp\/wp-content\/uploads\/2025\/12\/resultado-sub16-vs-Asturias-140x187.jpeg 140w, https:\/\/ffcv.es\/wp\/wp-content\/uploads\/2025\/12\/resultado-sub16-vs-Asturias-1170x1560.jpeg 1170w, https:\/\/ffcv.es\/wp\/wp-content\/uploads\/2025\/12\/resultado-sub16-vs-Asturias.jpeg 810w\" data-sizes=\"(max-width: 768px) 100vw, 768px\" src=\"data:image\/gif;base64,R0lGODlhAQABAAAAACH5BAEKAAEALAAAAAABAAEAAAICTAEAOw==\" style=\"--smush-placeholder-width: 768px; --smush-placeholder-aspect-ratio: 768\/1024;\" \/><noscript><img loading=\"lazy\" decoding=\"async\" width=\"768\" height=\"1024\" data-id=\"182687\" src=\"https:\/\/ffcv.es\/wp\/wp-content\/uploads\/2025\/12\/resultado-sub16-vs-Asturias-768x1024.jpeg\" alt=\"\" class=\"wp-image-182687\" srcset=\"https:\/\/ffcv.es\/wp\/wp-content\/uploads\/2025\/12\/resultado-sub16-vs-Asturias-768x1024.jpeg 768w, https:\/\/ffcv.es\/wp\/wp-content\/uploads\/2025\/12\/resultado-sub16-vs-Asturias-225x300.jpeg 225w, https:\/\/ffcv.es\/wp\/wp-content\/uploads\/2025\/12\/resultado-sub16-vs-Asturias-1152x1536.jpeg 1152w, https:\/\/ffcv.es\/wp\/wp-content\/uploads\/2025\/12\/resultado-sub16-vs-Asturias-140x187.jpeg 140w, https:\/\/ffcv.es\/wp\/wp-content\/uploads\/2025\/12\/resultado-sub16-vs-Asturias-1170x1560.jpeg 1170w, https:\/\/ffcv.es\/wp\/wp-content\/uploads\/2025\/12\/resultado-sub16-vs-Asturias.jpeg 810w\" sizes=\"(max-width: 768px) 100vw, 768px\" \/><\/noscript><\/a><\/figure>\n\n\n\n<figure class=\"wp-block-image size-large\"><a href=\"https:\/\/ffcv.es\/wp\/blog\/2025\/12\/impotentes-ante-la-vigente-campeona-seleccio-valenciana-valenta-sub16-%f0%9f%86%9a-euskadi-0-2\/\"><img loading=\"lazy\" decoding=\"async\" width=\"768\" height=\"1024\" data-id=\"183095\" data-src=\"https:\/\/ffcv.es\/wp\/wp-content\/uploads\/2025\/12\/resultado-sub16-Euskadi-768x1024.jpeg\" alt=\"\" class=\"wp-image-183095 lazyload\" data-srcset=\"https:\/\/ffcv.es\/wp\/wp-content\/uploads\/2025\/12\/resultado-sub16-Euskadi-768x1024.jpeg 768w, https:\/\/ffcv.es\/wp\/wp-content\/uploads\/2025\/12\/resultado-sub16-Euskadi-225x300.jpeg 225w, https:\/\/ffcv.es\/wp\/wp-content\/uploads\/2025\/12\/resultado-sub16-Euskadi-1152x1536.jpeg 1152w, https:\/\/ffcv.es\/wp\/wp-content\/uploads\/2025\/12\/resultado-sub16-Euskadi-140x187.jpeg 140w, https:\/\/ffcv.es\/wp\/wp-content\/uploads\/2025\/12\/resultado-sub16-Euskadi-1170x1560.jpeg 1170w, https:\/\/ffcv.es\/wp\/wp-content\/uploads\/2025\/12\/resultado-sub16-Euskadi.jpeg 810w\" data-sizes=\"(max-width: 768px) 100vw, 768px\" src=\"data:image\/gif;base64,R0lGODlhAQABAAAAACH5BAEKAAEALAAAAAABAAEAAAICTAEAOw==\" style=\"--smush-placeholder-width: 768px; --smush-placeholder-aspect-ratio: 768\/1024;\" \/><noscript><img loading=\"lazy\" decoding=\"async\" width=\"768\" height=\"1024\" data-id=\"183095\" src=\"https:\/\/ffcv.es\/wp\/wp-content\/uploads\/2025\/12\/resultado-sub16-Euskadi-768x1024.jpeg\" alt=\"\" class=\"wp-image-183095\" srcset=\"https:\/\/ffcv.es\/wp\/wp-content\/uploads\/2025\/12\/resultado-sub16-Euskadi-768x1024.jpeg 768w, https:\/\/ffcv.es\/wp\/wp-content\/uploads\/2025\/12\/resultado-sub16-Euskadi-225x300.jpeg 225w, https:\/\/ffcv.es\/wp\/wp-content\/uploads\/2025\/12\/resultado-sub16-Euskadi-1152x1536.jpeg 1152w, https:\/\/ffcv.es\/wp\/wp-content\/uploads\/2025\/12\/resultado-sub16-Euskadi-140x187.jpeg 140w, https:\/\/ffcv.es\/wp\/wp-content\/uploads\/2025\/12\/resultado-sub16-Euskadi-1170x1560.jpeg 1170w, https:\/\/ffcv.es\/wp\/wp-content\/uploads\/2025\/12\/resultado-sub16-Euskadi.jpeg 810w\" sizes=\"(max-width: 768px) 100vw, 768px\" \/><\/noscript><\/a><\/figure>\n<\/figure>\n\n\n\n<h2 class=\"wp-block-heading\">Convocatoria oficial<\/h2>\n\n\n\n<figure class=\"wp-block-image size-large\"><img loading=\"lazy\" decoding=\"async\" width=\"1024\" height=\"576\" data-src=\"https:\/\/ffcv.es\/wp\/wp-content\/uploads\/2026\/03\/Convocatoria-oficial-Seleccio-Valenciana-Valenta-sub16-CESA-Torrevieja-2026-1024x576.jpeg\" alt=\"\" class=\"wp-image-193792 lazyload\" data-srcset=\"https:\/\/ffcv.es\/wp\/wp-content\/uploads\/2026\/03\/Convocatoria-oficial-Seleccio-Valenciana-Valenta-sub16-CESA-Torrevieja-2026-1024x576.jpeg 1024w, https:\/\/ffcv.es\/wp\/wp-content\/uploads\/2026\/03\/Convocatoria-oficial-Seleccio-Valenciana-Valenta-sub16-CESA-Torrevieja-2026-300x169.jpeg 300w, https:\/\/ffcv.es\/wp\/wp-content\/uploads\/2026\/03\/Convocatoria-oficial-Seleccio-Valenciana-Valenta-sub16-CESA-Torrevieja-2026-768x432.jpeg 768w, https:\/\/ffcv.es\/wp\/wp-content\/uploads\/2026\/03\/Convocatoria-oficial-Seleccio-Valenciana-Valenta-sub16-CESA-Torrevieja-2026-1536x864.jpeg 1536w, https:\/\/ffcv.es\/wp\/wp-content\/uploads\/2026\/03\/Convocatoria-oficial-Seleccio-Valenciana-Valenta-sub16-CESA-Torrevieja-2026-280x158.jpeg 280w, https:\/\/ffcv.es\/wp\/wp-content\/uploads\/2026\/03\/Convocatoria-oficial-Seleccio-Valenciana-Valenta-sub16-CESA-Torrevieja-2026-1170x658.jpeg 1170w, https:\/\/ffcv.es\/wp\/wp-content\/uploads\/2026\/03\/Convocatoria-oficial-Seleccio-Valenciana-Valenta-sub16-CESA-Torrevieja-2026.jpeg 1600w\" data-sizes=\"(max-width: 1024px) 100vw, 1024px\" src=\"data:image\/gif;base64,R0lGODlhAQABAAAAACH5BAEKAAEALAAAAAABAAEAAAICTAEAOw==\" style=\"--smush-placeholder-width: 1024px; --smush-placeholder-aspect-ratio: 1024\/576;\" \/><noscript><img loading=\"lazy\" decoding=\"async\" width=\"1024\" height=\"576\" src=\"https:\/\/ffcv.es\/wp\/wp-content\/uploads\/2026\/03\/Convocatoria-oficial-Seleccio-Valenciana-Valenta-sub16-CESA-Torrevieja-2026-1024x576.jpeg\" alt=\"\" class=\"wp-image-193792\" srcset=\"https:\/\/ffcv.es\/wp\/wp-content\/uploads\/2026\/03\/Convocatoria-oficial-Seleccio-Valenciana-Valenta-sub16-CESA-Torrevieja-2026-1024x576.jpeg 1024w, https:\/\/ffcv.es\/wp\/wp-content\/uploads\/2026\/03\/Convocatoria-oficial-Seleccio-Valenciana-Valenta-sub16-CESA-Torrevieja-2026-300x169.jpeg 300w, https:\/\/ffcv.es\/wp\/wp-content\/uploads\/2026\/03\/Convocatoria-oficial-Seleccio-Valenciana-Valenta-sub16-CESA-Torrevieja-2026-768x432.jpeg 768w, https:\/\/ffcv.es\/wp\/wp-content\/uploads\/2026\/03\/Convocatoria-oficial-Seleccio-Valenciana-Valenta-sub16-CESA-Torrevieja-2026-1536x864.jpeg 1536w, https:\/\/ffcv.es\/wp\/wp-content\/uploads\/2026\/03\/Convocatoria-oficial-Seleccio-Valenciana-Valenta-sub16-CESA-Torrevieja-2026-280x158.jpeg 280w, https:\/\/ffcv.es\/wp\/wp-content\/uploads\/2026\/03\/Convocatoria-oficial-Seleccio-Valenciana-Valenta-sub16-CESA-Torrevieja-2026-1170x658.jpeg 1170w, https:\/\/ffcv.es\/wp\/wp-content\/uploads\/2026\/03\/Convocatoria-oficial-Seleccio-Valenciana-Valenta-sub16-CESA-Torrevieja-2026.jpeg 1600w\" sizes=\"(max-width: 1024px) 100vw, 1024px\" \/><\/noscript><\/figure>\n\n\n\n<p><a href=\"https:\/\/ffcv.es\/wp\/blog\/2026\/03\/convocatoria-oficial-esta-es-la-seleccio-valenciana-valenta-sub16-de-futbol-que-disputara-la-segunda-fase-del-cesa-en-torrevieja\/\" title=\"\">CONVOCATORIA OFICIAL <\/a><\/p>\n\n\n\n<p><\/p>\n\n\n\n<h2 class=\"wp-block-heading\">Reglamento de la competici\u00f3n<\/h2>\n\n\n\n<p><a href=\"https:\/\/rfef.es\/sites\/default\/files\/2025-10\/1._CESA_Sub-16_y_Sub-14_MASCULINO.pdf\" title=\"\">Consulta AQU\u00cd la circular de la RFEF que regula esta competici\u00f3n<\/a><\/p>\n\n\n\n<div data-wp-interactive=\"core\/file\" class=\"wp-block-file\"><object data-wp-bind--hidden=\"!state.hasPdfPreview\"  class=\"wp-block-file__embed\" data=\"https:\/\/ffcv.es\/wp\/wp-content\/uploads\/2025\/11\/1._CESA_Sub-16_y_Sub-14_MASCULINO.pdf\" type=\"application\/pdf\" style=\"width:100%;height:600px\" aria-label=\"Incrustado de 1._CESA_Sub-16_y_Sub-14_MASCULINO.\"><\/object><a id=\"wp-block-file--media-05df895b-4d08-4695-b344-10adbfde42ce\" href=\"https:\/\/ffcv.es\/wp\/wp-content\/uploads\/2025\/11\/1._CESA_Sub-16_y_Sub-14_MASCULINO.pdf\">1._CESA_Sub-16_y_Sub-14_MASCULINO<\/a><a href=\"https:\/\/ffcv.es\/wp\/wp-content\/uploads\/2025\/11\/1._CESA_Sub-16_y_Sub-14_MASCULINO.pdf\" class=\"wp-block-file__button wp-element-button\" download aria-describedby=\"wp-block-file--media-05df895b-4d08-4695-b344-10adbfde42ce\">Descarga<\/a><\/div>\n\n\n\n<h2 class=\"wp-block-heading\">Consigue la camiseta AFICI\u00d3 <\/h2>\n\n\n\n<p>Consigue la camiseta oficial <strong>AFICI\u00d3<\/strong> de la <strong>Selecci\u00f3 Valenciana<\/strong> <a href=\"https:\/\/www.futbolemotion.com\/es\/categoria\/colectivos\/equipaciones-oficiales-federacion-valenciana-de-futbol\">PINCHANDO AQU\u00cd<\/a><\/p>\n\n\n\n<figure class=\"wp-block-image size-large\"><a href=\"https:\/\/www.futbolemotion.com\/es\/categoria\/colectivos\/equipaciones-oficiales-federacion-valenciana-de-futbol\"><img loading=\"lazy\" decoding=\"async\" width=\"819\" height=\"1024\" data-src=\"https:\/\/ffcv.es\/wp\/wp-content\/uploads\/2025\/12\/SEJ7758-819x1024.jpg\" alt=\"\" class=\"wp-image-184130 lazyload\" data-srcset=\"https:\/\/ffcv.es\/wp\/wp-content\/uploads\/2025\/12\/SEJ7758-819x1024.jpg 819w, https:\/\/ffcv.es\/wp\/wp-content\/uploads\/2025\/12\/SEJ7758-240x300.jpg 240w, https:\/\/ffcv.es\/wp\/wp-content\/uploads\/2025\/12\/SEJ7758-768x960.jpg 768w, https:\/\/ffcv.es\/wp\/wp-content\/uploads\/2025\/12\/SEJ7758-150x187.jpg 150w, https:\/\/ffcv.es\/wp\/wp-content\/uploads\/2025\/12\/SEJ7758.jpg 864w\" data-sizes=\"(max-width: 819px) 100vw, 819px\" src=\"data:image\/gif;base64,R0lGODlhAQABAAAAACH5BAEKAAEALAAAAAABAAEAAAICTAEAOw==\" style=\"--smush-placeholder-width: 819px; --smush-placeholder-aspect-ratio: 819\/1024;\" \/><noscript><img loading=\"lazy\" decoding=\"async\" width=\"819\" height=\"1024\" src=\"https:\/\/ffcv.es\/wp\/wp-content\/uploads\/2025\/12\/SEJ7758-819x1024.jpg\" alt=\"\" class=\"wp-image-184130\" srcset=\"https:\/\/ffcv.es\/wp\/wp-content\/uploads\/2025\/12\/SEJ7758-819x1024.jpg 819w, https:\/\/ffcv.es\/wp\/wp-content\/uploads\/2025\/12\/SEJ7758-240x300.jpg 240w, https:\/\/ffcv.es\/wp\/wp-content\/uploads\/2025\/12\/SEJ7758-768x960.jpg 768w, https:\/\/ffcv.es\/wp\/wp-content\/uploads\/2025\/12\/SEJ7758-150x187.jpg 150w, https:\/\/ffcv.es\/wp\/wp-content\/uploads\/2025\/12\/SEJ7758.jpg 864w\" sizes=\"(max-width: 819px) 100vw, 819px\" \/><\/noscript><\/a><\/figure>\n","protected":false},"excerpt":{"rendered":"<p>La Selecci\u00f3 Valenciana Valenta sub16 de f\u00fatbol tuvo fe cuando estaba todo en contra y cuaj\u00f3 ante Andaluc\u00eda un partido hist\u00f3rico y redondo en la cuarta y \u00faltima jornada de la Primera Fase del Campeonato de Espa\u00f1a de Selecciones Auton\u00f3micas. El equipo de Fernando Luna necesitaba ganar por tres goles de diferencia para meterse en<\/p>\n","protected":false},"author":15,"featured_media":194023,"comment_status":"closed","ping_status":"closed","sticky":false,"template":"","format":"standard","meta":{"om_disable_all_campaigns":false,"footnotes":""},"categories":[3438,72,1177,1282],"tags":[909,189,8395,1117,6869,324,7574,8606,319,1205,1417,3407,149,8113],"class_list":["post-193958","post","type-post","status-publish","format-standard","has-post-thumbnail","hentry","category-noticias-seleccion-valenta-sub16","category-noticias-selecciones","category-noticias-valenta","category-portada","tag-andalucia","tag-campeonato-de-espana","tag-cesa","tag-cnsa","tag-cronica","tag-fase-final","tag-fernando-luna","tag-nelson-mandela","tag-primera-division","tag-seleccio-valenciana","tag-seleccio-valenciana-sub16","tag-seleccio-valenta","tag-sub-16","tag-torrevieja"],"aioseo_notices":[],"_links":{"self":[{"href":"https:\/\/ffcv.es\/wp\/wp-json\/wp\/v2\/posts\/193958"}],"collection":[{"href":"https:\/\/ffcv.es\/wp\/wp-json\/wp\/v2\/posts"}],"about":[{"href":"https:\/\/ffcv.es\/wp\/wp-json\/wp\/v2\/types\/post"}],"author":[{"embeddable":true,"href":"https:\/\/ffcv.es\/wp\/wp-json\/wp\/v2\/users\/15"}],"replies":[{"embeddable":true,"href":"https:\/\/ffcv.es\/wp\/wp-json\/wp\/v2\/comments?post=193958"}],"version-history":[{"count":6,"href":"https:\/\/ffcv.es\/wp\/wp-json\/wp\/v2\/posts\/193958\/revisions"}],"predecessor-version":[{"id":194026,"href":"https:\/\/ffcv.es\/wp\/wp-json\/wp\/v2\/posts\/193958\/revisions\/194026"}],"wp:featuredmedia":[{"embeddable":true,"href":"https:\/\/ffcv.es\/wp\/wp-json\/wp\/v2\/media\/194023"}],"wp:attachment":[{"href":"https:\/\/ffcv.es\/wp\/wp-json\/wp\/v2\/media?parent=193958"}],"wp:term":[{"taxonomy":"category","embeddable":true,"href":"https:\/\/ffcv.es\/wp\/wp-json\/wp\/v2\/categories?post=193958"},{"taxonomy":"post_tag","embeddable":true,"href":"https:\/\/ffcv.es\/wp\/wp-json\/wp\/v2\/tags?post=193958"}],"curies":[{"name":"wp","href":"https:\/\/api.w.org\/{rel}","templated":true}]}}