{"id":193375,"date":"2026-03-04T16:33:23","date_gmt":"2026-03-04T14:33:23","guid":{"rendered":"https:\/\/ffcv.es\/wp\/?p=193375"},"modified":"2026-03-04T16:33:25","modified_gmt":"2026-03-04T14:33:25","slug":"convocatoria-entrenamiento-de-la-seleccio-valenciana-masculina-sub12-en-suma-alfafar-lunes-9-de-marzo","status":"publish","type":"post","link":"https:\/\/ffcv.es\/wp\/blog\/2026\/03\/convocatoria-entrenamiento-de-la-seleccio-valenciana-masculina-sub12-en-suma-alfafar-lunes-9-de-marzo\/","title":{"rendered":"CONVOCATORIA: Entrenamiento de la Selecci\u00f3 Valenciana masculina sub12 en SUMA Alfafar (lunes 9 de marzo)"},"content":{"rendered":"\n<p>La <strong>Federaci\u00f3 de Futbol de la Comunitat Valenciana<\/strong> ha hecho p\u00fablica la cuarta convocatoria de la temporada de la <strong>Selecci\u00f3 Valenciana masculina sub12 de f\u00fatbol sala<\/strong>.<\/p>\n\n\n\n<p>El seleccionador <strong>Toni Puerto<\/strong> ha convocado a 25 jugadores de clubes de la <strong>Comunitat<\/strong> para el entrenamiento del lunes 9 de marzo en el pabell\u00f3n <strong>SUMA Alfafar<\/strong>.<\/p>\n\n\n\n<p>Hasta la fecha se hab\u00edan realizado entrenamientos provinciales en <strong>Ribesalbes<\/strong> (<strong>Castell\u00f3n<\/strong>), en <strong>Villajoyosa<\/strong> (<strong>Alicante<\/strong>) y en <strong>Alfafar<\/strong> (<strong>Valencia<\/strong>). <\/p>\n\n\n\n<div data-wp-interactive=\"core\/file\" class=\"wp-block-file\"><object data-wp-bind--hidden=\"!state.hasPdfPreview\"  class=\"wp-block-file__embed\" data=\"https:\/\/ffcv.es\/wp\/wp-content\/uploads\/2026\/03\/CONV.-SUB-12-MASC.-FS-ALFAFAR.pdf\" type=\"application\/pdf\" style=\"width:100%;height:600px\" aria-label=\"Incrustado de CONV. SUB-12 MASC. FS ALFAFAR.\"><\/object><a id=\"wp-block-file--media-74e67e0d-a427-4f00-9bf5-d96ed9008459\" href=\"https:\/\/ffcv.es\/wp\/wp-content\/uploads\/2026\/03\/CONV.-SUB-12-MASC.-FS-ALFAFAR.pdf\">CONV. SUB-12 MASC. FS ALFAFAR<\/a><a href=\"https:\/\/ffcv.es\/wp\/wp-content\/uploads\/2026\/03\/CONV.-SUB-12-MASC.-FS-ALFAFAR.pdf\" class=\"wp-block-file__button wp-element-button\" download aria-describedby=\"wp-block-file--media-74e67e0d-a427-4f00-9bf5-d96ed9008459\">Descarga<\/a><\/div>\n\n\n\n<p>Esta Selecci\u00f3 competir\u00e1 del 12 al 17 de mayo en el <strong>Campeonato de Espa\u00f1a <\/strong>de la categor\u00eda que se celebrar\u00e1 en la <strong>Comunidad de Madrid<\/strong>. <\/p>\n\n\n\n<figure class=\"wp-block-image size-large\"><img loading=\"lazy\" decoding=\"async\" width=\"1024\" height=\"625\" data-src=\"https:\/\/ffcv.es\/wp\/wp-content\/uploads\/2024\/04\/2-abr-Entrene-Seleccio-masculina-sub12-en-Alfafar-1024x625.jpeg\" alt=\"\" class=\"wp-image-135081 lazyload\" data-srcset=\"https:\/\/ffcv.es\/wp\/wp-content\/uploads\/2024\/04\/2-abr-Entrene-Seleccio-masculina-sub12-en-Alfafar-1024x625.jpeg 1024w, https:\/\/ffcv.es\/wp\/wp-content\/uploads\/2024\/04\/2-abr-Entrene-Seleccio-masculina-sub12-en-Alfafar-300x183.jpeg 300w, https:\/\/ffcv.es\/wp\/wp-content\/uploads\/2024\/04\/2-abr-Entrene-Seleccio-masculina-sub12-en-Alfafar-768x469.jpeg 768w, https:\/\/ffcv.es\/wp\/wp-content\/uploads\/2024\/04\/2-abr-Entrene-Seleccio-masculina-sub12-en-Alfafar-1536x938.jpeg 1536w, https:\/\/ffcv.es\/wp\/wp-content\/uploads\/2024\/04\/2-abr-Entrene-Seleccio-masculina-sub12-en-Alfafar-280x171.jpeg 280w, https:\/\/ffcv.es\/wp\/wp-content\/uploads\/2024\/04\/2-abr-Entrene-Seleccio-masculina-sub12-en-Alfafar-1170x714.jpeg 1170w, https:\/\/ffcv.es\/wp\/wp-content\/uploads\/2024\/04\/2-abr-Entrene-Seleccio-masculina-sub12-en-Alfafar.jpeg 1600w\" data-sizes=\"(max-width: 1024px) 100vw, 1024px\" src=\"data:image\/gif;base64,R0lGODlhAQABAAAAACH5BAEKAAEALAAAAAABAAEAAAICTAEAOw==\" style=\"--smush-placeholder-width: 1024px; --smush-placeholder-aspect-ratio: 1024\/625;\" \/><noscript><img loading=\"lazy\" decoding=\"async\" width=\"1024\" height=\"625\" src=\"https:\/\/ffcv.es\/wp\/wp-content\/uploads\/2024\/04\/2-abr-Entrene-Seleccio-masculina-sub12-en-Alfafar-1024x625.jpeg\" alt=\"\" class=\"wp-image-135081\" srcset=\"https:\/\/ffcv.es\/wp\/wp-content\/uploads\/2024\/04\/2-abr-Entrene-Seleccio-masculina-sub12-en-Alfafar-1024x625.jpeg 1024w, https:\/\/ffcv.es\/wp\/wp-content\/uploads\/2024\/04\/2-abr-Entrene-Seleccio-masculina-sub12-en-Alfafar-300x183.jpeg 300w, https:\/\/ffcv.es\/wp\/wp-content\/uploads\/2024\/04\/2-abr-Entrene-Seleccio-masculina-sub12-en-Alfafar-768x469.jpeg 768w, https:\/\/ffcv.es\/wp\/wp-content\/uploads\/2024\/04\/2-abr-Entrene-Seleccio-masculina-sub12-en-Alfafar-1536x938.jpeg 1536w, https:\/\/ffcv.es\/wp\/wp-content\/uploads\/2024\/04\/2-abr-Entrene-Seleccio-masculina-sub12-en-Alfafar-280x171.jpeg 280w, https:\/\/ffcv.es\/wp\/wp-content\/uploads\/2024\/04\/2-abr-Entrene-Seleccio-masculina-sub12-en-Alfafar-1170x714.jpeg 1170w, https:\/\/ffcv.es\/wp\/wp-content\/uploads\/2024\/04\/2-abr-Entrene-Seleccio-masculina-sub12-en-Alfafar.jpeg 1600w\" sizes=\"(max-width: 1024px) 100vw, 1024px\" \/><\/noscript><\/figure>\n\n\n\n<h2 class=\"wp-block-heading\"><strong>Canal Telegram exclusivo futsal FFCV<\/strong><\/h2>\n\n\n\n<figure class=\"wp-block-image\"><a href=\"https:\/\/t.me\/somFutsal\"><img loading=\"lazy\" decoding=\"async\" width=\"1024\" height=\"341\" data-src=\"https:\/\/ffcv.es\/wp\/wp-content\/uploads\/2024\/06\/tw-cabecera_Mesa-de-trabajo-1-1024x341.png\" alt=\"\" class=\"wp-image-138634 lazyload\" data-srcset=\"https:\/\/ffcv.es\/wp\/wp-content\/uploads\/2024\/06\/tw-cabecera_Mesa-de-trabajo-1-1024x341.png 1024w, https:\/\/ffcv.es\/wp\/wp-content\/uploads\/2024\/06\/tw-cabecera_Mesa-de-trabajo-1-300x100.png 300w, https:\/\/ffcv.es\/wp\/wp-content\/uploads\/2024\/06\/tw-cabecera_Mesa-de-trabajo-1-768x256.png 768w, https:\/\/ffcv.es\/wp\/wp-content\/uploads\/2024\/06\/tw-cabecera_Mesa-de-trabajo-1-1536x512.png 1536w, https:\/\/ffcv.es\/wp\/wp-content\/uploads\/2024\/06\/tw-cabecera_Mesa-de-trabajo-1-2048x683.png 2048w, https:\/\/ffcv.es\/wp\/wp-content\/uploads\/2024\/06\/tw-cabecera_Mesa-de-trabajo-1-280x93.png 280w, https:\/\/ffcv.es\/wp\/wp-content\/uploads\/2024\/06\/tw-cabecera_Mesa-de-trabajo-1-1170x390.png 1170w, https:\/\/ffcv.es\/wp\/wp-content\/uploads\/2024\/06\/tw-cabecera_Mesa-de-trabajo-1.png 1920w\" data-sizes=\"(max-width: 1024px) 100vw, 1024px\" src=\"data:image\/gif;base64,R0lGODlhAQABAAAAACH5BAEKAAEALAAAAAABAAEAAAICTAEAOw==\" style=\"--smush-placeholder-width: 1024px; --smush-placeholder-aspect-ratio: 1024\/341;\" \/><noscript><img loading=\"lazy\" decoding=\"async\" width=\"1024\" height=\"341\" src=\"https:\/\/ffcv.es\/wp\/wp-content\/uploads\/2024\/06\/tw-cabecera_Mesa-de-trabajo-1-1024x341.png\" alt=\"\" class=\"wp-image-138634\" srcset=\"https:\/\/ffcv.es\/wp\/wp-content\/uploads\/2024\/06\/tw-cabecera_Mesa-de-trabajo-1-1024x341.png 1024w, https:\/\/ffcv.es\/wp\/wp-content\/uploads\/2024\/06\/tw-cabecera_Mesa-de-trabajo-1-300x100.png 300w, https:\/\/ffcv.es\/wp\/wp-content\/uploads\/2024\/06\/tw-cabecera_Mesa-de-trabajo-1-768x256.png 768w, https:\/\/ffcv.es\/wp\/wp-content\/uploads\/2024\/06\/tw-cabecera_Mesa-de-trabajo-1-1536x512.png 1536w, https:\/\/ffcv.es\/wp\/wp-content\/uploads\/2024\/06\/tw-cabecera_Mesa-de-trabajo-1-2048x683.png 2048w, https:\/\/ffcv.es\/wp\/wp-content\/uploads\/2024\/06\/tw-cabecera_Mesa-de-trabajo-1-280x93.png 280w, https:\/\/ffcv.es\/wp\/wp-content\/uploads\/2024\/06\/tw-cabecera_Mesa-de-trabajo-1-1170x390.png 1170w, https:\/\/ffcv.es\/wp\/wp-content\/uploads\/2024\/06\/tw-cabecera_Mesa-de-trabajo-1.png 1920w\" sizes=\"(max-width: 1024px) 100vw, 1024px\" \/><\/noscript><\/a><\/figure>\n\n\n\n<p><em>Para estar al d\u00eda de todas las novedades sobre el f\u00fatbol sala en la Comunitat Valenciana sigue el&nbsp;<strong>CANAL DE TELEGRAM&nbsp;<\/strong>oficial de la FFCV y&nbsp;<strong>exclusivo de futsal<\/strong>&nbsp;#somFutsal | FFCV&nbsp;<\/em><\/p>\n\n\n\n<p><em><strong>S\u00edguelo pinchando<\/strong>&nbsp;<strong>AQU\u00cd<\/strong>&nbsp;\u279c&nbsp;<a href=\"https:\/\/t.me\/somFutsal\">https:\/\/t.me\/somFutsal<\/a><\/em><\/p>\n","protected":false},"excerpt":{"rendered":"<p>La Federaci\u00f3 de Futbol de la Comunitat Valenciana ha hecho p\u00fablica la cuarta convocatoria de la temporada de la Selecci\u00f3 Valenciana masculina sub12 de f\u00fatbol sala. El seleccionador Toni Puerto ha convocado a 25 jugadores de clubes de la Comunitat para el entrenamiento del lunes 9 de marzo en el pabell\u00f3n SUMA Alfafar. Hasta la<\/p>\n","protected":false},"author":16,"featured_media":193376,"comment_status":"closed","ping_status":"closed","sticky":false,"template":"","format":"standard","meta":{"om_disable_all_campaigns":false,"footnotes":""},"categories":[3460,4,72,1282],"tags":[51,6541,6537],"class_list":["post-193375","post","type-post","status-publish","format-standard","has-post-thumbnail","hentry","category-seleccio-valenciana-futsal-sub12","category-noticias-futbol-sala","category-noticias-selecciones","category-portada","tag-futbol-sala","tag-seleccio-valenciana-masculina-sub12","tag-toni-puerto"],"aioseo_notices":[],"_links":{"self":[{"href":"https:\/\/ffcv.es\/wp\/wp-json\/wp\/v2\/posts\/193375"}],"collection":[{"href":"https:\/\/ffcv.es\/wp\/wp-json\/wp\/v2\/posts"}],"about":[{"href":"https:\/\/ffcv.es\/wp\/wp-json\/wp\/v2\/types\/post"}],"author":[{"embeddable":true,"href":"https:\/\/ffcv.es\/wp\/wp-json\/wp\/v2\/users\/16"}],"replies":[{"embeddable":true,"href":"https:\/\/ffcv.es\/wp\/wp-json\/wp\/v2\/comments?post=193375"}],"version-history":[{"count":1,"href":"https:\/\/ffcv.es\/wp\/wp-json\/wp\/v2\/posts\/193375\/revisions"}],"predecessor-version":[{"id":193378,"href":"https:\/\/ffcv.es\/wp\/wp-json\/wp\/v2\/posts\/193375\/revisions\/193378"}],"wp:featuredmedia":[{"embeddable":true,"href":"https:\/\/ffcv.es\/wp\/wp-json\/wp\/v2\/media\/193376"}],"wp:attachment":[{"href":"https:\/\/ffcv.es\/wp\/wp-json\/wp\/v2\/media?parent=193375"}],"wp:term":[{"taxonomy":"category","embeddable":true,"href":"https:\/\/ffcv.es\/wp\/wp-json\/wp\/v2\/categories?post=193375"},{"taxonomy":"post_tag","embeddable":true,"href":"https:\/\/ffcv.es\/wp\/wp-json\/wp\/v2\/tags?post=193375"}],"curies":[{"name":"wp","href":"https:\/\/api.w.org\/{rel}","templated":true}]}}