{"id":192715,"date":"2026-02-20T12:51:10","date_gmt":"2026-02-20T10:51:10","guid":{"rendered":"https:\/\/ffcv.es\/wp\/?p=192715"},"modified":"2026-02-23T10:20:02","modified_gmt":"2026-02-23T08:20:02","slug":"convocatoria-amistoso-de-la-seleccio-valenciana-valenta-sub14-de-futbol-en-monforte-del-cid-ante-el-elche-cff","status":"publish","type":"post","link":"https:\/\/ffcv.es\/wp\/blog\/2026\/02\/convocatoria-amistoso-de-la-seleccio-valenciana-valenta-sub14-de-futbol-en-monforte-del-cid-ante-el-elche-cff\/","title":{"rendered":"CONVOCATORIA: Amistoso de la Selecci\u00f3 Valenciana Valenta sub14 de f\u00fatbol en Monforte del Cid ante el Elche CFF"},"content":{"rendered":"\n<p>La&nbsp;<strong>Federaci\u00f3 de Futbol de la Comunitat Valenciana&nbsp;<\/strong>ha hecho p\u00fablica la lista de convocadas de la&nbsp;<strong>Selecci\u00f3 Valenciana Valenta sub14 de f\u00fatbol<\/strong>&nbsp;para continuar con la preparaci\u00f3n de la siguiente fase del&nbsp;<strong>Campeonato de Espa\u00f1a<\/strong>.<\/p>\n\n\n\n<p>El seleccionador&nbsp;<strong>Luis S\u00e1nchez<\/strong>&nbsp;ha citado a estas 24 jugadoras que se enfrentar\u00e1n al cadete del <strong>Elche<\/strong> <strong>CFF<\/strong> el martes 24 de febrero.<\/p>\n\n\n\n<p> El <strong>Campo Municipal de Monforte del Cid<\/strong> ser\u00e1 el escenario del partido.<\/p>\n\n\n\n<div data-wp-interactive=\"core\/file\" class=\"wp-block-file\"><object data-wp-bind--hidden=\"!state.hasPdfPreview\"  class=\"wp-block-file__embed\" data=\"https:\/\/ffcv.es\/wp\/wp-content\/uploads\/2026\/02\/CONV.-SUB-14-VALENTA-MONFORTE-DEL-CID-1.pdf\" type=\"application\/pdf\" style=\"width:100%;height:600px\" aria-label=\"Incrustado de CONV. SUB-14 VALENTA MONFORTE DEL CID.\"><\/object><a id=\"wp-block-file--media-e84e98ba-e5e9-41c7-a8a6-fd64f4efa5e0\" href=\"https:\/\/ffcv.es\/wp\/wp-content\/uploads\/2026\/02\/CONV.-SUB-14-VALENTA-MONFORTE-DEL-CID-1.pdf\">CONV. SUB-14 VALENTA MONFORTE DEL CID<\/a><a href=\"https:\/\/ffcv.es\/wp\/wp-content\/uploads\/2026\/02\/CONV.-SUB-14-VALENTA-MONFORTE-DEL-CID-1.pdf\" class=\"wp-block-file__button wp-element-button\" download aria-describedby=\"wp-block-file--media-e84e98ba-e5e9-41c7-a8a6-fd64f4efa5e0\">Descarga<\/a><\/div>\n\n\n\n<figure class=\"wp-block-gallery has-nested-images columns-default is-cropped wp-block-gallery-1 is-layout-flex wp-block-gallery-is-layout-flex\">\n<figure class=\"wp-block-image size-large\"><img loading=\"lazy\" decoding=\"async\" width=\"1024\" height=\"628\" data-id=\"191230\" data-src=\"https:\/\/ffcv.es\/wp\/wp-content\/uploads\/2026\/01\/IMG_3637-1024x628.jpg\" alt=\"\" class=\"wp-image-191230 lazyload\" data-srcset=\"https:\/\/ffcv.es\/wp\/wp-content\/uploads\/2026\/01\/IMG_3637-1024x628.jpg 1024w, https:\/\/ffcv.es\/wp\/wp-content\/uploads\/2026\/01\/IMG_3637-300x184.jpg 300w, https:\/\/ffcv.es\/wp\/wp-content\/uploads\/2026\/01\/IMG_3637-768x471.jpg 768w, https:\/\/ffcv.es\/wp\/wp-content\/uploads\/2026\/01\/IMG_3637-1536x942.jpg 1536w, https:\/\/ffcv.es\/wp\/wp-content\/uploads\/2026\/01\/IMG_3637-2048x1256.jpg 2048w, https:\/\/ffcv.es\/wp\/wp-content\/uploads\/2026\/01\/IMG_3637-280x172.jpg 280w, https:\/\/ffcv.es\/wp\/wp-content\/uploads\/2026\/01\/IMG_3637-1170x718.jpg 1170w, https:\/\/ffcv.es\/wp\/wp-content\/uploads\/2026\/01\/IMG_3637-scaled.jpg 1760w\" data-sizes=\"(max-width: 1024px) 100vw, 1024px\" src=\"data:image\/gif;base64,R0lGODlhAQABAAAAACH5BAEKAAEALAAAAAABAAEAAAICTAEAOw==\" style=\"--smush-placeholder-width: 1024px; --smush-placeholder-aspect-ratio: 1024\/628;\" \/><noscript><img loading=\"lazy\" decoding=\"async\" width=\"1024\" height=\"628\" data-id=\"191230\" src=\"https:\/\/ffcv.es\/wp\/wp-content\/uploads\/2026\/01\/IMG_3637-1024x628.jpg\" alt=\"\" class=\"wp-image-191230\" srcset=\"https:\/\/ffcv.es\/wp\/wp-content\/uploads\/2026\/01\/IMG_3637-1024x628.jpg 1024w, https:\/\/ffcv.es\/wp\/wp-content\/uploads\/2026\/01\/IMG_3637-300x184.jpg 300w, https:\/\/ffcv.es\/wp\/wp-content\/uploads\/2026\/01\/IMG_3637-768x471.jpg 768w, https:\/\/ffcv.es\/wp\/wp-content\/uploads\/2026\/01\/IMG_3637-1536x942.jpg 1536w, https:\/\/ffcv.es\/wp\/wp-content\/uploads\/2026\/01\/IMG_3637-2048x1256.jpg 2048w, https:\/\/ffcv.es\/wp\/wp-content\/uploads\/2026\/01\/IMG_3637-280x172.jpg 280w, https:\/\/ffcv.es\/wp\/wp-content\/uploads\/2026\/01\/IMG_3637-1170x718.jpg 1170w, https:\/\/ffcv.es\/wp\/wp-content\/uploads\/2026\/01\/IMG_3637-scaled.jpg 1760w\" sizes=\"(max-width: 1024px) 100vw, 1024px\" \/><\/noscript><figcaption class=\"wp-element-caption\">Luis S\u00e1nchez, en un entrenamiento en Picassent<\/figcaption><\/figure>\n<\/figure>\n\n\n\n<p>El pasado martes 10 de febrero se suspendi\u00f3 la sesi\u00f3n de entrenamiento prevista en Picassent por la alerta meteorol\u00f3gica por viento. <\/p>\n\n\n\n<h2 class=\"wp-block-heading\">Primera fase<\/h2>\n\n\n\n<p>Esta <strong>Selecci\u00f3<\/strong> disput\u00f3 la primera fase del <strong>CESA<\/strong> del 11 al 14 de diciembre en los <strong>Campos Federativos Maximino Mart\u00ednez Su\u00e1rez&nbsp;<\/strong>en&nbsp;<strong>Roces<\/strong>, <strong>Gij\u00f3n<\/strong>.<\/p>\n\n\n\n<p><strong>Asturias<\/strong>, <strong>Comunidad<\/strong>&nbsp;<strong>de<\/strong>&nbsp;<strong>Madrid<\/strong> y <strong>Euskadi<\/strong>&nbsp;fueron los rivales. El combinado de <strong>S\u00e1nchez<\/strong><a href=\"https:\/\/ffcv.es\/wp\/blog\/2025\/12\/14\/puntazo-de-orgullo-seleccio-valenciana-valenta-sub14-%f0%9f%86%9a-euskadi-1-1\/\" target=\"_blank\" rel=\"noopener\" title=\"\"> sum\u00f3 cuatro puntos<\/a>.<\/p>\n\n\n\n<p>En la siguiente fase se medir\u00e1 a <strong>Galicia<\/strong> con muchas opciones de estar en la Fase Final. <\/p>\n\n\n\n<figure class=\"wp-block-gallery has-nested-images columns-default is-cropped wp-block-gallery-2 is-layout-flex wp-block-gallery-is-layout-flex\">\n<figure class=\"wp-block-image size-large\"><img loading=\"lazy\" decoding=\"async\" width=\"768\" height=\"1024\" data-id=\"182027\" data-src=\"https:\/\/ffcv.es\/wp\/wp-content\/uploads\/2025\/12\/RESULTADO-SUB14-MADRID-768x1024.jpeg\" alt=\"\" class=\"wp-image-182027 lazyload\" data-srcset=\"https:\/\/ffcv.es\/wp\/wp-content\/uploads\/2025\/12\/RESULTADO-SUB14-MADRID-768x1024.jpeg 768w, https:\/\/ffcv.es\/wp\/wp-content\/uploads\/2025\/12\/RESULTADO-SUB14-MADRID-225x300.jpeg 225w, https:\/\/ffcv.es\/wp\/wp-content\/uploads\/2025\/12\/RESULTADO-SUB14-MADRID-1152x1536.jpeg 1152w, https:\/\/ffcv.es\/wp\/wp-content\/uploads\/2025\/12\/RESULTADO-SUB14-MADRID-140x187.jpeg 140w, https:\/\/ffcv.es\/wp\/wp-content\/uploads\/2025\/12\/RESULTADO-SUB14-MADRID-1170x1560.jpeg 1170w, https:\/\/ffcv.es\/wp\/wp-content\/uploads\/2025\/12\/RESULTADO-SUB14-MADRID.jpeg 810w\" data-sizes=\"(max-width: 768px) 100vw, 768px\" src=\"data:image\/gif;base64,R0lGODlhAQABAAAAACH5BAEKAAEALAAAAAABAAEAAAICTAEAOw==\" style=\"--smush-placeholder-width: 768px; --smush-placeholder-aspect-ratio: 768\/1024;\" \/><noscript><img loading=\"lazy\" decoding=\"async\" width=\"768\" height=\"1024\" data-id=\"182027\" src=\"https:\/\/ffcv.es\/wp\/wp-content\/uploads\/2025\/12\/RESULTADO-SUB14-MADRID-768x1024.jpeg\" alt=\"\" class=\"wp-image-182027\" srcset=\"https:\/\/ffcv.es\/wp\/wp-content\/uploads\/2025\/12\/RESULTADO-SUB14-MADRID-768x1024.jpeg 768w, https:\/\/ffcv.es\/wp\/wp-content\/uploads\/2025\/12\/RESULTADO-SUB14-MADRID-225x300.jpeg 225w, https:\/\/ffcv.es\/wp\/wp-content\/uploads\/2025\/12\/RESULTADO-SUB14-MADRID-1152x1536.jpeg 1152w, https:\/\/ffcv.es\/wp\/wp-content\/uploads\/2025\/12\/RESULTADO-SUB14-MADRID-140x187.jpeg 140w, https:\/\/ffcv.es\/wp\/wp-content\/uploads\/2025\/12\/RESULTADO-SUB14-MADRID-1170x1560.jpeg 1170w, https:\/\/ffcv.es\/wp\/wp-content\/uploads\/2025\/12\/RESULTADO-SUB14-MADRID.jpeg 810w\" sizes=\"(max-width: 768px) 100vw, 768px\" \/><\/noscript><\/figure>\n\n\n\n<figure class=\"wp-block-image size-large\"><img loading=\"lazy\" decoding=\"async\" width=\"768\" height=\"1024\" data-id=\"182583\" data-src=\"https:\/\/ffcv.es\/wp\/wp-content\/uploads\/2025\/12\/resultado-vs-Asturias-sub14-768x1024.jpeg\" alt=\"\" class=\"wp-image-182583 lazyload\" data-srcset=\"https:\/\/ffcv.es\/wp\/wp-content\/uploads\/2025\/12\/resultado-vs-Asturias-sub14-768x1024.jpeg 768w, https:\/\/ffcv.es\/wp\/wp-content\/uploads\/2025\/12\/resultado-vs-Asturias-sub14-225x300.jpeg 225w, https:\/\/ffcv.es\/wp\/wp-content\/uploads\/2025\/12\/resultado-vs-Asturias-sub14-1152x1536.jpeg 1152w, https:\/\/ffcv.es\/wp\/wp-content\/uploads\/2025\/12\/resultado-vs-Asturias-sub14-140x187.jpeg 140w, https:\/\/ffcv.es\/wp\/wp-content\/uploads\/2025\/12\/resultado-vs-Asturias-sub14-1170x1560.jpeg 1170w, https:\/\/ffcv.es\/wp\/wp-content\/uploads\/2025\/12\/resultado-vs-Asturias-sub14.jpeg 810w\" data-sizes=\"(max-width: 768px) 100vw, 768px\" src=\"data:image\/gif;base64,R0lGODlhAQABAAAAACH5BAEKAAEALAAAAAABAAEAAAICTAEAOw==\" style=\"--smush-placeholder-width: 768px; --smush-placeholder-aspect-ratio: 768\/1024;\" \/><noscript><img loading=\"lazy\" decoding=\"async\" width=\"768\" height=\"1024\" data-id=\"182583\" src=\"https:\/\/ffcv.es\/wp\/wp-content\/uploads\/2025\/12\/resultado-vs-Asturias-sub14-768x1024.jpeg\" alt=\"\" class=\"wp-image-182583\" srcset=\"https:\/\/ffcv.es\/wp\/wp-content\/uploads\/2025\/12\/resultado-vs-Asturias-sub14-768x1024.jpeg 768w, https:\/\/ffcv.es\/wp\/wp-content\/uploads\/2025\/12\/resultado-vs-Asturias-sub14-225x300.jpeg 225w, https:\/\/ffcv.es\/wp\/wp-content\/uploads\/2025\/12\/resultado-vs-Asturias-sub14-1152x1536.jpeg 1152w, https:\/\/ffcv.es\/wp\/wp-content\/uploads\/2025\/12\/resultado-vs-Asturias-sub14-140x187.jpeg 140w, https:\/\/ffcv.es\/wp\/wp-content\/uploads\/2025\/12\/resultado-vs-Asturias-sub14-1170x1560.jpeg 1170w, https:\/\/ffcv.es\/wp\/wp-content\/uploads\/2025\/12\/resultado-vs-Asturias-sub14.jpeg 810w\" sizes=\"(max-width: 768px) 100vw, 768px\" \/><\/noscript><\/figure>\n\n\n\n<figure class=\"wp-block-image size-large\"><img loading=\"lazy\" decoding=\"async\" width=\"768\" height=\"1024\" data-id=\"183137\" data-src=\"https:\/\/ffcv.es\/wp\/wp-content\/uploads\/2025\/12\/resultado-vs-Euskadi-sub14-768x1024.jpeg\" alt=\"\" class=\"wp-image-183137 lazyload\" data-srcset=\"https:\/\/ffcv.es\/wp\/wp-content\/uploads\/2025\/12\/resultado-vs-Euskadi-sub14-768x1024.jpeg 768w, https:\/\/ffcv.es\/wp\/wp-content\/uploads\/2025\/12\/resultado-vs-Euskadi-sub14-225x300.jpeg 225w, https:\/\/ffcv.es\/wp\/wp-content\/uploads\/2025\/12\/resultado-vs-Euskadi-sub14-1152x1536.jpeg 1152w, https:\/\/ffcv.es\/wp\/wp-content\/uploads\/2025\/12\/resultado-vs-Euskadi-sub14-140x187.jpeg 140w, https:\/\/ffcv.es\/wp\/wp-content\/uploads\/2025\/12\/resultado-vs-Euskadi-sub14-1170x1560.jpeg 1170w, https:\/\/ffcv.es\/wp\/wp-content\/uploads\/2025\/12\/resultado-vs-Euskadi-sub14.jpeg 810w\" data-sizes=\"(max-width: 768px) 100vw, 768px\" src=\"data:image\/gif;base64,R0lGODlhAQABAAAAACH5BAEKAAEALAAAAAABAAEAAAICTAEAOw==\" style=\"--smush-placeholder-width: 768px; --smush-placeholder-aspect-ratio: 768\/1024;\" \/><noscript><img loading=\"lazy\" decoding=\"async\" width=\"768\" height=\"1024\" data-id=\"183137\" src=\"https:\/\/ffcv.es\/wp\/wp-content\/uploads\/2025\/12\/resultado-vs-Euskadi-sub14-768x1024.jpeg\" alt=\"\" class=\"wp-image-183137\" srcset=\"https:\/\/ffcv.es\/wp\/wp-content\/uploads\/2025\/12\/resultado-vs-Euskadi-sub14-768x1024.jpeg 768w, https:\/\/ffcv.es\/wp\/wp-content\/uploads\/2025\/12\/resultado-vs-Euskadi-sub14-225x300.jpeg 225w, https:\/\/ffcv.es\/wp\/wp-content\/uploads\/2025\/12\/resultado-vs-Euskadi-sub14-1152x1536.jpeg 1152w, https:\/\/ffcv.es\/wp\/wp-content\/uploads\/2025\/12\/resultado-vs-Euskadi-sub14-140x187.jpeg 140w, https:\/\/ffcv.es\/wp\/wp-content\/uploads\/2025\/12\/resultado-vs-Euskadi-sub14-1170x1560.jpeg 1170w, https:\/\/ffcv.es\/wp\/wp-content\/uploads\/2025\/12\/resultado-vs-Euskadi-sub14.jpeg 810w\" sizes=\"(max-width: 768px) 100vw, 768px\" \/><\/noscript><\/figure>\n<\/figure>\n","protected":false},"excerpt":{"rendered":"<p>La&nbsp;Federaci\u00f3 de Futbol de la Comunitat Valenciana&nbsp;ha hecho p\u00fablica la lista de convocadas de la&nbsp;Selecci\u00f3 Valenciana Valenta sub14 de f\u00fatbol&nbsp;para continuar con la preparaci\u00f3n de la siguiente fase del&nbsp;Campeonato de Espa\u00f1a. El seleccionador&nbsp;Luis S\u00e1nchez&nbsp;ha citado a estas 24 jugadoras que se enfrentar\u00e1n al cadete del Elche CFF el martes 24 de febrero. El Campo Municipal<\/p>\n","protected":false},"author":16,"featured_media":166653,"comment_status":"closed","ping_status":"closed","sticky":false,"template":"","format":"standard","meta":{"om_disable_all_campaigns":false,"footnotes":""},"categories":[16,3440,69,1282],"tags":[121,7417,7640,8571,8475],"class_list":["post-192715","post","type-post","status-publish","format-standard","has-post-thumbnail","hentry","category-actualidad","category-noticias-seleccion-valenta-sub14","category-noticias-ffcv","category-portada","tag-amistoso","tag-elche-cff","tag-luis-sanchez","tag-monforte-del-cid","tag-seleccio-valenciana-valeta-sub16"],"aioseo_notices":[],"_links":{"self":[{"href":"https:\/\/ffcv.es\/wp\/wp-json\/wp\/v2\/posts\/192715"}],"collection":[{"href":"https:\/\/ffcv.es\/wp\/wp-json\/wp\/v2\/posts"}],"about":[{"href":"https:\/\/ffcv.es\/wp\/wp-json\/wp\/v2\/types\/post"}],"author":[{"embeddable":true,"href":"https:\/\/ffcv.es\/wp\/wp-json\/wp\/v2\/users\/16"}],"replies":[{"embeddable":true,"href":"https:\/\/ffcv.es\/wp\/wp-json\/wp\/v2\/comments?post=192715"}],"version-history":[{"count":2,"href":"https:\/\/ffcv.es\/wp\/wp-json\/wp\/v2\/posts\/192715\/revisions"}],"predecessor-version":[{"id":192904,"href":"https:\/\/ffcv.es\/wp\/wp-json\/wp\/v2\/posts\/192715\/revisions\/192904"}],"wp:featuredmedia":[{"embeddable":true,"href":"https:\/\/ffcv.es\/wp\/wp-json\/wp\/v2\/media\/166653"}],"wp:attachment":[{"href":"https:\/\/ffcv.es\/wp\/wp-json\/wp\/v2\/media?parent=192715"}],"wp:term":[{"taxonomy":"category","embeddable":true,"href":"https:\/\/ffcv.es\/wp\/wp-json\/wp\/v2\/categories?post=192715"},{"taxonomy":"post_tag","embeddable":true,"href":"https:\/\/ffcv.es\/wp\/wp-json\/wp\/v2\/tags?post=192715"}],"curies":[{"name":"wp","href":"https:\/\/api.w.org\/{rel}","templated":true}]}}