{"id":192376,"date":"2026-02-16T11:27:37","date_gmt":"2026-02-16T09:27:37","guid":{"rendered":"https:\/\/ffcv.es\/wp\/?p=192376"},"modified":"2026-02-16T11:27:39","modified_gmt":"2026-02-16T09:27:39","slug":"el-viento-obliga-a-suspender-la-jornada-de-copa-federacio-alsacargo","status":"publish","type":"post","link":"https:\/\/ffcv.es\/wp\/blog\/2026\/02\/el-viento-obliga-a-suspender-la-jornada-de-copa-federacio-alsacargo\/","title":{"rendered":"El viento obliga a suspender la jornada de Copa Federaci\u00f3 Alsacargo"},"content":{"rendered":"\n<p>Las fuertes rachas de viento obligaron a suspender el pasado domingo 15 de febrero la jornada de competici\u00f3n de la <strong>Copa Federaci\u00f3<\/strong> <strong>ALSACARGO<\/strong> <strong>de Futbol Base<\/strong> que organiza la <strong>Federaci\u00f3 de Futbol de la Comunitat Valenciana <\/strong>en las instalaciones de <strong>El Planter<\/strong>.<\/p>\n\n\n\n<p>A las 9 de la ma\u00f1ana comenz\u00f3 a rodar el bal\u00f3n en <strong>Pu\u00e7ol<\/strong> ante una mejor previsi\u00f3n meterol\u00f3gica, pero el viento fue de menos a m\u00e1s y la organizaci\u00f3n opt\u00f3 por suspender los partidos.<\/p>\n\n\n\n<p>El pr\u00f3ximo domingo, 22 de febrero, se retomar\u00e1 la primera jornada en categor\u00eda prebenjam\u00edn de segundo a\u00f1o (2018) y la quinta jornada benjam\u00edn de segundo a\u00f1o (2016).<\/p>\n\n\n\n<h1 class=\"wp-block-heading\">Sorteo benjam\u00edn y alev\u00edn<\/h1>\n\n\n\n<p>Este mi\u00e9rcoles 18, a las 11:00, en la sede central de la <strong>FFCV<\/strong> se celebrar\u00e1 el sorteo de la Fase Final en categor\u00eda alev\u00edn y benjam\u00edn.<\/p>\n\n\n\n<p>Faltar\u00e1 por conocer el nombre de los tres equipos benjamines de segundo a\u00f1o que ayer se tendr\u00edan que haber clasificado.<\/p>\n\n\n\n<p>Para solventarlo, en el bombo se introducir\u00e1n tres bolas (Benjam\u00ed 1, Benjam\u00ed 2 y Benjam\u00ed 3) y el domingo cuando se clasifiquen\u00a0esos tres equipos benjamines se le asignar\u00e1n los grupos en los que queden encuadrados.<\/p>\n\n\n\n<figure class=\"wp-block-gallery has-nested-images columns-default is-cropped wp-block-gallery-1 is-layout-flex wp-block-gallery-is-layout-flex\">\n<figure class=\"wp-block-image size-large\"><img loading=\"lazy\" decoding=\"async\" width=\"819\" height=\"1024\" data-id=\"192044\" data-src=\"https:\/\/ffcv.es\/wp\/wp-content\/uploads\/2026\/02\/WhatsApp-Image-2026-02-09-at-07.55.30-819x1024.jpeg\" alt=\"\" class=\"wp-image-192044 lazyload\" data-srcset=\"https:\/\/ffcv.es\/wp\/wp-content\/uploads\/2026\/02\/WhatsApp-Image-2026-02-09-at-07.55.30-819x1024.jpeg 819w, https:\/\/ffcv.es\/wp\/wp-content\/uploads\/2026\/02\/WhatsApp-Image-2026-02-09-at-07.55.30-240x300.jpeg 240w, https:\/\/ffcv.es\/wp\/wp-content\/uploads\/2026\/02\/WhatsApp-Image-2026-02-09-at-07.55.30-768x960.jpeg 768w, https:\/\/ffcv.es\/wp\/wp-content\/uploads\/2026\/02\/WhatsApp-Image-2026-02-09-at-07.55.30-150x187.jpeg 150w, https:\/\/ffcv.es\/wp\/wp-content\/uploads\/2026\/02\/WhatsApp-Image-2026-02-09-at-07.55.30.jpeg 1080w\" data-sizes=\"(max-width: 819px) 100vw, 819px\" src=\"data:image\/gif;base64,R0lGODlhAQABAAAAACH5BAEKAAEALAAAAAABAAEAAAICTAEAOw==\" style=\"--smush-placeholder-width: 819px; --smush-placeholder-aspect-ratio: 819\/1024;\" \/><noscript><img loading=\"lazy\" decoding=\"async\" width=\"819\" height=\"1024\" data-id=\"192044\" src=\"https:\/\/ffcv.es\/wp\/wp-content\/uploads\/2026\/02\/WhatsApp-Image-2026-02-09-at-07.55.30-819x1024.jpeg\" alt=\"\" class=\"wp-image-192044\" srcset=\"https:\/\/ffcv.es\/wp\/wp-content\/uploads\/2026\/02\/WhatsApp-Image-2026-02-09-at-07.55.30-819x1024.jpeg 819w, https:\/\/ffcv.es\/wp\/wp-content\/uploads\/2026\/02\/WhatsApp-Image-2026-02-09-at-07.55.30-240x300.jpeg 240w, https:\/\/ffcv.es\/wp\/wp-content\/uploads\/2026\/02\/WhatsApp-Image-2026-02-09-at-07.55.30-768x960.jpeg 768w, https:\/\/ffcv.es\/wp\/wp-content\/uploads\/2026\/02\/WhatsApp-Image-2026-02-09-at-07.55.30-150x187.jpeg 150w, https:\/\/ffcv.es\/wp\/wp-content\/uploads\/2026\/02\/WhatsApp-Image-2026-02-09-at-07.55.30.jpeg 1080w\" sizes=\"(max-width: 819px) 100vw, 819px\" \/><\/noscript><\/figure>\n\n\n\n<figure class=\"wp-block-image size-large\"><img loading=\"lazy\" decoding=\"async\" width=\"819\" height=\"1024\" data-id=\"192045\" data-src=\"https:\/\/ffcv.es\/wp\/wp-content\/uploads\/2026\/02\/WhatsApp-Image-2026-02-09-at-07.55.30-1-819x1024.jpeg\" alt=\"\" class=\"wp-image-192045 lazyload\" data-srcset=\"https:\/\/ffcv.es\/wp\/wp-content\/uploads\/2026\/02\/WhatsApp-Image-2026-02-09-at-07.55.30-1-819x1024.jpeg 819w, https:\/\/ffcv.es\/wp\/wp-content\/uploads\/2026\/02\/WhatsApp-Image-2026-02-09-at-07.55.30-1-240x300.jpeg 240w, https:\/\/ffcv.es\/wp\/wp-content\/uploads\/2026\/02\/WhatsApp-Image-2026-02-09-at-07.55.30-1-768x960.jpeg 768w, https:\/\/ffcv.es\/wp\/wp-content\/uploads\/2026\/02\/WhatsApp-Image-2026-02-09-at-07.55.30-1-150x187.jpeg 150w, https:\/\/ffcv.es\/wp\/wp-content\/uploads\/2026\/02\/WhatsApp-Image-2026-02-09-at-07.55.30-1.jpeg 1080w\" data-sizes=\"(max-width: 819px) 100vw, 819px\" src=\"data:image\/gif;base64,R0lGODlhAQABAAAAACH5BAEKAAEALAAAAAABAAEAAAICTAEAOw==\" style=\"--smush-placeholder-width: 819px; --smush-placeholder-aspect-ratio: 819\/1024;\" \/><noscript><img loading=\"lazy\" decoding=\"async\" width=\"819\" height=\"1024\" data-id=\"192045\" src=\"https:\/\/ffcv.es\/wp\/wp-content\/uploads\/2026\/02\/WhatsApp-Image-2026-02-09-at-07.55.30-1-819x1024.jpeg\" alt=\"\" class=\"wp-image-192045\" srcset=\"https:\/\/ffcv.es\/wp\/wp-content\/uploads\/2026\/02\/WhatsApp-Image-2026-02-09-at-07.55.30-1-819x1024.jpeg 819w, https:\/\/ffcv.es\/wp\/wp-content\/uploads\/2026\/02\/WhatsApp-Image-2026-02-09-at-07.55.30-1-240x300.jpeg 240w, https:\/\/ffcv.es\/wp\/wp-content\/uploads\/2026\/02\/WhatsApp-Image-2026-02-09-at-07.55.30-1-768x960.jpeg 768w, https:\/\/ffcv.es\/wp\/wp-content\/uploads\/2026\/02\/WhatsApp-Image-2026-02-09-at-07.55.30-1-150x187.jpeg 150w, https:\/\/ffcv.es\/wp\/wp-content\/uploads\/2026\/02\/WhatsApp-Image-2026-02-09-at-07.55.30-1.jpeg 1080w\" sizes=\"(max-width: 819px) 100vw, 819px\" \/><\/noscript><\/figure>\n\n\n\n<figure class=\"wp-block-image size-large\"><img loading=\"lazy\" decoding=\"async\" width=\"727\" height=\"1024\" data-id=\"190447\" data-src=\"https:\/\/ffcv.es\/wp\/wp-content\/uploads\/2026\/01\/alevins-1-any-classificats-727x1024.jpeg\" alt=\"\" class=\"wp-image-190447 lazyload\" data-srcset=\"https:\/\/ffcv.es\/wp\/wp-content\/uploads\/2026\/01\/alevins-1-any-classificats-727x1024.jpeg 727w, https:\/\/ffcv.es\/wp\/wp-content\/uploads\/2026\/01\/alevins-1-any-classificats-213x300.jpeg 213w, https:\/\/ffcv.es\/wp\/wp-content\/uploads\/2026\/01\/alevins-1-any-classificats-768x1082.jpeg 768w, https:\/\/ffcv.es\/wp\/wp-content\/uploads\/2026\/01\/alevins-1-any-classificats-133x187.jpeg 133w, https:\/\/ffcv.es\/wp\/wp-content\/uploads\/2026\/01\/alevins-1-any-classificats.jpeg 766w\" data-sizes=\"(max-width: 727px) 100vw, 727px\" src=\"data:image\/gif;base64,R0lGODlhAQABAAAAACH5BAEKAAEALAAAAAABAAEAAAICTAEAOw==\" style=\"--smush-placeholder-width: 727px; --smush-placeholder-aspect-ratio: 727\/1024;\" \/><noscript><img loading=\"lazy\" decoding=\"async\" width=\"727\" height=\"1024\" data-id=\"190447\" src=\"https:\/\/ffcv.es\/wp\/wp-content\/uploads\/2026\/01\/alevins-1-any-classificats-727x1024.jpeg\" alt=\"\" class=\"wp-image-190447\" srcset=\"https:\/\/ffcv.es\/wp\/wp-content\/uploads\/2026\/01\/alevins-1-any-classificats-727x1024.jpeg 727w, https:\/\/ffcv.es\/wp\/wp-content\/uploads\/2026\/01\/alevins-1-any-classificats-213x300.jpeg 213w, https:\/\/ffcv.es\/wp\/wp-content\/uploads\/2026\/01\/alevins-1-any-classificats-768x1082.jpeg 768w, https:\/\/ffcv.es\/wp\/wp-content\/uploads\/2026\/01\/alevins-1-any-classificats-133x187.jpeg 133w, https:\/\/ffcv.es\/wp\/wp-content\/uploads\/2026\/01\/alevins-1-any-classificats.jpeg 766w\" sizes=\"(max-width: 727px) 100vw, 727px\" \/><\/noscript><\/figure>\n\n\n\n<figure class=\"wp-block-image size-large\"><img loading=\"lazy\" decoding=\"async\" width=\"727\" height=\"1024\" data-id=\"190446\" data-src=\"https:\/\/ffcv.es\/wp\/wp-content\/uploads\/2026\/01\/alevins-2-any-classificats-727x1024.jpeg\" alt=\"\" class=\"wp-image-190446 lazyload\" data-srcset=\"https:\/\/ffcv.es\/wp\/wp-content\/uploads\/2026\/01\/alevins-2-any-classificats-727x1024.jpeg 727w, https:\/\/ffcv.es\/wp\/wp-content\/uploads\/2026\/01\/alevins-2-any-classificats-213x300.jpeg 213w, https:\/\/ffcv.es\/wp\/wp-content\/uploads\/2026\/01\/alevins-2-any-classificats-768x1082.jpeg 768w, https:\/\/ffcv.es\/wp\/wp-content\/uploads\/2026\/01\/alevins-2-any-classificats-133x187.jpeg 133w, https:\/\/ffcv.es\/wp\/wp-content\/uploads\/2026\/01\/alevins-2-any-classificats.jpeg 766w\" data-sizes=\"(max-width: 727px) 100vw, 727px\" src=\"data:image\/gif;base64,R0lGODlhAQABAAAAACH5BAEKAAEALAAAAAABAAEAAAICTAEAOw==\" style=\"--smush-placeholder-width: 727px; --smush-placeholder-aspect-ratio: 727\/1024;\" \/><noscript><img loading=\"lazy\" decoding=\"async\" width=\"727\" height=\"1024\" data-id=\"190446\" src=\"https:\/\/ffcv.es\/wp\/wp-content\/uploads\/2026\/01\/alevins-2-any-classificats-727x1024.jpeg\" alt=\"\" class=\"wp-image-190446\" srcset=\"https:\/\/ffcv.es\/wp\/wp-content\/uploads\/2026\/01\/alevins-2-any-classificats-727x1024.jpeg 727w, https:\/\/ffcv.es\/wp\/wp-content\/uploads\/2026\/01\/alevins-2-any-classificats-213x300.jpeg 213w, https:\/\/ffcv.es\/wp\/wp-content\/uploads\/2026\/01\/alevins-2-any-classificats-768x1082.jpeg 768w, https:\/\/ffcv.es\/wp\/wp-content\/uploads\/2026\/01\/alevins-2-any-classificats-133x187.jpeg 133w, https:\/\/ffcv.es\/wp\/wp-content\/uploads\/2026\/01\/alevins-2-any-classificats.jpeg 766w\" sizes=\"(max-width: 727px) 100vw, 727px\" \/><\/noscript><\/figure>\n<\/figure>\n\n\n\n<h2 class=\"wp-block-heading\">Calendario<\/h2>\n\n\n\n<div data-wp-interactive=\"core\/file\" class=\"wp-block-file\"><object data-wp-bind--hidden=\"!state.hasPdfPreview\"  class=\"wp-block-file__embed\" data=\"https:\/\/ffcv.es\/wp\/wp-content\/uploads\/2025\/10\/CALENDARIO-COPA-FEDERACIO-ALSACARGO-2025-2026.pdf\" type=\"application\/pdf\" style=\"width:100%;height:600px\" aria-label=\"Incrustado de CALENDARIO COPA FEDERACIO\u0301 ALSACARGO 2025-2026.\"><\/object><a id=\"wp-block-file--media-94bef4a7-0c1c-45b2-b99e-272a38798dc6\" href=\"https:\/\/ffcv.es\/wp\/wp-content\/uploads\/2025\/10\/CALENDARIO-COPA-FEDERACIO-ALSACARGO-2025-2026.pdf\">CALENDARIO COPA FEDERACIO\u0301 ALSACARGO 2025-2026<\/a><a href=\"https:\/\/ffcv.es\/wp\/wp-content\/uploads\/2025\/10\/CALENDARIO-COPA-FEDERACIO-ALSACARGO-2025-2026.pdf\" class=\"wp-block-file__button wp-element-button\" download aria-describedby=\"wp-block-file--media-94bef4a7-0c1c-45b2-b99e-272a38798dc6\">Descarga<\/a><\/div>\n","protected":false},"excerpt":{"rendered":"<p>Las fuertes rachas de viento obligaron a suspender el pasado domingo 15 de febrero la jornada de competici\u00f3n de la Copa Federaci\u00f3 ALSACARGO de Futbol Base que organiza la Federaci\u00f3 de Futbol de la Comunitat Valenciana en las instalaciones de El Planter. A las 9 de la ma\u00f1ana comenz\u00f3 a rodar el bal\u00f3n en Pu\u00e7ol<\/p>\n","protected":false},"author":16,"featured_media":177313,"comment_status":"closed","ping_status":"closed","sticky":false,"template":"","format":"standard","meta":{"om_disable_all_campaigns":false,"footnotes":""},"categories":[16,69,1282],"tags":[8441,6664,461,8154],"class_list":["post-192376","post","type-post","status-publish","format-standard","has-post-thumbnail","hentry","category-actualidad","category-noticias-ffcv","category-portada","tag-alsacargo","tag-copa-federacio","tag-el-planter","tag-temporada-2025-2026"],"aioseo_notices":[],"_links":{"self":[{"href":"https:\/\/ffcv.es\/wp\/wp-json\/wp\/v2\/posts\/192376"}],"collection":[{"href":"https:\/\/ffcv.es\/wp\/wp-json\/wp\/v2\/posts"}],"about":[{"href":"https:\/\/ffcv.es\/wp\/wp-json\/wp\/v2\/types\/post"}],"author":[{"embeddable":true,"href":"https:\/\/ffcv.es\/wp\/wp-json\/wp\/v2\/users\/16"}],"replies":[{"embeddable":true,"href":"https:\/\/ffcv.es\/wp\/wp-json\/wp\/v2\/comments?post=192376"}],"version-history":[{"count":1,"href":"https:\/\/ffcv.es\/wp\/wp-json\/wp\/v2\/posts\/192376\/revisions"}],"predecessor-version":[{"id":192377,"href":"https:\/\/ffcv.es\/wp\/wp-json\/wp\/v2\/posts\/192376\/revisions\/192377"}],"wp:featuredmedia":[{"embeddable":true,"href":"https:\/\/ffcv.es\/wp\/wp-json\/wp\/v2\/media\/177313"}],"wp:attachment":[{"href":"https:\/\/ffcv.es\/wp\/wp-json\/wp\/v2\/media?parent=192376"}],"wp:term":[{"taxonomy":"category","embeddable":true,"href":"https:\/\/ffcv.es\/wp\/wp-json\/wp\/v2\/categories?post=192376"},{"taxonomy":"post_tag","embeddable":true,"href":"https:\/\/ffcv.es\/wp\/wp-json\/wp\/v2\/tags?post=192376"}],"curies":[{"name":"wp","href":"https:\/\/api.w.org\/{rel}","templated":true}]}}