{"id":191587,"date":"2026-01-30T14:50:58","date_gmt":"2026-01-30T12:50:58","guid":{"rendered":"https:\/\/ffcv.es\/wp\/?p=191587"},"modified":"2026-02-02T13:09:41","modified_gmt":"2026-02-02T11:09:41","slug":"convocatoria-la-seleccio-valenciana-masculina-sub12-de-futbol-entrena-el-miercoles-4-de-febrero-en-picassent","status":"publish","type":"post","link":"https:\/\/ffcv.es\/wp\/blog\/2026\/01\/convocatoria-la-seleccio-valenciana-masculina-sub12-de-futbol-entrena-el-miercoles-4-de-febrero-en-picassent\/","title":{"rendered":"CONVOCATORIA: La Selecci\u00f3 Valenciana masculina sub12 de f\u00fatbol entrena el mi\u00e9rcoles 4 de febrero en Picassent"},"content":{"rendered":"\n<p>La <strong>Federaci\u00f3 de Futbol de la Comunitat Valenciana<\/strong> ha hecho p\u00fablica la lista de jugadores convocados por la <strong><a href=\"https:\/\/ffcv.es\/wp\/seleccio-valenciana-masculina-futbol-sub12\/\" target=\"_blank\" rel=\"noopener\" title=\"\">Selecci\u00f3 Valenciana masculina sub12 <\/a><\/strong>de f\u00fatbol para el segundo entrenamiento de la temporada con jugadores de toda la <strong>Comunitat<\/strong> que se celebrar\u00e1 en <strong>Picassent<\/strong>.<\/p>\n\n\n\n<p>El seleccionador <strong>Jos\u00e9 Antonio Camacho<\/strong> ha citado a estos 18 jugadores para el entrenamiento del mi\u00e9rcoles 4 de febrero en el Camp Federatiu &#8216;Miguel Monle\u00f3n&#8217; de <strong>Picassent<\/strong>.<\/p>\n\n\n\n<div data-wp-interactive=\"core\/file\" class=\"wp-block-file\"><object data-wp-bind--hidden=\"!state.hasPdfPreview\"  class=\"wp-block-file__embed\" data=\"https:\/\/ffcv.es\/wp\/wp-content\/uploads\/2026\/01\/CONV.-SUB-12-MASC.-PICASSENT-4.pdf\" type=\"application\/pdf\" style=\"width:100%;height:600px\" aria-label=\"Incrustado de CONV. SUB-12 MASC. PICASSENT.\"><\/object><a id=\"wp-block-file--media-9225e2ce-2099-43dc-9e67-d26dd67ec311\" href=\"https:\/\/ffcv.es\/wp\/wp-content\/uploads\/2026\/01\/CONV.-SUB-12-MASC.-PICASSENT-4.pdf\">CONV. SUB-12 MASC. PICASSENT<\/a><a href=\"https:\/\/ffcv.es\/wp\/wp-content\/uploads\/2026\/01\/CONV.-SUB-12-MASC.-PICASSENT-4.pdf\" class=\"wp-block-file__button wp-element-button\" download aria-describedby=\"wp-block-file--media-9225e2ce-2099-43dc-9e67-d26dd67ec311\">Descarga<\/a><\/div>\n\n\n\n<h2 class=\"wp-block-heading\">Quinta citaci\u00f3n<\/h2>\n\n\n\n<p>Se trata de la quinta convocatoria que la <strong>Selecci\u00f3<\/strong> realiza esta temporada tras las tres convocatorias provinciales previas, celebradas en <strong>El Verger<\/strong> (<strong>Alicante<\/strong>), en <strong>Vila-real<\/strong> (<strong>Castell\u00f3n<\/strong>) y en <strong>B\u00e9tera<\/strong> (<strong>Valencia<\/strong>), y el triangular provincial del pasado d\u00eda 20 de enero en <strong>Picassent<\/strong>.<\/p>\n\n\n\n<p>El seleccionador comienza a perfilar la lista definitiva con jugadores de toda la <strong>Comunitat<\/strong> que competir\u00e1 en el <strong>Campeonato de Espa\u00f1a<\/strong> del pr\u00f3ximo mes de mayo.<\/p>\n\n\n\n<figure class=\"wp-block-gallery has-nested-images columns-default is-cropped wp-block-gallery-1 is-layout-flex wp-block-gallery-is-layout-flex\">\n<figure class=\"wp-block-image size-large\"><img loading=\"lazy\" decoding=\"async\" width=\"1024\" height=\"683\" data-id=\"191590\" data-src=\"https:\/\/ffcv.es\/wp\/wp-content\/uploads\/2026\/01\/IMG_7325-1024x683.jpg\" alt=\"\" class=\"wp-image-191590 lazyload\" data-srcset=\"https:\/\/ffcv.es\/wp\/wp-content\/uploads\/2026\/01\/IMG_7325-1024x683.jpg 1024w, https:\/\/ffcv.es\/wp\/wp-content\/uploads\/2026\/01\/IMG_7325-300x200.jpg 300w, https:\/\/ffcv.es\/wp\/wp-content\/uploads\/2026\/01\/IMG_7325-768x512.jpg 768w, https:\/\/ffcv.es\/wp\/wp-content\/uploads\/2026\/01\/IMG_7325-1536x1024.jpg 1536w, https:\/\/ffcv.es\/wp\/wp-content\/uploads\/2026\/01\/IMG_7325-2048x1365.jpg 2048w, https:\/\/ffcv.es\/wp\/wp-content\/uploads\/2026\/01\/IMG_7325-280x187.jpg 280w, https:\/\/ffcv.es\/wp\/wp-content\/uploads\/2026\/01\/IMG_7325-1170x780.jpg 1170w, https:\/\/ffcv.es\/wp\/wp-content\/uploads\/2026\/01\/IMG_7325-scaled.jpg 1920w\" data-sizes=\"(max-width: 1024px) 100vw, 1024px\" src=\"data:image\/gif;base64,R0lGODlhAQABAAAAACH5BAEKAAEALAAAAAABAAEAAAICTAEAOw==\" style=\"--smush-placeholder-width: 1024px; --smush-placeholder-aspect-ratio: 1024\/683;\" \/><noscript><img loading=\"lazy\" decoding=\"async\" width=\"1024\" height=\"683\" data-id=\"191590\" src=\"https:\/\/ffcv.es\/wp\/wp-content\/uploads\/2026\/01\/IMG_7325-1024x683.jpg\" alt=\"\" class=\"wp-image-191590\" srcset=\"https:\/\/ffcv.es\/wp\/wp-content\/uploads\/2026\/01\/IMG_7325-1024x683.jpg 1024w, https:\/\/ffcv.es\/wp\/wp-content\/uploads\/2026\/01\/IMG_7325-300x200.jpg 300w, https:\/\/ffcv.es\/wp\/wp-content\/uploads\/2026\/01\/IMG_7325-768x512.jpg 768w, https:\/\/ffcv.es\/wp\/wp-content\/uploads\/2026\/01\/IMG_7325-1536x1024.jpg 1536w, https:\/\/ffcv.es\/wp\/wp-content\/uploads\/2026\/01\/IMG_7325-2048x1365.jpg 2048w, https:\/\/ffcv.es\/wp\/wp-content\/uploads\/2026\/01\/IMG_7325-280x187.jpg 280w, https:\/\/ffcv.es\/wp\/wp-content\/uploads\/2026\/01\/IMG_7325-1170x780.jpg 1170w, https:\/\/ffcv.es\/wp\/wp-content\/uploads\/2026\/01\/IMG_7325-scaled.jpg 1920w\" sizes=\"(max-width: 1024px) 100vw, 1024px\" \/><\/noscript><figcaption class=\"wp-element-caption\">Camacho, en el Triangular provincial del pasado 20 de enero en Picassent.<\/figcaption><\/figure>\n<\/figure>\n","protected":false},"excerpt":{"rendered":"<p>La Federaci\u00f3 de Futbol de la Comunitat Valenciana ha hecho p\u00fablica la lista de jugadores convocados por la Selecci\u00f3 Valenciana masculina sub12 de f\u00fatbol para el segundo entrenamiento de la temporada con jugadores de toda la Comunitat que se celebrar\u00e1 en Picassent. El seleccionador Jos\u00e9 Antonio Camacho ha citado a estos 18 jugadores para el<\/p>\n","protected":false},"author":16,"featured_media":191589,"comment_status":"closed","ping_status":"closed","sticky":false,"template":"","format":"standard","meta":{"om_disable_all_campaigns":false,"footnotes":""},"categories":[3452,72,1282],"tags":[7876,192,1205,6541],"class_list":["post-191587","post","type-post","status-publish","format-standard","has-post-thumbnail","hentry","category-seleccio-valenciana-sub12","category-noticias-selecciones","category-portada","tag-jose-antonio-camacho","tag-picassent","tag-seleccio-valenciana","tag-seleccio-valenciana-masculina-sub12"],"aioseo_notices":[],"_links":{"self":[{"href":"https:\/\/ffcv.es\/wp\/wp-json\/wp\/v2\/posts\/191587"}],"collection":[{"href":"https:\/\/ffcv.es\/wp\/wp-json\/wp\/v2\/posts"}],"about":[{"href":"https:\/\/ffcv.es\/wp\/wp-json\/wp\/v2\/types\/post"}],"author":[{"embeddable":true,"href":"https:\/\/ffcv.es\/wp\/wp-json\/wp\/v2\/users\/16"}],"replies":[{"embeddable":true,"href":"https:\/\/ffcv.es\/wp\/wp-json\/wp\/v2\/comments?post=191587"}],"version-history":[{"count":2,"href":"https:\/\/ffcv.es\/wp\/wp-json\/wp\/v2\/posts\/191587\/revisions"}],"predecessor-version":[{"id":191650,"href":"https:\/\/ffcv.es\/wp\/wp-json\/wp\/v2\/posts\/191587\/revisions\/191650"}],"wp:featuredmedia":[{"embeddable":true,"href":"https:\/\/ffcv.es\/wp\/wp-json\/wp\/v2\/media\/191589"}],"wp:attachment":[{"href":"https:\/\/ffcv.es\/wp\/wp-json\/wp\/v2\/media?parent=191587"}],"wp:term":[{"taxonomy":"category","embeddable":true,"href":"https:\/\/ffcv.es\/wp\/wp-json\/wp\/v2\/categories?post=191587"},{"taxonomy":"post_tag","embeddable":true,"href":"https:\/\/ffcv.es\/wp\/wp-json\/wp\/v2\/tags?post=191587"}],"curies":[{"name":"wp","href":"https:\/\/api.w.org\/{rel}","templated":true}]}}