{"id":190768,"date":"2026-01-16T13:22:36","date_gmt":"2026-01-16T11:22:36","guid":{"rendered":"https:\/\/ffcv.es\/wp\/?p=190768"},"modified":"2026-01-16T13:22:40","modified_gmt":"2026-01-16T11:22:40","slug":"el-debut-sonado-en-archidona-seleccio-valenciana-sub14-%f0%9f%86%9a-ceuta-7-1","status":"publish","type":"post","link":"https:\/\/ffcv.es\/wp\/blog\/2026\/01\/el-debut-sonado-en-archidona-seleccio-valenciana-sub14-%f0%9f%86%9a-ceuta-7-1\/","title":{"rendered":"El debut so\u00f1ado en Archidona \u2013 Selecci\u00f3 Valenciana sub14 \ud83c\udd9a Ceuta (7-1)"},"content":{"rendered":"\n<p>La\u00a0<strong><a href=\"https:\/\/ffcv.es\/wp\/seleccio-valenciana-masculina-futsal-sub14\/\" target=\"_blank\" rel=\"noreferrer noopener\">Selecci\u00f3 Valenciana masculina sub14 de f\u00fatbol sala<\/a><\/strong>\u00a0comenz\u00f3 con victoria ante\u00a0<strong>Ceuta<\/strong>\u00a0(7-1) la fase previa del\u00a0<strong>Campeonato Nacional de Selecciones Auton\u00f3micas<\/strong>\u00a0que se celebra en\u00a0<strong>Archidona<\/strong>\u00a0(<strong>M\u00e1laga<\/strong>).<\/p>\n\n\n\n<p>El combinado de\u00a0<strong>Jos\u00e9 Luis Mengual<\/strong>\u00a0apenas dio opci\u00f3n al rival y sum\u00f3 los primeros tres puntos de la fase de grupos. El debut so\u00f1ado en <strong>Archidona<\/strong>. <\/p>\n\n\n\n<p>Ma\u00f1ana, ante <strong>Navarra<\/strong>, que cay\u00f3 con estr\u00e9pito ante <strong>Andaluc\u00eda<\/strong> (10-0), el segundo partido de esta fase previa. <\/p>\n\n\n\n<figure class=\"wp-block-image size-large\"><img loading=\"lazy\" decoding=\"async\" width=\"768\" height=\"1024\" data-src=\"https:\/\/ffcv.es\/wp\/wp-content\/uploads\/2026\/01\/resultado-sub14-vs-Ceuta-768x1024.jpeg\" alt=\"\" class=\"wp-image-190804 lazyload\" data-srcset=\"https:\/\/ffcv.es\/wp\/wp-content\/uploads\/2026\/01\/resultado-sub14-vs-Ceuta-768x1024.jpeg 768w, https:\/\/ffcv.es\/wp\/wp-content\/uploads\/2026\/01\/resultado-sub14-vs-Ceuta-225x300.jpeg 225w, https:\/\/ffcv.es\/wp\/wp-content\/uploads\/2026\/01\/resultado-sub14-vs-Ceuta-1152x1536.jpeg 1152w, https:\/\/ffcv.es\/wp\/wp-content\/uploads\/2026\/01\/resultado-sub14-vs-Ceuta-140x187.jpeg 140w, https:\/\/ffcv.es\/wp\/wp-content\/uploads\/2026\/01\/resultado-sub14-vs-Ceuta-1170x1560.jpeg 1170w, https:\/\/ffcv.es\/wp\/wp-content\/uploads\/2026\/01\/resultado-sub14-vs-Ceuta.jpeg 810w\" data-sizes=\"(max-width: 768px) 100vw, 768px\" src=\"data:image\/gif;base64,R0lGODlhAQABAAAAACH5BAEKAAEALAAAAAABAAEAAAICTAEAOw==\" style=\"--smush-placeholder-width: 768px; --smush-placeholder-aspect-ratio: 768\/1024;\" \/><noscript><img loading=\"lazy\" decoding=\"async\" width=\"768\" height=\"1024\" src=\"https:\/\/ffcv.es\/wp\/wp-content\/uploads\/2026\/01\/resultado-sub14-vs-Ceuta-768x1024.jpeg\" alt=\"\" class=\"wp-image-190804\" srcset=\"https:\/\/ffcv.es\/wp\/wp-content\/uploads\/2026\/01\/resultado-sub14-vs-Ceuta-768x1024.jpeg 768w, https:\/\/ffcv.es\/wp\/wp-content\/uploads\/2026\/01\/resultado-sub14-vs-Ceuta-225x300.jpeg 225w, https:\/\/ffcv.es\/wp\/wp-content\/uploads\/2026\/01\/resultado-sub14-vs-Ceuta-1152x1536.jpeg 1152w, https:\/\/ffcv.es\/wp\/wp-content\/uploads\/2026\/01\/resultado-sub14-vs-Ceuta-140x187.jpeg 140w, https:\/\/ffcv.es\/wp\/wp-content\/uploads\/2026\/01\/resultado-sub14-vs-Ceuta-1170x1560.jpeg 1170w, https:\/\/ffcv.es\/wp\/wp-content\/uploads\/2026\/01\/resultado-sub14-vs-Ceuta.jpeg 810w\" sizes=\"(max-width: 768px) 100vw, 768px\" \/><\/noscript><\/figure>\n\n\n\n<p>El Pabell\u00f3n Municipal de Archidona &#8216;Fernando Rodr\u00edguez&#8217; fue el escenario del debut de la&nbsp;<strong>Selecci\u00f3<\/strong>&nbsp;en este&nbsp;<strong>Campeonato de Espa\u00f1a<\/strong>, con presencia de numeros aficionados desplazados desde la&nbsp;<strong>Comunitat<\/strong>&nbsp;en la grada que lucieron la camiseta &#8216;fan&#8217;.<\/p>\n\n\n\n<figure class=\"wp-block-image size-large\"><img loading=\"lazy\" decoding=\"async\" width=\"1024\" height=\"682\" data-src=\"https:\/\/ffcv.es\/wp\/wp-content\/uploads\/2026\/01\/aficion-1024x682.jpeg\" alt=\"\" class=\"wp-image-190789 lazyload\" data-srcset=\"https:\/\/ffcv.es\/wp\/wp-content\/uploads\/2026\/01\/aficion-1024x682.jpeg 1024w, https:\/\/ffcv.es\/wp\/wp-content\/uploads\/2026\/01\/aficion-300x200.jpeg 300w, https:\/\/ffcv.es\/wp\/wp-content\/uploads\/2026\/01\/aficion-768x512.jpeg 768w, https:\/\/ffcv.es\/wp\/wp-content\/uploads\/2026\/01\/aficion-1536x1023.jpeg 1536w, https:\/\/ffcv.es\/wp\/wp-content\/uploads\/2026\/01\/aficion-280x187.jpeg 280w, https:\/\/ffcv.es\/wp\/wp-content\/uploads\/2026\/01\/aficion-1170x780.jpeg 1170w, https:\/\/ffcv.es\/wp\/wp-content\/uploads\/2026\/01\/aficion.jpeg 1600w\" data-sizes=\"(max-width: 1024px) 100vw, 1024px\" src=\"data:image\/gif;base64,R0lGODlhAQABAAAAACH5BAEKAAEALAAAAAABAAEAAAICTAEAOw==\" style=\"--smush-placeholder-width: 1024px; --smush-placeholder-aspect-ratio: 1024\/682;\" \/><noscript><img loading=\"lazy\" decoding=\"async\" width=\"1024\" height=\"682\" src=\"https:\/\/ffcv.es\/wp\/wp-content\/uploads\/2026\/01\/aficion-1024x682.jpeg\" alt=\"\" class=\"wp-image-190789\" srcset=\"https:\/\/ffcv.es\/wp\/wp-content\/uploads\/2026\/01\/aficion-1024x682.jpeg 1024w, https:\/\/ffcv.es\/wp\/wp-content\/uploads\/2026\/01\/aficion-300x200.jpeg 300w, https:\/\/ffcv.es\/wp\/wp-content\/uploads\/2026\/01\/aficion-768x512.jpeg 768w, https:\/\/ffcv.es\/wp\/wp-content\/uploads\/2026\/01\/aficion-1536x1023.jpeg 1536w, https:\/\/ffcv.es\/wp\/wp-content\/uploads\/2026\/01\/aficion-280x187.jpeg 280w, https:\/\/ffcv.es\/wp\/wp-content\/uploads\/2026\/01\/aficion-1170x780.jpeg 1170w, https:\/\/ffcv.es\/wp\/wp-content\/uploads\/2026\/01\/aficion.jpeg 1600w\" sizes=\"(max-width: 1024px) 100vw, 1024px\" \/><\/noscript><\/figure>\n\n\n\n<h2 class=\"wp-block-heading\">Providencial Ayuso<\/h2>\n\n\n\n<p>Tras unos minutos iniciales con t\u00edmido dominio de <strong>Ceuta<\/strong>, la <strong>Selecci\u00f3<\/strong> de <strong>Mengual<\/strong> comenz\u00f3 a acercarse con peligro al \u00e1rea rival.<\/p>\n\n\n\n<p>Una parada providencial de <strong>\u00d3scar Ayuso <\/strong>en un mano a mano con un atacante fue el preludio del festival anotador de los naranjas.<\/p>\n\n\n\n<figure class=\"wp-block-gallery has-nested-images columns-default is-cropped wp-block-gallery-1 is-layout-flex wp-block-gallery-is-layout-flex\">\n<figure class=\"wp-block-image size-large\"><img loading=\"lazy\" decoding=\"async\" width=\"1024\" height=\"683\" data-id=\"190794\" data-src=\"https:\/\/ffcv.es\/wp\/wp-content\/uploads\/2026\/01\/IMG_4563-1024x683.jpg\" alt=\"\" class=\"wp-image-190794 lazyload\" data-srcset=\"https:\/\/ffcv.es\/wp\/wp-content\/uploads\/2026\/01\/IMG_4563-1024x683.jpg 1024w, https:\/\/ffcv.es\/wp\/wp-content\/uploads\/2026\/01\/IMG_4563-300x200.jpg 300w, https:\/\/ffcv.es\/wp\/wp-content\/uploads\/2026\/01\/IMG_4563-768x512.jpg 768w, https:\/\/ffcv.es\/wp\/wp-content\/uploads\/2026\/01\/IMG_4563-1536x1024.jpg 1536w, https:\/\/ffcv.es\/wp\/wp-content\/uploads\/2026\/01\/IMG_4563-2048x1366.jpg 2048w, https:\/\/ffcv.es\/wp\/wp-content\/uploads\/2026\/01\/IMG_4563-280x187.jpg 280w, https:\/\/ffcv.es\/wp\/wp-content\/uploads\/2026\/01\/IMG_4563-1170x780.jpg 1170w, https:\/\/ffcv.es\/wp\/wp-content\/uploads\/2026\/01\/IMG_4563-scaled.jpg 1620w\" data-sizes=\"(max-width: 1024px) 100vw, 1024px\" src=\"data:image\/gif;base64,R0lGODlhAQABAAAAACH5BAEKAAEALAAAAAABAAEAAAICTAEAOw==\" style=\"--smush-placeholder-width: 1024px; --smush-placeholder-aspect-ratio: 1024\/683;\" \/><noscript><img loading=\"lazy\" decoding=\"async\" width=\"1024\" height=\"683\" data-id=\"190794\" src=\"https:\/\/ffcv.es\/wp\/wp-content\/uploads\/2026\/01\/IMG_4563-1024x683.jpg\" alt=\"\" class=\"wp-image-190794\" srcset=\"https:\/\/ffcv.es\/wp\/wp-content\/uploads\/2026\/01\/IMG_4563-1024x683.jpg 1024w, https:\/\/ffcv.es\/wp\/wp-content\/uploads\/2026\/01\/IMG_4563-300x200.jpg 300w, https:\/\/ffcv.es\/wp\/wp-content\/uploads\/2026\/01\/IMG_4563-768x512.jpg 768w, https:\/\/ffcv.es\/wp\/wp-content\/uploads\/2026\/01\/IMG_4563-1536x1024.jpg 1536w, https:\/\/ffcv.es\/wp\/wp-content\/uploads\/2026\/01\/IMG_4563-2048x1366.jpg 2048w, https:\/\/ffcv.es\/wp\/wp-content\/uploads\/2026\/01\/IMG_4563-280x187.jpg 280w, https:\/\/ffcv.es\/wp\/wp-content\/uploads\/2026\/01\/IMG_4563-1170x780.jpg 1170w, https:\/\/ffcv.es\/wp\/wp-content\/uploads\/2026\/01\/IMG_4563-scaled.jpg 1620w\" sizes=\"(max-width: 1024px) 100vw, 1024px\" \/><\/noscript><figcaption class=\"wp-element-caption\">Plantilla y cuerpo t\u00e9cnico, en la previa del choque.<\/figcaption><\/figure>\n\n\n\n<figure class=\"wp-block-image size-large\"><img loading=\"lazy\" decoding=\"async\" width=\"1024\" height=\"683\" data-id=\"190793\" data-src=\"https:\/\/ffcv.es\/wp\/wp-content\/uploads\/2026\/01\/IMG_4748-1024x683.jpg\" alt=\"\" class=\"wp-image-190793 lazyload\" data-srcset=\"https:\/\/ffcv.es\/wp\/wp-content\/uploads\/2026\/01\/IMG_4748-1024x683.jpg 1024w, https:\/\/ffcv.es\/wp\/wp-content\/uploads\/2026\/01\/IMG_4748-300x200.jpg 300w, https:\/\/ffcv.es\/wp\/wp-content\/uploads\/2026\/01\/IMG_4748-768x512.jpg 768w, https:\/\/ffcv.es\/wp\/wp-content\/uploads\/2026\/01\/IMG_4748-1536x1024.jpg 1536w, https:\/\/ffcv.es\/wp\/wp-content\/uploads\/2026\/01\/IMG_4748-2048x1365.jpg 2048w, https:\/\/ffcv.es\/wp\/wp-content\/uploads\/2026\/01\/IMG_4748-280x187.jpg 280w, https:\/\/ffcv.es\/wp\/wp-content\/uploads\/2026\/01\/IMG_4748-1170x780.jpg 1170w, https:\/\/ffcv.es\/wp\/wp-content\/uploads\/2026\/01\/IMG_4748-scaled.jpg 1620w\" data-sizes=\"(max-width: 1024px) 100vw, 1024px\" src=\"data:image\/gif;base64,R0lGODlhAQABAAAAACH5BAEKAAEALAAAAAABAAEAAAICTAEAOw==\" style=\"--smush-placeholder-width: 1024px; --smush-placeholder-aspect-ratio: 1024\/683;\" \/><noscript><img loading=\"lazy\" decoding=\"async\" width=\"1024\" height=\"683\" data-id=\"190793\" src=\"https:\/\/ffcv.es\/wp\/wp-content\/uploads\/2026\/01\/IMG_4748-1024x683.jpg\" alt=\"\" class=\"wp-image-190793\" srcset=\"https:\/\/ffcv.es\/wp\/wp-content\/uploads\/2026\/01\/IMG_4748-1024x683.jpg 1024w, https:\/\/ffcv.es\/wp\/wp-content\/uploads\/2026\/01\/IMG_4748-300x200.jpg 300w, https:\/\/ffcv.es\/wp\/wp-content\/uploads\/2026\/01\/IMG_4748-768x512.jpg 768w, https:\/\/ffcv.es\/wp\/wp-content\/uploads\/2026\/01\/IMG_4748-1536x1024.jpg 1536w, https:\/\/ffcv.es\/wp\/wp-content\/uploads\/2026\/01\/IMG_4748-2048x1365.jpg 2048w, https:\/\/ffcv.es\/wp\/wp-content\/uploads\/2026\/01\/IMG_4748-280x187.jpg 280w, https:\/\/ffcv.es\/wp\/wp-content\/uploads\/2026\/01\/IMG_4748-1170x780.jpg 1170w, https:\/\/ffcv.es\/wp\/wp-content\/uploads\/2026\/01\/IMG_4748-scaled.jpg 1620w\" sizes=\"(max-width: 1024px) 100vw, 1024px\" \/><\/noscript><figcaption class=\"wp-element-caption\">\u00d3scar Ayuso, clave para mantener el 0-0.<\/figcaption><\/figure>\n<\/figure>\n\n\n\n<p>Tras la primera rotaci\u00f3n, <strong>Castellanos<\/strong> super\u00f3 con una vaselina al portero ceut\u00ed y <strong>Gonzalo Padilla<\/strong> anot\u00f3 el primero para la <strong>Valenciana<\/strong> en el segundo palo. <\/p>\n\n\n\n<figure class=\"wp-block-gallery has-nested-images columns-default is-cropped wp-block-gallery-2 is-layout-flex wp-block-gallery-is-layout-flex\">\n<figure class=\"wp-block-image size-large\"><img loading=\"lazy\" decoding=\"async\" width=\"1024\" height=\"682\" data-id=\"190784\" data-src=\"https:\/\/ffcv.es\/wp\/wp-content\/uploads\/2026\/01\/Gol-1-0-Gonzalo-Padilla-vs-Ceuta-2-1024x682.jpeg\" alt=\"\" class=\"wp-image-190784 lazyload\" data-srcset=\"https:\/\/ffcv.es\/wp\/wp-content\/uploads\/2026\/01\/Gol-1-0-Gonzalo-Padilla-vs-Ceuta-2-1024x682.jpeg 1024w, https:\/\/ffcv.es\/wp\/wp-content\/uploads\/2026\/01\/Gol-1-0-Gonzalo-Padilla-vs-Ceuta-2-300x200.jpeg 300w, https:\/\/ffcv.es\/wp\/wp-content\/uploads\/2026\/01\/Gol-1-0-Gonzalo-Padilla-vs-Ceuta-2-768x512.jpeg 768w, https:\/\/ffcv.es\/wp\/wp-content\/uploads\/2026\/01\/Gol-1-0-Gonzalo-Padilla-vs-Ceuta-2-1536x1023.jpeg 1536w, https:\/\/ffcv.es\/wp\/wp-content\/uploads\/2026\/01\/Gol-1-0-Gonzalo-Padilla-vs-Ceuta-2-280x187.jpeg 280w, https:\/\/ffcv.es\/wp\/wp-content\/uploads\/2026\/01\/Gol-1-0-Gonzalo-Padilla-vs-Ceuta-2-1170x780.jpeg 1170w, https:\/\/ffcv.es\/wp\/wp-content\/uploads\/2026\/01\/Gol-1-0-Gonzalo-Padilla-vs-Ceuta-2.jpeg 1600w\" data-sizes=\"(max-width: 1024px) 100vw, 1024px\" src=\"data:image\/gif;base64,R0lGODlhAQABAAAAACH5BAEKAAEALAAAAAABAAEAAAICTAEAOw==\" style=\"--smush-placeholder-width: 1024px; --smush-placeholder-aspect-ratio: 1024\/682;\" \/><noscript><img loading=\"lazy\" decoding=\"async\" width=\"1024\" height=\"682\" data-id=\"190784\" src=\"https:\/\/ffcv.es\/wp\/wp-content\/uploads\/2026\/01\/Gol-1-0-Gonzalo-Padilla-vs-Ceuta-2-1024x682.jpeg\" alt=\"\" class=\"wp-image-190784\" srcset=\"https:\/\/ffcv.es\/wp\/wp-content\/uploads\/2026\/01\/Gol-1-0-Gonzalo-Padilla-vs-Ceuta-2-1024x682.jpeg 1024w, https:\/\/ffcv.es\/wp\/wp-content\/uploads\/2026\/01\/Gol-1-0-Gonzalo-Padilla-vs-Ceuta-2-300x200.jpeg 300w, https:\/\/ffcv.es\/wp\/wp-content\/uploads\/2026\/01\/Gol-1-0-Gonzalo-Padilla-vs-Ceuta-2-768x512.jpeg 768w, https:\/\/ffcv.es\/wp\/wp-content\/uploads\/2026\/01\/Gol-1-0-Gonzalo-Padilla-vs-Ceuta-2-1536x1023.jpeg 1536w, https:\/\/ffcv.es\/wp\/wp-content\/uploads\/2026\/01\/Gol-1-0-Gonzalo-Padilla-vs-Ceuta-2-280x187.jpeg 280w, https:\/\/ffcv.es\/wp\/wp-content\/uploads\/2026\/01\/Gol-1-0-Gonzalo-Padilla-vs-Ceuta-2-1170x780.jpeg 1170w, https:\/\/ffcv.es\/wp\/wp-content\/uploads\/2026\/01\/Gol-1-0-Gonzalo-Padilla-vs-Ceuta-2.jpeg 1600w\" sizes=\"(max-width: 1024px) 100vw, 1024px\" \/><\/noscript><figcaption class=\"wp-element-caption\">Gonzalo Padilla (CFS L&#8217;Alf\u00e0s del Pi) marc\u00f3 el primer gol del Campeonato. <\/figcaption><\/figure>\n<\/figure>\n\n\n\n<h2 class=\"wp-block-heading\">Ambici\u00f3n<\/h2>\n\n\n\n<p>Se hab\u00eda conseguido romper la lata tras la indefinici\u00f3n y las dudas de los compases iniciales. Y el equipo quiso m\u00e1s. <\/p>\n\n\n\n<p>No se conform\u00f3 con la ventaja la <strong>Selecci\u00f3<\/strong> y tres minutos despu\u00e9s encarril\u00f3 el partido con dos goles m\u00e1s, de <strong>Hugo Villar<\/strong> -magistral el movimiento en la posici\u00f3n de pivot- y de <strong>Castellanos<\/strong>.<\/p>\n\n\n\n<p>La entrada a pista del jugador del <strong>FS Picassent<\/strong> fue decisiva para romper la igualada y abrir brecha en el electr\u00f3nico de <strong>Archidona<\/strong>. <\/p>\n\n\n\n<figure class=\"wp-block-gallery has-nested-images columns-default is-cropped wp-block-gallery-3 is-layout-flex wp-block-gallery-is-layout-flex\">\n<figure class=\"wp-block-image size-large\"><img loading=\"lazy\" decoding=\"async\" width=\"1024\" height=\"671\" data-id=\"190785\" data-src=\"https:\/\/ffcv.es\/wp\/wp-content\/uploads\/2026\/01\/2-0-1024x671.jpeg\" alt=\"\" class=\"wp-image-190785 lazyload\" data-srcset=\"https:\/\/ffcv.es\/wp\/wp-content\/uploads\/2026\/01\/2-0-1024x671.jpeg 1024w, https:\/\/ffcv.es\/wp\/wp-content\/uploads\/2026\/01\/2-0-300x197.jpeg 300w, https:\/\/ffcv.es\/wp\/wp-content\/uploads\/2026\/01\/2-0-768x504.jpeg 768w, https:\/\/ffcv.es\/wp\/wp-content\/uploads\/2026\/01\/2-0-1536x1007.jpeg 1536w, https:\/\/ffcv.es\/wp\/wp-content\/uploads\/2026\/01\/2-0-280x184.jpeg 280w, https:\/\/ffcv.es\/wp\/wp-content\/uploads\/2026\/01\/2-0-1170x767.jpeg 1170w, https:\/\/ffcv.es\/wp\/wp-content\/uploads\/2026\/01\/2-0.jpeg 1600w\" data-sizes=\"(max-width: 1024px) 100vw, 1024px\" src=\"data:image\/gif;base64,R0lGODlhAQABAAAAACH5BAEKAAEALAAAAAABAAEAAAICTAEAOw==\" style=\"--smush-placeholder-width: 1024px; --smush-placeholder-aspect-ratio: 1024\/671;\" \/><noscript><img loading=\"lazy\" decoding=\"async\" width=\"1024\" height=\"671\" data-id=\"190785\" src=\"https:\/\/ffcv.es\/wp\/wp-content\/uploads\/2026\/01\/2-0-1024x671.jpeg\" alt=\"\" class=\"wp-image-190785\" srcset=\"https:\/\/ffcv.es\/wp\/wp-content\/uploads\/2026\/01\/2-0-1024x671.jpeg 1024w, https:\/\/ffcv.es\/wp\/wp-content\/uploads\/2026\/01\/2-0-300x197.jpeg 300w, https:\/\/ffcv.es\/wp\/wp-content\/uploads\/2026\/01\/2-0-768x504.jpeg 768w, https:\/\/ffcv.es\/wp\/wp-content\/uploads\/2026\/01\/2-0-1536x1007.jpeg 1536w, https:\/\/ffcv.es\/wp\/wp-content\/uploads\/2026\/01\/2-0-280x184.jpeg 280w, https:\/\/ffcv.es\/wp\/wp-content\/uploads\/2026\/01\/2-0-1170x767.jpeg 1170w, https:\/\/ffcv.es\/wp\/wp-content\/uploads\/2026\/01\/2-0.jpeg 1600w\" sizes=\"(max-width: 1024px) 100vw, 1024px\" \/><\/noscript><figcaption class=\"wp-element-caption\">Castellanos celebra su primer gol en Archidona.<\/figcaption><\/figure>\n<\/figure>\n\n\n\n<h2 class=\"wp-block-heading\">La sentencia<\/h2>\n\n\n\n<p>Tras otro movimiento espectacular de<strong> Izan Ja\u00e9n<\/strong>, el bal\u00f3n qued\u00f3 suelto en tres cuartos de cancha y <strong>Sergio Ferrer<\/strong> firm\u00f3 el cuarto. Un tanto de bella factura, ajustado al palo tras recortar a un rival. <\/p>\n\n\n\n<figure class=\"wp-block-gallery has-nested-images columns-default is-cropped wp-block-gallery-4 is-layout-flex wp-block-gallery-is-layout-flex\">\n<figure class=\"wp-block-image size-large\"><img loading=\"lazy\" decoding=\"async\" width=\"1024\" height=\"682\" data-id=\"190786\" data-src=\"https:\/\/ffcv.es\/wp\/wp-content\/uploads\/2026\/01\/4-0-2-1024x682.jpeg\" alt=\"\" class=\"wp-image-190786 lazyload\" data-srcset=\"https:\/\/ffcv.es\/wp\/wp-content\/uploads\/2026\/01\/4-0-2-1024x682.jpeg 1024w, https:\/\/ffcv.es\/wp\/wp-content\/uploads\/2026\/01\/4-0-2-300x200.jpeg 300w, https:\/\/ffcv.es\/wp\/wp-content\/uploads\/2026\/01\/4-0-2-768x512.jpeg 768w, https:\/\/ffcv.es\/wp\/wp-content\/uploads\/2026\/01\/4-0-2-1536x1023.jpeg 1536w, https:\/\/ffcv.es\/wp\/wp-content\/uploads\/2026\/01\/4-0-2-280x187.jpeg 280w, https:\/\/ffcv.es\/wp\/wp-content\/uploads\/2026\/01\/4-0-2-1170x780.jpeg 1170w, https:\/\/ffcv.es\/wp\/wp-content\/uploads\/2026\/01\/4-0-2.jpeg 1600w\" data-sizes=\"(max-width: 1024px) 100vw, 1024px\" src=\"data:image\/gif;base64,R0lGODlhAQABAAAAACH5BAEKAAEALAAAAAABAAEAAAICTAEAOw==\" style=\"--smush-placeholder-width: 1024px; --smush-placeholder-aspect-ratio: 1024\/682;\" \/><noscript><img loading=\"lazy\" decoding=\"async\" width=\"1024\" height=\"682\" data-id=\"190786\" src=\"https:\/\/ffcv.es\/wp\/wp-content\/uploads\/2026\/01\/4-0-2-1024x682.jpeg\" alt=\"\" class=\"wp-image-190786\" srcset=\"https:\/\/ffcv.es\/wp\/wp-content\/uploads\/2026\/01\/4-0-2-1024x682.jpeg 1024w, https:\/\/ffcv.es\/wp\/wp-content\/uploads\/2026\/01\/4-0-2-300x200.jpeg 300w, https:\/\/ffcv.es\/wp\/wp-content\/uploads\/2026\/01\/4-0-2-768x512.jpeg 768w, https:\/\/ffcv.es\/wp\/wp-content\/uploads\/2026\/01\/4-0-2-1536x1023.jpeg 1536w, https:\/\/ffcv.es\/wp\/wp-content\/uploads\/2026\/01\/4-0-2-280x187.jpeg 280w, https:\/\/ffcv.es\/wp\/wp-content\/uploads\/2026\/01\/4-0-2-1170x780.jpeg 1170w, https:\/\/ffcv.es\/wp\/wp-content\/uploads\/2026\/01\/4-0-2.jpeg 1600w\" sizes=\"(max-width: 1024px) 100vw, 1024px\" \/><\/noscript><figcaption class=\"wp-element-caption\">El capit\u00e1n, Sergio Ferrer, tras anotar el 4-0. <\/figcaption><\/figure>\n<\/figure>\n\n\n\n<p>A cinco para el descanso, <strong>Marc P\u00e9rez<\/strong>, con fortuna, super\u00f3 por debajo de las piernas al guardameta <strong>Pareja<\/strong> para anotar el 5-0.<\/p>\n\n\n\n<p>Restaban cinco minutos para el descanso y la <strong>Selecci\u00f3<\/strong> ya hab\u00eda firmado una primera parte prodigiosa. <\/p>\n\n\n\n<figure class=\"wp-block-gallery has-nested-images columns-default is-cropped wp-block-gallery-5 is-layout-flex wp-block-gallery-is-layout-flex\">\n<figure class=\"wp-block-image size-large\"><img loading=\"lazy\" decoding=\"async\" width=\"1024\" height=\"648\" data-id=\"190788\" data-src=\"https:\/\/ffcv.es\/wp\/wp-content\/uploads\/2026\/01\/5-0-1024x648.jpeg\" alt=\"\" class=\"wp-image-190788 lazyload\" data-srcset=\"https:\/\/ffcv.es\/wp\/wp-content\/uploads\/2026\/01\/5-0-1024x648.jpeg 1024w, https:\/\/ffcv.es\/wp\/wp-content\/uploads\/2026\/01\/5-0-300x190.jpeg 300w, https:\/\/ffcv.es\/wp\/wp-content\/uploads\/2026\/01\/5-0-768x486.jpeg 768w, https:\/\/ffcv.es\/wp\/wp-content\/uploads\/2026\/01\/5-0-1536x972.jpeg 1536w, https:\/\/ffcv.es\/wp\/wp-content\/uploads\/2026\/01\/5-0-280x177.jpeg 280w, https:\/\/ffcv.es\/wp\/wp-content\/uploads\/2026\/01\/5-0-1170x741.jpeg 1170w, https:\/\/ffcv.es\/wp\/wp-content\/uploads\/2026\/01\/5-0.jpeg 1600w\" data-sizes=\"(max-width: 1024px) 100vw, 1024px\" src=\"data:image\/gif;base64,R0lGODlhAQABAAAAACH5BAEKAAEALAAAAAABAAEAAAICTAEAOw==\" style=\"--smush-placeholder-width: 1024px; --smush-placeholder-aspect-ratio: 1024\/648;\" \/><noscript><img loading=\"lazy\" decoding=\"async\" width=\"1024\" height=\"648\" data-id=\"190788\" src=\"https:\/\/ffcv.es\/wp\/wp-content\/uploads\/2026\/01\/5-0-1024x648.jpeg\" alt=\"\" class=\"wp-image-190788\" srcset=\"https:\/\/ffcv.es\/wp\/wp-content\/uploads\/2026\/01\/5-0-1024x648.jpeg 1024w, https:\/\/ffcv.es\/wp\/wp-content\/uploads\/2026\/01\/5-0-300x190.jpeg 300w, https:\/\/ffcv.es\/wp\/wp-content\/uploads\/2026\/01\/5-0-768x486.jpeg 768w, https:\/\/ffcv.es\/wp\/wp-content\/uploads\/2026\/01\/5-0-1536x972.jpeg 1536w, https:\/\/ffcv.es\/wp\/wp-content\/uploads\/2026\/01\/5-0-280x177.jpeg 280w, https:\/\/ffcv.es\/wp\/wp-content\/uploads\/2026\/01\/5-0-1170x741.jpeg 1170w, https:\/\/ffcv.es\/wp\/wp-content\/uploads\/2026\/01\/5-0.jpeg 1600w\" sizes=\"(max-width: 1024px) 100vw, 1024px\" \/><\/noscript><figcaption class=\"wp-element-caption\">Marc P\u00e9rez (CD Exposici\u00f3n) celebra el 5-0.<\/figcaption><\/figure>\n\n\n\n<figure class=\"wp-block-image size-large\"><img loading=\"lazy\" decoding=\"async\" width=\"1024\" height=\"707\" data-id=\"190790\" data-src=\"https:\/\/ffcv.es\/wp\/wp-content\/uploads\/2026\/01\/alegria-1024x707.jpeg\" alt=\"\" class=\"wp-image-190790 lazyload\" data-srcset=\"https:\/\/ffcv.es\/wp\/wp-content\/uploads\/2026\/01\/alegria-1024x707.jpeg 1024w, https:\/\/ffcv.es\/wp\/wp-content\/uploads\/2026\/01\/alegria-300x207.jpeg 300w, https:\/\/ffcv.es\/wp\/wp-content\/uploads\/2026\/01\/alegria-768x530.jpeg 768w, https:\/\/ffcv.es\/wp\/wp-content\/uploads\/2026\/01\/alegria-1536x1060.jpeg 1536w, https:\/\/ffcv.es\/wp\/wp-content\/uploads\/2026\/01\/alegria-271x187.jpeg 271w, https:\/\/ffcv.es\/wp\/wp-content\/uploads\/2026\/01\/alegria-1170x807.jpeg 1170w, https:\/\/ffcv.es\/wp\/wp-content\/uploads\/2026\/01\/alegria.jpeg 1565w\" data-sizes=\"(max-width: 1024px) 100vw, 1024px\" src=\"data:image\/gif;base64,R0lGODlhAQABAAAAACH5BAEKAAEALAAAAAABAAEAAAICTAEAOw==\" style=\"--smush-placeholder-width: 1024px; --smush-placeholder-aspect-ratio: 1024\/707;\" \/><noscript><img loading=\"lazy\" decoding=\"async\" width=\"1024\" height=\"707\" data-id=\"190790\" src=\"https:\/\/ffcv.es\/wp\/wp-content\/uploads\/2026\/01\/alegria-1024x707.jpeg\" alt=\"\" class=\"wp-image-190790\" srcset=\"https:\/\/ffcv.es\/wp\/wp-content\/uploads\/2026\/01\/alegria-1024x707.jpeg 1024w, https:\/\/ffcv.es\/wp\/wp-content\/uploads\/2026\/01\/alegria-300x207.jpeg 300w, https:\/\/ffcv.es\/wp\/wp-content\/uploads\/2026\/01\/alegria-768x530.jpeg 768w, https:\/\/ffcv.es\/wp\/wp-content\/uploads\/2026\/01\/alegria-1536x1060.jpeg 1536w, https:\/\/ffcv.es\/wp\/wp-content\/uploads\/2026\/01\/alegria-271x187.jpeg 271w, https:\/\/ffcv.es\/wp\/wp-content\/uploads\/2026\/01\/alegria-1170x807.jpeg 1170w, https:\/\/ffcv.es\/wp\/wp-content\/uploads\/2026\/01\/alegria.jpeg 1565w\" sizes=\"(max-width: 1024px) 100vw, 1024px\" \/><\/noscript><figcaption class=\"wp-element-caption\">Marc celebra con Pau Jim\u00e9nez su gol.<\/figcaption><\/figure>\n<\/figure>\n\n\n\n<h2 class=\"wp-block-heading\">Sin fisuras<\/h2>\n\n\n\n<p>Comenzar una segunda parte con una renta tan favorable pod\u00eda invitar a la relajaci\u00f3n. Pero nada m\u00e1s lejos de la realidad.<\/p>\n\n\n\n<p>La <strong>Selecci\u00f3<\/strong> salt\u00f3 a la cancha muy concentrada, ejerciendo una presi\u00f3n alta y ordenada sobre el juego rival.<\/p>\n\n\n\n<figure class=\"wp-block-gallery has-nested-images columns-default is-cropped wp-block-gallery-6 is-layout-flex wp-block-gallery-is-layout-flex\">\n<figure class=\"wp-block-image size-large\"><img loading=\"lazy\" decoding=\"async\" width=\"1024\" height=\"683\" data-id=\"190798\" data-src=\"https:\/\/ffcv.es\/wp\/wp-content\/uploads\/2026\/01\/IMG_4846-1024x683.jpg\" alt=\"\" class=\"wp-image-190798 lazyload\" data-srcset=\"https:\/\/ffcv.es\/wp\/wp-content\/uploads\/2026\/01\/IMG_4846-1024x683.jpg 1024w, https:\/\/ffcv.es\/wp\/wp-content\/uploads\/2026\/01\/IMG_4846-300x200.jpg 300w, https:\/\/ffcv.es\/wp\/wp-content\/uploads\/2026\/01\/IMG_4846-768x512.jpg 768w, https:\/\/ffcv.es\/wp\/wp-content\/uploads\/2026\/01\/IMG_4846-1536x1024.jpg 1536w, https:\/\/ffcv.es\/wp\/wp-content\/uploads\/2026\/01\/IMG_4846-2048x1365.jpg 2048w, https:\/\/ffcv.es\/wp\/wp-content\/uploads\/2026\/01\/IMG_4846-280x187.jpg 280w, https:\/\/ffcv.es\/wp\/wp-content\/uploads\/2026\/01\/IMG_4846-1170x780.jpg 1170w, https:\/\/ffcv.es\/wp\/wp-content\/uploads\/2026\/01\/IMG_4846-scaled.jpg 1620w\" data-sizes=\"(max-width: 1024px) 100vw, 1024px\" src=\"data:image\/gif;base64,R0lGODlhAQABAAAAACH5BAEKAAEALAAAAAABAAEAAAICTAEAOw==\" style=\"--smush-placeholder-width: 1024px; --smush-placeholder-aspect-ratio: 1024\/683;\" \/><noscript><img loading=\"lazy\" decoding=\"async\" width=\"1024\" height=\"683\" data-id=\"190798\" src=\"https:\/\/ffcv.es\/wp\/wp-content\/uploads\/2026\/01\/IMG_4846-1024x683.jpg\" alt=\"\" class=\"wp-image-190798\" srcset=\"https:\/\/ffcv.es\/wp\/wp-content\/uploads\/2026\/01\/IMG_4846-1024x683.jpg 1024w, https:\/\/ffcv.es\/wp\/wp-content\/uploads\/2026\/01\/IMG_4846-300x200.jpg 300w, https:\/\/ffcv.es\/wp\/wp-content\/uploads\/2026\/01\/IMG_4846-768x512.jpg 768w, https:\/\/ffcv.es\/wp\/wp-content\/uploads\/2026\/01\/IMG_4846-1536x1024.jpg 1536w, https:\/\/ffcv.es\/wp\/wp-content\/uploads\/2026\/01\/IMG_4846-2048x1365.jpg 2048w, https:\/\/ffcv.es\/wp\/wp-content\/uploads\/2026\/01\/IMG_4846-280x187.jpg 280w, https:\/\/ffcv.es\/wp\/wp-content\/uploads\/2026\/01\/IMG_4846-1170x780.jpg 1170w, https:\/\/ffcv.es\/wp\/wp-content\/uploads\/2026\/01\/IMG_4846-scaled.jpg 1620w\" sizes=\"(max-width: 1024px) 100vw, 1024px\" \/><\/noscript><\/figure>\n\n\n\n<figure class=\"wp-block-image size-large\"><img loading=\"lazy\" decoding=\"async\" width=\"1024\" height=\"683\" data-id=\"190797\" data-src=\"https:\/\/ffcv.es\/wp\/wp-content\/uploads\/2026\/01\/IMG_4913-1024x683.jpg\" alt=\"\" class=\"wp-image-190797 lazyload\" data-srcset=\"https:\/\/ffcv.es\/wp\/wp-content\/uploads\/2026\/01\/IMG_4913-1024x683.jpg 1024w, https:\/\/ffcv.es\/wp\/wp-content\/uploads\/2026\/01\/IMG_4913-300x200.jpg 300w, https:\/\/ffcv.es\/wp\/wp-content\/uploads\/2026\/01\/IMG_4913-768x512.jpg 768w, https:\/\/ffcv.es\/wp\/wp-content\/uploads\/2026\/01\/IMG_4913-1536x1024.jpg 1536w, https:\/\/ffcv.es\/wp\/wp-content\/uploads\/2026\/01\/IMG_4913-2048x1365.jpg 2048w, https:\/\/ffcv.es\/wp\/wp-content\/uploads\/2026\/01\/IMG_4913-280x187.jpg 280w, https:\/\/ffcv.es\/wp\/wp-content\/uploads\/2026\/01\/IMG_4913-1170x780.jpg 1170w, https:\/\/ffcv.es\/wp\/wp-content\/uploads\/2026\/01\/IMG_4913-scaled.jpg 1620w\" data-sizes=\"(max-width: 1024px) 100vw, 1024px\" src=\"data:image\/gif;base64,R0lGODlhAQABAAAAACH5BAEKAAEALAAAAAABAAEAAAICTAEAOw==\" style=\"--smush-placeholder-width: 1024px; --smush-placeholder-aspect-ratio: 1024\/683;\" \/><noscript><img loading=\"lazy\" decoding=\"async\" width=\"1024\" height=\"683\" data-id=\"190797\" src=\"https:\/\/ffcv.es\/wp\/wp-content\/uploads\/2026\/01\/IMG_4913-1024x683.jpg\" alt=\"\" class=\"wp-image-190797\" srcset=\"https:\/\/ffcv.es\/wp\/wp-content\/uploads\/2026\/01\/IMG_4913-1024x683.jpg 1024w, https:\/\/ffcv.es\/wp\/wp-content\/uploads\/2026\/01\/IMG_4913-300x200.jpg 300w, https:\/\/ffcv.es\/wp\/wp-content\/uploads\/2026\/01\/IMG_4913-768x512.jpg 768w, https:\/\/ffcv.es\/wp\/wp-content\/uploads\/2026\/01\/IMG_4913-1536x1024.jpg 1536w, https:\/\/ffcv.es\/wp\/wp-content\/uploads\/2026\/01\/IMG_4913-2048x1365.jpg 2048w, https:\/\/ffcv.es\/wp\/wp-content\/uploads\/2026\/01\/IMG_4913-280x187.jpg 280w, https:\/\/ffcv.es\/wp\/wp-content\/uploads\/2026\/01\/IMG_4913-1170x780.jpg 1170w, https:\/\/ffcv.es\/wp\/wp-content\/uploads\/2026\/01\/IMG_4913-scaled.jpg 1620w\" sizes=\"(max-width: 1024px) 100vw, 1024px\" \/><\/noscript><figcaption class=\"wp-element-caption\">Nacho Cant\u00f3 y Jos\u00e9 G\u00f3mez, en el palco. <\/figcaption><\/figure>\n<\/figure>\n\n\n\n<p>Cinco minutos despu\u00e9s de la reanudaci\u00f3n lleg\u00f3 el premio a este ejercicio de madurez. Una extraordinaria acci\u00f3n por el ala derecha de <strong>Hugo Villar<\/strong> e<strong> Isaac P\u00e9rez<\/strong> la culmin\u00f3 <strong>Marc P\u00e9rez<\/strong> por debajo del portero.<\/p>\n\n\n\n<h2 class=\"wp-block-heading\">El gol del honor<\/h2>\n\n\n\n<p>El 6-0 permiti\u00f3 al combinado naranja realizar concesiones al rival. En una de ellas, una acci\u00f3n de <strong>Bilal<\/strong> permiti\u00f3 a <strong>Ra\u00fal Carmona<\/strong> superar a <strong>Mario<\/strong> <strong>S\u00e1ez<\/strong>, que defendi\u00f3 la porteria en la segunda mitad, y anotar el gol del honor del rival a menos de diez minutos del final. <\/p>\n\n\n\n<p><strong>Ceuta<\/strong> jug\u00f3 de cinco el tramo final para intentar reducir distancias en el electr\u00f3nico y esto permiti\u00f3 a la Selecci\u00f3 disponer de opciones para ampliar el marcador.<\/p>\n\n\n\n<p>En una de ellas, el jugador del <strong>CDFS L&#8217;Alf\u00e0s del Pi Yago Randma <\/strong>se qued\u00f3 mano a mano ante el meta y redonde\u00f3 el marcador hasta el 7-1 final. <\/p>\n\n\n\n<p>Sin duda, la mejor forma de comenzar el <strong>Campeonato de Espa\u00f1a<\/strong>. \u00a1Enhorabuena, chicos!<\/p>\n\n\n\n<figure class=\"wp-block-gallery has-nested-images columns-default is-cropped wp-block-gallery-7 is-layout-flex wp-block-gallery-is-layout-flex\">\n<figure class=\"wp-block-image size-large\"><img loading=\"lazy\" decoding=\"async\" width=\"1024\" height=\"761\" data-id=\"190799\" data-src=\"https:\/\/ffcv.es\/wp\/wp-content\/uploads\/2026\/01\/7-1-1024x761.jpeg\" alt=\"\" class=\"wp-image-190799 lazyload\" data-srcset=\"https:\/\/ffcv.es\/wp\/wp-content\/uploads\/2026\/01\/7-1-1024x761.jpeg 1024w, https:\/\/ffcv.es\/wp\/wp-content\/uploads\/2026\/01\/7-1-300x223.jpeg 300w, https:\/\/ffcv.es\/wp\/wp-content\/uploads\/2026\/01\/7-1-768x571.jpeg 768w, https:\/\/ffcv.es\/wp\/wp-content\/uploads\/2026\/01\/7-1-1536x1141.jpeg 1536w, https:\/\/ffcv.es\/wp\/wp-content\/uploads\/2026\/01\/7-1-252x187.jpeg 252w, https:\/\/ffcv.es\/wp\/wp-content\/uploads\/2026\/01\/7-1-1170x869.jpeg 1170w, https:\/\/ffcv.es\/wp\/wp-content\/uploads\/2026\/01\/7-1.jpeg 1453w\" data-sizes=\"(max-width: 1024px) 100vw, 1024px\" src=\"data:image\/gif;base64,R0lGODlhAQABAAAAACH5BAEKAAEALAAAAAABAAEAAAICTAEAOw==\" style=\"--smush-placeholder-width: 1024px; --smush-placeholder-aspect-ratio: 1024\/761;\" \/><noscript><img loading=\"lazy\" decoding=\"async\" width=\"1024\" height=\"761\" data-id=\"190799\" src=\"https:\/\/ffcv.es\/wp\/wp-content\/uploads\/2026\/01\/7-1-1024x761.jpeg\" alt=\"\" class=\"wp-image-190799\" srcset=\"https:\/\/ffcv.es\/wp\/wp-content\/uploads\/2026\/01\/7-1-1024x761.jpeg 1024w, https:\/\/ffcv.es\/wp\/wp-content\/uploads\/2026\/01\/7-1-300x223.jpeg 300w, https:\/\/ffcv.es\/wp\/wp-content\/uploads\/2026\/01\/7-1-768x571.jpeg 768w, https:\/\/ffcv.es\/wp\/wp-content\/uploads\/2026\/01\/7-1-1536x1141.jpeg 1536w, https:\/\/ffcv.es\/wp\/wp-content\/uploads\/2026\/01\/7-1-252x187.jpeg 252w, https:\/\/ffcv.es\/wp\/wp-content\/uploads\/2026\/01\/7-1-1170x869.jpeg 1170w, https:\/\/ffcv.es\/wp\/wp-content\/uploads\/2026\/01\/7-1.jpeg 1453w\" sizes=\"(max-width: 1024px) 100vw, 1024px\" \/><\/noscript><figcaption class=\"wp-element-caption\">Yago Randma celebra su tanto, que cerr\u00f3 la goleada ante Ceuta.<\/figcaption><\/figure>\n<\/figure>\n\n\n\n<p><em><strong>FICHA T\u00c9CNICA<\/strong><\/em><\/p>\n\n\n\n<p><em><strong>Selecci\u00f3 Valenciana\u00a0<\/strong><\/em><strong>(7)<\/strong>: \u00d3scar Ayuso, Isaac P\u00e9rez, Pau Jim\u00e9nez, Sergio Ferrer y G. Padilla &#8211; cinco inicial-. Tambi\u00e9n jugaron Mario S\u00e1ez, Dio Mart\u00ednez, Hugo Villar, Yago Randma, A. Castellanos, Izan Ja\u00e9n, y Marc P\u00e9rez.<\/p>\n\n\n\n<p><strong><em>Ceuta (1):<\/em><\/strong> \u00c1ngel Pareja (p), Nizar Ahmed, Erick Alonso, Eloy Contreras y Bilal Mohamed -cinco inicial. Tambi\u00e9n jugaron \u00a0Pablo Dom\u00ednguez, Sulaiman Ahmed, Ra\u00fal Carmona, Mohamed Akram, Jorge Romaguera, Alejandro N\u00fa\u00f1ez y Lulaybib Mohamed,<\/p>\n\n\n\n<p><em><strong>Goles:<\/strong><\/em>\u00a01-0 (Gonzalo Padilla, 5\u2032), 2-0 (Hugo Villar, 8&#8242;), 3-0 (Castellanos, 9&#8242;), 4-0 (Sergio Ferrer, 11&#8242;), 5-0 (Marc P\u00e9rez, 16&#8242;), 6-0 (Marc P\u00e9rez, 25&#8242;), 6-1 (Ra\u00fal Carmona, 31&#8242;), 7-1 (Yago Randma, 38&#8242;)<\/p>\n\n\n\n<p><strong><em>\u00c1rbitros<\/em><\/strong>: Iv\u00e1n Alfaro, Joseba Fayanas y Jos\u00e9 Carlos Malag\u00f3n (crono). <\/p>\n\n\n\n<figure class=\"wp-block-image size-large\"><img loading=\"lazy\" decoding=\"async\" width=\"1024\" height=\"576\" data-src=\"https:\/\/ffcv.es\/wp\/wp-content\/uploads\/2026\/01\/Convo-sub14-Mengual-1024x576.png\" alt=\"\" class=\"wp-image-189157 lazyload\" data-srcset=\"https:\/\/ffcv.es\/wp\/wp-content\/uploads\/2026\/01\/Convo-sub14-Mengual-1024x576.png 1024w, https:\/\/ffcv.es\/wp\/wp-content\/uploads\/2026\/01\/Convo-sub14-Mengual-300x169.png 300w, https:\/\/ffcv.es\/wp\/wp-content\/uploads\/2026\/01\/Convo-sub14-Mengual-768x432.png 768w, https:\/\/ffcv.es\/wp\/wp-content\/uploads\/2026\/01\/Convo-sub14-Mengual-1536x864.png 1536w, https:\/\/ffcv.es\/wp\/wp-content\/uploads\/2026\/01\/Convo-sub14-Mengual-2048x1152.png 2048w, https:\/\/ffcv.es\/wp\/wp-content\/uploads\/2026\/01\/Convo-sub14-Mengual-280x158.png 280w, https:\/\/ffcv.es\/wp\/wp-content\/uploads\/2026\/01\/Convo-sub14-Mengual-1170x658.png 1170w\" data-sizes=\"(max-width: 1024px) 100vw, 1024px\" src=\"data:image\/gif;base64,R0lGODlhAQABAAAAACH5BAEKAAEALAAAAAABAAEAAAICTAEAOw==\" style=\"--smush-placeholder-width: 1024px; --smush-placeholder-aspect-ratio: 1024\/576;\" \/><noscript><img loading=\"lazy\" decoding=\"async\" width=\"1024\" height=\"576\" src=\"https:\/\/ffcv.es\/wp\/wp-content\/uploads\/2026\/01\/Convo-sub14-Mengual-1024x576.png\" alt=\"\" class=\"wp-image-189157\" srcset=\"https:\/\/ffcv.es\/wp\/wp-content\/uploads\/2026\/01\/Convo-sub14-Mengual-1024x576.png 1024w, https:\/\/ffcv.es\/wp\/wp-content\/uploads\/2026\/01\/Convo-sub14-Mengual-300x169.png 300w, https:\/\/ffcv.es\/wp\/wp-content\/uploads\/2026\/01\/Convo-sub14-Mengual-768x432.png 768w, https:\/\/ffcv.es\/wp\/wp-content\/uploads\/2026\/01\/Convo-sub14-Mengual-1536x864.png 1536w, https:\/\/ffcv.es\/wp\/wp-content\/uploads\/2026\/01\/Convo-sub14-Mengual-2048x1152.png 2048w, https:\/\/ffcv.es\/wp\/wp-content\/uploads\/2026\/01\/Convo-sub14-Mengual-280x158.png 280w, https:\/\/ffcv.es\/wp\/wp-content\/uploads\/2026\/01\/Convo-sub14-Mengual-1170x658.png 1170w\" sizes=\"(max-width: 1024px) 100vw, 1024px\" \/><\/noscript><\/figure>\n\n\n\n<h2 class=\"wp-block-heading\">As\u00ed lo vivimos en X<\/h2>\n\n\n\n<blockquote class=\"twitter-tweet\"><p lang=\"ca\" dir=\"ltr\">\ud83e\uddf5 Fase Previa Campionat d&#39;Espanya mascul\u00ed sub14 de futbol sala <br><br>\ud83d\udd35\ud83d\udfe0Selecci\u00f3 Valenciana sub14 <br> \ud83c\udd9a <br>\u26aa\ufe0f\u26ab\ufe0f<a href=\"https:\/\/twitter.com\/FedFutbolCeuta?ref_src=twsrc%5Etfw\">@FedFutbolCeuta<\/a> <br><br>\ud83d\udccdPabell\u00f3n Municipal de Archidona &#39;Fernando Rodr\u00edguez&#39;<br>\u231a\ufe0f10:30<br>\ud83d\udda5\ufe0f <a href=\"https:\/\/t.co\/MymTvWHj73\">https:\/\/t.co\/MymTvWHj73<\/a><a href=\"https:\/\/twitter.com\/hashtag\/somValenciana?src=hash&amp;ref_src=twsrc%5Etfw\">#somValenciana<\/a>\ud83d\udd37\ud83d\udd36\u2764\ufe0f <a href=\"https:\/\/t.co\/jjCZcNei5X\">pic.twitter.com\/jjCZcNei5X<\/a><\/p>&mdash; FFCV (@FFCV_info) <a href=\"https:\/\/twitter.com\/FFCV_info\/status\/2012080406674227316?ref_src=twsrc%5Etfw\">January 16, 2026<\/a><\/blockquote> <script async src=\"https:\/\/platform.twitter.com\/widgets.js\" charset=\"utf-8\"><\/script>\n\n\n\n<h2 class=\"wp-block-heading\"><strong>Canal Telegram exclusivo futsal FFCV<\/strong><\/h2>\n\n\n\n<figure class=\"wp-block-image\"><a href=\"https:\/\/t.me\/somFutsal\"><img loading=\"lazy\" decoding=\"async\" width=\"1024\" height=\"341\" data-src=\"https:\/\/ffcv.es\/wp\/wp-content\/uploads\/2024\/06\/tw-cabecera_Mesa-de-trabajo-1-1024x341.png\" alt=\"\" class=\"wp-image-138634 lazyload\" data-srcset=\"https:\/\/ffcv.es\/wp\/wp-content\/uploads\/2024\/06\/tw-cabecera_Mesa-de-trabajo-1-1024x341.png 1024w, https:\/\/ffcv.es\/wp\/wp-content\/uploads\/2024\/06\/tw-cabecera_Mesa-de-trabajo-1-300x100.png 300w, https:\/\/ffcv.es\/wp\/wp-content\/uploads\/2024\/06\/tw-cabecera_Mesa-de-trabajo-1-768x256.png 768w, https:\/\/ffcv.es\/wp\/wp-content\/uploads\/2024\/06\/tw-cabecera_Mesa-de-trabajo-1-1536x512.png 1536w, https:\/\/ffcv.es\/wp\/wp-content\/uploads\/2024\/06\/tw-cabecera_Mesa-de-trabajo-1-2048x683.png 2048w, https:\/\/ffcv.es\/wp\/wp-content\/uploads\/2024\/06\/tw-cabecera_Mesa-de-trabajo-1-280x93.png 280w, https:\/\/ffcv.es\/wp\/wp-content\/uploads\/2024\/06\/tw-cabecera_Mesa-de-trabajo-1-1170x390.png 1170w, https:\/\/ffcv.es\/wp\/wp-content\/uploads\/2024\/06\/tw-cabecera_Mesa-de-trabajo-1.png 1920w\" data-sizes=\"(max-width: 1024px) 100vw, 1024px\" src=\"data:image\/gif;base64,R0lGODlhAQABAAAAACH5BAEKAAEALAAAAAABAAEAAAICTAEAOw==\" style=\"--smush-placeholder-width: 1024px; --smush-placeholder-aspect-ratio: 1024\/341;\" \/><noscript><img loading=\"lazy\" decoding=\"async\" width=\"1024\" height=\"341\" src=\"https:\/\/ffcv.es\/wp\/wp-content\/uploads\/2024\/06\/tw-cabecera_Mesa-de-trabajo-1-1024x341.png\" alt=\"\" class=\"wp-image-138634\" srcset=\"https:\/\/ffcv.es\/wp\/wp-content\/uploads\/2024\/06\/tw-cabecera_Mesa-de-trabajo-1-1024x341.png 1024w, https:\/\/ffcv.es\/wp\/wp-content\/uploads\/2024\/06\/tw-cabecera_Mesa-de-trabajo-1-300x100.png 300w, https:\/\/ffcv.es\/wp\/wp-content\/uploads\/2024\/06\/tw-cabecera_Mesa-de-trabajo-1-768x256.png 768w, https:\/\/ffcv.es\/wp\/wp-content\/uploads\/2024\/06\/tw-cabecera_Mesa-de-trabajo-1-1536x512.png 1536w, https:\/\/ffcv.es\/wp\/wp-content\/uploads\/2024\/06\/tw-cabecera_Mesa-de-trabajo-1-2048x683.png 2048w, https:\/\/ffcv.es\/wp\/wp-content\/uploads\/2024\/06\/tw-cabecera_Mesa-de-trabajo-1-280x93.png 280w, https:\/\/ffcv.es\/wp\/wp-content\/uploads\/2024\/06\/tw-cabecera_Mesa-de-trabajo-1-1170x390.png 1170w, https:\/\/ffcv.es\/wp\/wp-content\/uploads\/2024\/06\/tw-cabecera_Mesa-de-trabajo-1.png 1920w\" sizes=\"(max-width: 1024px) 100vw, 1024px\" \/><\/noscript><\/a><\/figure>\n\n\n\n<p><em>Para estar al d\u00eda de todas las novedades sobre el f\u00fatbol sala en la Comunitat Valenciana sigue el&nbsp;<strong>CANAL DE TELEGRAM&nbsp;<\/strong>oficial de la FFCV y&nbsp;<strong>exclusivo de futsal<\/strong>&nbsp;#somFutsal | FFCV&nbsp;<\/em><\/p>\n","protected":false},"excerpt":{"rendered":"<p>La\u00a0Selecci\u00f3 Valenciana masculina sub14 de f\u00fatbol sala\u00a0comenz\u00f3 con victoria ante\u00a0Ceuta\u00a0(7-1) la fase previa del\u00a0Campeonato Nacional de Selecciones Auton\u00f3micas\u00a0que se celebra en\u00a0Archidona\u00a0(M\u00e1laga). El combinado de\u00a0Jos\u00e9 Luis Mengual\u00a0apenas dio opci\u00f3n al rival y sum\u00f3 los primeros tres puntos de la fase de grupos. El debut so\u00f1ado en Archidona. Ma\u00f1ana, ante Navarra, que cay\u00f3 con estr\u00e9pito ante Andaluc\u00eda<\/p>\n","protected":false},"author":37,"featured_media":190800,"comment_status":"closed","ping_status":"closed","sticky":false,"template":"","format":"standard","meta":{"om_disable_all_campaigns":false,"footnotes":""},"categories":[16,6043,3458,69,72,1282],"tags":[8537,784,6975,8499],"class_list":["post-190768","post","type-post","status-publish","format-standard","has-post-thumbnail","hentry","category-actualidad","category-futsal","category-seleccio-valenciana-futsal-sub14","category-noticias-ffcv","category-noticias-selecciones","category-portada","tag-cesa-malaga","tag-fase-previa","tag-jose-luis-mengual-es","tag-seleccio-sub14-masculina-futsal"],"aioseo_notices":[],"_links":{"self":[{"href":"https:\/\/ffcv.es\/wp\/wp-json\/wp\/v2\/posts\/190768"}],"collection":[{"href":"https:\/\/ffcv.es\/wp\/wp-json\/wp\/v2\/posts"}],"about":[{"href":"https:\/\/ffcv.es\/wp\/wp-json\/wp\/v2\/types\/post"}],"author":[{"embeddable":true,"href":"https:\/\/ffcv.es\/wp\/wp-json\/wp\/v2\/users\/37"}],"replies":[{"embeddable":true,"href":"https:\/\/ffcv.es\/wp\/wp-json\/wp\/v2\/comments?post=190768"}],"version-history":[{"count":6,"href":"https:\/\/ffcv.es\/wp\/wp-json\/wp\/v2\/posts\/190768\/revisions"}],"predecessor-version":[{"id":190805,"href":"https:\/\/ffcv.es\/wp\/wp-json\/wp\/v2\/posts\/190768\/revisions\/190805"}],"wp:featuredmedia":[{"embeddable":true,"href":"https:\/\/ffcv.es\/wp\/wp-json\/wp\/v2\/media\/190800"}],"wp:attachment":[{"href":"https:\/\/ffcv.es\/wp\/wp-json\/wp\/v2\/media?parent=190768"}],"wp:term":[{"taxonomy":"category","embeddable":true,"href":"https:\/\/ffcv.es\/wp\/wp-json\/wp\/v2\/categories?post=190768"},{"taxonomy":"post_tag","embeddable":true,"href":"https:\/\/ffcv.es\/wp\/wp-json\/wp\/v2\/tags?post=190768"}],"curies":[{"name":"wp","href":"https:\/\/api.w.org\/{rel}","templated":true}]}}