{"id":18895,"date":"2018-02-12T10:11:52","date_gmt":"2018-02-12T10:11:52","guid":{"rendered":"https:\/\/ffcv.es\/wp\/?p=18895"},"modified":"2018-02-12T10:11:52","modified_gmt":"2018-02-12T10:11:52","slug":"clasificacion-femenina-fase-final","status":"publish","type":"post","link":"https:\/\/ffcv.es\/wp\/blog\/2018\/02\/clasificacion-femenina-fase-final\/","title":{"rendered":"Disfruta la clasificaci\u00f3n de la Selecci\u00f3n Femenina para la Fase Final"},"content":{"rendered":"<p>Los combinados auton\u00f3micos femeninos Cadete y Juvenil lograron el objetivo de pasar a la Fase Final de los Campeonatos de Espa\u00f1a, y ahora puedes revivir los momentos m\u00e1s destacados y todos los goles marcados ante la Selecci\u00f3n de Asturias en la jornada de ayer en el &#8216;Guillermo Olag\u00fce&#8217; de Gandia.<\/p>\n<div align=\"center\"><script src=\"\/\/pagead2.googlesyndication.com\/pagead\/js\/adsbygoogle.js\" async=\"\"><\/script><!-- cabecera_paginas_adaptable --> <ins class=\"adsbygoogle\" style=\"display: block; background: none !important;\" data-ad-client=\"ca-pub-8508993344894927\" data-ad-slot=\"8273813495\" data-ad-format=\"auto\"><\/ins><script>\/\/ <![CDATA[\n(adsbygoogle = window.adsbygoogle || []).push({}); \/\/ ]]\n\/\/ ]]><\/script><\/div>\n<p><a href=\"https:\/\/ffcv.es\/wp\/wp-content\/uploads\/2018\/02\/DVvoDjyX0AEhtCp.jpg\"><img loading=\"lazy\" decoding=\"async\" class=\"alignright wp-image-18870 size-medium lazyload\" data-src=\"https:\/\/ffcv.es\/wp\/wp-content\/uploads\/2018\/02\/DVvoDjyX0AEhtCp-300x169.jpg\" alt=\"DVvoDjyX0AEhtCp\" width=\"300\" height=\"169\" data-srcset=\"https:\/\/ffcv.es\/wp\/wp-content\/uploads\/2018\/02\/DVvoDjyX0AEhtCp-300x169.jpg 300w, https:\/\/ffcv.es\/wp\/wp-content\/uploads\/2018\/02\/DVvoDjyX0AEhtCp-768x432.jpg 768w, https:\/\/ffcv.es\/wp\/wp-content\/uploads\/2018\/02\/DVvoDjyX0AEhtCp-1024x576.jpg 1024w, https:\/\/ffcv.es\/wp\/wp-content\/uploads\/2018\/02\/DVvoDjyX0AEhtCp.jpg 1200w\" data-sizes=\"(max-width: 300px) 100vw, 300px\" src=\"data:image\/gif;base64,R0lGODlhAQABAAAAACH5BAEKAAEALAAAAAABAAEAAAICTAEAOw==\" style=\"--smush-placeholder-width: 300px; --smush-placeholder-aspect-ratio: 300\/169;\" \/><noscript><img loading=\"lazy\" decoding=\"async\" class=\"alignright wp-image-18870 size-medium\" src=\"https:\/\/ffcv.es\/wp\/wp-content\/uploads\/2018\/02\/DVvoDjyX0AEhtCp-300x169.jpg\" alt=\"DVvoDjyX0AEhtCp\" width=\"300\" height=\"169\" srcset=\"https:\/\/ffcv.es\/wp\/wp-content\/uploads\/2018\/02\/DVvoDjyX0AEhtCp-300x169.jpg 300w, https:\/\/ffcv.es\/wp\/wp-content\/uploads\/2018\/02\/DVvoDjyX0AEhtCp-768x432.jpg 768w, https:\/\/ffcv.es\/wp\/wp-content\/uploads\/2018\/02\/DVvoDjyX0AEhtCp-1024x576.jpg 1024w, https:\/\/ffcv.es\/wp\/wp-content\/uploads\/2018\/02\/DVvoDjyX0AEhtCp.jpg 1200w\" sizes=\"(max-width: 300px) 100vw, 300px\" \/><\/noscript><\/a>Asturias fue el \u00faltimo escollo de la Selecci\u00f3n Valenciana en su camino hacia la Fase Final del Nacional de Selecciones Auton\u00f1\u00f3micas femeninas, y el hist\u00f3rico &#8216;Guillermo Olag\u00fce&#8217; de la capital de La Safor vivi\u00f3 en la jornada matinal de ayer dos duros enfrentamientos en los que las valencianas supieron imponerse para lograr -una temporada m\u00e1s- su objetivo. La Selecci\u00f3n Cadete venci\u00f3 por un trabajado 2-0, mientras que la Juvenil logr\u00f3 el triunfo por la m\u00ednima. Ahora ya puedes revivir la clasificaci\u00f3n para la Fase Final de los Campeonatos de Espa\u00f1a en los res\u00famenes que te trae la plataforma televisiva de la Federaci\u00f3n de F\u00fatbol de la Comunidad Valenciana.<br \/>\n<iframe loading=\"lazy\" data-src=\"https:\/\/www.youtube.com\/embed\/wUyy3F8BHvU\" width=\"560\" height=\"315\" frameborder=\"0\" allowfullscreen=\"allowfullscreen\" src=\"data:image\/gif;base64,R0lGODlhAQABAAAAACH5BAEKAAEALAAAAAABAAEAAAICTAEAOw==\" class=\"lazyload\" data-load-mode=\"1\"><\/iframe><br \/>\n<iframe loading=\"lazy\" data-src=\"https:\/\/www.youtube.com\/embed\/S51KgO4gzxg\" width=\"560\" height=\"315\" frameborder=\"0\" allowfullscreen=\"allowfullscreen\" src=\"data:image\/gif;base64,R0lGODlhAQABAAAAACH5BAEKAAEALAAAAAABAAEAAAICTAEAOw==\" class=\"lazyload\" data-load-mode=\"1\"><\/iframe><br \/>\n<em>Autor: Prensa FFCV<\/em><\/p>\n","protected":false},"excerpt":{"rendered":"<p>Los combinados auton\u00f3micos femeninos Cadete y Juvenil lograron el objetivo de pasar a la Fase Final de los Campeonatos de Espa\u00f1a, y ahora puedes revivir los momentos m\u00e1s destacados y todos los goles marcados ante la Selecci\u00f3n de Asturias en la jornada de ayer en el &#8216;Guillermo Olag\u00fce&#8217; de Gandia. Asturias fue el \u00faltimo escollo<\/p>\n","protected":false},"author":5,"featured_media":18870,"comment_status":"closed","ping_status":"closed","sticky":false,"template":"","format":"standard","meta":{"om_disable_all_campaigns":false,"footnotes":""},"categories":[16,69,72],"tags":[118,125,124,98,97,86,149,127],"class_list":["post-18895","post","type-post","status-publish","format-standard","has-post-thumbnail","hentry","category-actualidad","category-noticias-ffcv","category-noticias-selecciones","tag-cadete","tag-campeonatos-de-espana","tag-femenino","tag-futbol","tag-juvenil","tag-selecciones","tag-sub-16","tag-sub-18"],"aioseo_notices":[],"_links":{"self":[{"href":"https:\/\/ffcv.es\/wp\/wp-json\/wp\/v2\/posts\/18895"}],"collection":[{"href":"https:\/\/ffcv.es\/wp\/wp-json\/wp\/v2\/posts"}],"about":[{"href":"https:\/\/ffcv.es\/wp\/wp-json\/wp\/v2\/types\/post"}],"author":[{"embeddable":true,"href":"https:\/\/ffcv.es\/wp\/wp-json\/wp\/v2\/users\/5"}],"replies":[{"embeddable":true,"href":"https:\/\/ffcv.es\/wp\/wp-json\/wp\/v2\/comments?post=18895"}],"version-history":[{"count":2,"href":"https:\/\/ffcv.es\/wp\/wp-json\/wp\/v2\/posts\/18895\/revisions"}],"predecessor-version":[{"id":18904,"href":"https:\/\/ffcv.es\/wp\/wp-json\/wp\/v2\/posts\/18895\/revisions\/18904"}],"wp:featuredmedia":[{"embeddable":true,"href":"https:\/\/ffcv.es\/wp\/wp-json\/wp\/v2\/media\/18870"}],"wp:attachment":[{"href":"https:\/\/ffcv.es\/wp\/wp-json\/wp\/v2\/media?parent=18895"}],"wp:term":[{"taxonomy":"category","embeddable":true,"href":"https:\/\/ffcv.es\/wp\/wp-json\/wp\/v2\/categories?post=18895"},{"taxonomy":"post_tag","embeddable":true,"href":"https:\/\/ffcv.es\/wp\/wp-json\/wp\/v2\/tags?post=18895"}],"curies":[{"name":"wp","href":"https:\/\/api.w.org\/{rel}","templated":true}]}}