{"id":18727,"date":"2018-02-08T16:36:23","date_gmt":"2018-02-08T16:36:23","guid":{"rendered":"https:\/\/ffcv.es\/wp\/?p=18727"},"modified":"2018-02-08T16:36:23","modified_gmt":"2018-02-08T16:36:23","slug":"triguero-explotar-faceta-goleadora","status":"publish","type":"post","link":"https:\/\/ffcv.es\/wp\/blog\/2018\/02\/triguero-explotar-faceta-goleadora\/","title":{"rendered":"Triguero: \u201cVamos a explotar nuestra faceta goleadora\u201d"},"content":{"rendered":"<p>La Selecci\u00f3n femenina Sub-18 firm\u00f3 una primera fase perfecta en el Campeonato de Espa\u00f1a de combinados auton\u00f3micos. Sum\u00f3 los seis puntos en liza, mantuvo su porter\u00eda a cero y demostr\u00f3 que es una selecci\u00f3n goleadora. Ahora, Santiago Triguero comparece a la segunda ronda con la misma expedici\u00f3n de jugadoras y con la confianza plena de que el pase a las finales ser\u00e1 posible si logran una \u201c<em>buena racha de goles<\/em>\u201d. La renta a favor puede ser decisiva, ya que varias selecciones est\u00e1n empatadas a puntos, y \u00e9sa ser\u00e1 la baza que explotar\u00e1 el seleccionador valenciano.<\/p>\n<div align=\"center\"><script src=\"\/\/pagead2.googlesyndication.com\/pagead\/js\/adsbygoogle.js\" async=\"\"><\/script><!-- cabecera_paginas_adaptable --> <ins class=\"adsbygoogle\" style=\"display: block; background: none !important;\" data-ad-client=\"ca-pub-8508993344894927\" data-ad-slot=\"8273813495\" data-ad-format=\"auto\"><\/ins><script>\/\/ <![CDATA[\n(adsbygoogle = window.adsbygoogle || []).push({}); \/\/ ]]\n\/\/ ]]><\/script><\/div>\n<p><em><a href=\"https:\/\/ffcv.es\/wp\/wp-content\/uploads\/2018\/02\/DVXq8e2WsAcMEzG.jpg\"><img loading=\"lazy\" decoding=\"async\" class=\"alignright size-medium wp-image-18735 lazyload\" data-src=\"https:\/\/ffcv.es\/wp\/wp-content\/uploads\/2018\/02\/DVXq8e2WsAcMEzG-300x225.jpg\" alt=\"DVXq8e2WsAcMEzG\" width=\"300\" height=\"225\" data-srcset=\"https:\/\/ffcv.es\/wp\/wp-content\/uploads\/2018\/02\/DVXq8e2WsAcMEzG-300x225.jpg 300w, https:\/\/ffcv.es\/wp\/wp-content\/uploads\/2018\/02\/DVXq8e2WsAcMEzG-768x576.jpg 768w, https:\/\/ffcv.es\/wp\/wp-content\/uploads\/2018\/02\/DVXq8e2WsAcMEzG-1024x768.jpg 1024w, https:\/\/ffcv.es\/wp\/wp-content\/uploads\/2018\/02\/DVXq8e2WsAcMEzG.jpg 1200w\" data-sizes=\"(max-width: 300px) 100vw, 300px\" src=\"data:image\/gif;base64,R0lGODlhAQABAAAAACH5BAEKAAEALAAAAAABAAEAAAICTAEAOw==\" style=\"--smush-placeholder-width: 300px; --smush-placeholder-aspect-ratio: 300\/225;\" \/><noscript><img loading=\"lazy\" decoding=\"async\" class=\"alignright size-medium wp-image-18735\" src=\"https:\/\/ffcv.es\/wp\/wp-content\/uploads\/2018\/02\/DVXq8e2WsAcMEzG-300x225.jpg\" alt=\"DVXq8e2WsAcMEzG\" width=\"300\" height=\"225\" srcset=\"https:\/\/ffcv.es\/wp\/wp-content\/uploads\/2018\/02\/DVXq8e2WsAcMEzG-300x225.jpg 300w, https:\/\/ffcv.es\/wp\/wp-content\/uploads\/2018\/02\/DVXq8e2WsAcMEzG-768x576.jpg 768w, https:\/\/ffcv.es\/wp\/wp-content\/uploads\/2018\/02\/DVXq8e2WsAcMEzG-1024x768.jpg 1024w, https:\/\/ffcv.es\/wp\/wp-content\/uploads\/2018\/02\/DVXq8e2WsAcMEzG.jpg 1200w\" sizes=\"(max-width: 300px) 100vw, 300px\" \/><\/noscript><\/a>Tras un excelente paso por la primera fase del campeonato, con dos victorias y seis puntos cosechados, llega la segunda fase, \u00bfcon qu\u00e9 sensaciones comparece la Selecci\u00f3n Sub-18?<\/em><\/p>\n<p>La verdad es que tenemos los pies en suelo, sabemos que vamos a enfrentarnos a dos selecciones potentes. Sobre todo contra Castilla y Le\u00f3n, que sabemos que es un rival directo para meternos en la fase final, por lo que llegamos bastante preparadas y concentradas para afrontar bien los dos choques que tenemos.<\/p>\n<p><em>La Sub-18 llega como el m\u00e1ximo rival a batir y enfrente estar\u00e1n las selecciones de Asturias y Castilla y Le\u00f3n, \u00bfqu\u00e9 an\u00e1lisis hace de estos combinados auton\u00f3micos?<\/em><\/p>\n<p>A priori, sobre el papel, podemos ser las favoritas, pero, como ya sabemos, esto es f\u00fatbol y nunca sabes lo que te puede deparar. Sabemos que Castilla y Le\u00f3n es una Selecci\u00f3n que tiene gente arriba que nos puede hacer da\u00f1o, y lo mismo pasa con las asturianas. Asturias tiene jugadoras de calidad y, si no dominas el partido pronto, te pueden marcar alg\u00fan gol, que puede provocar que el partido se vuelva en contra. Por eso, tenemos que estar preparadas para ello.<\/p>\n<p><em>En esta ronda, de nuevo, juegan como anfitriones. En la primera fase les fue bien jugar en \u2018casa\u2019, \u00bfser\u00e1 de nuevo un punto a favor para la Selecci\u00f3n?<\/em><\/p>\n<p>S\u00ed, jugar en casa y con nuestra afici\u00f3n siempre es un punto a favor. En primer lugar, porque, igual que pas\u00f3 en Lliria, Gandia se est\u00e1 volcando mucho con nosotros y est\u00e1n muy pendientes de que estemos a gusto. La verdad es que eso hace que ya tengamos ganas de que llegue la fase y disfrutar. Adem\u00e1s, nosotros siempre vemos el jugar en casa como un punto a favor. La gente nos arropa, viene a animarnos y a ver el partido. Eso es un peso importante.<\/p>\n<p><em>Adem\u00e1s, los partidos se jugar\u00e1n en un campo hist\u00f3rico como el \u2018Guillermo Olag\u00fce\u2019 y en el que el aliento de la afici\u00f3n se siente muy cerca sobre el campo\u2026<\/em><\/p>\n<p>El \u2018Guillermo Olag\u00fce\u2019 es un estadio hist\u00f3rico de nuestra Comunidad y siempre ha sido un referente, tanto el equipo, como el club, como todo lo que implica. Por eso, para nosotros es un orgullo jugar en ese campo y la verdad es que tenemos ganas de demostrar que somos capaces de jugar donde sea. Adem\u00e1s, es un campo que permite tener a la afici\u00f3n muy cerca y eso es un respaldo, ser\u00e1 como un soplo de aire que nos lleve en volandas para conseguir el objetivo. Se nota a la gente animando.<\/p>\n<style type=\"text\/css\">\r\n\t\t\t\t#gallery-1 {\r\n\t\t\t\t\tmargin: auto;\r\n\t\t\t\t}\r\n\t\t\t\t#gallery-1 .gallery-item {\r\n\t\t\t\t\tfloat: left;\r\n\t\t\t\t\tmargin-top: 10px;\r\n\t\t\t\t\ttext-align: center;\r\n\t\t\t\t\twidth: 33%;\r\n\t\t\t\t}\r\n\t\t\t\t#gallery-1 .gallery-caption {\r\n\t\t\t\t\tmargin-left: 0;\r\n\t\t\t\t}\r\n\t\t\t<\/style><!-- see gallery_shortcode() in wp-includes\/media.php -->\r\n\t\t\t\n\t\t<div id=\"gallery-1\" class=\"gallery galleryid-18727 mfp-gallery mfp-gallery--images gallery-columns-3 gallery-size-thumbnail\"><div class=\"row zn_image_gallery \"><div class=\"col-sm-6 col-md-4 col-lg-4\"><a href=\"https:\/\/ffcv.es\/wp\/wp-content\/uploads\/2018\/02\/DVXq6koWsAIf8ab.jpg\" title=\"\" class=\"hoverBorder\"><img loading=\"lazy\" decoding=\"async\" width=\"150\" height=\"150\" data-src=\"https:\/\/ffcv.es\/wp\/wp-content\/uploads\/2018\/02\/DVXq6koWsAIf8ab-150x150.jpg\" class=\"attachment-thumbnail size-thumbnail lazyload\" alt=\"\" ids=\"18734,17716,18733\" orderby=\"post__in\" include=\"18734,17716,18733\" data-srcset=\"https:\/\/ffcv.es\/wp\/wp-content\/uploads\/2018\/02\/DVXq6koWsAIf8ab-150x150.jpg 150w, https:\/\/ffcv.es\/wp\/wp-content\/uploads\/2018\/02\/DVXq6koWsAIf8ab-175x175.jpg 175w, https:\/\/ffcv.es\/wp\/wp-content\/uploads\/2018\/02\/DVXq6koWsAIf8ab-85x85.jpg 85w\" data-sizes=\"(max-width: 150px) 100vw, 150px\" src=\"data:image\/gif;base64,R0lGODlhAQABAAAAACH5BAEKAAEALAAAAAABAAEAAAICTAEAOw==\" style=\"--smush-placeholder-width: 150px; --smush-placeholder-aspect-ratio: 150\/150;\" \/><noscript><img loading=\"lazy\" decoding=\"async\" width=\"150\" height=\"150\" src=\"https:\/\/ffcv.es\/wp\/wp-content\/uploads\/2018\/02\/DVXq6koWsAIf8ab-150x150.jpg\" class=\"attachment-thumbnail size-thumbnail\" alt=\"\" ids=\"18734,17716,18733\" orderby=\"post__in\" include=\"18734,17716,18733\" srcset=\"https:\/\/ffcv.es\/wp\/wp-content\/uploads\/2018\/02\/DVXq6koWsAIf8ab-150x150.jpg 150w, https:\/\/ffcv.es\/wp\/wp-content\/uploads\/2018\/02\/DVXq6koWsAIf8ab-175x175.jpg 175w, https:\/\/ffcv.es\/wp\/wp-content\/uploads\/2018\/02\/DVXq6koWsAIf8ab-85x85.jpg 85w\" sizes=\"(max-width: 150px) 100vw, 150px\" \/><\/noscript><span class=\"gallery_caption\"><\/span><\/a><\/div><div class=\"col-sm-6 col-md-4 col-lg-4\"><a href=\"https:\/\/ffcv.es\/wp\/wp-content\/uploads\/2017\/12\/IMG-20171114-WA0055-e1512651401744.jpg\" title=\"\" class=\"hoverBorder\"><img loading=\"lazy\" decoding=\"async\" width=\"150\" height=\"150\" data-src=\"https:\/\/ffcv.es\/wp\/wp-content\/uploads\/2017\/12\/IMG-20171114-WA0055-e1512651401744-150x150.jpg\" class=\"attachment-thumbnail size-thumbnail lazyload\" alt=\"\" ids=\"18734,17716,18733\" orderby=\"post__in\" include=\"18734,17716,18733\" data-srcset=\"https:\/\/ffcv.es\/wp\/wp-content\/uploads\/2017\/12\/IMG-20171114-WA0055-e1512651401744-150x150.jpg 150w, https:\/\/ffcv.es\/wp\/wp-content\/uploads\/2017\/12\/IMG-20171114-WA0055-e1512651401744-175x175.jpg 175w, https:\/\/ffcv.es\/wp\/wp-content\/uploads\/2017\/12\/IMG-20171114-WA0055-e1512651401744-85x85.jpg 85w\" data-sizes=\"(max-width: 150px) 100vw, 150px\" src=\"data:image\/gif;base64,R0lGODlhAQABAAAAACH5BAEKAAEALAAAAAABAAEAAAICTAEAOw==\" style=\"--smush-placeholder-width: 150px; --smush-placeholder-aspect-ratio: 150\/150;\" \/><noscript><img loading=\"lazy\" decoding=\"async\" width=\"150\" height=\"150\" src=\"https:\/\/ffcv.es\/wp\/wp-content\/uploads\/2017\/12\/IMG-20171114-WA0055-e1512651401744-150x150.jpg\" class=\"attachment-thumbnail size-thumbnail\" alt=\"\" ids=\"18734,17716,18733\" orderby=\"post__in\" include=\"18734,17716,18733\" srcset=\"https:\/\/ffcv.es\/wp\/wp-content\/uploads\/2017\/12\/IMG-20171114-WA0055-e1512651401744-150x150.jpg 150w, https:\/\/ffcv.es\/wp\/wp-content\/uploads\/2017\/12\/IMG-20171114-WA0055-e1512651401744-175x175.jpg 175w, https:\/\/ffcv.es\/wp\/wp-content\/uploads\/2017\/12\/IMG-20171114-WA0055-e1512651401744-85x85.jpg 85w\" sizes=\"(max-width: 150px) 100vw, 150px\" \/><\/noscript><span class=\"gallery_caption\"><\/span><\/a><\/div><div class=\"col-sm-6 col-md-4 col-lg-4\"><a href=\"https:\/\/ffcv.es\/wp\/wp-content\/uploads\/2018\/02\/DVX9oK7X0AERiNI.jpg\" title=\"\" class=\"hoverBorder\"><img loading=\"lazy\" decoding=\"async\" width=\"150\" height=\"150\" data-src=\"https:\/\/ffcv.es\/wp\/wp-content\/uploads\/2018\/02\/DVX9oK7X0AERiNI-150x150.jpg\" class=\"attachment-thumbnail size-thumbnail lazyload\" alt=\"\" ids=\"18734,17716,18733\" orderby=\"post__in\" include=\"18734,17716,18733\" data-srcset=\"https:\/\/ffcv.es\/wp\/wp-content\/uploads\/2018\/02\/DVX9oK7X0AERiNI-150x150.jpg 150w, https:\/\/ffcv.es\/wp\/wp-content\/uploads\/2018\/02\/DVX9oK7X0AERiNI-175x175.jpg 175w, https:\/\/ffcv.es\/wp\/wp-content\/uploads\/2018\/02\/DVX9oK7X0AERiNI-85x85.jpg 85w\" data-sizes=\"(max-width: 150px) 100vw, 150px\" src=\"data:image\/gif;base64,R0lGODlhAQABAAAAACH5BAEKAAEALAAAAAABAAEAAAICTAEAOw==\" style=\"--smush-placeholder-width: 150px; --smush-placeholder-aspect-ratio: 150\/150;\" \/><noscript><img loading=\"lazy\" decoding=\"async\" width=\"150\" height=\"150\" src=\"https:\/\/ffcv.es\/wp\/wp-content\/uploads\/2018\/02\/DVX9oK7X0AERiNI-150x150.jpg\" class=\"attachment-thumbnail size-thumbnail\" alt=\"\" ids=\"18734,17716,18733\" orderby=\"post__in\" include=\"18734,17716,18733\" srcset=\"https:\/\/ffcv.es\/wp\/wp-content\/uploads\/2018\/02\/DVX9oK7X0AERiNI-150x150.jpg 150w, https:\/\/ffcv.es\/wp\/wp-content\/uploads\/2018\/02\/DVX9oK7X0AERiNI-175x175.jpg 175w, https:\/\/ffcv.es\/wp\/wp-content\/uploads\/2018\/02\/DVX9oK7X0AERiNI-85x85.jpg 85w\" sizes=\"(max-width: 150px) 100vw, 150px\" \/><\/noscript><span class=\"gallery_caption\"><\/span><\/a><\/div><\/div><\/div>\n<p><em>Cuando hablamos antes de la primera fase me coment\u00f3 que el objetivo deb\u00eda ser sumar los seis puntos para que as\u00ed la segunda fase fuera m\u00e1s asequible. Lo consigui\u00f3. \u00bfCu\u00e1l es el objetivo que se marca ahora?<\/em><\/p>\n<p>El objetivo principalmente ser\u00e1 volver a conseguir los seis puntos, ya que en estos momentos la situaci\u00f3n en el campeonato Sub-18 es que hay seis selecciones con seis puntos, con lo cual hay selecciones que tienen que perder alg\u00fan punto. Nosotras tenemos un rival directo en el grupo, Castilla y Le\u00f3n, que tambi\u00e9n llega con seis puntos. Por eso, adem\u00e1s de ganar nuestros partidos, debemos buscar tener una buena racha de goles, porque en caso de que haya varias selecciones con los 12 puntos, se decidir\u00e1 el pase a las fases finales por los goles que tenga cada una. Por eso, el primer objetivo es conseguir los seis puntos de nuevo y, a partir de ah\u00ed, intentar evitar que nos marquen y meter m\u00e1s goles que los rivales. Vamos a explotar nuestra faceta goleadora.<\/p>\n<p><em>En la primera fase, ya demostraron ser una selecci\u00f3n goleadora \u20130 goles en contra y 4 a favor-, desde entonces ha tenido m\u00e1s sesiones de trabajo y entrenamiento con el grupo para asentar conceptos y hacerlo m\u00e1s efectivo\u2026<\/em><\/p>\n<p>S\u00ed, durante la primera fase conseguimos mantener la porter\u00eda a cero, que eso es importante. A nivel defensivo estuvimos bien, pero a nivel ofensivo, como se demostr\u00f3 en los partidos, tambi\u00e9n tenemos gente que puede hacer da\u00f1o. Por eso, con estas mismas jugadoras vamos a explotar nuestros puntos fuertes e intentar hacer da\u00f1o a las rivales. Hemos preparado muy bien esta segunda fase, hemos entrenado y hemos corregido errores, intentando mejorar aspectos de los que la Selecci\u00f3n carec\u00eda y que le faltaba por trabajar y mejorar. Yo creo que la preparaci\u00f3n ha sido buena y las \u2018chiquillas\u2019 tienen much\u00edsimas ganas de enfrentarse ya a las dos selecciones y pasar, o intentar lograr el objetivo de pasar, a la fase final.<\/p>\n<p><em>Todo este trabajo de mejora lo ha hecho con las mismas jugadoras con las que compiti\u00f3 en la primera fase. Repite convocatoria, \u00bfconf\u00eda plenamente en ellas?<\/em><\/p>\n<p>Pues s\u00ed, la primera fase las 18 se comportaron de forma ejemplar y el trabajo que hicieron fue espectacular, as\u00ed que de cara a esta segunda fase, tambi\u00e9n al ser tan cercana en el tiempo, hab\u00eda pocos cambios que hacer. Despu\u00e9s del bagaje que hicimos durante la primera fase y ver que la segunda ronda era tan cercana, decidimos mantener las 18 jugadoras. Por ese lado, tranquilidad y sabiendo que van a dar un plus m\u00e1s de lo que se vio en la primera fase. Vamos a luchar por estar en las fases finales.<\/p>\n<p><em>Autor: Prensa FFCV<\/em><\/p>\n","protected":false},"excerpt":{"rendered":"<p>La Selecci\u00f3n femenina Sub-18 firm\u00f3 una primera fase perfecta en el Campeonato de Espa\u00f1a de combinados auton\u00f3micos. Sum\u00f3 los seis puntos en liza, mantuvo su porter\u00eda a cero y demostr\u00f3 que es una selecci\u00f3n goleadora. Ahora, Santiago Triguero comparece a la segunda ronda con la misma expedici\u00f3n de jugadoras y con la confianza plena de<\/p>\n","protected":false},"author":5,"featured_media":17716,"comment_status":"closed","ping_status":"closed","sticky":false,"template":"","format":"standard","meta":{"om_disable_all_campaigns":false,"footnotes":""},"categories":[16,70,69,72],"tags":[189,124,752,838,837,58,799,401,127],"class_list":["post-18727","post","type-post","status-publish","format-standard","has-post-thumbnail","hentry","category-actualidad","category-noticias-entrenadores-noticias-arbitros","category-noticias-ffcv","category-noticias-selecciones","tag-campeonato-de-espana","tag-femenino","tag-futfem","tag-gandia","tag-guillermo-olague","tag-juveniles","tag-segunda-fase","tag-seleccion-valenciana","tag-sub-18"],"aioseo_notices":[],"_links":{"self":[{"href":"https:\/\/ffcv.es\/wp\/wp-json\/wp\/v2\/posts\/18727"}],"collection":[{"href":"https:\/\/ffcv.es\/wp\/wp-json\/wp\/v2\/posts"}],"about":[{"href":"https:\/\/ffcv.es\/wp\/wp-json\/wp\/v2\/types\/post"}],"author":[{"embeddable":true,"href":"https:\/\/ffcv.es\/wp\/wp-json\/wp\/v2\/users\/5"}],"replies":[{"embeddable":true,"href":"https:\/\/ffcv.es\/wp\/wp-json\/wp\/v2\/comments?post=18727"}],"version-history":[{"count":4,"href":"https:\/\/ffcv.es\/wp\/wp-json\/wp\/v2\/posts\/18727\/revisions"}],"predecessor-version":[{"id":18802,"href":"https:\/\/ffcv.es\/wp\/wp-json\/wp\/v2\/posts\/18727\/revisions\/18802"}],"wp:featuredmedia":[{"embeddable":true,"href":"https:\/\/ffcv.es\/wp\/wp-json\/wp\/v2\/media\/17716"}],"wp:attachment":[{"href":"https:\/\/ffcv.es\/wp\/wp-json\/wp\/v2\/media?parent=18727"}],"wp:term":[{"taxonomy":"category","embeddable":true,"href":"https:\/\/ffcv.es\/wp\/wp-json\/wp\/v2\/categories?post=18727"},{"taxonomy":"post_tag","embeddable":true,"href":"https:\/\/ffcv.es\/wp\/wp-json\/wp\/v2\/tags?post=18727"}],"curies":[{"name":"wp","href":"https:\/\/api.w.org\/{rel}","templated":true}]}}