{"id":181046,"date":"2025-12-10T14:46:53","date_gmt":"2025-12-10T12:46:53","guid":{"rendered":"https:\/\/ffcv.es\/wp\/?p=181046"},"modified":"2025-12-10T14:51:39","modified_gmt":"2025-12-10T12:51:39","slug":"pablo-delgado-juan-m-munuera-y-rita-cabanero-renuevan-su-escarapela-fifa-como-arbitros-internacionales","status":"publish","type":"post","link":"https:\/\/ffcv.es\/wp\/blog\/2025\/12\/pablo-delgado-juan-m-munuera-y-rita-cabanero-renuevan-su-escarapela-fifa-como-arbitros-internacionales\/","title":{"rendered":"Pablo Delgado, Juan M. Munuera y Rita Caba\u00f1ero renuevan su escarapela FIFA como \u00e1rbitros internacionales"},"content":{"rendered":"\n<p><strong>Pablo Delgado<\/strong>, <strong>Juan M. Munuera<\/strong> y <strong>Rita Caba\u00f1ero <\/strong>confirmaron un a\u00f1o m\u00e1s su condici\u00f3n de \u00e1rbitros internacionales en la Gala del Arbitraje de la <strong>RFEF<\/strong>.<\/p>\n\n\n\n<p>En esta edici\u00f3n, <strong>Caba\u00f1ero<\/strong> y <strong>M. Munuera<\/strong> no pudieron estar presentes en el acto debido a que se encontraban dirigiendo encuentros de car\u00e1cter internacional, mientras que <strong>Delgado<\/strong> s\u00ed recogi\u00f3 el reconocimiento en representaci\u00f3n del <strong>CTA<\/strong> de la <strong>FFCV<\/strong>.<\/p>\n\n\n\n<p>El<strong>\u00a0Comit\u00e9 T\u00e9cnico de \u00c1rbitros<\/strong> de la <strong>Real Federaci\u00f3n Espa\u00f1ola de F\u00fatbol<\/strong> celebr\u00f3 recientemente en el <strong>Hotel Meli\u00e1 Av. de Am\u00e9rica <\/strong>la gala anual donde los colegiados internacionales renuevan su escarapela <strong>FIFA<\/strong>. <\/p>\n\n\n\n<p>En total, se repartieron 46 escarapelas a \u00e1rbitros y \u00e1rbitras internacionales espa\u00f1oles de f\u00fatbol, f\u00fatbol sala y f\u00fatbol playa.<\/p>\n\n\n\n<figure class=\"wp-block-gallery has-nested-images columns-default is-cropped wp-block-gallery-1 is-layout-flex wp-block-gallery-is-layout-flex\">\n<figure class=\"wp-block-image size-large\"><img loading=\"lazy\" decoding=\"async\" width=\"1024\" height=\"683\" data-id=\"181054\" data-src=\"https:\/\/ffcv.es\/wp\/wp-content\/uploads\/2025\/12\/20251209_ACERO_166-Pablo-Delgado-recibe-escarapela-FIFA-1024x683.jpg\" alt=\"\" class=\"wp-image-181054 lazyload\" data-srcset=\"https:\/\/ffcv.es\/wp\/wp-content\/uploads\/2025\/12\/20251209_ACERO_166-Pablo-Delgado-recibe-escarapela-FIFA-1024x683.jpg 1024w, https:\/\/ffcv.es\/wp\/wp-content\/uploads\/2025\/12\/20251209_ACERO_166-Pablo-Delgado-recibe-escarapela-FIFA-300x200.jpg 300w, https:\/\/ffcv.es\/wp\/wp-content\/uploads\/2025\/12\/20251209_ACERO_166-Pablo-Delgado-recibe-escarapela-FIFA-768x512.jpg 768w, https:\/\/ffcv.es\/wp\/wp-content\/uploads\/2025\/12\/20251209_ACERO_166-Pablo-Delgado-recibe-escarapela-FIFA-1536x1024.jpg 1536w, https:\/\/ffcv.es\/wp\/wp-content\/uploads\/2025\/12\/20251209_ACERO_166-Pablo-Delgado-recibe-escarapela-FIFA-2048x1365.jpg 2048w, https:\/\/ffcv.es\/wp\/wp-content\/uploads\/2025\/12\/20251209_ACERO_166-Pablo-Delgado-recibe-escarapela-FIFA-280x187.jpg 280w, https:\/\/ffcv.es\/wp\/wp-content\/uploads\/2025\/12\/20251209_ACERO_166-Pablo-Delgado-recibe-escarapela-FIFA-1170x780.jpg 1170w, https:\/\/ffcv.es\/wp\/wp-content\/uploads\/2025\/12\/20251209_ACERO_166-Pablo-Delgado-recibe-escarapela-FIFA-scaled.jpg 1620w\" data-sizes=\"(max-width: 1024px) 100vw, 1024px\" src=\"data:image\/gif;base64,R0lGODlhAQABAAAAACH5BAEKAAEALAAAAAABAAEAAAICTAEAOw==\" style=\"--smush-placeholder-width: 1024px; --smush-placeholder-aspect-ratio: 1024\/683;\" \/><noscript><img loading=\"lazy\" decoding=\"async\" width=\"1024\" height=\"683\" data-id=\"181054\" src=\"https:\/\/ffcv.es\/wp\/wp-content\/uploads\/2025\/12\/20251209_ACERO_166-Pablo-Delgado-recibe-escarapela-FIFA-1024x683.jpg\" alt=\"\" class=\"wp-image-181054\" srcset=\"https:\/\/ffcv.es\/wp\/wp-content\/uploads\/2025\/12\/20251209_ACERO_166-Pablo-Delgado-recibe-escarapela-FIFA-1024x683.jpg 1024w, https:\/\/ffcv.es\/wp\/wp-content\/uploads\/2025\/12\/20251209_ACERO_166-Pablo-Delgado-recibe-escarapela-FIFA-300x200.jpg 300w, https:\/\/ffcv.es\/wp\/wp-content\/uploads\/2025\/12\/20251209_ACERO_166-Pablo-Delgado-recibe-escarapela-FIFA-768x512.jpg 768w, https:\/\/ffcv.es\/wp\/wp-content\/uploads\/2025\/12\/20251209_ACERO_166-Pablo-Delgado-recibe-escarapela-FIFA-1536x1024.jpg 1536w, https:\/\/ffcv.es\/wp\/wp-content\/uploads\/2025\/12\/20251209_ACERO_166-Pablo-Delgado-recibe-escarapela-FIFA-2048x1365.jpg 2048w, https:\/\/ffcv.es\/wp\/wp-content\/uploads\/2025\/12\/20251209_ACERO_166-Pablo-Delgado-recibe-escarapela-FIFA-280x187.jpg 280w, https:\/\/ffcv.es\/wp\/wp-content\/uploads\/2025\/12\/20251209_ACERO_166-Pablo-Delgado-recibe-escarapela-FIFA-1170x780.jpg 1170w, https:\/\/ffcv.es\/wp\/wp-content\/uploads\/2025\/12\/20251209_ACERO_166-Pablo-Delgado-recibe-escarapela-FIFA-scaled.jpg 1620w\" sizes=\"(max-width: 1024px) 100vw, 1024px\" \/><\/noscript><figcaption class=\"wp-element-caption\">Pablo Delgado recibe la escarapela FIFA como \u00e1rbitro internacional<\/figcaption><\/figure>\n<\/figure>\n\n\n\n<p>De ellos, un total de tres representan al arbitraje de la <strong>Comunitat Valenciana: Rita Caba\u00f1ero <\/strong>y <strong>Juan Mart\u00ednez Munuera<\/strong> en la modalidad de f\u00fatbol y <strong>Pablo Delgado<\/strong> en la de f\u00fatbol sala.<\/p>\n\n\n\n<p>Al acto asistieron el presidente del <strong>CTA<\/strong> de la <strong>RFEF<\/strong>, <strong>Fran Soto<\/strong>; el presidente del <strong>Comit\u00e9 T\u00e8cnic d&#8217;\u00c0rbitr\u00e6s<\/strong> de la <strong>FFCV<\/strong>, <strong>Jos\u00e9 Enguix<\/strong>; y el presidente de la <strong>RFEF<\/strong>, <strong>Rafael Louz\u00e1n<\/strong>.<\/p>\n\n\n\n<figure class=\"wp-block-image size-large\"><img loading=\"lazy\" decoding=\"async\" width=\"1024\" height=\"694\" data-src=\"https:\/\/ffcv.es\/wp\/wp-content\/uploads\/2025\/12\/WhatsApp-Image-2025-12-09-at-17.32-1-1024x694.jpg\" alt=\"\" class=\"wp-image-181073 lazyload\" data-srcset=\"https:\/\/ffcv.es\/wp\/wp-content\/uploads\/2025\/12\/WhatsApp-Image-2025-12-09-at-17.32-1-1024x694.jpg 1024w, https:\/\/ffcv.es\/wp\/wp-content\/uploads\/2025\/12\/WhatsApp-Image-2025-12-09-at-17.32-1-300x203.jpg 300w, https:\/\/ffcv.es\/wp\/wp-content\/uploads\/2025\/12\/WhatsApp-Image-2025-12-09-at-17.32-1-768x520.jpg 768w, https:\/\/ffcv.es\/wp\/wp-content\/uploads\/2025\/12\/WhatsApp-Image-2025-12-09-at-17.32-1-1536x1041.jpg 1536w, https:\/\/ffcv.es\/wp\/wp-content\/uploads\/2025\/12\/WhatsApp-Image-2025-12-09-at-17.32-1-276x187.jpg 276w, https:\/\/ffcv.es\/wp\/wp-content\/uploads\/2025\/12\/WhatsApp-Image-2025-12-09-at-17.32-1-1170x793.jpg 1170w, https:\/\/ffcv.es\/wp\/wp-content\/uploads\/2025\/12\/WhatsApp-Image-2025-12-09-at-17.32-1.jpg 1594w\" data-sizes=\"(max-width: 1024px) 100vw, 1024px\" src=\"data:image\/gif;base64,R0lGODlhAQABAAAAACH5BAEKAAEALAAAAAABAAEAAAICTAEAOw==\" style=\"--smush-placeholder-width: 1024px; --smush-placeholder-aspect-ratio: 1024\/694;\" \/><noscript><img loading=\"lazy\" decoding=\"async\" width=\"1024\" height=\"694\" src=\"https:\/\/ffcv.es\/wp\/wp-content\/uploads\/2025\/12\/WhatsApp-Image-2025-12-09-at-17.32-1-1024x694.jpg\" alt=\"\" class=\"wp-image-181073\" srcset=\"https:\/\/ffcv.es\/wp\/wp-content\/uploads\/2025\/12\/WhatsApp-Image-2025-12-09-at-17.32-1-1024x694.jpg 1024w, https:\/\/ffcv.es\/wp\/wp-content\/uploads\/2025\/12\/WhatsApp-Image-2025-12-09-at-17.32-1-300x203.jpg 300w, https:\/\/ffcv.es\/wp\/wp-content\/uploads\/2025\/12\/WhatsApp-Image-2025-12-09-at-17.32-1-768x520.jpg 768w, https:\/\/ffcv.es\/wp\/wp-content\/uploads\/2025\/12\/WhatsApp-Image-2025-12-09-at-17.32-1-1536x1041.jpg 1536w, https:\/\/ffcv.es\/wp\/wp-content\/uploads\/2025\/12\/WhatsApp-Image-2025-12-09-at-17.32-1-276x187.jpg 276w, https:\/\/ffcv.es\/wp\/wp-content\/uploads\/2025\/12\/WhatsApp-Image-2025-12-09-at-17.32-1-1170x793.jpg 1170w, https:\/\/ffcv.es\/wp\/wp-content\/uploads\/2025\/12\/WhatsApp-Image-2025-12-09-at-17.32-1.jpg 1594w\" sizes=\"(max-width: 1024px) 100vw, 1024px\" \/><\/noscript><\/figure>\n\n\n\n<figure class=\"wp-block-gallery has-nested-images columns-default is-cropped wp-block-gallery-2 is-layout-flex wp-block-gallery-is-layout-flex\">\n<figure class=\"wp-block-image size-large\"><img loading=\"lazy\" decoding=\"async\" width=\"1024\" height=\"683\" data-id=\"181057\" data-src=\"https:\/\/ffcv.es\/wp\/wp-content\/uploads\/2025\/12\/20251209_ACERO_55-Andres-Fuentes-1024x683.jpg\" alt=\"\" class=\"wp-image-181057 lazyload\" data-srcset=\"https:\/\/ffcv.es\/wp\/wp-content\/uploads\/2025\/12\/20251209_ACERO_55-Andres-Fuentes-1024x683.jpg 1024w, https:\/\/ffcv.es\/wp\/wp-content\/uploads\/2025\/12\/20251209_ACERO_55-Andres-Fuentes-300x200.jpg 300w, https:\/\/ffcv.es\/wp\/wp-content\/uploads\/2025\/12\/20251209_ACERO_55-Andres-Fuentes-768x512.jpg 768w, https:\/\/ffcv.es\/wp\/wp-content\/uploads\/2025\/12\/20251209_ACERO_55-Andres-Fuentes-1536x1024.jpg 1536w, https:\/\/ffcv.es\/wp\/wp-content\/uploads\/2025\/12\/20251209_ACERO_55-Andres-Fuentes-2048x1365.jpg 2048w, https:\/\/ffcv.es\/wp\/wp-content\/uploads\/2025\/12\/20251209_ACERO_55-Andres-Fuentes-280x187.jpg 280w, https:\/\/ffcv.es\/wp\/wp-content\/uploads\/2025\/12\/20251209_ACERO_55-Andres-Fuentes-1170x780.jpg 1170w, https:\/\/ffcv.es\/wp\/wp-content\/uploads\/2025\/12\/20251209_ACERO_55-Andres-Fuentes-scaled.jpg 1620w\" data-sizes=\"(max-width: 1024px) 100vw, 1024px\" src=\"data:image\/gif;base64,R0lGODlhAQABAAAAACH5BAEKAAEALAAAAAABAAEAAAICTAEAOw==\" style=\"--smush-placeholder-width: 1024px; --smush-placeholder-aspect-ratio: 1024\/683;\" \/><noscript><img loading=\"lazy\" decoding=\"async\" width=\"1024\" height=\"683\" data-id=\"181057\" src=\"https:\/\/ffcv.es\/wp\/wp-content\/uploads\/2025\/12\/20251209_ACERO_55-Andres-Fuentes-1024x683.jpg\" alt=\"\" class=\"wp-image-181057\" srcset=\"https:\/\/ffcv.es\/wp\/wp-content\/uploads\/2025\/12\/20251209_ACERO_55-Andres-Fuentes-1024x683.jpg 1024w, https:\/\/ffcv.es\/wp\/wp-content\/uploads\/2025\/12\/20251209_ACERO_55-Andres-Fuentes-300x200.jpg 300w, https:\/\/ffcv.es\/wp\/wp-content\/uploads\/2025\/12\/20251209_ACERO_55-Andres-Fuentes-768x512.jpg 768w, https:\/\/ffcv.es\/wp\/wp-content\/uploads\/2025\/12\/20251209_ACERO_55-Andres-Fuentes-1536x1024.jpg 1536w, https:\/\/ffcv.es\/wp\/wp-content\/uploads\/2025\/12\/20251209_ACERO_55-Andres-Fuentes-2048x1365.jpg 2048w, https:\/\/ffcv.es\/wp\/wp-content\/uploads\/2025\/12\/20251209_ACERO_55-Andres-Fuentes-280x187.jpg 280w, https:\/\/ffcv.es\/wp\/wp-content\/uploads\/2025\/12\/20251209_ACERO_55-Andres-Fuentes-1170x780.jpg 1170w, https:\/\/ffcv.es\/wp\/wp-content\/uploads\/2025\/12\/20251209_ACERO_55-Andres-Fuentes-scaled.jpg 1620w\" sizes=\"(max-width: 1024px) 100vw, 1024px\" \/><\/noscript><\/figure>\n\n\n\n<figure class=\"wp-block-image size-large\"><img loading=\"lazy\" decoding=\"async\" width=\"1024\" height=\"683\" data-id=\"181058\" data-src=\"https:\/\/ffcv.es\/wp\/wp-content\/uploads\/2025\/12\/20251209_ACERO_62-Miguel-Martinez-Munuera--1024x683.jpg\" alt=\"\" class=\"wp-image-181058 lazyload\" data-srcset=\"https:\/\/ffcv.es\/wp\/wp-content\/uploads\/2025\/12\/20251209_ACERO_62-Miguel-Martinez-Munuera--1024x683.jpg 1024w, https:\/\/ffcv.es\/wp\/wp-content\/uploads\/2025\/12\/20251209_ACERO_62-Miguel-Martinez-Munuera--300x200.jpg 300w, https:\/\/ffcv.es\/wp\/wp-content\/uploads\/2025\/12\/20251209_ACERO_62-Miguel-Martinez-Munuera--768x512.jpg 768w, https:\/\/ffcv.es\/wp\/wp-content\/uploads\/2025\/12\/20251209_ACERO_62-Miguel-Martinez-Munuera--1536x1024.jpg 1536w, https:\/\/ffcv.es\/wp\/wp-content\/uploads\/2025\/12\/20251209_ACERO_62-Miguel-Martinez-Munuera--2048x1365.jpg 2048w, https:\/\/ffcv.es\/wp\/wp-content\/uploads\/2025\/12\/20251209_ACERO_62-Miguel-Martinez-Munuera--280x187.jpg 280w, https:\/\/ffcv.es\/wp\/wp-content\/uploads\/2025\/12\/20251209_ACERO_62-Miguel-Martinez-Munuera--1170x780.jpg 1170w, https:\/\/ffcv.es\/wp\/wp-content\/uploads\/2025\/12\/20251209_ACERO_62-Miguel-Martinez-Munuera--scaled.jpg 1620w\" data-sizes=\"(max-width: 1024px) 100vw, 1024px\" src=\"data:image\/gif;base64,R0lGODlhAQABAAAAACH5BAEKAAEALAAAAAABAAEAAAICTAEAOw==\" style=\"--smush-placeholder-width: 1024px; --smush-placeholder-aspect-ratio: 1024\/683;\" \/><noscript><img loading=\"lazy\" decoding=\"async\" width=\"1024\" height=\"683\" data-id=\"181058\" src=\"https:\/\/ffcv.es\/wp\/wp-content\/uploads\/2025\/12\/20251209_ACERO_62-Miguel-Martinez-Munuera--1024x683.jpg\" alt=\"\" class=\"wp-image-181058\" srcset=\"https:\/\/ffcv.es\/wp\/wp-content\/uploads\/2025\/12\/20251209_ACERO_62-Miguel-Martinez-Munuera--1024x683.jpg 1024w, https:\/\/ffcv.es\/wp\/wp-content\/uploads\/2025\/12\/20251209_ACERO_62-Miguel-Martinez-Munuera--300x200.jpg 300w, https:\/\/ffcv.es\/wp\/wp-content\/uploads\/2025\/12\/20251209_ACERO_62-Miguel-Martinez-Munuera--768x512.jpg 768w, https:\/\/ffcv.es\/wp\/wp-content\/uploads\/2025\/12\/20251209_ACERO_62-Miguel-Martinez-Munuera--1536x1024.jpg 1536w, https:\/\/ffcv.es\/wp\/wp-content\/uploads\/2025\/12\/20251209_ACERO_62-Miguel-Martinez-Munuera--2048x1365.jpg 2048w, https:\/\/ffcv.es\/wp\/wp-content\/uploads\/2025\/12\/20251209_ACERO_62-Miguel-Martinez-Munuera--280x187.jpg 280w, https:\/\/ffcv.es\/wp\/wp-content\/uploads\/2025\/12\/20251209_ACERO_62-Miguel-Martinez-Munuera--1170x780.jpg 1170w, https:\/\/ffcv.es\/wp\/wp-content\/uploads\/2025\/12\/20251209_ACERO_62-Miguel-Martinez-Munuera--scaled.jpg 1620w\" sizes=\"(max-width: 1024px) 100vw, 1024px\" \/><\/noscript><\/figure>\n<\/figure>\n\n\n\n<p>En la Gala se repasaron los \u00e9xitos alcanzados por el colectivo arbitral espa\u00f1ol en 2025 y los retos que se presentan de cara a 2026.<\/p>\n","protected":false},"excerpt":{"rendered":"<p>Pablo Delgado, Juan M. Munuera y Rita Caba\u00f1ero confirmaron un a\u00f1o m\u00e1s su condici\u00f3n de \u00e1rbitros internacionales en la Gala del Arbitraje de la RFEF. En esta edici\u00f3n, Caba\u00f1ero y M. Munuera no pudieron estar presentes en el acto debido a que se encontraban dirigiendo encuentros de car\u00e1cter internacional, mientras que Delgado s\u00ed recogi\u00f3 el<\/p>\n","protected":false},"author":37,"featured_media":181054,"comment_status":"closed","ping_status":"closed","sticky":false,"template":"","format":"standard","meta":{"om_disable_all_campaigns":false,"footnotes":""},"categories":[16,71,69,1282],"tags":[858,188,217,659],"class_list":["post-181046","post","type-post","status-publish","format-standard","has-post-thumbnail","hentry","category-actualidad","category-noticias-arbitros-noticias-arbitros","category-noticias-ffcv","category-portada","tag-arbitraje","tag-cta","tag-fifa","tag-internacionales"],"aioseo_notices":[],"_links":{"self":[{"href":"https:\/\/ffcv.es\/wp\/wp-json\/wp\/v2\/posts\/181046"}],"collection":[{"href":"https:\/\/ffcv.es\/wp\/wp-json\/wp\/v2\/posts"}],"about":[{"href":"https:\/\/ffcv.es\/wp\/wp-json\/wp\/v2\/types\/post"}],"author":[{"embeddable":true,"href":"https:\/\/ffcv.es\/wp\/wp-json\/wp\/v2\/users\/37"}],"replies":[{"embeddable":true,"href":"https:\/\/ffcv.es\/wp\/wp-json\/wp\/v2\/comments?post=181046"}],"version-history":[{"count":2,"href":"https:\/\/ffcv.es\/wp\/wp-json\/wp\/v2\/posts\/181046\/revisions"}],"predecessor-version":[{"id":181087,"href":"https:\/\/ffcv.es\/wp\/wp-json\/wp\/v2\/posts\/181046\/revisions\/181087"}],"wp:featuredmedia":[{"embeddable":true,"href":"https:\/\/ffcv.es\/wp\/wp-json\/wp\/v2\/media\/181054"}],"wp:attachment":[{"href":"https:\/\/ffcv.es\/wp\/wp-json\/wp\/v2\/media?parent=181046"}],"wp:term":[{"taxonomy":"category","embeddable":true,"href":"https:\/\/ffcv.es\/wp\/wp-json\/wp\/v2\/categories?post=181046"},{"taxonomy":"post_tag","embeddable":true,"href":"https:\/\/ffcv.es\/wp\/wp-json\/wp\/v2\/tags?post=181046"}],"curies":[{"name":"wp","href":"https:\/\/api.w.org\/{rel}","templated":true}]}}