{"id":18088,"date":"2018-01-04T12:07:19","date_gmt":"2018-01-04T12:07:19","guid":{"rendered":"https:\/\/ffcv.es\/wp\/?p=18088"},"modified":"2018-01-04T12:07:19","modified_gmt":"2018-01-04T12:07:19","slug":"clinic-sala-femenino-carcaixent","status":"publish","type":"post","link":"https:\/\/ffcv.es\/wp\/blog\/2018\/01\/clinic-sala-femenino-carcaixent\/","title":{"rendered":"Clinic de Tecnificaci\u00f3n de F\u00fatbol Sala Femenino en Carcaixent"},"content":{"rendered":"<p>El Comit\u00e9 T\u00e9cnico de F\u00fatbol Sala de la Federaci\u00f3n de F\u00fatbol de la Comunidad Valenciana ha programado un Clinic Femenino de Tecnificaci\u00f3n que tendr\u00e1 lugar el pr\u00f3ximo domingo en el Pabell\u00f3n de la localidad valenciana de Carcaixent.<\/p>\n<div align=\"center\"><script src=\"\/\/pagead2.googlesyndication.com\/pagead\/js\/adsbygoogle.js\" async=\"\"><\/script><!-- cabecera_paginas_adaptable --> <ins class=\"adsbygoogle\" style=\"display: block; background: none !important;\" data-ad-client=\"ca-pub-8508993344894927\" data-ad-slot=\"8273813495\" data-ad-format=\"auto\"><\/ins><script>\/\/ <![CDATA[\n(adsbygoogle = window.adsbygoogle || []).push({}); \/\/ ]]\n\/\/ ]]><\/script><\/div>\n<p><a href=\"https:\/\/ffcv.es\/wp\/wp-content\/uploads\/2018\/01\/salayeclaextrem2-720x400.jpg\"><img loading=\"lazy\" decoding=\"async\" class=\"alignright wp-image-18089 lazyload\" data-src=\"https:\/\/ffcv.es\/wp\/wp-content\/uploads\/2018\/01\/salayeclaextrem2-720x400-300x167.jpg\" alt=\"salayeclaextrem2-720x400\" width=\"352\" height=\"196\" data-srcset=\"https:\/\/ffcv.es\/wp\/wp-content\/uploads\/2018\/01\/salayeclaextrem2-720x400-300x167.jpg 300w, https:\/\/ffcv.es\/wp\/wp-content\/uploads\/2018\/01\/salayeclaextrem2-720x400.jpg 720w\" data-sizes=\"(max-width: 352px) 100vw, 352px\" src=\"data:image\/gif;base64,R0lGODlhAQABAAAAACH5BAEKAAEALAAAAAABAAEAAAICTAEAOw==\" style=\"--smush-placeholder-width: 352px; --smush-placeholder-aspect-ratio: 352\/196;\" \/><noscript><img loading=\"lazy\" decoding=\"async\" class=\"alignright wp-image-18089 \" src=\"https:\/\/ffcv.es\/wp\/wp-content\/uploads\/2018\/01\/salayeclaextrem2-720x400-300x167.jpg\" alt=\"salayeclaextrem2-720x400\" width=\"352\" height=\"196\" srcset=\"https:\/\/ffcv.es\/wp\/wp-content\/uploads\/2018\/01\/salayeclaextrem2-720x400-300x167.jpg 300w, https:\/\/ffcv.es\/wp\/wp-content\/uploads\/2018\/01\/salayeclaextrem2-720x400.jpg 720w\" sizes=\"(max-width: 352px) 100vw, 352px\" \/><\/noscript><\/a>Jornada dedicada al f\u00fatbol sala femenino en Carcaixent. La pista B del Pabell\u00f3n FEVE acoger\u00e1 el domingo, d\u00eda 7 de enero, desde las 11:30 horas, un Clinic de Tecnificaci\u00f3n que estar\u00e1 dirigido por representantes del cuerpo t\u00e9cnico de seleccionadores del Comit\u00e9 de F\u00fatbol Sala y en el que participar\u00e1n las jugadoras del Futsacar Carcaixent. Posteriormente, la Selecci\u00f3n Valenciana Femenina Sub-21 realizar\u00e1 una sesi\u00f3n de entrenamiento matinal y otra vespertina como parte de su programa de preparaci\u00f3n para la disputa de la Fase Previa del Campeonato de Espa\u00f1a de Selecciones Auton\u00f3micas que organiza la Real Federaci\u00f3n Espa\u00f1ola de F\u00fatbol. Carcaixent, adem\u00e1s, acoge este d\u00eda <a href=\"https:\/\/ffcv.es\/wp\/futsacar-rival-seleccion-juvenil-sala\/\">un encuentro amistoso entre la Selecci\u00f3n masculina Sub-19 y el equipo local<\/a>, en la semana previa a su desplazamiento para participar en el Nacional de Selecciones.<\/p>\n<p><em>Autor: Prensa FFCV<\/em><\/p>\n","protected":false},"excerpt":{"rendered":"<p>El Comit\u00e9 T\u00e9cnico de F\u00fatbol Sala de la Federaci\u00f3n de F\u00fatbol de la Comunidad Valenciana ha programado un Clinic Femenino de Tecnificaci\u00f3n que tendr\u00e1 lugar el pr\u00f3ximo domingo en el Pabell\u00f3n de la localidad valenciana de Carcaixent. Jornada dedicada al f\u00fatbol sala femenino en Carcaixent. La pista B del Pabell\u00f3n FEVE acoger\u00e1 el domingo, d\u00eda<\/p>\n","protected":false},"author":5,"featured_media":18089,"comment_status":"closed","ping_status":"closed","sticky":false,"template":"","format":"standard","meta":{"om_disable_all_campaigns":false,"footnotes":""},"categories":[16,69,4,72],"tags":[124,51,187],"class_list":["post-18088","post","type-post","status-publish","format-standard","has-post-thumbnail","hentry","category-actualidad","category-noticias-ffcv","category-noticias-futbol-sala","category-noticias-selecciones","tag-femenino","tag-futbol-sala","tag-sub-21"],"aioseo_notices":[],"_links":{"self":[{"href":"https:\/\/ffcv.es\/wp\/wp-json\/wp\/v2\/posts\/18088"}],"collection":[{"href":"https:\/\/ffcv.es\/wp\/wp-json\/wp\/v2\/posts"}],"about":[{"href":"https:\/\/ffcv.es\/wp\/wp-json\/wp\/v2\/types\/post"}],"author":[{"embeddable":true,"href":"https:\/\/ffcv.es\/wp\/wp-json\/wp\/v2\/users\/5"}],"replies":[{"embeddable":true,"href":"https:\/\/ffcv.es\/wp\/wp-json\/wp\/v2\/comments?post=18088"}],"version-history":[{"count":1,"href":"https:\/\/ffcv.es\/wp\/wp-json\/wp\/v2\/posts\/18088\/revisions"}],"predecessor-version":[{"id":18090,"href":"https:\/\/ffcv.es\/wp\/wp-json\/wp\/v2\/posts\/18088\/revisions\/18090"}],"wp:featuredmedia":[{"embeddable":true,"href":"https:\/\/ffcv.es\/wp\/wp-json\/wp\/v2\/media\/18089"}],"wp:attachment":[{"href":"https:\/\/ffcv.es\/wp\/wp-json\/wp\/v2\/media?parent=18088"}],"wp:term":[{"taxonomy":"category","embeddable":true,"href":"https:\/\/ffcv.es\/wp\/wp-json\/wp\/v2\/categories?post=18088"},{"taxonomy":"post_tag","embeddable":true,"href":"https:\/\/ffcv.es\/wp\/wp-json\/wp\/v2\/tags?post=18088"}],"curies":[{"name":"wp","href":"https:\/\/api.w.org\/{rel}","templated":true}]}}