{"id":180741,"date":"2025-12-09T16:38:43","date_gmt":"2025-12-09T14:38:43","guid":{"rendered":"https:\/\/ffcv.es\/wp\/?p=180741"},"modified":"2025-12-10T01:05:25","modified_gmt":"2025-12-09T23:05:25","slug":"convocatoria-oficial-esta-es-la-seleccio-valenciana-valenta-sub16-de-futbol-que-disputara-la-primera-fase-del-cesa-en-gijon","status":"publish","type":"post","link":"https:\/\/ffcv.es\/wp\/blog\/2025\/12\/convocatoria-oficial-esta-es-la-seleccio-valenciana-valenta-sub16-de-futbol-que-disputara-la-primera-fase-del-cesa-en-gijon\/","title":{"rendered":"CONVOCATORIA OFICIAL: Esta es la Selecci\u00f3 Valenciana Valenta sub16 de f\u00fatbol que disputar\u00e1 la primera fase del CESA en Gij\u00f3n"},"content":{"rendered":"\n<p>La&nbsp;<strong>Federaci\u00f3 de Futbol de la Comunitat Valenciana&nbsp;<\/strong>ha hecho p\u00fablica la lista de convocadas de la&nbsp;<strong>Selecci\u00f3 Valenciana Valenta sub16 de f\u00fatbol<\/strong>&nbsp;para disputar la primera fase del&nbsp;<strong>Campeonato de Espa\u00f1a<\/strong>.<\/p>\n\n\n\n<p>El seleccionador&nbsp;<strong>Fernando Luna<\/strong>&nbsp;ha citado a estas 18 jugadoras que defender\u00e1n los colores de las&nbsp;<strong>Selecci\u00f3<\/strong>&nbsp;del 11 al 14 de diciembre en los <strong>Campos Federativos Maximino Mart\u00ednez Su\u00e1rez&nbsp;<\/strong>en&nbsp;<strong>Roces<\/strong>, <strong>Gij\u00f3n<\/strong>.<\/p>\n\n\n\n<div data-wp-interactive=\"core\/file\" class=\"wp-block-file\"><object data-wp-bind--hidden=\"!state.hasPdfPreview\"  class=\"wp-block-file__embed\" data=\"https:\/\/ffcv.es\/wp\/wp-content\/uploads\/2025\/12\/CONV.-SUB-16-PRIMERA-FASE-GIJON.pdf\" type=\"application\/pdf\" style=\"width:100%;height:600px\" aria-label=\"Incrustado de CONV. SUB-16 PRIMERA FASE GIJ\u00d3N.\"><\/object><a id=\"wp-block-file--media-5db60889-a21e-427a-abb6-d607f5231a32\" href=\"https:\/\/ffcv.es\/wp\/wp-content\/uploads\/2025\/12\/CONV.-SUB-16-PRIMERA-FASE-GIJON.pdf\">CONV. SUB-16 PRIMERA FASE GIJ\u00d3N<\/a><a href=\"https:\/\/ffcv.es\/wp\/wp-content\/uploads\/2025\/12\/CONV.-SUB-16-PRIMERA-FASE-GIJON.pdf\" class=\"wp-block-file__button wp-element-button\" download aria-describedby=\"wp-block-file--media-5db60889-a21e-427a-abb6-d607f5231a32\">Descarga<\/a><\/div>\n\n\n\n<figure class=\"wp-block-image size-large\"><img loading=\"lazy\" decoding=\"async\" width=\"1024\" height=\"576\" data-src=\"https:\/\/ffcv.es\/wp\/wp-content\/uploads\/2025\/12\/Convo-sub16-Fernando-Luna-1024x576.png\" alt=\"\" class=\"wp-image-180743 lazyload\" data-srcset=\"https:\/\/ffcv.es\/wp\/wp-content\/uploads\/2025\/12\/Convo-sub16-Fernando-Luna-1024x576.png 1024w, https:\/\/ffcv.es\/wp\/wp-content\/uploads\/2025\/12\/Convo-sub16-Fernando-Luna-300x169.png 300w, https:\/\/ffcv.es\/wp\/wp-content\/uploads\/2025\/12\/Convo-sub16-Fernando-Luna-768x432.png 768w, https:\/\/ffcv.es\/wp\/wp-content\/uploads\/2025\/12\/Convo-sub16-Fernando-Luna-1536x864.png 1536w, https:\/\/ffcv.es\/wp\/wp-content\/uploads\/2025\/12\/Convo-sub16-Fernando-Luna-2048x1152.png 2048w, https:\/\/ffcv.es\/wp\/wp-content\/uploads\/2025\/12\/Convo-sub16-Fernando-Luna-280x158.png 280w, https:\/\/ffcv.es\/wp\/wp-content\/uploads\/2025\/12\/Convo-sub16-Fernando-Luna-1170x658.png 1170w, https:\/\/ffcv.es\/wp\/wp-content\/uploads\/2025\/12\/Convo-sub16-Fernando-Luna.png 1920w\" data-sizes=\"(max-width: 1024px) 100vw, 1024px\" src=\"data:image\/gif;base64,R0lGODlhAQABAAAAACH5BAEKAAEALAAAAAABAAEAAAICTAEAOw==\" style=\"--smush-placeholder-width: 1024px; --smush-placeholder-aspect-ratio: 1024\/576;\" \/><noscript><img loading=\"lazy\" decoding=\"async\" width=\"1024\" height=\"576\" src=\"https:\/\/ffcv.es\/wp\/wp-content\/uploads\/2025\/12\/Convo-sub16-Fernando-Luna-1024x576.png\" alt=\"\" class=\"wp-image-180743\" srcset=\"https:\/\/ffcv.es\/wp\/wp-content\/uploads\/2025\/12\/Convo-sub16-Fernando-Luna-1024x576.png 1024w, https:\/\/ffcv.es\/wp\/wp-content\/uploads\/2025\/12\/Convo-sub16-Fernando-Luna-300x169.png 300w, https:\/\/ffcv.es\/wp\/wp-content\/uploads\/2025\/12\/Convo-sub16-Fernando-Luna-768x432.png 768w, https:\/\/ffcv.es\/wp\/wp-content\/uploads\/2025\/12\/Convo-sub16-Fernando-Luna-1536x864.png 1536w, https:\/\/ffcv.es\/wp\/wp-content\/uploads\/2025\/12\/Convo-sub16-Fernando-Luna-2048x1152.png 2048w, https:\/\/ffcv.es\/wp\/wp-content\/uploads\/2025\/12\/Convo-sub16-Fernando-Luna-280x158.png 280w, https:\/\/ffcv.es\/wp\/wp-content\/uploads\/2025\/12\/Convo-sub16-Fernando-Luna-1170x658.png 1170w, https:\/\/ffcv.es\/wp\/wp-content\/uploads\/2025\/12\/Convo-sub16-Fernando-Luna.png 1920w\" sizes=\"(max-width: 1024px) 100vw, 1024px\" \/><\/noscript><\/figure>\n\n\n\n<h2 class=\"wp-block-heading\">Rivales de la primera fase<\/h2>\n\n\n\n<p>Hace unos meses se sorte\u00f3 la&nbsp;<a href=\"https:\/\/ffcv.es\/wp\/blog\/2025\/10\/09\/catalunya-y-madrid-rivales-de-la-seleccio-valenciana-de-palop-en-la-primera-fase-de-la-copa-de-las-regiones-uefa\/\" target=\"_blank\" rel=\"noreferrer noopener\">sede y el grupo de la&nbsp;<\/a><strong><a href=\"https:\/\/ffcv.es\/wp\/blog\/2025\/10\/15\/rivales-de-la-seleccio-valenciana-valenta-sub14-y-sub16-en-la-primera-fase-del-campeonato-de-espana\/\" target=\"_blank\" rel=\"noopener\" title=\"\">Selecci\u00f3<\/a><\/strong><a href=\"https:\/\/ffcv.es\/wp\/blog\/2025\/10\/09\/catalunya-y-madrid-rivales-de-la-seleccio-valenciana-de-palop-en-la-primera-fase-de-la-copa-de-las-regiones-uefa\/\" target=\"_blank\" rel=\"noreferrer noopener\"><strong> Valenciana<\/strong><\/a>.<\/p>\n\n\n\n<p><strong>Asturias<\/strong>, <strong>Comunidad<\/strong>\u00a0<strong>de<\/strong>\u00a0<strong>Madrid<\/strong> y <strong>Euskadi<\/strong>\u00a0ser\u00e1n las rivales de una fase que se celebrar\u00e1 en los<strong> Campos Federativos Maximino Mart\u00ednez Su\u00e1rez\u00a0<\/strong>en\u00a0<strong>Roces<\/strong> del 11 al 14 de diciembre.<\/p>\n\n\n\n<h2 class=\"wp-block-heading\">Horarios de partidos<\/h2>\n\n\n\n<h3 class=\"wp-block-heading\">Vieres 12 de diciembre<\/h3>\n\n\n\n<p>10:00 <strong>Madrid<\/strong>&nbsp;\ud83c\udd9a&nbsp;<strong>Selecci\u00f3 Valenciana Valenta sub16<\/strong><\/p>\n\n\n\n<p>12:15 <strong>Madrid<\/strong>&nbsp;\ud83c\udd9a&nbsp;<strong>Selecci\u00f3 Valenciana Valenta sub14<\/strong><\/p>\n\n\n\n<h3 class=\"wp-block-heading\">S\u00e1bado 13 de diciembre<\/h3>\n\n\n\n<p>10:00 <strong>Asturias<\/strong>&nbsp;\ud83c\udd9a&nbsp;<strong>Selecci\u00f3 Valenciana Valenta sub14<\/strong><\/p>\n\n\n\n<p>12:15 <strong>Asturias<\/strong>&nbsp;\ud83c\udd9a&nbsp;<strong>Selecci\u00f3 Valenciana Valenta sub16<\/strong><\/p>\n\n\n\n<h3 class=\"wp-block-heading\">Domingo 14 de diciembre<\/h3>\n\n\n\n<p>10:00 <strong>Selecci\u00f3 Valenciana Valenta sub16<\/strong>&nbsp;\ud83c\udd9a&nbsp;<strong>Euskadi<\/strong><\/p>\n\n\n\n<p>12:15 <strong>Selecci\u00f3 Valenciana Valenta sub14<\/strong>&nbsp;\ud83c\udd9a&nbsp;<strong>Euskadi<\/strong><\/p>\n\n\n\n<figure class=\"wp-block-image size-large\"><img loading=\"lazy\" decoding=\"async\" width=\"1024\" height=\"613\" data-src=\"https:\/\/ffcv.es\/wp\/wp-content\/uploads\/2025\/12\/166b6534-a7da-4b49-901c-7ec9bca6d413-1536x920-2-1024x613.jpg\" alt=\"\" class=\"wp-image-180745 lazyload\" data-srcset=\"https:\/\/ffcv.es\/wp\/wp-content\/uploads\/2025\/12\/166b6534-a7da-4b49-901c-7ec9bca6d413-1536x920-2-1024x613.jpg 1024w, https:\/\/ffcv.es\/wp\/wp-content\/uploads\/2025\/12\/166b6534-a7da-4b49-901c-7ec9bca6d413-1536x920-2-300x180.jpg 300w, https:\/\/ffcv.es\/wp\/wp-content\/uploads\/2025\/12\/166b6534-a7da-4b49-901c-7ec9bca6d413-1536x920-2-768x460.jpg 768w, https:\/\/ffcv.es\/wp\/wp-content\/uploads\/2025\/12\/166b6534-a7da-4b49-901c-7ec9bca6d413-1536x920-2-280x168.jpg 280w, https:\/\/ffcv.es\/wp\/wp-content\/uploads\/2025\/12\/166b6534-a7da-4b49-901c-7ec9bca6d413-1536x920-2-1170x701.jpg 1170w, https:\/\/ffcv.es\/wp\/wp-content\/uploads\/2025\/12\/166b6534-a7da-4b49-901c-7ec9bca6d413-1536x920-2.jpg 1536w\" data-sizes=\"(max-width: 1024px) 100vw, 1024px\" src=\"data:image\/gif;base64,R0lGODlhAQABAAAAACH5BAEKAAEALAAAAAABAAEAAAICTAEAOw==\" style=\"--smush-placeholder-width: 1024px; --smush-placeholder-aspect-ratio: 1024\/613;\" \/><noscript><img loading=\"lazy\" decoding=\"async\" width=\"1024\" height=\"613\" src=\"https:\/\/ffcv.es\/wp\/wp-content\/uploads\/2025\/12\/166b6534-a7da-4b49-901c-7ec9bca6d413-1536x920-2-1024x613.jpg\" alt=\"\" class=\"wp-image-180745\" srcset=\"https:\/\/ffcv.es\/wp\/wp-content\/uploads\/2025\/12\/166b6534-a7da-4b49-901c-7ec9bca6d413-1536x920-2-1024x613.jpg 1024w, https:\/\/ffcv.es\/wp\/wp-content\/uploads\/2025\/12\/166b6534-a7da-4b49-901c-7ec9bca6d413-1536x920-2-300x180.jpg 300w, https:\/\/ffcv.es\/wp\/wp-content\/uploads\/2025\/12\/166b6534-a7da-4b49-901c-7ec9bca6d413-1536x920-2-768x460.jpg 768w, https:\/\/ffcv.es\/wp\/wp-content\/uploads\/2025\/12\/166b6534-a7da-4b49-901c-7ec9bca6d413-1536x920-2-280x168.jpg 280w, https:\/\/ffcv.es\/wp\/wp-content\/uploads\/2025\/12\/166b6534-a7da-4b49-901c-7ec9bca6d413-1536x920-2-1170x701.jpg 1170w, https:\/\/ffcv.es\/wp\/wp-content\/uploads\/2025\/12\/166b6534-a7da-4b49-901c-7ec9bca6d413-1536x920-2.jpg 1536w\" sizes=\"(max-width: 1024px) 100vw, 1024px\" \/><\/noscript><\/figure>\n","protected":false},"excerpt":{"rendered":"<p>La&nbsp;Federaci\u00f3 de Futbol de la Comunitat Valenciana&nbsp;ha hecho p\u00fablica la lista de convocadas de la&nbsp;Selecci\u00f3 Valenciana Valenta sub16 de f\u00fatbol&nbsp;para disputar la primera fase del&nbsp;Campeonato de Espa\u00f1a. El seleccionador&nbsp;Fernando Luna&nbsp;ha citado a estas 18 jugadoras que defender\u00e1n los colores de las&nbsp;Selecci\u00f3&nbsp;del 11 al 14 de diciembre en los Campos Federativos Maximino Mart\u00ednez Su\u00e1rez&nbsp;en&nbsp;Roces, Gij\u00f3n. Rivales<\/p>\n","protected":false},"author":37,"featured_media":180744,"comment_status":"closed","ping_status":"closed","sticky":false,"template":"","format":"standard","meta":{"om_disable_all_campaigns":false,"footnotes":""},"categories":[16,3438,69,1282],"tags":[8395,7574,658,8475],"class_list":["post-180741","post","type-post","status-publish","format-standard","has-post-thumbnail","hentry","category-actualidad","category-noticias-seleccion-valenta-sub16","category-noticias-ffcv","category-portada","tag-cesa","tag-fernando-luna","tag-gijon","tag-seleccio-valenciana-valeta-sub16"],"aioseo_notices":[],"_links":{"self":[{"href":"https:\/\/ffcv.es\/wp\/wp-json\/wp\/v2\/posts\/180741"}],"collection":[{"href":"https:\/\/ffcv.es\/wp\/wp-json\/wp\/v2\/posts"}],"about":[{"href":"https:\/\/ffcv.es\/wp\/wp-json\/wp\/v2\/types\/post"}],"author":[{"embeddable":true,"href":"https:\/\/ffcv.es\/wp\/wp-json\/wp\/v2\/users\/37"}],"replies":[{"embeddable":true,"href":"https:\/\/ffcv.es\/wp\/wp-json\/wp\/v2\/comments?post=180741"}],"version-history":[{"count":2,"href":"https:\/\/ffcv.es\/wp\/wp-json\/wp\/v2\/posts\/180741\/revisions"}],"predecessor-version":[{"id":180889,"href":"https:\/\/ffcv.es\/wp\/wp-json\/wp\/v2\/posts\/180741\/revisions\/180889"}],"wp:featuredmedia":[{"embeddable":true,"href":"https:\/\/ffcv.es\/wp\/wp-json\/wp\/v2\/media\/180744"}],"wp:attachment":[{"href":"https:\/\/ffcv.es\/wp\/wp-json\/wp\/v2\/media?parent=180741"}],"wp:term":[{"taxonomy":"category","embeddable":true,"href":"https:\/\/ffcv.es\/wp\/wp-json\/wp\/v2\/categories?post=180741"},{"taxonomy":"post_tag","embeddable":true,"href":"https:\/\/ffcv.es\/wp\/wp-json\/wp\/v2\/tags?post=180741"}],"curies":[{"name":"wp","href":"https:\/\/api.w.org\/{rel}","templated":true}]}}