{"id":17249,"date":"2017-11-20T18:01:27","date_gmt":"2017-11-20T18:01:27","guid":{"rendered":"https:\/\/ffcv.es\/wp\/?p=17249"},"modified":"2017-11-20T18:01:27","modified_gmt":"2017-11-20T18:01:27","slug":"convocatoria-seleccion-amateur","status":"publish","type":"post","link":"https:\/\/ffcv.es\/wp\/blog\/2017\/11\/convocatoria-seleccion-amateur\/","title":{"rendered":"Convocatoria de entrenamiento para la Selecci\u00f3n Valenciana Amateur"},"content":{"rendered":"<p>El combinado auton\u00f3mico Amateur que nos representar\u00e1 en la pr\u00f3xima Copa de las Regiones de la UEFA entrenar\u00e1 el pr\u00f3ximo mi\u00e9rcoles en el Campo Federativo &#8216;Miguel Monle\u00f3n&#8217; de Picassent.<\/p>\n<div align=\"center\"><script src=\"\/\/pagead2.googlesyndication.com\/pagead\/js\/adsbygoogle.js\" async=\"\"><\/script><!-- cabecera_paginas_adaptable --> <ins class=\"adsbygoogle\" style=\"display: block; background: none !important;\" data-ad-client=\"ca-pub-8508993344894927\" data-ad-slot=\"8273813495\" data-ad-format=\"auto\"><\/ins><script>\/\/ <![CDATA[\n(adsbygoogle = window.adsbygoogle || []).push({}); \/\/ ]]\n\/\/ ]]><\/script><\/div>\n<p><a href=\"https:\/\/ffcv.es\/wp\/wp-content\/uploads\/2017\/11\/sel-amateur-2017.jpg\"><img loading=\"lazy\" decoding=\"async\" class=\"alignright wp-image-17251 size-medium lazyload\" data-src=\"https:\/\/ffcv.es\/wp\/wp-content\/uploads\/2017\/11\/sel-amateur-2017-300x210.jpg\" alt=\"sel amateur 2017\" width=\"300\" height=\"210\" src=\"data:image\/gif;base64,R0lGODlhAQABAAAAACH5BAEKAAEALAAAAAABAAEAAAICTAEAOw==\" style=\"--smush-placeholder-width: 300px; --smush-placeholder-aspect-ratio: 300\/210;\" \/><noscript><img loading=\"lazy\" decoding=\"async\" class=\"alignright wp-image-17251 size-medium\" src=\"https:\/\/ffcv.es\/wp\/wp-content\/uploads\/2017\/11\/sel-amateur-2017-300x210.jpg\" alt=\"sel amateur 2017\" width=\"300\" height=\"210\" \/><\/noscript><\/a>A petici\u00f3n del seleccionador auton\u00f3mico, Eduardo Revert, la Selecci\u00f3n Amateur est\u00e1 citada a entrenar el pr\u00f3ximo mi\u00e9rcoles, d\u00eda 22 de noviembre, sobre el c\u00e9sped del Campo Federativo de la localidad valenciana de Picassent, dentro de su programa de preparaci\u00f3n espec\u00edfica para la particpaci\u00f3n en la Primera Fase de la Copa de las Regiones de la UEFA. Los veinte jugadores convocados a esta cita por la Federaci\u00f3n de F\u00fatbol de la Comunidad Valenciana, procedentes de un total de diez clubes, deber\u00e1n comparecer a las 17:00 horas sobre el verde del &#8216;Miguel Monle\u00f3n&#8217; de Picassent para dar comienzo a su sesi\u00f3n de trabajo seg\u00fan la siguiente convocatoria:<\/p>\n<p><a href=\"https:\/\/ffcv.es\/wp\/wp-content\/uploads\/2017\/11\/LISTA-DE-CITADOS-SELECCION-REGIONES-UEFA-4.pdf\">LISTA DE CITADOS SELECCION REGIONES UEFA<\/a><\/p>\n<p><em>Autor: Prensa FFCV<\/em><\/p>\n","protected":false},"excerpt":{"rendered":"<p>El combinado auton\u00f3mico Amateur que nos representar\u00e1 en la pr\u00f3xima Copa de las Regiones de la UEFA entrenar\u00e1 el pr\u00f3ximo mi\u00e9rcoles en el Campo Federativo &#8216;Miguel Monle\u00f3n&#8217; de Picassent. A petici\u00f3n del seleccionador auton\u00f3mico, Eduardo Revert, la Selecci\u00f3n Amateur est\u00e1 citada a entrenar el pr\u00f3ximo mi\u00e9rcoles, d\u00eda 22 de noviembre, sobre el c\u00e9sped del Campo<\/p>\n","protected":false},"author":5,"featured_media":17251,"comment_status":"closed","ping_status":"closed","sticky":false,"template":"","format":"standard","meta":{"om_disable_all_campaigns":false,"footnotes":""},"categories":[16,69,72],"tags":[642,102,584,98,86],"class_list":["post-17249","post","type-post","status-publish","format-standard","has-post-thumbnail","hentry","category-actualidad","category-noticias-ffcv","category-noticias-selecciones","tag-amateur","tag-convocatoria","tag-copa-de-regiones-uefa","tag-futbol","tag-selecciones"],"aioseo_notices":[],"_links":{"self":[{"href":"https:\/\/ffcv.es\/wp\/wp-json\/wp\/v2\/posts\/17249"}],"collection":[{"href":"https:\/\/ffcv.es\/wp\/wp-json\/wp\/v2\/posts"}],"about":[{"href":"https:\/\/ffcv.es\/wp\/wp-json\/wp\/v2\/types\/post"}],"author":[{"embeddable":true,"href":"https:\/\/ffcv.es\/wp\/wp-json\/wp\/v2\/users\/5"}],"replies":[{"embeddable":true,"href":"https:\/\/ffcv.es\/wp\/wp-json\/wp\/v2\/comments?post=17249"}],"version-history":[{"count":1,"href":"https:\/\/ffcv.es\/wp\/wp-json\/wp\/v2\/posts\/17249\/revisions"}],"predecessor-version":[{"id":17254,"href":"https:\/\/ffcv.es\/wp\/wp-json\/wp\/v2\/posts\/17249\/revisions\/17254"}],"wp:featuredmedia":[{"embeddable":true,"href":"https:\/\/ffcv.es\/wp\/wp-json\/wp\/v2\/media\/17251"}],"wp:attachment":[{"href":"https:\/\/ffcv.es\/wp\/wp-json\/wp\/v2\/media?parent=17249"}],"wp:term":[{"taxonomy":"category","embeddable":true,"href":"https:\/\/ffcv.es\/wp\/wp-json\/wp\/v2\/categories?post=17249"},{"taxonomy":"post_tag","embeddable":true,"href":"https:\/\/ffcv.es\/wp\/wp-json\/wp\/v2\/tags?post=17249"}],"curies":[{"name":"wp","href":"https:\/\/api.w.org\/{rel}","templated":true}]}}