{"id":170242,"date":"2025-11-18T10:27:43","date_gmt":"2025-11-18T08:27:43","guid":{"rendered":"https:\/\/ffcv.es\/wp\/?p=170242"},"modified":"2025-11-18T10:44:18","modified_gmt":"2025-11-18T08:44:18","slug":"convocatoria-amistoso-de-la-seleccio-valenciana-de-la-copa-de-las-regiones-uefa-ante-el-villarreal-cf-c","status":"publish","type":"post","link":"https:\/\/ffcv.es\/wp\/blog\/2025\/11\/convocatoria-amistoso-de-la-seleccio-valenciana-de-la-copa-de-las-regiones-uefa-ante-el-villarreal-cf-c\/","title":{"rendered":"CONVOCATORIA: Amistoso de la Selecci\u00f3 Valenciana de la Copa de las Regiones UEFA ante el Villarreal CF C"},"content":{"rendered":"\n<p>La <strong>Federaci\u00f3 de Futbol de la Comunitat Valenciana <\/strong>ha hecho p\u00fablica la cuarta convocatoria de la temporada de la <strong>Selecci\u00f3 Valenciana<\/strong> para la <strong>Copa de las Regiones UEFA<\/strong>.<\/p>\n\n\n\n<p>El <a href=\"https:\/\/ffcv.es\/wp\/blog\/2025\/09\/10\/andres-palop-ficha-por-la-seleccio-valenciana-asi-queda-el-cuerpo-tecnico-de-la-masculina-de-futbol-para-la-campana-25-26\/\" target=\"_blank\" rel=\"noopener\" title=\"\">seleccionador <strong>Andr\u00e9s Palop<\/strong><\/a> ha convocado a 23 jugadores para el partido amistoso ante el <strong>Villarreal<\/strong> <strong>CF C<\/strong> de <strong>Tercera Federaci\u00f3n RFEF<\/strong> en la Ciudad Deportiva &#8216;Jose Manuel Llaneza&#8217; de <strong>Vila-real<\/strong>.<\/p>\n\n\n\n<p>Este encuentro se celebra el martes 18 a las 17:30 y servir\u00e1 de preparaci\u00f3n para la primera fase de la <strong>Copa de las Regiones<\/strong> que se celebrar\u00e1 en <strong>Barcelona<\/strong> del 28 al 30 de noviembre.<\/p>\n\n\n\n<div data-wp-interactive=\"core\/file\" class=\"wp-block-file\"><object data-wp-bind--hidden=\"!state.hasPdfPreview\"  class=\"wp-block-file__embed\" data=\"https:\/\/ffcv.es\/wp\/wp-content\/uploads\/2025\/11\/CONV.-COPA-REGIONES-UEFA-VILLARREAL.pdf\" type=\"application\/pdf\" style=\"width:100%;height:600px\" aria-label=\"Incrustado de CONV. COPA REGIONES UEFA - VILLARREAL.\"><\/object><a id=\"wp-block-file--media-b60459df-eba3-461e-9461-1b38a5dea203\" href=\"https:\/\/ffcv.es\/wp\/wp-content\/uploads\/2025\/11\/CONV.-COPA-REGIONES-UEFA-VILLARREAL.pdf\">CONV. COPA REGIONES UEFA &#8211; VILLARREAL<\/a><a href=\"https:\/\/ffcv.es\/wp\/wp-content\/uploads\/2025\/11\/CONV.-COPA-REGIONES-UEFA-VILLARREAL.pdf\" class=\"wp-block-file__button wp-element-button\" download aria-describedby=\"wp-block-file--media-b60459df-eba3-461e-9461-1b38a5dea203\">Descarga<\/a><\/div>\n\n\n\n<h2 class=\"wp-block-heading\">Rivales de la primera fase<\/h2>\n\n\n\n<p>Hace un mes se sorte\u00f3 la <a href=\"https:\/\/ffcv.es\/wp\/blog\/2025\/10\/09\/catalunya-y-madrid-rivales-de-la-seleccio-valenciana-de-palop-en-la-primera-fase-de-la-copa-de-las-regiones-uefa\/\" target=\"_blank\" rel=\"noopener\" title=\"\">sede y el grupo de la <strong>Selecci\u00f3 Valenciana<\/strong><\/a>.<\/p>\n\n\n\n<p><strong>Catalunya<\/strong> y <strong>Comunidad<\/strong> <strong>de<\/strong> <strong>Madrid<\/strong> ser\u00e1n los rivales de una fase que se celebrar\u00e1 en la Ciutat Esportiva Damm de <strong>Barcelona<\/strong> del 27 al 30 de noviembre.<\/p>\n\n\n\n<p>Se trata de un torneo en el que solo pueden participar jugadores sin ficha P (profesional), con una fase nacional previa y una fase europea que mide a diferentes regiones de pa\u00edses europeos.<\/p>\n\n\n\n<figure class=\"wp-block-gallery has-nested-images columns-default is-cropped wp-block-gallery-1 is-layout-flex wp-block-gallery-is-layout-flex\">\n<figure class=\"wp-block-image size-large\"><img loading=\"lazy\" decoding=\"async\" width=\"1024\" height=\"675\" data-id=\"170251\" data-src=\"https:\/\/ffcv.es\/wp\/wp-content\/uploads\/2025\/11\/WhatsApp-Image-2025-11-05-at-18.11.43-7-1024x675.jpeg\" alt=\"\" class=\"wp-image-170251 lazyload\" data-srcset=\"https:\/\/ffcv.es\/wp\/wp-content\/uploads\/2025\/11\/WhatsApp-Image-2025-11-05-at-18.11.43-7-1024x675.jpeg 1024w, https:\/\/ffcv.es\/wp\/wp-content\/uploads\/2025\/11\/WhatsApp-Image-2025-11-05-at-18.11.43-7-300x198.jpeg 300w, https:\/\/ffcv.es\/wp\/wp-content\/uploads\/2025\/11\/WhatsApp-Image-2025-11-05-at-18.11.43-7-768x506.jpeg 768w, https:\/\/ffcv.es\/wp\/wp-content\/uploads\/2025\/11\/WhatsApp-Image-2025-11-05-at-18.11.43-7-1536x1013.jpeg 1536w, https:\/\/ffcv.es\/wp\/wp-content\/uploads\/2025\/11\/WhatsApp-Image-2025-11-05-at-18.11.43-7-280x185.jpeg 280w, https:\/\/ffcv.es\/wp\/wp-content\/uploads\/2025\/11\/WhatsApp-Image-2025-11-05-at-18.11.43-7-1170x771.jpeg 1170w, https:\/\/ffcv.es\/wp\/wp-content\/uploads\/2025\/11\/WhatsApp-Image-2025-11-05-at-18.11.43-7.jpeg 1600w\" data-sizes=\"(max-width: 1024px) 100vw, 1024px\" src=\"data:image\/gif;base64,R0lGODlhAQABAAAAACH5BAEKAAEALAAAAAABAAEAAAICTAEAOw==\" style=\"--smush-placeholder-width: 1024px; --smush-placeholder-aspect-ratio: 1024\/675;\" \/><noscript><img loading=\"lazy\" decoding=\"async\" width=\"1024\" height=\"675\" data-id=\"170251\" src=\"https:\/\/ffcv.es\/wp\/wp-content\/uploads\/2025\/11\/WhatsApp-Image-2025-11-05-at-18.11.43-7-1024x675.jpeg\" alt=\"\" class=\"wp-image-170251\" srcset=\"https:\/\/ffcv.es\/wp\/wp-content\/uploads\/2025\/11\/WhatsApp-Image-2025-11-05-at-18.11.43-7-1024x675.jpeg 1024w, https:\/\/ffcv.es\/wp\/wp-content\/uploads\/2025\/11\/WhatsApp-Image-2025-11-05-at-18.11.43-7-300x198.jpeg 300w, https:\/\/ffcv.es\/wp\/wp-content\/uploads\/2025\/11\/WhatsApp-Image-2025-11-05-at-18.11.43-7-768x506.jpeg 768w, https:\/\/ffcv.es\/wp\/wp-content\/uploads\/2025\/11\/WhatsApp-Image-2025-11-05-at-18.11.43-7-1536x1013.jpeg 1536w, https:\/\/ffcv.es\/wp\/wp-content\/uploads\/2025\/11\/WhatsApp-Image-2025-11-05-at-18.11.43-7-280x185.jpeg 280w, https:\/\/ffcv.es\/wp\/wp-content\/uploads\/2025\/11\/WhatsApp-Image-2025-11-05-at-18.11.43-7-1170x771.jpeg 1170w, https:\/\/ffcv.es\/wp\/wp-content\/uploads\/2025\/11\/WhatsApp-Image-2025-11-05-at-18.11.43-7.jpeg 1600w\" sizes=\"(max-width: 1024px) 100vw, 1024px\" \/><\/noscript><figcaption class=\"wp-element-caption\">Jugadores convocados el pasado 2 de noviembre, en Picassent.<\/figcaption><\/figure>\n<\/figure>\n","protected":false},"excerpt":{"rendered":"<p>La Federaci\u00f3 de Futbol de la Comunitat Valenciana ha hecho p\u00fablica la cuarta convocatoria de la temporada de la Selecci\u00f3 Valenciana para la Copa de las Regiones UEFA. El seleccionador Andr\u00e9s Palop ha convocado a 23 jugadores para el partido amistoso ante el Villarreal CF C de Tercera Federaci\u00f3n RFEF en la Ciudad Deportiva &#8216;Jose<\/p>\n","protected":false},"author":16,"featured_media":170250,"comment_status":"closed","ping_status":"closed","sticky":false,"template":"","format":"standard","meta":{"om_disable_all_campaigns":false,"footnotes":""},"categories":[3444,69,1282],"tags":[8337,102,1058],"class_list":["post-170242","post","type-post","status-publish","format-standard","has-post-thumbnail","hentry","category-seleccio-valenciana-uefa-regions-cup","category-noticias-ffcv","category-portada","tag-andres-palop","tag-convocatoria","tag-copa-de-las-regiones-uefa"],"aioseo_notices":[],"_links":{"self":[{"href":"https:\/\/ffcv.es\/wp\/wp-json\/wp\/v2\/posts\/170242"}],"collection":[{"href":"https:\/\/ffcv.es\/wp\/wp-json\/wp\/v2\/posts"}],"about":[{"href":"https:\/\/ffcv.es\/wp\/wp-json\/wp\/v2\/types\/post"}],"author":[{"embeddable":true,"href":"https:\/\/ffcv.es\/wp\/wp-json\/wp\/v2\/users\/16"}],"replies":[{"embeddable":true,"href":"https:\/\/ffcv.es\/wp\/wp-json\/wp\/v2\/comments?post=170242"}],"version-history":[{"count":1,"href":"https:\/\/ffcv.es\/wp\/wp-json\/wp\/v2\/posts\/170242\/revisions"}],"predecessor-version":[{"id":170252,"href":"https:\/\/ffcv.es\/wp\/wp-json\/wp\/v2\/posts\/170242\/revisions\/170252"}],"wp:featuredmedia":[{"embeddable":true,"href":"https:\/\/ffcv.es\/wp\/wp-json\/wp\/v2\/media\/170250"}],"wp:attachment":[{"href":"https:\/\/ffcv.es\/wp\/wp-json\/wp\/v2\/media?parent=170242"}],"wp:term":[{"taxonomy":"category","embeddable":true,"href":"https:\/\/ffcv.es\/wp\/wp-json\/wp\/v2\/categories?post=170242"},{"taxonomy":"post_tag","embeddable":true,"href":"https:\/\/ffcv.es\/wp\/wp-json\/wp\/v2\/tags?post=170242"}],"curies":[{"name":"wp","href":"https:\/\/api.w.org\/{rel}","templated":true}]}}