{"id":16726,"date":"2017-10-27T07:25:54","date_gmt":"2017-10-27T07:25:54","guid":{"rendered":"https:\/\/ffcv.es\/wp\/?p=16726"},"modified":"2017-10-27T07:26:36","modified_gmt":"2017-10-27T07:26:36","slug":"nucia-sede-copa-regiones-uefa","status":"publish","type":"post","link":"https:\/\/ffcv.es\/wp\/blog\/2017\/10\/nucia-sede-copa-regiones-uefa\/","title":{"rendered":"La Nuc\u00eda, sede de la Fase de Copa de las Regiones de UEFA"},"content":{"rendered":"<p>La Federaci\u00f3n de F\u00fatbol de la Comunidad Valenciana, como organizadora de la Fase del campeonato de Copa de las Regiones de UEFA, ha elegido a la localidad alicantina de La Nuc\u00eda como sede oficial del mismo.<\/p>\n<div align=\"center\"><script src=\"\/\/pagead2.googlesyndication.com\/pagead\/js\/adsbygoogle.js\" async=\"\"><\/script><!-- cabecera_paginas_adaptable --> <ins class=\"adsbygoogle\" style=\"display: block; background: none !important;\" data-ad-client=\"ca-pub-8508993344894927\" data-ad-slot=\"8273813495\" data-ad-format=\"auto\"><\/ins><script>\/\/ <![CDATA[\n(adsbygoogle = window.adsbygoogle || []).push({}); \/\/ ]]\n\/\/ ]]><\/script><\/div>\n<p><a href=\"https:\/\/ffcv.es\/wp\/wp-content\/uploads\/2017\/10\/FUTBOL-CAMPO-NATURAL-10.jpg\"><img loading=\"lazy\" decoding=\"async\" class=\"alignright wp-image-16727 size-medium lazyload\" data-src=\"https:\/\/ffcv.es\/wp\/wp-content\/uploads\/2017\/10\/FUTBOL-CAMPO-NATURAL-10-300x225.jpg\" alt=\"FUTBOL CAMPO NATURAL (10)\" width=\"300\" height=\"225\" data-srcset=\"https:\/\/ffcv.es\/wp\/wp-content\/uploads\/2017\/10\/FUTBOL-CAMPO-NATURAL-10-300x225.jpg 300w, https:\/\/ffcv.es\/wp\/wp-content\/uploads\/2017\/10\/FUTBOL-CAMPO-NATURAL-10-768x576.jpg 768w, https:\/\/ffcv.es\/wp\/wp-content\/uploads\/2017\/10\/FUTBOL-CAMPO-NATURAL-10.jpg 1024w\" data-sizes=\"(max-width: 300px) 100vw, 300px\" src=\"data:image\/gif;base64,R0lGODlhAQABAAAAACH5BAEKAAEALAAAAAABAAEAAAICTAEAOw==\" style=\"--smush-placeholder-width: 300px; --smush-placeholder-aspect-ratio: 300\/225;\" \/><noscript><img loading=\"lazy\" decoding=\"async\" class=\"alignright wp-image-16727 size-medium\" src=\"https:\/\/ffcv.es\/wp\/wp-content\/uploads\/2017\/10\/FUTBOL-CAMPO-NATURAL-10-300x225.jpg\" alt=\"FUTBOL CAMPO NATURAL (10)\" width=\"300\" height=\"225\" srcset=\"https:\/\/ffcv.es\/wp\/wp-content\/uploads\/2017\/10\/FUTBOL-CAMPO-NATURAL-10-300x225.jpg 300w, https:\/\/ffcv.es\/wp\/wp-content\/uploads\/2017\/10\/FUTBOL-CAMPO-NATURAL-10-768x576.jpg 768w, https:\/\/ffcv.es\/wp\/wp-content\/uploads\/2017\/10\/FUTBOL-CAMPO-NATURAL-10.jpg 1024w\" sizes=\"(max-width: 300px) 100vw, 300px\" \/><\/noscript><\/a>Finalmente, ser\u00e1n las magn\u00edficas instalaciones de la Ciudad Deportiva &#8216;Camilo Cano&#8217; de La Nuc\u00eda (Alicante) las que alberguen la primera fase del Grupo &#8216;D&#8217; de la Copa de las Regiones de la UEFA, en la que la Selecci\u00f3n Valenciana Amateur deber\u00e1 enfrentarse a los combinados auton\u00f3micos de Andaluc\u00eda y Murcia. La plantilla que dirige como seleccionador el t\u00e9cnico Edu Revert <a href=\"https:\/\/ffcv.es\/wp\/copa-regiones-uefa\/\">ejercer\u00e1 de anfitriona<\/a> de este torneo, que se disputar\u00e1 del 8 al 10 de diciembre pr\u00f3ximos. Como viene siendo habitual, el Ayuntamiento de la localidad alicantina ha dispuesto las m\u00e1ximas facilidades para la organizaci\u00f3n y celebraci\u00f3n de esta Fase de la Copa de las Regiones, en la que los valencianos se jugar\u00e1n la clasificaci\u00f3n para poder pasar a la posterior Fase Nacional del mismo.<\/p>\n<p><em>Autor: Prensa FFCV<\/em><\/p>\n","protected":false},"excerpt":{"rendered":"<p>La Federaci\u00f3n de F\u00fatbol de la Comunidad Valenciana, como organizadora de la Fase del campeonato de Copa de las Regiones de UEFA, ha elegido a la localidad alicantina de La Nuc\u00eda como sede oficial del mismo. Finalmente, ser\u00e1n las magn\u00edficas instalaciones de la Ciudad Deportiva &#8216;Camilo Cano&#8217; de La Nuc\u00eda (Alicante) las que alberguen la<\/p>\n","protected":false},"author":5,"featured_media":16727,"comment_status":"closed","ping_status":"closed","sticky":false,"template":"","format":"standard","meta":{"om_disable_all_campaigns":false,"footnotes":""},"categories":[16,69,72],"tags":[584,98,86],"class_list":["post-16726","post","type-post","status-publish","format-standard","has-post-thumbnail","hentry","category-actualidad","category-noticias-ffcv","category-noticias-selecciones","tag-copa-de-regiones-uefa","tag-futbol","tag-selecciones"],"aioseo_notices":[],"_links":{"self":[{"href":"https:\/\/ffcv.es\/wp\/wp-json\/wp\/v2\/posts\/16726"}],"collection":[{"href":"https:\/\/ffcv.es\/wp\/wp-json\/wp\/v2\/posts"}],"about":[{"href":"https:\/\/ffcv.es\/wp\/wp-json\/wp\/v2\/types\/post"}],"author":[{"embeddable":true,"href":"https:\/\/ffcv.es\/wp\/wp-json\/wp\/v2\/users\/5"}],"replies":[{"embeddable":true,"href":"https:\/\/ffcv.es\/wp\/wp-json\/wp\/v2\/comments?post=16726"}],"version-history":[{"count":1,"href":"https:\/\/ffcv.es\/wp\/wp-json\/wp\/v2\/posts\/16726\/revisions"}],"predecessor-version":[{"id":16728,"href":"https:\/\/ffcv.es\/wp\/wp-json\/wp\/v2\/posts\/16726\/revisions\/16728"}],"wp:featuredmedia":[{"embeddable":true,"href":"https:\/\/ffcv.es\/wp\/wp-json\/wp\/v2\/media\/16727"}],"wp:attachment":[{"href":"https:\/\/ffcv.es\/wp\/wp-json\/wp\/v2\/media?parent=16726"}],"wp:term":[{"taxonomy":"category","embeddable":true,"href":"https:\/\/ffcv.es\/wp\/wp-json\/wp\/v2\/categories?post=16726"},{"taxonomy":"post_tag","embeddable":true,"href":"https:\/\/ffcv.es\/wp\/wp-json\/wp\/v2\/tags?post=16726"}],"curies":[{"name":"wp","href":"https:\/\/api.w.org\/{rel}","templated":true}]}}