{"id":16601,"date":"2017-10-23T09:30:12","date_gmt":"2017-10-23T09:30:12","guid":{"rendered":"https:\/\/ffcv.es\/wp\/?p=16601"},"modified":"2017-10-23T09:30:12","modified_gmt":"2017-10-23T09:30:12","slug":"futbol-sala-las-selecciones-ya-conocen-rivales-destinos","status":"publish","type":"post","link":"https:\/\/ffcv.es\/wp\/blog\/2017\/10\/futbol-sala-las-selecciones-ya-conocen-rivales-destinos\/","title":{"rendered":"F\u00fatbol Sala: Las Selecciones ya conocen rivales y destinos"},"content":{"rendered":"<p>Tras los sorteos realizados por la Real Federaci\u00f3n Espa\u00f1ola de F\u00fatbol, las selecciones auton\u00f3micas de f\u00fatbol sala ya conocen lo que les ha deparado la suerte en cuanto a rivales y destinos de las Fases Previas de los diferentes Campeonatos de Espa\u00f1a.<\/p>\n<div align=\"center\"><script src=\"\/\/pagead2.googlesyndication.com\/pagead\/js\/adsbygoogle.js\" async=\"\"><\/script><!-- cabecera_paginas_adaptable --> <ins class=\"adsbygoogle\" style=\"display: block; background: none !important;\" data-ad-client=\"ca-pub-8508993344894927\" data-ad-slot=\"8273813495\" data-ad-format=\"auto\"><\/ins><script>\/\/ <![CDATA[\n(adsbygoogle = window.adsbygoogle || []).push({}); \/\/ ]]\n\/\/ ]]><\/script><\/div>\n<p><img loading=\"lazy\" decoding=\"async\" class=\"wp-image-2833 alignright lazyload\" data-src=\"https:\/\/ffcv.es\/wp\/wp-content\/uploads\/2016\/02\/salayeclaextrem2-300x166.jpg\" alt=\"salayeclaextrem2\" width=\"372\" height=\"206\" data-srcset=\"https:\/\/ffcv.es\/wp\/wp-content\/uploads\/2016\/02\/salayeclaextrem2-300x166.jpg 300w, https:\/\/ffcv.es\/wp\/wp-content\/uploads\/2016\/02\/salayeclaextrem2-1024x568.jpg 1024w, https:\/\/ffcv.es\/wp\/wp-content\/uploads\/2016\/02\/salayeclaextrem2-720x400.jpg 720w, https:\/\/ffcv.es\/wp\/wp-content\/uploads\/2016\/02\/salayeclaextrem2.jpg 1113w\" data-sizes=\"(max-width: 372px) 100vw, 372px\" src=\"data:image\/gif;base64,R0lGODlhAQABAAAAACH5BAEKAAEALAAAAAABAAEAAAICTAEAOw==\" style=\"--smush-placeholder-width: 372px; --smush-placeholder-aspect-ratio: 372\/206;\" \/><noscript><img loading=\"lazy\" decoding=\"async\" class=\" wp-image-2833 alignright\" src=\"https:\/\/ffcv.es\/wp\/wp-content\/uploads\/2016\/02\/salayeclaextrem2-300x166.jpg\" alt=\"salayeclaextrem2\" width=\"372\" height=\"206\" srcset=\"https:\/\/ffcv.es\/wp\/wp-content\/uploads\/2016\/02\/salayeclaextrem2-300x166.jpg 300w, https:\/\/ffcv.es\/wp\/wp-content\/uploads\/2016\/02\/salayeclaextrem2-1024x568.jpg 1024w, https:\/\/ffcv.es\/wp\/wp-content\/uploads\/2016\/02\/salayeclaextrem2-720x400.jpg 720w, https:\/\/ffcv.es\/wp\/wp-content\/uploads\/2016\/02\/salayeclaextrem2.jpg 1113w\" sizes=\"(max-width: 372px) 100vw, 372px\" \/><\/noscript>El Comit\u00e9 Nacional de F\u00fatbol Sala de la Real Federaci\u00f3n Espa\u00f1ola de F\u00fatbol ya ha celebrado los sorteos correspondientes a las adjudicaciones de las sedes organizadoras de las Fases Previas de los Campeonatos de Espa\u00f1a, as\u00ed como de la composici\u00f3n de los respectivos grupos que la conforman. As\u00ed, la Selecci\u00f3n Valenciana Femenina Sub-21 ha quedado encuadrada en el Grupo &#8216;C&#8217; junto a Navarra y la que ser\u00e1 anfitriona, la siempre potente Galicia; el combinado auton\u00f3mico Juvenil masculino (Sub-19) deber\u00e1 viajar al Pa\u00eds Vasco para medirse, en un Grupo &#8216;B&#8217; de cinco contendientes, a Islas Baleares, Catalu\u00f1a, Extremadura y los anfitriones vascos; por su parte, la Selecci\u00f3n Valenciana Cadete masculina (Sub-16) se desplazar\u00e1 a Catalu\u00f1a para medirse a los organizadores en un Grupo &#8216;D&#8217; que completar\u00e1n Canarias y el Pa\u00eds Vasco. En la presente temporada 2017\/18, la Selecci\u00f3n Valenciana tiene previsto participar tambi\u00e9n en los Campeonatos de Espa\u00f1a en categor\u00edas masculinas Infantil y Alev\u00edn, cuyas federaciones organizadoras, en fase \u00fanica, ser\u00e1n Catalu\u00f1a y Cantabria, respectivamente.<\/p>\n<p><em>Autor: Prensa FFCV<\/em><\/p>\n","protected":false},"excerpt":{"rendered":"<p>Tras los sorteos realizados por la Real Federaci\u00f3n Espa\u00f1ola de F\u00fatbol, las selecciones auton\u00f3micas de f\u00fatbol sala ya conocen lo que les ha deparado la suerte en cuanto a rivales y destinos de las Fases Previas de los diferentes Campeonatos de Espa\u00f1a. El Comit\u00e9 Nacional de F\u00fatbol Sala de la Real Federaci\u00f3n Espa\u00f1ola de F\u00fatbol<\/p>\n","protected":false},"author":5,"featured_media":2833,"comment_status":"closed","ping_status":"closed","sticky":false,"template":"","format":"standard","meta":{"om_disable_all_campaigns":false,"footnotes":""},"categories":[16,69,4,72],"tags":[90,118,125,124,51,116,97,86,187],"class_list":["post-16601","post","type-post","status-publish","format-standard","has-post-thumbnail","hentry","category-actualidad","category-noticias-ffcv","category-noticias-futbol-sala","category-noticias-selecciones","tag-alevin","tag-cadete","tag-campeonatos-de-espana","tag-femenino","tag-futbol-sala","tag-infantil","tag-juvenil","tag-selecciones","tag-sub-21"],"aioseo_notices":[],"_links":{"self":[{"href":"https:\/\/ffcv.es\/wp\/wp-json\/wp\/v2\/posts\/16601"}],"collection":[{"href":"https:\/\/ffcv.es\/wp\/wp-json\/wp\/v2\/posts"}],"about":[{"href":"https:\/\/ffcv.es\/wp\/wp-json\/wp\/v2\/types\/post"}],"author":[{"embeddable":true,"href":"https:\/\/ffcv.es\/wp\/wp-json\/wp\/v2\/users\/5"}],"replies":[{"embeddable":true,"href":"https:\/\/ffcv.es\/wp\/wp-json\/wp\/v2\/comments?post=16601"}],"version-history":[{"count":1,"href":"https:\/\/ffcv.es\/wp\/wp-json\/wp\/v2\/posts\/16601\/revisions"}],"predecessor-version":[{"id":16605,"href":"https:\/\/ffcv.es\/wp\/wp-json\/wp\/v2\/posts\/16601\/revisions\/16605"}],"wp:featuredmedia":[{"embeddable":true,"href":"https:\/\/ffcv.es\/wp\/wp-json\/wp\/v2\/media\/2833"}],"wp:attachment":[{"href":"https:\/\/ffcv.es\/wp\/wp-json\/wp\/v2\/media?parent=16601"}],"wp:term":[{"taxonomy":"category","embeddable":true,"href":"https:\/\/ffcv.es\/wp\/wp-json\/wp\/v2\/categories?post=16601"},{"taxonomy":"post_tag","embeddable":true,"href":"https:\/\/ffcv.es\/wp\/wp-json\/wp\/v2\/tags?post=16601"}],"curies":[{"name":"wp","href":"https:\/\/api.w.org\/{rel}","templated":true}]}}