{"id":16394,"date":"2017-10-11T10:34:36","date_gmt":"2017-10-11T10:34:36","guid":{"rendered":"https:\/\/ffcv.es\/wp\/?p=16394"},"modified":"2017-10-11T10:34:36","modified_gmt":"2017-10-11T10:34:36","slug":"duelo-entrenador-puzol-juanjo-soriano","status":"publish","type":"post","link":"https:\/\/ffcv.es\/wp\/blog\/2017\/10\/duelo-entrenador-puzol-juanjo-soriano\/","title":{"rendered":"Duelo por el fallecimiento del entrenador del Puzol Juanjo Soriano"},"content":{"rendered":"<p>La Federaci\u00f3n de F\u00fatbol de la Comunidad Valenciana desea mostrar su pesar y condolencias por el fallecimiento de Juanjo Soriano Abenza, ex-jugador y tambi\u00e9n entrenador de la UD Puzol.<\/p>\n<p><img loading=\"lazy\" decoding=\"async\" class=\"size-medium wp-image-11684 alignright lazyload\" data-src=\"https:\/\/ffcv.es\/wp\/wp-content\/uploads\/2016\/11\/luto-futbol-600x400-300x200.jpg\" alt=\"luto-futbol-600x400\" width=\"300\" height=\"200\" data-srcset=\"https:\/\/ffcv.es\/wp\/wp-content\/uploads\/2016\/11\/luto-futbol-600x400-300x200.jpg 300w, https:\/\/ffcv.es\/wp\/wp-content\/uploads\/2016\/11\/luto-futbol-600x400.jpg 600w\" data-sizes=\"(max-width: 300px) 100vw, 300px\" src=\"data:image\/gif;base64,R0lGODlhAQABAAAAACH5BAEKAAEALAAAAAABAAEAAAICTAEAOw==\" style=\"--smush-placeholder-width: 300px; --smush-placeholder-aspect-ratio: 300\/200;\" \/><noscript><img loading=\"lazy\" decoding=\"async\" class=\"size-medium wp-image-11684 alignright\" src=\"https:\/\/ffcv.es\/wp\/wp-content\/uploads\/2016\/11\/luto-futbol-600x400-300x200.jpg\" alt=\"luto-futbol-600x400\" width=\"300\" height=\"200\" srcset=\"https:\/\/ffcv.es\/wp\/wp-content\/uploads\/2016\/11\/luto-futbol-600x400-300x200.jpg 300w, https:\/\/ffcv.es\/wp\/wp-content\/uploads\/2016\/11\/luto-futbol-600x400.jpg 600w\" sizes=\"(max-width: 300px) 100vw, 300px\" \/><\/noscript>En nombre de la Federaci\u00f3n de F\u00fatbol de la Comunidad Valenciana, su presidente, Vicente Mu\u00f1oz Castell\u00f3, desea manifestar nuestro m\u00e1s sentido p\u00e9same a los familiares y allegados del ex-jugador y tambi\u00e9n entrenador de la UD Puzol Juan Jos\u00e9 Soriano Abenza, tristemente fallecido a los 25 a\u00f1os de edad. A trav\u00e9s de un comunicado, el club ha informado que el entierro se producir\u00e1 esta tarde a las 17:30 horas en la Iglesia de los Santos Juanes de Puzol. Adem\u00e1s, el pr\u00f3ximo fin de semana la entidad ha anunciado que guardar\u00e1 un minuto de silencio en memoria de Soriano en todos los partidos que se disputen en el Campo &#8216;Pep Claramunt&#8217;. Descanse en paz.<\/p>\n<p><em>Autor: Prensa FFCV<\/em><\/p>\n","protected":false},"excerpt":{"rendered":"<p>La Federaci\u00f3n de F\u00fatbol de la Comunidad Valenciana desea mostrar su pesar y condolencias por el fallecimiento de Juanjo Soriano Abenza, ex-jugador y tambi\u00e9n entrenador de la UD Puzol. En nombre de la Federaci\u00f3n de F\u00fatbol de la Comunidad Valenciana, su presidente, Vicente Mu\u00f1oz Castell\u00f3, desea manifestar nuestro m\u00e1s sentido p\u00e9same a los familiares y<\/p>\n","protected":false},"author":5,"featured_media":11684,"comment_status":"closed","ping_status":"closed","sticky":false,"template":"","format":"standard","meta":{"om_disable_all_campaigns":false,"footnotes":""},"categories":[16,69],"tags":[98,224],"class_list":["post-16394","post","type-post","status-publish","format-standard","has-post-thumbnail","hentry","category-actualidad","category-noticias-ffcv","tag-futbol","tag-obituario"],"aioseo_notices":[],"_links":{"self":[{"href":"https:\/\/ffcv.es\/wp\/wp-json\/wp\/v2\/posts\/16394"}],"collection":[{"href":"https:\/\/ffcv.es\/wp\/wp-json\/wp\/v2\/posts"}],"about":[{"href":"https:\/\/ffcv.es\/wp\/wp-json\/wp\/v2\/types\/post"}],"author":[{"embeddable":true,"href":"https:\/\/ffcv.es\/wp\/wp-json\/wp\/v2\/users\/5"}],"replies":[{"embeddable":true,"href":"https:\/\/ffcv.es\/wp\/wp-json\/wp\/v2\/comments?post=16394"}],"version-history":[{"count":1,"href":"https:\/\/ffcv.es\/wp\/wp-json\/wp\/v2\/posts\/16394\/revisions"}],"predecessor-version":[{"id":16398,"href":"https:\/\/ffcv.es\/wp\/wp-json\/wp\/v2\/posts\/16394\/revisions\/16398"}],"wp:featuredmedia":[{"embeddable":true,"href":"https:\/\/ffcv.es\/wp\/wp-json\/wp\/v2\/media\/11684"}],"wp:attachment":[{"href":"https:\/\/ffcv.es\/wp\/wp-json\/wp\/v2\/media?parent=16394"}],"wp:term":[{"taxonomy":"category","embeddable":true,"href":"https:\/\/ffcv.es\/wp\/wp-json\/wp\/v2\/categories?post=16394"},{"taxonomy":"post_tag","embeddable":true,"href":"https:\/\/ffcv.es\/wp\/wp-json\/wp\/v2\/tags?post=16394"}],"curies":[{"name":"wp","href":"https:\/\/api.w.org\/{rel}","templated":true}]}}