{"id":16341,"date":"2017-10-06T15:03:23","date_gmt":"2017-10-06T15:03:23","guid":{"rendered":"https:\/\/ffcv.es\/wp\/?p=16341"},"modified":"2017-10-06T15:03:23","modified_gmt":"2017-10-06T15:03:23","slug":"definitiva-grupos-futbol-base-alicante","status":"publish","type":"post","link":"https:\/\/ffcv.es\/wp\/blog\/2017\/10\/definitiva-grupos-futbol-base-alicante\/","title":{"rendered":"Composici\u00f3n definitiva de los grupos de F\u00fatbol Base &#8211; Alicante"},"content":{"rendered":"<p>La Delegaci\u00f3n de Alicante de la Federaci\u00f3n de F\u00fatbol de la Comunidad Valenciana ha confirmado de manera definitiva la composici\u00f3n de los grupos Alev\u00edn y Benjam\u00edn tras las modificaciones acaecidas en los \u00faltimos d\u00edas.<\/p>\n<div align=\"center\"><script src=\"\/\/pagead2.googlesyndication.com\/pagead\/js\/adsbygoogle.js\" async=\"\"><\/script><!-- cabecera_paginas_adaptable --> <ins class=\"adsbygoogle\" style=\"display: block; background: none !important;\" data-ad-client=\"ca-pub-8508993344894927\" data-ad-slot=\"8273813495\" data-ad-format=\"auto\"><\/ins><script>\/\/ <![CDATA[\n(adsbygoogle = window.adsbygoogle || []).push({}); \/\/ ]]\n\/\/ ]]><\/script><\/div>\n<p><img loading=\"lazy\" decoding=\"async\" class=\"size-medium wp-image-5054 alignright lazyload\" data-src=\"https:\/\/ffcv.es\/wp\/wp-content\/uploads\/2016\/09\/planterfinales2_opt-300x225.jpg\" alt=\"planterfinales2_opt\" width=\"300\" height=\"225\" data-srcset=\"https:\/\/ffcv.es\/wp\/wp-content\/uploads\/2016\/09\/planterfinales2_opt-300x225.jpg 300w, https:\/\/ffcv.es\/wp\/wp-content\/uploads\/2016\/09\/planterfinales2_opt.jpg 400w\" data-sizes=\"(max-width: 300px) 100vw, 300px\" src=\"data:image\/gif;base64,R0lGODlhAQABAAAAACH5BAEKAAEALAAAAAABAAEAAAICTAEAOw==\" style=\"--smush-placeholder-width: 300px; --smush-placeholder-aspect-ratio: 300\/225;\" \/><noscript><img loading=\"lazy\" decoding=\"async\" class=\"size-medium wp-image-5054 alignright\" src=\"https:\/\/ffcv.es\/wp\/wp-content\/uploads\/2016\/09\/planterfinales2_opt-300x225.jpg\" alt=\"planterfinales2_opt\" width=\"300\" height=\"225\" srcset=\"https:\/\/ffcv.es\/wp\/wp-content\/uploads\/2016\/09\/planterfinales2_opt-300x225.jpg 300w, https:\/\/ffcv.es\/wp\/wp-content\/uploads\/2016\/09\/planterfinales2_opt.jpg 400w\" sizes=\"(max-width: 300px) 100vw, 300px\" \/><\/noscript>Las bajas de equipos inscritos en los \u00faltimos d\u00edas, as\u00ed como las sugerencias de los propios clubes, han obligado a modificar sustancialmente la composici\u00f3n de los grupos de las categor\u00edas Alev\u00edn y Benjam\u00edn en la provincia de Alicante, tanto de primer como de segundo a\u00f1o, debiendo reestructurarse y resultando de manera definitiva como ya se puede comprobar tanto en el apartado &#8216;<a href=\"https:\/\/ffcv.es\/wp\/competiciones\/\">Competiciones<\/a>&#8216; de la web federativa como en la &#8216;app&#8217; de la FFCV o la plataforma digital F\u00e9nix.<\/p>\n<p><em>Autor: Prensa FFCV<\/em><\/p>\n","protected":false},"excerpt":{"rendered":"<p>La Delegaci\u00f3n de Alicante de la Federaci\u00f3n de F\u00fatbol de la Comunidad Valenciana ha confirmado de manera definitiva la composici\u00f3n de los grupos Alev\u00edn y Benjam\u00edn tras las modificaciones acaecidas en los \u00faltimos d\u00edas. Las bajas de equipos inscritos en los \u00faltimos d\u00edas, as\u00ed como las sugerencias de los propios clubes, han obligado a modificar<\/p>\n","protected":false},"author":5,"featured_media":12482,"comment_status":"closed","ping_status":"closed","sticky":false,"template":"","format":"standard","meta":{"om_disable_all_campaigns":false,"footnotes":""},"categories":[16,69],"tags":[90,141,117,104,128,103],"class_list":["post-16341","post","type-post","status-publish","format-standard","has-post-thumbnail","hentry","category-actualidad","category-noticias-ffcv","tag-alevin","tag-alicante","tag-benjamin","tag-calendarios","tag-futbol-base","tag-grupos"],"aioseo_notices":[],"_links":{"self":[{"href":"https:\/\/ffcv.es\/wp\/wp-json\/wp\/v2\/posts\/16341"}],"collection":[{"href":"https:\/\/ffcv.es\/wp\/wp-json\/wp\/v2\/posts"}],"about":[{"href":"https:\/\/ffcv.es\/wp\/wp-json\/wp\/v2\/types\/post"}],"author":[{"embeddable":true,"href":"https:\/\/ffcv.es\/wp\/wp-json\/wp\/v2\/users\/5"}],"replies":[{"embeddable":true,"href":"https:\/\/ffcv.es\/wp\/wp-json\/wp\/v2\/comments?post=16341"}],"version-history":[{"count":1,"href":"https:\/\/ffcv.es\/wp\/wp-json\/wp\/v2\/posts\/16341\/revisions"}],"predecessor-version":[{"id":16342,"href":"https:\/\/ffcv.es\/wp\/wp-json\/wp\/v2\/posts\/16341\/revisions\/16342"}],"wp:featuredmedia":[{"embeddable":true,"href":"https:\/\/ffcv.es\/wp\/wp-json\/wp\/v2\/media\/12482"}],"wp:attachment":[{"href":"https:\/\/ffcv.es\/wp\/wp-json\/wp\/v2\/media?parent=16341"}],"wp:term":[{"taxonomy":"category","embeddable":true,"href":"https:\/\/ffcv.es\/wp\/wp-json\/wp\/v2\/categories?post=16341"},{"taxonomy":"post_tag","embeddable":true,"href":"https:\/\/ffcv.es\/wp\/wp-json\/wp\/v2\/tags?post=16341"}],"curies":[{"name":"wp","href":"https:\/\/api.w.org\/{rel}","templated":true}]}}