{"id":161741,"date":"2025-07-09T11:51:42","date_gmt":"2025-07-09T09:51:42","guid":{"rendered":"https:\/\/ffcv.es\/wp\/?p=161741"},"modified":"2025-07-09T11:52:10","modified_gmt":"2025-07-09T09:52:10","slug":"ya-somos-135-980-nuevo-record-de-licencias-de-la-ffcv-en-la-temporada-24-25","status":"publish","type":"post","link":"https:\/\/ffcv.es\/wp\/blog\/2025\/07\/ya-somos-135-980-nuevo-record-de-licencias-de-la-ffcv-en-la-temporada-24-25\/","title":{"rendered":"Ya somos 135.980 \u203c\ufe0f Nuevo r\u00e9cord de licencias de la FFCV en la temporada 24\/25 \ud83e\udd29"},"content":{"rendered":"\n<p>La <strong>Federaci\u00f3 de Futbol de la Comunitat Valenciana<\/strong> celebra una temporada m\u00e1s un crecimiento espectacular en el n\u00famero de licencias para marcar un nuevo r\u00e9cord: <strong>135.980 federados y federadas<\/strong>.<\/p>\n\n\n\n<p>La <strong>FFCV<\/strong> ha cerrado la temporada 24\/25 con esta cifra que supera en 6.809 las licencias alcanzadas la campa\u00f1a pasada, que supuso un hito hist\u00f3rico para el f\u00fatbol y f\u00fatbol sala de la <strong>Comunitat Valenciana<\/strong>.<\/p>\n\n\n\n<p>La evoluci\u00f3n de las licencias en la <strong>FFCV<\/strong> a lo largo de las \u00faltimas temporadas hace a\u00fan m\u00e1s evidente la magnitud del subid\u00f3n de este a\u00f1o:<\/p>\n\n\n\n<p><\/p>\n\n\n\n<ul class=\"wp-block-list\">\n<li>Temporada 2024\/2025 &#8211; 135.980 licencias<\/li>\n\n\n\n<li>Temporada 2023\/2024 &#8211; 129.171 licencias<\/li>\n\n\n\n<li>Temporada 2022\/2023 &#8211; 113.445 licencias<\/li>\n\n\n\n<li>Temporada 2021\/2022 &#8211; 108.527 licencias<\/li>\n\n\n\n<li>Temporada 2020\/2021 &#8211; 95.403 licencias <\/li>\n\n\n\n<li>Temporada 2019\/2020 &#8211; 104.259&nbsp;licencias<\/li>\n\n\n\n<li>Temporada 2018\/2019 &#8211; 103.918 licencias<\/li>\n\n\n\n<li>Temporada 2017\/2018 &#8211; 102.446 licencias<\/li>\n\n\n\n<li>Temporada 2016\/2017 &#8211; 100.116 licencias<\/li>\n<\/ul>\n\n\n\n<div class=\"infogram-embed\" data-id=\"fd79c9e2-8c3c-4ba6-bdfd-5c72abdd1157\" data-type=\"interactive\" data-title=\"Licencias totales 2023\"><\/div><script>!function(e,i,n,s){var t=\"InfogramEmbeds\",d=e.getElementsByTagName(\"script\")[0];if(window[t]&&window[t].initialized)window[t].process&&window[t].process();else if(!e.getElementById(n)){var o=e.createElement(\"script\");o.async=1,o.id=n,o.src=\"https:\/\/e.infogram.com\/js\/dist\/embed-loader-min.js\",d.parentNode.insertBefore(o,d)}}(document,0,\"infogram-async\");<\/script><div style=\"padding:8px 0;font-family:Arial!important;font-size:13px!important;line-height:15px!important;text-align:center;border-top:1px solid #dadada;margin:0 30px\"><a href=\"https:\/\/infogram.com\/fd79c9e2-8c3c-4ba6-bdfd-5c72abdd1157\" style=\"color:#989898!important;text-decoration:none!important;\" target=\"_blank\" rel=\"noopener\">Licencias totales 2023<\/a><br><a href=\"https:\/\/infogram.com\" style=\"color:#989898!important;text-decoration:none!important;\" target=\"_blank\" rel=\"nofollow noopener\">Infogram<\/a><\/div>\n\n\n\n<p>El sentido com\u00fan, el \u00e9xito del programa <strong>Valenta<\/strong> -con especial impulso al f\u00fatbol sala-, la adaptabilidad y seriedad de las competiciones y la consolidaci\u00f3n de iniciativas como la<strong><a href=\"https:\/\/ffcv.es\/wp\/blog\/2021\/11\/14\/escola-de-gegants-ya-esta-en-marcha\/\"> Escola de Gegants<\/a><\/strong> ha ayudado a llegar a esa cifra r\u00e9cord.<\/p>\n\n\n\n<p>En estos siete a\u00f1os la <strong>FFCV<\/strong> ha experimentado unos cambios que han dado como resultado este gran aumento, la verdadera consolidaci\u00f3n del f\u00fatbol y del f\u00fatbol sala en la <strong>Comunitat Valenciana<\/strong>.<\/p>\n\n\n\n<figure class=\"wp-block-image size-large\"><img loading=\"lazy\" decoding=\"async\" width=\"1024\" height=\"683\" data-src=\"https:\/\/ffcv.es\/wp\/wp-content\/uploads\/2024\/06\/IMG_9856-1024x683.jpg\" alt=\"\" class=\"wp-image-138354 lazyload\" data-srcset=\"https:\/\/ffcv.es\/wp\/wp-content\/uploads\/2024\/06\/IMG_9856-1024x683.jpg 1024w, https:\/\/ffcv.es\/wp\/wp-content\/uploads\/2024\/06\/IMG_9856-300x200.jpg 300w, https:\/\/ffcv.es\/wp\/wp-content\/uploads\/2024\/06\/IMG_9856-768x512.jpg 768w, https:\/\/ffcv.es\/wp\/wp-content\/uploads\/2024\/06\/IMG_9856-1536x1024.jpg 1536w, https:\/\/ffcv.es\/wp\/wp-content\/uploads\/2024\/06\/IMG_9856-2048x1365.jpg 2048w, https:\/\/ffcv.es\/wp\/wp-content\/uploads\/2024\/06\/IMG_9856-280x187.jpg 280w, https:\/\/ffcv.es\/wp\/wp-content\/uploads\/2024\/06\/IMG_9856-1170x780.jpg 1170w, https:\/\/ffcv.es\/wp\/wp-content\/uploads\/2024\/06\/IMG_9856-scaled.jpg 1620w\" data-sizes=\"(max-width: 1024px) 100vw, 1024px\" src=\"data:image\/gif;base64,R0lGODlhAQABAAAAACH5BAEKAAEALAAAAAABAAEAAAICTAEAOw==\" style=\"--smush-placeholder-width: 1024px; --smush-placeholder-aspect-ratio: 1024\/683;\" \/><noscript><img loading=\"lazy\" decoding=\"async\" width=\"1024\" height=\"683\" src=\"https:\/\/ffcv.es\/wp\/wp-content\/uploads\/2024\/06\/IMG_9856-1024x683.jpg\" alt=\"\" class=\"wp-image-138354\" srcset=\"https:\/\/ffcv.es\/wp\/wp-content\/uploads\/2024\/06\/IMG_9856-1024x683.jpg 1024w, https:\/\/ffcv.es\/wp\/wp-content\/uploads\/2024\/06\/IMG_9856-300x200.jpg 300w, https:\/\/ffcv.es\/wp\/wp-content\/uploads\/2024\/06\/IMG_9856-768x512.jpg 768w, https:\/\/ffcv.es\/wp\/wp-content\/uploads\/2024\/06\/IMG_9856-1536x1024.jpg 1536w, https:\/\/ffcv.es\/wp\/wp-content\/uploads\/2024\/06\/IMG_9856-2048x1365.jpg 2048w, https:\/\/ffcv.es\/wp\/wp-content\/uploads\/2024\/06\/IMG_9856-280x187.jpg 280w, https:\/\/ffcv.es\/wp\/wp-content\/uploads\/2024\/06\/IMG_9856-1170x780.jpg 1170w, https:\/\/ffcv.es\/wp\/wp-content\/uploads\/2024\/06\/IMG_9856-scaled.jpg 1620w\" sizes=\"(max-width: 1024px) 100vw, 1024px\" \/><\/noscript><\/figure>\n\n\n\n<h2 class=\"wp-block-heading\">El f\u00fatbol acapara gran parte de la subida<\/h2>\n\n\n\n<p>La subida del f\u00fatbol llama la atenci\u00f3n. Con un aumento de 4.476 licencias (de 106.814 en 2024 a 111.290 en 2025), s\u00f3lo el f\u00fatbol ya acapara gran parte de la subida de 6.809 licencias respecto a la temporada anterior.<\/p>\n\n\n\n<p>Eso implica un mayor desaf\u00edo para la <strong>FFCV<\/strong> a la hora de organizar y gestionar las competiciones, algo que contin\u00faa con la l\u00ednea iniciada ya el a\u00f1o pasado y para lo que se ha preparado durante largo tiempo la estructura federativa.<\/p>\n\n\n\n<h2 class=\"wp-block-heading\">Valenta tambi\u00e9n consigue r\u00e9cord <\/h2>\n\n\n\n<p>El r\u00e9cord de licencias llega, un a\u00f1o m\u00e1s, al f\u00fatbol <strong>Valenta<\/strong>, que rsupera por primera vez las 12.000 licencias: <strong>12.699 federadas.<\/strong><\/p>\n\n\n\n<p>La subida esta temporada es especialmente significativa en la provincia de <strong>Alicante<\/strong> (+ 18,57% \/ 535 licencias) frente a las de <strong>Castell\u00f3n<\/strong> (+14,30% \/ 235 licencias) y <strong>Valencia<\/strong> (+5,23% \/ 368 licencias).<\/p>\n\n\n\n<div class=\"infogram-embed\" data-id=\"c8bae76f-2f6d-4734-bf76-834eab7a25b6\" data-type=\"interactive\" data-title=\"Licencias Valenta\"><\/div><script>!function(e,i,n,s){var t=\"InfogramEmbeds\",d=e.getElementsByTagName(\"script\")[0];if(window[t]&&window[t].initialized)window[t].process&&window[t].process();else if(!e.getElementById(n)){var o=e.createElement(\"script\");o.async=1,o.id=n,o.src=\"https:\/\/e.infogram.com\/js\/dist\/embed-loader-min.js\",d.parentNode.insertBefore(o,d)}}(document,0,\"infogram-async\");<\/script><div style=\"padding:8px 0;font-family:Arial!important;font-size:13px!important;line-height:15px!important;text-align:center;border-top:1px solid #dadada;margin:0 30px\"><a href=\"https:\/\/infogram.com\/c8bae76f-2f6d-4734-bf76-834eab7a25b6\" style=\"color:#989898!important;text-decoration:none!important;\" target=\"_blank\" rel=\"noopener\">Licencias Valenta<\/a><br><a href=\"https:\/\/infogram.com\" style=\"color:#989898!important;text-decoration:none!important;\" target=\"_blank\" rel=\"nofollow noopener\">Infogram<\/a><\/div>\n\n\n\n<p>El trabajo de la <strong>FFCV<\/strong> en este sentido, con el<strong><a href=\"http:\/\/www.valentafutbol.com\"> \u00c1rea Valenta <\/a><\/strong>a la cabeza, es incansable. En la temporada 17\/18 hab\u00eda alrededor de 4.000 licencias femeninas en la <strong>Comunitat Valenciana<\/strong>; ahora ya son 11.561. Desde la puesta en marcha de <strong>Valenta<\/strong>, en diciembre de 2018, el ascenso es imparable.<\/p>\n\n\n\n<p><strong>Cl\u00ednics<\/strong>, visitas a colegios para captar jugadoras, creaci\u00f3n y adaptaci\u00f3n de las competiciones (este a\u00f1o se estrena la categor\u00eda infantil y la cadete\/juvenil), potenciaci\u00f3n de las selecciones auton\u00f3micas&#8230; un trabajo que ya va recogiendo sus frutos.<\/p>\n\n\n\n<figure class=\"wp-block-image size-large\"><img loading=\"lazy\" decoding=\"async\" width=\"1024\" height=\"593\" data-src=\"https:\/\/ffcv.es\/wp\/wp-content\/uploads\/2025\/07\/IMG_8999-1024x593.jpg\" alt=\"\" class=\"wp-image-162079 lazyload\" data-srcset=\"https:\/\/ffcv.es\/wp\/wp-content\/uploads\/2025\/07\/IMG_8999-1024x593.jpg 1024w, https:\/\/ffcv.es\/wp\/wp-content\/uploads\/2025\/07\/IMG_8999-300x174.jpg 300w, https:\/\/ffcv.es\/wp\/wp-content\/uploads\/2025\/07\/IMG_8999-768x445.jpg 768w, https:\/\/ffcv.es\/wp\/wp-content\/uploads\/2025\/07\/IMG_8999-1536x889.jpg 1536w, https:\/\/ffcv.es\/wp\/wp-content\/uploads\/2025\/07\/IMG_8999-2048x1185.jpg 2048w, https:\/\/ffcv.es\/wp\/wp-content\/uploads\/2025\/07\/IMG_8999-280x162.jpg 280w, https:\/\/ffcv.es\/wp\/wp-content\/uploads\/2025\/07\/IMG_8999-1170x677.jpg 1170w, https:\/\/ffcv.es\/wp\/wp-content\/uploads\/2025\/07\/IMG_8999-scaled.jpg 1866w\" data-sizes=\"(max-width: 1024px) 100vw, 1024px\" src=\"data:image\/gif;base64,R0lGODlhAQABAAAAACH5BAEKAAEALAAAAAABAAEAAAICTAEAOw==\" style=\"--smush-placeholder-width: 1024px; --smush-placeholder-aspect-ratio: 1024\/593;\" \/><noscript><img loading=\"lazy\" decoding=\"async\" width=\"1024\" height=\"593\" src=\"https:\/\/ffcv.es\/wp\/wp-content\/uploads\/2025\/07\/IMG_8999-1024x593.jpg\" alt=\"\" class=\"wp-image-162079\" srcset=\"https:\/\/ffcv.es\/wp\/wp-content\/uploads\/2025\/07\/IMG_8999-1024x593.jpg 1024w, https:\/\/ffcv.es\/wp\/wp-content\/uploads\/2025\/07\/IMG_8999-300x174.jpg 300w, https:\/\/ffcv.es\/wp\/wp-content\/uploads\/2025\/07\/IMG_8999-768x445.jpg 768w, https:\/\/ffcv.es\/wp\/wp-content\/uploads\/2025\/07\/IMG_8999-1536x889.jpg 1536w, https:\/\/ffcv.es\/wp\/wp-content\/uploads\/2025\/07\/IMG_8999-2048x1185.jpg 2048w, https:\/\/ffcv.es\/wp\/wp-content\/uploads\/2025\/07\/IMG_8999-280x162.jpg 280w, https:\/\/ffcv.es\/wp\/wp-content\/uploads\/2025\/07\/IMG_8999-1170x677.jpg 1170w, https:\/\/ffcv.es\/wp\/wp-content\/uploads\/2025\/07\/IMG_8999-scaled.jpg 1866w\" sizes=\"(max-width: 1024px) 100vw, 1024px\" \/><\/noscript><\/figure>\n\n\n\n<p>No en vano, <strong>Valenta<\/strong> ha recibido prestigiosos galardones por su trabajo y <a href=\"https:\/\/ffcv.es\/wp\/blog\/2023\/06\/16\/la-fifa-estudia-el-proyecto-valenta-como-caso-de-exito-en-la-promocion-del-futbol-femenino\/\">reconocimientos como el de la <strong>FIFA<\/strong>, al incluir el proyecto para ponerlo como uno de los ejemplos de c\u00f3mo trabajar con el f\u00fatbol y futsal base femenino<\/a>, o <a href=\"https:\/\/ffcv.es\/wp\/blog\/2024\/02\/16\/valenta-recibe-en-la-rfef-el-premio-igualdad-de-golsmedia-por-su-trabajo-con-el-femenino-en-la-comunitat-valenciana-%F0%9F%98%8A%F0%9F%99%8B%E2%99%80%EF%B8%8F\/\">el de <strong>Golsmedia<\/strong>, otorgado en la sede central de la <strong>RFEF<\/strong>, la <strong>Ciudad del F\u00fatbol de Las Rozas<\/strong>.<\/a><\/p>\n\n\n\n<h2 class=\"wp-block-heading\">Crecimiento del futsal<\/h2>\n\n\n\n<p>El f\u00fatbol sala tambi\u00e9n ha notado el crecimiento de licencias: el futsal de la <strong>Comunitat Valenciana<\/strong> llega a su r\u00e9cord de 12.097 licencias.<\/p>\n\n\n\n<p>Especialmente llamativo es el aumento de licencias <strong>Valenta<\/strong> en f\u00fatbol sala, ya que por primera vez en la historia hay m\u00e1s de 1.000 federadas en esta modalidad en la <strong>Comunitat Valenciana<\/strong> (1.202).<\/p>\n\n\n\n<p>En este sentido, ha sido clave el trabajo realizado por la <strong>FFCV<\/strong> con los <strong>Cl\u00ednics Valenta de futsal<\/strong> para ayudar a los clubes de la <strong>Comunitat<\/strong> en la captaci\u00f3n de nuevas jugadoras.<\/p>\n\n\n\n<figure class=\"wp-block-image size-large\"><img loading=\"lazy\" decoding=\"async\" width=\"1024\" height=\"683\" data-src=\"https:\/\/ffcv.es\/wp\/wp-content\/uploads\/2025\/07\/IMG_9584-1024x683.jpg\" alt=\"\" class=\"wp-image-162080 lazyload\" data-srcset=\"https:\/\/ffcv.es\/wp\/wp-content\/uploads\/2025\/07\/IMG_9584-1024x683.jpg 1024w, https:\/\/ffcv.es\/wp\/wp-content\/uploads\/2025\/07\/IMG_9584-300x200.jpg 300w, https:\/\/ffcv.es\/wp\/wp-content\/uploads\/2025\/07\/IMG_9584-768x512.jpg 768w, https:\/\/ffcv.es\/wp\/wp-content\/uploads\/2025\/07\/IMG_9584-1536x1024.jpg 1536w, https:\/\/ffcv.es\/wp\/wp-content\/uploads\/2025\/07\/IMG_9584-2048x1365.jpg 2048w, https:\/\/ffcv.es\/wp\/wp-content\/uploads\/2025\/07\/IMG_9584-280x187.jpg 280w, https:\/\/ffcv.es\/wp\/wp-content\/uploads\/2025\/07\/IMG_9584-1170x780.jpg 1170w, https:\/\/ffcv.es\/wp\/wp-content\/uploads\/2025\/07\/IMG_9584-scaled.jpg 1620w\" data-sizes=\"(max-width: 1024px) 100vw, 1024px\" src=\"data:image\/gif;base64,R0lGODlhAQABAAAAACH5BAEKAAEALAAAAAABAAEAAAICTAEAOw==\" style=\"--smush-placeholder-width: 1024px; --smush-placeholder-aspect-ratio: 1024\/683;\" \/><noscript><img loading=\"lazy\" decoding=\"async\" width=\"1024\" height=\"683\" src=\"https:\/\/ffcv.es\/wp\/wp-content\/uploads\/2025\/07\/IMG_9584-1024x683.jpg\" alt=\"\" class=\"wp-image-162080\" srcset=\"https:\/\/ffcv.es\/wp\/wp-content\/uploads\/2025\/07\/IMG_9584-1024x683.jpg 1024w, https:\/\/ffcv.es\/wp\/wp-content\/uploads\/2025\/07\/IMG_9584-300x200.jpg 300w, https:\/\/ffcv.es\/wp\/wp-content\/uploads\/2025\/07\/IMG_9584-768x512.jpg 768w, https:\/\/ffcv.es\/wp\/wp-content\/uploads\/2025\/07\/IMG_9584-1536x1024.jpg 1536w, https:\/\/ffcv.es\/wp\/wp-content\/uploads\/2025\/07\/IMG_9584-2048x1365.jpg 2048w, https:\/\/ffcv.es\/wp\/wp-content\/uploads\/2025\/07\/IMG_9584-280x187.jpg 280w, https:\/\/ffcv.es\/wp\/wp-content\/uploads\/2025\/07\/IMG_9584-1170x780.jpg 1170w, https:\/\/ffcv.es\/wp\/wp-content\/uploads\/2025\/07\/IMG_9584-scaled.jpg 1620w\" sizes=\"(max-width: 1024px) 100vw, 1024px\" \/><\/noscript><\/figure>\n\n\n\n<h2 class=\"wp-block-heading\">Detalle de licencias de la temporada 2024-2025<\/h2>\n\n\n\n<div style=\"position: relative; width: 100%; height: 0px; padding: 45.69% 0px 0px; overflow: hidden; will-change: transform;\"><iframe loading=\"lazy\" data-src=\"https:\/\/e.infogram.com\/1b015f9c-3c5d-459a-bb3e-89917afe75cd?src=embed&amp;embed_type=responsive_iframe\" title=\"Detalle licencias FFCV 2025\" allowfullscreen=\"\" allow=\"fullscreen\" style=\"position: absolute; width: 100%; height: 100%; top: 0px; left: 0px; border: none; padding: 0px; margin: 0px;\" src=\"data:image\/gif;base64,R0lGODlhAQABAAAAACH5BAEKAAEALAAAAAABAAEAAAICTAEAOw==\" class=\"lazyload\" data-load-mode=\"1\"><\/iframe><\/div><div style=\"padding: 8px 0px; font-family: Arial; font-size: 13px; line-height: 15px; text-align: center; border-top: 1px solid rgb(218, 218, 218); margin: 0px 30px;\"><a href=\"https:\/\/infogram.com\/detalle-licencias-ffcv-2025-1h0n25o93eeqz4p\" target=\"_blank\" style=\"color: rgb(152, 152, 152); text-decoration: none;\" rel=\"noopener\">Detalle licencias FFCV 2025<\/a><br><a href=\"https:\/\/infogram.com\" target=\"_blank\" rel=\"nofollow noopener\" style=\"color: rgb(152, 152, 152); text-decoration: none;\">Infogram<\/a><\/div>\n","protected":false},"excerpt":{"rendered":"<p>La Federaci\u00f3 de Futbol de la Comunitat Valenciana celebra una temporada m\u00e1s un crecimiento espectacular en el n\u00famero de licencias para marcar un nuevo r\u00e9cord: 135.980 federados y federadas. La FFCV ha cerrado la temporada 24\/25 con esta cifra que supera en 6.809 las licencias alcanzadas la campa\u00f1a pasada, que supuso un hito hist\u00f3rico para<\/p>\n","protected":false},"author":16,"featured_media":157491,"comment_status":"closed","ping_status":"closed","sticky":false,"template":"","format":"standard","meta":{"om_disable_all_campaigns":false,"footnotes":""},"categories":[5796,69,4,1177,1282],"tags":[197,956,8187,1124],"class_list":["post-161741","post","type-post","status-publish","format-standard","has-post-thumbnail","hentry","category-escola-de-gegants","category-noticias-ffcv","category-noticias-futbol-sala","category-noticias-valenta","category-portada","tag-licencias","tag-record","tag-temporada-24-25","tag-valenta"],"aioseo_notices":[],"_links":{"self":[{"href":"https:\/\/ffcv.es\/wp\/wp-json\/wp\/v2\/posts\/161741"}],"collection":[{"href":"https:\/\/ffcv.es\/wp\/wp-json\/wp\/v2\/posts"}],"about":[{"href":"https:\/\/ffcv.es\/wp\/wp-json\/wp\/v2\/types\/post"}],"author":[{"embeddable":true,"href":"https:\/\/ffcv.es\/wp\/wp-json\/wp\/v2\/users\/16"}],"replies":[{"embeddable":true,"href":"https:\/\/ffcv.es\/wp\/wp-json\/wp\/v2\/comments?post=161741"}],"version-history":[{"count":7,"href":"https:\/\/ffcv.es\/wp\/wp-json\/wp\/v2\/posts\/161741\/revisions"}],"predecessor-version":[{"id":162082,"href":"https:\/\/ffcv.es\/wp\/wp-json\/wp\/v2\/posts\/161741\/revisions\/162082"}],"wp:featuredmedia":[{"embeddable":true,"href":"https:\/\/ffcv.es\/wp\/wp-json\/wp\/v2\/media\/157491"}],"wp:attachment":[{"href":"https:\/\/ffcv.es\/wp\/wp-json\/wp\/v2\/media?parent=161741"}],"wp:term":[{"taxonomy":"category","embeddable":true,"href":"https:\/\/ffcv.es\/wp\/wp-json\/wp\/v2\/categories?post=161741"},{"taxonomy":"post_tag","embeddable":true,"href":"https:\/\/ffcv.es\/wp\/wp-json\/wp\/v2\/tags?post=161741"}],"curies":[{"name":"wp","href":"https:\/\/api.w.org\/{rel}","templated":true}]}}