{"id":157216,"date":"2025-04-25T14:12:16","date_gmt":"2025-04-25T12:12:16","guid":{"rendered":"https:\/\/ffcv.es\/wp\/?p=157216"},"modified":"2025-04-25T14:20:27","modified_gmt":"2025-04-25T12:20:27","slug":"la-ffcv-tendra-nuevo-horario-a-partir-del-proximo-martes-dia-29-de-abril-consultalo-aqui","status":"publish","type":"post","link":"https:\/\/ffcv.es\/wp\/blog\/2025\/04\/la-ffcv-tendra-nuevo-horario-a-partir-del-proximo-martes-dia-29-de-abril-consultalo-aqui\/","title":{"rendered":"La FFCV tendr\u00e1 nuevo horario a partir del pr\u00f3ximo martes d\u00eda 29 de abril &#8211; Cons\u00faltalo aqu\u00ed"},"content":{"rendered":"\n<p>La <strong>Federaci\u00f3 de Futbol de la Comunitat Valenciana<\/strong> tendr\u00e1 un nuevo horario a partir del pr\u00f3ximo martes d\u00eda 29 de abril.<\/p>\n\n\n\n<p>Este es el nuevo horario en el que permanecer\u00e1 abiertas todas las sedes de la <strong>FFCV<\/strong> a partir de entonces (horario aplicable al periodo comprendido entre el 1 de noviembre y el 30 de junio):<\/p>\n\n\n\n<ul class=\"wp-block-list\">\n<li>De lunes a jueves:<strong> 8h-16.30h<\/strong><\/li>\n\n\n\n<li>Viernes: <strong>8h-15.30h<\/strong><\/li>\n<\/ul>\n\n\n\n<p>Desde el 1 de julio al 31 de agosto, la <strong>FFCV<\/strong> tendr\u00e1 este horario de verano:<\/p>\n\n\n\n<ul class=\"wp-block-list\">\n<li>De lunes a viernes: <strong>8h-15h<\/strong><\/li>\n<\/ul>\n\n\n\n<p>Desde el 1 de septiembre hasta el 31 de octubre, la <strong>FFCV<\/strong> mantendr\u00e1 un horario especial para atender el inicio de temporada:<\/p>\n\n\n\n<ul class=\"wp-block-list\">\n<li>De lunes a jueves: <strong>8h-18.30h<\/strong><\/li>\n\n\n\n<li>Viernes: <strong>8h-15.30h<\/strong><\/li>\n<\/ul>\n","protected":false},"excerpt":{"rendered":"<p>La Federaci\u00f3 de Futbol de la Comunitat Valenciana tendr\u00e1 un nuevo horario a partir del pr\u00f3ximo martes d\u00eda 29 de abril. Este es el nuevo horario en el que permanecer\u00e1 abiertas todas las sedes de la FFCV a partir de entonces (horario aplicable al periodo comprendido entre el 1 de noviembre y el 30 de<\/p>\n","protected":false},"author":15,"featured_media":149484,"comment_status":"closed","ping_status":"closed","sticky":false,"template":"","format":"standard","meta":{"om_disable_all_campaigns":false,"footnotes":""},"categories":[69],"tags":[27,7926],"class_list":["post-157216","post","type-post","status-publish","format-standard","has-post-thumbnail","hentry","category-noticias-ffcv","tag-ffcv","tag-horario-es"],"aioseo_notices":[],"_links":{"self":[{"href":"https:\/\/ffcv.es\/wp\/wp-json\/wp\/v2\/posts\/157216"}],"collection":[{"href":"https:\/\/ffcv.es\/wp\/wp-json\/wp\/v2\/posts"}],"about":[{"href":"https:\/\/ffcv.es\/wp\/wp-json\/wp\/v2\/types\/post"}],"author":[{"embeddable":true,"href":"https:\/\/ffcv.es\/wp\/wp-json\/wp\/v2\/users\/15"}],"replies":[{"embeddable":true,"href":"https:\/\/ffcv.es\/wp\/wp-json\/wp\/v2\/comments?post=157216"}],"version-history":[{"count":2,"href":"https:\/\/ffcv.es\/wp\/wp-json\/wp\/v2\/posts\/157216\/revisions"}],"predecessor-version":[{"id":157219,"href":"https:\/\/ffcv.es\/wp\/wp-json\/wp\/v2\/posts\/157216\/revisions\/157219"}],"wp:featuredmedia":[{"embeddable":true,"href":"https:\/\/ffcv.es\/wp\/wp-json\/wp\/v2\/media\/149484"}],"wp:attachment":[{"href":"https:\/\/ffcv.es\/wp\/wp-json\/wp\/v2\/media?parent=157216"}],"wp:term":[{"taxonomy":"category","embeddable":true,"href":"https:\/\/ffcv.es\/wp\/wp-json\/wp\/v2\/categories?post=157216"},{"taxonomy":"post_tag","embeddable":true,"href":"https:\/\/ffcv.es\/wp\/wp-json\/wp\/v2\/tags?post=157216"}],"curies":[{"name":"wp","href":"https:\/\/api.w.org\/{rel}","templated":true}]}}