{"id":155828,"date":"2025-03-31T11:59:38","date_gmt":"2025-03-31T09:59:38","guid":{"rendered":"https:\/\/ffcv.es\/wp\/?p=155828"},"modified":"2025-03-31T12:20:04","modified_gmt":"2025-03-31T10:20:04","slug":"la-gala-ffcv-23-24-sera-el-proximo-lunes-dia-7-en-aldaia-y-tendra-una-mirada-especial-a-los-afectados-por-la-dana","status":"publish","type":"post","link":"https:\/\/ffcv.es\/wp\/blog\/2025\/03\/la-gala-ffcv-23-24-sera-el-proximo-lunes-dia-7-en-aldaia-y-tendra-una-mirada-especial-a-los-afectados-por-la-dana\/","title":{"rendered":"La Gala FFCV 23\/24 ser\u00e1 el pr\u00f3ximo lunes d\u00eda 7 en Aldaia y tendr\u00e1 una mirada especial a los afectados por la dana"},"content":{"rendered":"\n<p>La <strong>Federaci\u00f3 de Futbol de la Comunitat Valenciana<\/strong> celebra el pr\u00f3ximo d\u00eda 7 de abril la <strong>Gala FFCV 23\/24<\/strong>, en la que, adem\u00e1s de los tradicionales premios a clubes y autoridades de nuestro deporte por sus logros en esa temporada, se tendr\u00e1 una mirada especial con los afectados y afectadas por la dana.<\/p>\n\n\n\n<p>De hecho, el evento tendr\u00e1 lugar en el <strong>TAMA<\/strong> (<strong>Teatre Municipal Auditoria d&#8217;Aldaia<\/strong>) de <strong>Aldaia<\/strong>, una de las localidades que sufri\u00f3 la dana en primera persona.<\/p>\n\n\n\n<p>Adem\u00e1s, en este evento se entregar\u00e1n los trofeos a los equipos campeones de la campa\u00f1a 2023\/2024 en las categor\u00edas amateur de f\u00fatbol y f\u00fatbol sala.<\/p>\n\n\n\n<p>Esta gala estaba prevista que se hubiese celebrado en el pasado mes de noviembre, pero lo acontecido con la dana el 29 de octubre conllev\u00f3 el aplazamiento de todos los actos de la <strong>FFCV<\/strong> que quedaban po celebrar en el a\u00f1o 2024.<\/p>\n\n\n\n<h2 class=\"wp-block-heading\">M\u00e1s reconocimientos<\/h2>\n\n\n\n<p>En esta<strong> Gala FFCV<\/strong>  se reconocer\u00e1 a los jugadores y jugadoras nacidos\/as en la <strong>Comunitat<\/strong> <strong>Valenciana<\/strong> que han debutado recientemente con la <strong>Selecci\u00f3n Espa\u00f1ola<\/strong>.<\/p>\n\n\n\n<p>Adem\u00e1s, se har\u00e1 un homenaje a los clubes que han celebrado su <strong>Centenario<\/strong> y se entregar\u00e1n placas, medallas e insignias especiales para reconocer la labor de \u00e1rbitros\/as, directivos\/as de clubes, entrenadores\/as y jugadores\/as.<\/p>\n\n\n\n<p><\/p>\n","protected":false},"excerpt":{"rendered":"<p>La Federaci\u00f3 de Futbol de la Comunitat Valenciana celebra el pr\u00f3ximo d\u00eda 7 de abril la Gala FFCV 23\/24, en la que, adem\u00e1s de los tradicionales premios a clubes y autoridades de nuestro deporte por sus logros en esa temporada, se tendr\u00e1 una mirada especial con los afectados y afectadas por la dana. De hecho,<\/p>\n","protected":false},"author":15,"featured_media":155829,"comment_status":"closed","ping_status":"closed","sticky":false,"template":"","format":"standard","meta":{"om_disable_all_campaigns":false,"footnotes":""},"categories":[16,69,1282],"tags":[604,27,156,7854,732,150],"class_list":["post-155828","post","type-post","status-publish","format-standard","has-post-thumbnail","hentry","category-actualidad","category-noticias-ffcv","category-portada","tag-aldaia","tag-ffcv","tag-gala","tag-gala-23-24","tag-medalla-de-oro","tag-premios"],"aioseo_notices":[],"_links":{"self":[{"href":"https:\/\/ffcv.es\/wp\/wp-json\/wp\/v2\/posts\/155828"}],"collection":[{"href":"https:\/\/ffcv.es\/wp\/wp-json\/wp\/v2\/posts"}],"about":[{"href":"https:\/\/ffcv.es\/wp\/wp-json\/wp\/v2\/types\/post"}],"author":[{"embeddable":true,"href":"https:\/\/ffcv.es\/wp\/wp-json\/wp\/v2\/users\/15"}],"replies":[{"embeddable":true,"href":"https:\/\/ffcv.es\/wp\/wp-json\/wp\/v2\/comments?post=155828"}],"version-history":[{"count":4,"href":"https:\/\/ffcv.es\/wp\/wp-json\/wp\/v2\/posts\/155828\/revisions"}],"predecessor-version":[{"id":155977,"href":"https:\/\/ffcv.es\/wp\/wp-json\/wp\/v2\/posts\/155828\/revisions\/155977"}],"wp:featuredmedia":[{"embeddable":true,"href":"https:\/\/ffcv.es\/wp\/wp-json\/wp\/v2\/media\/155829"}],"wp:attachment":[{"href":"https:\/\/ffcv.es\/wp\/wp-json\/wp\/v2\/media?parent=155828"}],"wp:term":[{"taxonomy":"category","embeddable":true,"href":"https:\/\/ffcv.es\/wp\/wp-json\/wp\/v2\/categories?post=155828"},{"taxonomy":"post_tag","embeddable":true,"href":"https:\/\/ffcv.es\/wp\/wp-json\/wp\/v2\/tags?post=155828"}],"curies":[{"name":"wp","href":"https:\/\/api.w.org\/{rel}","templated":true}]}}