{"id":155698,"date":"2025-03-24T19:08:16","date_gmt":"2025-03-24T17:08:16","guid":{"rendered":"https:\/\/ffcv.es\/wp\/?p=155698"},"modified":"2025-03-24T20:02:55","modified_gmt":"2025-03-24T18:02:55","slug":"la-copa-de-espana-mas-solidaria-con-los-clubes-valencianos-de-futsal-afectados-por-la-dana","status":"publish","type":"post","link":"https:\/\/ffcv.es\/wp\/blog\/2025\/03\/la-copa-de-espana-mas-solidaria-con-los-clubes-valencianos-de-futsal-afectados-por-la-dana\/","title":{"rendered":"La Copa de Espa\u00f1a m\u00e1s solidaria con los clubes valencianos de futsal afectados por la DANA"},"content":{"rendered":"\n<p>Representantes de los clubes valencianos afectados por la <strong>DANA<\/strong> estuvieron presentes este fin de semana en <strong>Murcia<\/strong> con motivo de la celebraci\u00f3n de la <strong>Copa de Espa\u00f1a<\/strong> de f\u00fatbol sala.<\/p>\n\n\n\n<p>Bajo el lema \u00ab<em>Los goles por una buena causa valen mucho m\u00e1s<\/em>\u00ab, la <strong>RFEF<\/strong> organiz\u00f3 un Cl\u00ednic con jugadores y jugadoras de seis de los clubes que m\u00e1s sufrieron la devastaci\u00f3n el pasado 29 de octubre.<\/p>\n\n\n\n<figure class=\"wp-block-image size-large\"><img loading=\"lazy\" decoding=\"async\" width=\"1024\" height=\"683\" data-src=\"https:\/\/ffcv.es\/wp\/wp-content\/uploads\/2025\/03\/CR4824-1024x683.jpg\" alt=\"\" class=\"wp-image-155699 lazyload\" data-srcset=\"https:\/\/ffcv.es\/wp\/wp-content\/uploads\/2025\/03\/CR4824-1024x683.jpg 1024w, https:\/\/ffcv.es\/wp\/wp-content\/uploads\/2025\/03\/CR4824-300x200.jpg 300w, https:\/\/ffcv.es\/wp\/wp-content\/uploads\/2025\/03\/CR4824-768x512.jpg 768w, https:\/\/ffcv.es\/wp\/wp-content\/uploads\/2025\/03\/CR4824-1536x1024.jpg 1536w, https:\/\/ffcv.es\/wp\/wp-content\/uploads\/2025\/03\/CR4824-2048x1365.jpg 2048w, https:\/\/ffcv.es\/wp\/wp-content\/uploads\/2025\/03\/CR4824-280x187.jpg 280w, https:\/\/ffcv.es\/wp\/wp-content\/uploads\/2025\/03\/CR4824-1170x780.jpg 1170w, https:\/\/ffcv.es\/wp\/wp-content\/uploads\/2025\/03\/CR4824-scaled.jpg 1620w\" data-sizes=\"(max-width: 1024px) 100vw, 1024px\" src=\"data:image\/gif;base64,R0lGODlhAQABAAAAACH5BAEKAAEALAAAAAABAAEAAAICTAEAOw==\" style=\"--smush-placeholder-width: 1024px; --smush-placeholder-aspect-ratio: 1024\/683;\" \/><noscript><img loading=\"lazy\" decoding=\"async\" width=\"1024\" height=\"683\" src=\"https:\/\/ffcv.es\/wp\/wp-content\/uploads\/2025\/03\/CR4824-1024x683.jpg\" alt=\"\" class=\"wp-image-155699\" srcset=\"https:\/\/ffcv.es\/wp\/wp-content\/uploads\/2025\/03\/CR4824-1024x683.jpg 1024w, https:\/\/ffcv.es\/wp\/wp-content\/uploads\/2025\/03\/CR4824-300x200.jpg 300w, https:\/\/ffcv.es\/wp\/wp-content\/uploads\/2025\/03\/CR4824-768x512.jpg 768w, https:\/\/ffcv.es\/wp\/wp-content\/uploads\/2025\/03\/CR4824-1536x1024.jpg 1536w, https:\/\/ffcv.es\/wp\/wp-content\/uploads\/2025\/03\/CR4824-2048x1365.jpg 2048w, https:\/\/ffcv.es\/wp\/wp-content\/uploads\/2025\/03\/CR4824-280x187.jpg 280w, https:\/\/ffcv.es\/wp\/wp-content\/uploads\/2025\/03\/CR4824-1170x780.jpg 1170w, https:\/\/ffcv.es\/wp\/wp-content\/uploads\/2025\/03\/CR4824-scaled.jpg 1620w\" sizes=\"(max-width: 1024px) 100vw, 1024px\" \/><\/noscript><figcaption class=\"wp-element-caption\">Fotos: Eduardo Candel (RFEF)<\/figcaption><\/figure>\n\n\n\n<p><strong>Nuestra Se\u00f1ora del Socorro<\/strong>, <strong>FS Maguen Alfafar<\/strong>, <strong>La Fila Club Esportiu Alfafar<\/strong>, <strong>Colegio Rafael Altamira Picanya<\/strong>, <strong>FS At. Massanassa<\/strong> y <strong>Santa Ana Algemes\u00ed CD<\/strong> fueron los clubes con representaci\u00f3n en esta actividad.<\/p>\n\n\n\n<figure class=\"wp-block-gallery has-nested-images columns-default is-cropped wp-block-gallery-1 is-layout-flex wp-block-gallery-is-layout-flex\">\n<figure class=\"wp-block-image size-large\"><img loading=\"lazy\" decoding=\"async\" width=\"1024\" height=\"683\" data-id=\"155703\" data-src=\"https:\/\/ffcv.es\/wp\/wp-content\/uploads\/2025\/03\/CR4699-1024x683.jpg\" alt=\"\" class=\"wp-image-155703 lazyload\" data-srcset=\"https:\/\/ffcv.es\/wp\/wp-content\/uploads\/2025\/03\/CR4699-1024x683.jpg 1024w, https:\/\/ffcv.es\/wp\/wp-content\/uploads\/2025\/03\/CR4699-300x200.jpg 300w, https:\/\/ffcv.es\/wp\/wp-content\/uploads\/2025\/03\/CR4699-768x512.jpg 768w, https:\/\/ffcv.es\/wp\/wp-content\/uploads\/2025\/03\/CR4699-1536x1024.jpg 1536w, https:\/\/ffcv.es\/wp\/wp-content\/uploads\/2025\/03\/CR4699-2048x1365.jpg 2048w, https:\/\/ffcv.es\/wp\/wp-content\/uploads\/2025\/03\/CR4699-280x187.jpg 280w, https:\/\/ffcv.es\/wp\/wp-content\/uploads\/2025\/03\/CR4699-1170x780.jpg 1170w, https:\/\/ffcv.es\/wp\/wp-content\/uploads\/2025\/03\/CR4699-scaled.jpg 1620w\" data-sizes=\"(max-width: 1024px) 100vw, 1024px\" src=\"data:image\/gif;base64,R0lGODlhAQABAAAAACH5BAEKAAEALAAAAAABAAEAAAICTAEAOw==\" style=\"--smush-placeholder-width: 1024px; --smush-placeholder-aspect-ratio: 1024\/683;\" \/><noscript><img loading=\"lazy\" decoding=\"async\" width=\"1024\" height=\"683\" data-id=\"155703\" src=\"https:\/\/ffcv.es\/wp\/wp-content\/uploads\/2025\/03\/CR4699-1024x683.jpg\" alt=\"\" class=\"wp-image-155703\" srcset=\"https:\/\/ffcv.es\/wp\/wp-content\/uploads\/2025\/03\/CR4699-1024x683.jpg 1024w, https:\/\/ffcv.es\/wp\/wp-content\/uploads\/2025\/03\/CR4699-300x200.jpg 300w, https:\/\/ffcv.es\/wp\/wp-content\/uploads\/2025\/03\/CR4699-768x512.jpg 768w, https:\/\/ffcv.es\/wp\/wp-content\/uploads\/2025\/03\/CR4699-1536x1024.jpg 1536w, https:\/\/ffcv.es\/wp\/wp-content\/uploads\/2025\/03\/CR4699-2048x1365.jpg 2048w, https:\/\/ffcv.es\/wp\/wp-content\/uploads\/2025\/03\/CR4699-280x187.jpg 280w, https:\/\/ffcv.es\/wp\/wp-content\/uploads\/2025\/03\/CR4699-1170x780.jpg 1170w, https:\/\/ffcv.es\/wp\/wp-content\/uploads\/2025\/03\/CR4699-scaled.jpg 1620w\" sizes=\"(max-width: 1024px) 100vw, 1024px\" \/><\/noscript><\/figure>\n\n\n\n<figure class=\"wp-block-image size-large\"><img loading=\"lazy\" decoding=\"async\" width=\"1024\" height=\"683\" data-id=\"155711\" data-src=\"https:\/\/ffcv.es\/wp\/wp-content\/uploads\/2025\/03\/CR4731-1024x683.jpg\" alt=\"\" class=\"wp-image-155711 lazyload\" data-srcset=\"https:\/\/ffcv.es\/wp\/wp-content\/uploads\/2025\/03\/CR4731-1024x683.jpg 1024w, https:\/\/ffcv.es\/wp\/wp-content\/uploads\/2025\/03\/CR4731-300x200.jpg 300w, https:\/\/ffcv.es\/wp\/wp-content\/uploads\/2025\/03\/CR4731-768x512.jpg 768w, https:\/\/ffcv.es\/wp\/wp-content\/uploads\/2025\/03\/CR4731-1536x1024.jpg 1536w, https:\/\/ffcv.es\/wp\/wp-content\/uploads\/2025\/03\/CR4731-2048x1365.jpg 2048w, https:\/\/ffcv.es\/wp\/wp-content\/uploads\/2025\/03\/CR4731-280x187.jpg 280w, https:\/\/ffcv.es\/wp\/wp-content\/uploads\/2025\/03\/CR4731-1170x780.jpg 1170w, https:\/\/ffcv.es\/wp\/wp-content\/uploads\/2025\/03\/CR4731-scaled.jpg 1620w\" data-sizes=\"(max-width: 1024px) 100vw, 1024px\" src=\"data:image\/gif;base64,R0lGODlhAQABAAAAACH5BAEKAAEALAAAAAABAAEAAAICTAEAOw==\" style=\"--smush-placeholder-width: 1024px; --smush-placeholder-aspect-ratio: 1024\/683;\" \/><noscript><img loading=\"lazy\" decoding=\"async\" width=\"1024\" height=\"683\" data-id=\"155711\" src=\"https:\/\/ffcv.es\/wp\/wp-content\/uploads\/2025\/03\/CR4731-1024x683.jpg\" alt=\"\" class=\"wp-image-155711\" srcset=\"https:\/\/ffcv.es\/wp\/wp-content\/uploads\/2025\/03\/CR4731-1024x683.jpg 1024w, https:\/\/ffcv.es\/wp\/wp-content\/uploads\/2025\/03\/CR4731-300x200.jpg 300w, https:\/\/ffcv.es\/wp\/wp-content\/uploads\/2025\/03\/CR4731-768x512.jpg 768w, https:\/\/ffcv.es\/wp\/wp-content\/uploads\/2025\/03\/CR4731-1536x1024.jpg 1536w, https:\/\/ffcv.es\/wp\/wp-content\/uploads\/2025\/03\/CR4731-2048x1365.jpg 2048w, https:\/\/ffcv.es\/wp\/wp-content\/uploads\/2025\/03\/CR4731-280x187.jpg 280w, https:\/\/ffcv.es\/wp\/wp-content\/uploads\/2025\/03\/CR4731-1170x780.jpg 1170w, https:\/\/ffcv.es\/wp\/wp-content\/uploads\/2025\/03\/CR4731-scaled.jpg 1620w\" sizes=\"(max-width: 1024px) 100vw, 1024px\" \/><\/noscript><\/figure>\n<\/figure>\n\n\n\n<p>Por parte de la <strong>FFCV<\/strong> acompa\u00f1aron a los clubes valencianos el presidente del Comit\u00e9 de Futbol Sala <strong>Nacho Cant\u00f3<\/strong>, junto a <strong>Jos\u00e9 G\u00f3mez <\/strong>y<strong> Jos\u00e9 Luis Mengual<\/strong>, del \u00c1rea de Selecciones.<\/p>\n\n\n\n<p>Adem\u00e1s de participar en un partido de exhibici\u00f3n sobre la misma pista en la que se disput\u00f3 la <strong>Copa de Espa\u00f1a<\/strong>, los jugadores y jugadoras asistieron a la <a href=\"https:\/\/ffcv.es\/wp\/blog\/2025\/03\/24\/%f0%9f%8f%86-campeones-servigroup-peniscola-hace-historia-y-levanta-la-copa-de-espana-en-murcia\/\" target=\"_blank\" rel=\"noopener\" title=\"\">gran final que gan\u00f3 finalmente el representante de la <strong>Comunitat<\/strong>, el <strong>Servigroup Pe\u00f1\u00edscola FS<\/strong><\/a>.<\/p>\n\n\n\n<figure class=\"wp-block-gallery has-nested-images columns-default is-cropped wp-block-gallery-2 is-layout-flex wp-block-gallery-is-layout-flex\">\n<figure class=\"wp-block-image size-large\"><img loading=\"lazy\" decoding=\"async\" width=\"1024\" height=\"683\" data-id=\"155710\" data-src=\"https:\/\/ffcv.es\/wp\/wp-content\/uploads\/2025\/03\/DSC07789-1024x683.jpg\" alt=\"\" class=\"wp-image-155710 lazyload\" data-srcset=\"https:\/\/ffcv.es\/wp\/wp-content\/uploads\/2025\/03\/DSC07789-1024x683.jpg 1024w, https:\/\/ffcv.es\/wp\/wp-content\/uploads\/2025\/03\/DSC07789-300x200.jpg 300w, https:\/\/ffcv.es\/wp\/wp-content\/uploads\/2025\/03\/DSC07789-768x512.jpg 768w, https:\/\/ffcv.es\/wp\/wp-content\/uploads\/2025\/03\/DSC07789-1536x1024.jpg 1536w, https:\/\/ffcv.es\/wp\/wp-content\/uploads\/2025\/03\/DSC07789-2048x1365.jpg 2048w, https:\/\/ffcv.es\/wp\/wp-content\/uploads\/2025\/03\/DSC07789-280x187.jpg 280w, https:\/\/ffcv.es\/wp\/wp-content\/uploads\/2025\/03\/DSC07789-1170x780.jpg 1170w, https:\/\/ffcv.es\/wp\/wp-content\/uploads\/2025\/03\/DSC07789-scaled.jpg 1620w\" data-sizes=\"(max-width: 1024px) 100vw, 1024px\" src=\"data:image\/gif;base64,R0lGODlhAQABAAAAACH5BAEKAAEALAAAAAABAAEAAAICTAEAOw==\" style=\"--smush-placeholder-width: 1024px; --smush-placeholder-aspect-ratio: 1024\/683;\" \/><noscript><img loading=\"lazy\" decoding=\"async\" width=\"1024\" height=\"683\" data-id=\"155710\" src=\"https:\/\/ffcv.es\/wp\/wp-content\/uploads\/2025\/03\/DSC07789-1024x683.jpg\" alt=\"\" class=\"wp-image-155710\" srcset=\"https:\/\/ffcv.es\/wp\/wp-content\/uploads\/2025\/03\/DSC07789-1024x683.jpg 1024w, https:\/\/ffcv.es\/wp\/wp-content\/uploads\/2025\/03\/DSC07789-300x200.jpg 300w, https:\/\/ffcv.es\/wp\/wp-content\/uploads\/2025\/03\/DSC07789-768x512.jpg 768w, https:\/\/ffcv.es\/wp\/wp-content\/uploads\/2025\/03\/DSC07789-1536x1024.jpg 1536w, https:\/\/ffcv.es\/wp\/wp-content\/uploads\/2025\/03\/DSC07789-2048x1365.jpg 2048w, https:\/\/ffcv.es\/wp\/wp-content\/uploads\/2025\/03\/DSC07789-280x187.jpg 280w, https:\/\/ffcv.es\/wp\/wp-content\/uploads\/2025\/03\/DSC07789-1170x780.jpg 1170w, https:\/\/ffcv.es\/wp\/wp-content\/uploads\/2025\/03\/DSC07789-scaled.jpg 1620w\" sizes=\"(max-width: 1024px) 100vw, 1024px\" \/><\/noscript><\/figure>\n\n\n\n<figure class=\"wp-block-image size-large\"><img loading=\"lazy\" decoding=\"async\" width=\"1024\" height=\"683\" data-id=\"155712\" data-src=\"https:\/\/ffcv.es\/wp\/wp-content\/uploads\/2025\/03\/DSC07780-1024x683.jpg\" alt=\"\" class=\"wp-image-155712 lazyload\" data-srcset=\"https:\/\/ffcv.es\/wp\/wp-content\/uploads\/2025\/03\/DSC07780-1024x683.jpg 1024w, https:\/\/ffcv.es\/wp\/wp-content\/uploads\/2025\/03\/DSC07780-300x200.jpg 300w, https:\/\/ffcv.es\/wp\/wp-content\/uploads\/2025\/03\/DSC07780-768x512.jpg 768w, https:\/\/ffcv.es\/wp\/wp-content\/uploads\/2025\/03\/DSC07780-1536x1024.jpg 1536w, https:\/\/ffcv.es\/wp\/wp-content\/uploads\/2025\/03\/DSC07780-2048x1365.jpg 2048w, https:\/\/ffcv.es\/wp\/wp-content\/uploads\/2025\/03\/DSC07780-280x187.jpg 280w, https:\/\/ffcv.es\/wp\/wp-content\/uploads\/2025\/03\/DSC07780-1170x780.jpg 1170w, https:\/\/ffcv.es\/wp\/wp-content\/uploads\/2025\/03\/DSC07780-scaled.jpg 1620w\" data-sizes=\"(max-width: 1024px) 100vw, 1024px\" src=\"data:image\/gif;base64,R0lGODlhAQABAAAAACH5BAEKAAEALAAAAAABAAEAAAICTAEAOw==\" style=\"--smush-placeholder-width: 1024px; --smush-placeholder-aspect-ratio: 1024\/683;\" \/><noscript><img loading=\"lazy\" decoding=\"async\" width=\"1024\" height=\"683\" data-id=\"155712\" src=\"https:\/\/ffcv.es\/wp\/wp-content\/uploads\/2025\/03\/DSC07780-1024x683.jpg\" alt=\"\" class=\"wp-image-155712\" srcset=\"https:\/\/ffcv.es\/wp\/wp-content\/uploads\/2025\/03\/DSC07780-1024x683.jpg 1024w, https:\/\/ffcv.es\/wp\/wp-content\/uploads\/2025\/03\/DSC07780-300x200.jpg 300w, https:\/\/ffcv.es\/wp\/wp-content\/uploads\/2025\/03\/DSC07780-768x512.jpg 768w, https:\/\/ffcv.es\/wp\/wp-content\/uploads\/2025\/03\/DSC07780-1536x1024.jpg 1536w, https:\/\/ffcv.es\/wp\/wp-content\/uploads\/2025\/03\/DSC07780-2048x1365.jpg 2048w, https:\/\/ffcv.es\/wp\/wp-content\/uploads\/2025\/03\/DSC07780-280x187.jpg 280w, https:\/\/ffcv.es\/wp\/wp-content\/uploads\/2025\/03\/DSC07780-1170x780.jpg 1170w, https:\/\/ffcv.es\/wp\/wp-content\/uploads\/2025\/03\/DSC07780-scaled.jpg 1620w\" sizes=\"(max-width: 1024px) 100vw, 1024px\" \/><\/noscript><\/figure>\n<\/figure>\n\n\n\n<p>Al descanso de la misma, la representaci\u00f3n valenciana salt\u00f3 a la pista y recibi\u00f3 el caluroso homenaje en forma de ovaci\u00f3n del p\u00fablico que llenaba el Palacio de los Deportes de <strong>Murcia<\/strong>.<\/p>\n\n\n\n<p>En los videomarcadores se proyectaron los nombres de los clubes representados as\u00ed como el n\u00famero de Bizum al que se pueden hacer las aportaciones solidarias.<\/p>\n\n\n\n<h2 class=\"wp-block-heading\">La previa<\/h2>\n\n\n\n<p>El pasado 7 de marzo, tambi\u00e9n en <strong>Murcia<\/strong>, se celebr\u00f3 la primera entrega de esta iniciativa solidaria de la RFEF.<\/p>\n\n\n\n<p>Consisti\u00f3 en un partido solidario en el pabell\u00f3n <strong>Jos\u00e9 Mar\u00eda Cagigal<\/strong> con creadores de contenido, ex jugadores profesionales y celebridades, al que asistieron tambi\u00e9n representantes de clubes valencianos.<\/p>\n\n\n\n<blockquote class=\"instagram-media\" data-instgrm-captioned data-instgrm-permalink=\"https:\/\/www.instagram.com\/reel\/DG6J5BCtfP9\/?utm_source=ig_embed&amp;utm_campaign=loading\" data-instgrm-version=\"14\" style=\" background:#FFF; border:0; border-radius:3px; box-shadow:0 0 1px 0 rgba(0,0,0,0.5),0 1px 10px 0 rgba(0,0,0,0.15); margin: 1px; max-width:540px; min-width:326px; padding:0; width:99.375%; width:-webkit-calc(100% - 2px); width:calc(100% - 2px);\"><div style=\"padding:16px;\"> <a href=\"https:\/\/www.instagram.com\/reel\/DG6J5BCtfP9\/?utm_source=ig_embed&amp;utm_campaign=loading\" style=\" background:#FFFFFF; line-height:0; padding:0 0; text-align:center; text-decoration:none; width:100%;\" target=\"_blank\" rel=\"noopener\"> <div style=\" display: flex; flex-direction: row; align-items: center;\"> <div style=\"background-color: #F4F4F4; border-radius: 50%; flex-grow: 0; height: 40px; margin-right: 14px; width: 40px;\"><\/div> <div style=\"display: flex; flex-direction: column; flex-grow: 1; justify-content: center;\"> <div style=\" background-color: #F4F4F4; border-radius: 4px; flex-grow: 0; height: 14px; margin-bottom: 6px; width: 100px;\"><\/div> <div style=\" background-color: #F4F4F4; border-radius: 4px; flex-grow: 0; height: 14px; width: 60px;\"><\/div><\/div><\/div><div style=\"padding: 19% 0;\"><\/div> <div style=\"display:block; height:50px; margin:0 auto 12px; width:50px;\"><svg width=\"50px\" height=\"50px\" viewBox=\"0 0 60 60\" version=\"1.1\" xmlns=\"https:\/\/www.w3.org\/2000\/svg\" xmlns:xlink=\"https:\/\/www.w3.org\/1999\/xlink\"><g stroke=\"none\" stroke-width=\"1\" fill=\"none\" fill-rule=\"evenodd\"><g transform=\"translate(-511.000000, -20.000000)\" fill=\"#000000\"><g><path d=\"M556.869,30.41 C554.814,30.41 553.148,32.076 553.148,34.131 C553.148,36.186 554.814,37.852 556.869,37.852 C558.924,37.852 560.59,36.186 560.59,34.131 C560.59,32.076 558.924,30.41 556.869,30.41 M541,60.657 C535.114,60.657 530.342,55.887 530.342,50 C530.342,44.114 535.114,39.342 541,39.342 C546.887,39.342 551.658,44.114 551.658,50 C551.658,55.887 546.887,60.657 541,60.657 M541,33.886 C532.1,33.886 524.886,41.1 524.886,50 C524.886,58.899 532.1,66.113 541,66.113 C549.9,66.113 557.115,58.899 557.115,50 C557.115,41.1 549.9,33.886 541,33.886 M565.378,62.101 C565.244,65.022 564.756,66.606 564.346,67.663 C563.803,69.06 563.154,70.057 562.106,71.106 C561.058,72.155 560.06,72.803 558.662,73.347 C557.607,73.757 556.021,74.244 553.102,74.378 C549.944,74.521 548.997,74.552 541,74.552 C533.003,74.552 532.056,74.521 528.898,74.378 C525.979,74.244 524.393,73.757 523.338,73.347 C521.94,72.803 520.942,72.155 519.894,71.106 C518.846,70.057 518.197,69.06 517.654,67.663 C517.244,66.606 516.755,65.022 516.623,62.101 C516.479,58.943 516.448,57.996 516.448,50 C516.448,42.003 516.479,41.056 516.623,37.899 C516.755,34.978 517.244,33.391 517.654,32.338 C518.197,30.938 518.846,29.942 519.894,28.894 C520.942,27.846 521.94,27.196 523.338,26.654 C524.393,26.244 525.979,25.756 528.898,25.623 C532.057,25.479 533.004,25.448 541,25.448 C548.997,25.448 549.943,25.479 553.102,25.623 C556.021,25.756 557.607,26.244 558.662,26.654 C560.06,27.196 561.058,27.846 562.106,28.894 C563.154,29.942 563.803,30.938 564.346,32.338 C564.756,33.391 565.244,34.978 565.378,37.899 C565.522,41.056 565.552,42.003 565.552,50 C565.552,57.996 565.522,58.943 565.378,62.101 M570.82,37.631 C570.674,34.438 570.167,32.258 569.425,30.349 C568.659,28.377 567.633,26.702 565.965,25.035 C564.297,23.368 562.623,22.342 560.652,21.575 C558.743,20.834 556.562,20.326 553.369,20.18 C550.169,20.033 549.148,20 541,20 C532.853,20 531.831,20.033 528.631,20.18 C525.438,20.326 523.257,20.834 521.349,21.575 C519.376,22.342 517.703,23.368 516.035,25.035 C514.368,26.702 513.342,28.377 512.574,30.349 C511.834,32.258 511.326,34.438 511.181,37.631 C511.035,40.831 511,41.851 511,50 C511,58.147 511.035,59.17 511.181,62.369 C511.326,65.562 511.834,67.743 512.574,69.651 C513.342,71.625 514.368,73.296 516.035,74.965 C517.703,76.634 519.376,77.658 521.349,78.425 C523.257,79.167 525.438,79.673 528.631,79.82 C531.831,79.965 532.853,80.001 541,80.001 C549.148,80.001 550.169,79.965 553.369,79.82 C556.562,79.673 558.743,79.167 560.652,78.425 C562.623,77.658 564.297,76.634 565.965,74.965 C567.633,73.296 568.659,71.625 569.425,69.651 C570.167,67.743 570.674,65.562 570.82,62.369 C570.966,59.17 571,58.147 571,50 C571,41.851 570.966,40.831 570.82,37.631\"><\/path><\/g><\/g><\/g><\/svg><\/div><div style=\"padding-top: 8px;\"> <div style=\" color:#3897f0; font-family:Arial,sans-serif; font-size:14px; font-style:normal; font-weight:550; line-height:18px;\">View this post on Instagram<\/div><\/div><div style=\"padding: 12.5% 0;\"><\/div> <div style=\"display: flex; flex-direction: row; margin-bottom: 14px; align-items: center;\"><div> <div style=\"background-color: #F4F4F4; border-radius: 50%; height: 12.5px; width: 12.5px; transform: translateX(0px) translateY(7px);\"><\/div> <div style=\"background-color: #F4F4F4; height: 12.5px; transform: rotate(-45deg) translateX(3px) translateY(1px); width: 12.5px; flex-grow: 0; margin-right: 14px; margin-left: 2px;\"><\/div> <div style=\"background-color: #F4F4F4; border-radius: 50%; height: 12.5px; width: 12.5px; transform: translateX(9px) translateY(-18px);\"><\/div><\/div><div style=\"margin-left: 8px;\"> <div style=\" background-color: #F4F4F4; border-radius: 50%; flex-grow: 0; height: 20px; width: 20px;\"><\/div> <div style=\" width: 0; height: 0; border-top: 2px solid transparent; border-left: 6px solid #f4f4f4; border-bottom: 2px solid transparent; transform: translateX(16px) translateY(-4px) rotate(30deg)\"><\/div><\/div><div style=\"margin-left: auto;\"> <div style=\" width: 0px; border-top: 8px solid #F4F4F4; border-right: 8px solid transparent; transform: translateY(16px);\"><\/div> <div style=\" background-color: #F4F4F4; flex-grow: 0; height: 12px; width: 16px; transform: translateY(-4px);\"><\/div> <div style=\" width: 0; height: 0; border-top: 8px solid #F4F4F4; border-left: 8px solid transparent; transform: translateY(-4px) translateX(8px);\"><\/div><\/div><\/div> <div style=\"display: flex; flex-direction: column; flex-grow: 1; justify-content: center; margin-bottom: 24px;\"> <div style=\" background-color: #F4F4F4; border-radius: 4px; flex-grow: 0; height: 14px; margin-bottom: 6px; width: 224px;\"><\/div> <div style=\" background-color: #F4F4F4; border-radius: 4px; flex-grow: 0; height: 14px; width: 144px;\"><\/div><\/div><\/a><p style=\" color:#c9c8cd; font-family:Arial,sans-serif; font-size:14px; line-height:17px; margin-bottom:0; margin-top:8px; overflow:hidden; padding:8px 0 7px; text-align:center; text-overflow:ellipsis; white-space:nowrap;\"><a href=\"https:\/\/www.instagram.com\/reel\/DG6J5BCtfP9\/?utm_source=ig_embed&amp;utm_campaign=loading\" style=\" color:#c9c8cd; font-family:Arial,sans-serif; font-size:14px; font-style:normal; font-weight:normal; line-height:17px; text-decoration:none;\" target=\"_blank\" rel=\"noopener\">A post shared by FFCV (@ffcv_info)<\/a><\/p><\/div><\/blockquote>\n<script async src=\"\/\/www.instagram.com\/embed.js\"><\/script>\n\n\n\n<p>Este choque de exhibici\u00f3n tuvo su segunda entrega en la jornada del domingo 23 de marzo. <\/p>\n\n\n\n<figure class=\"wp-block-gallery has-nested-images columns-default is-cropped wp-block-gallery-3 is-layout-flex wp-block-gallery-is-layout-flex\">\n<figure class=\"wp-block-image size-large\"><img loading=\"lazy\" decoding=\"async\" width=\"1024\" height=\"576\" data-id=\"155714\" data-src=\"https:\/\/ffcv.es\/wp\/wp-content\/uploads\/2025\/03\/1-1024x576.jpeg\" alt=\"\" class=\"wp-image-155714 lazyload\" data-srcset=\"https:\/\/ffcv.es\/wp\/wp-content\/uploads\/2025\/03\/1-1024x576.jpeg 1024w, https:\/\/ffcv.es\/wp\/wp-content\/uploads\/2025\/03\/1-300x169.jpeg 300w, https:\/\/ffcv.es\/wp\/wp-content\/uploads\/2025\/03\/1-768x432.jpeg 768w, https:\/\/ffcv.es\/wp\/wp-content\/uploads\/2025\/03\/1-1536x864.jpeg 1536w, https:\/\/ffcv.es\/wp\/wp-content\/uploads\/2025\/03\/1-280x158.jpeg 280w, https:\/\/ffcv.es\/wp\/wp-content\/uploads\/2025\/03\/1-1170x658.jpeg 1170w, https:\/\/ffcv.es\/wp\/wp-content\/uploads\/2025\/03\/1.jpeg 1600w\" data-sizes=\"(max-width: 1024px) 100vw, 1024px\" src=\"data:image\/gif;base64,R0lGODlhAQABAAAAACH5BAEKAAEALAAAAAABAAEAAAICTAEAOw==\" style=\"--smush-placeholder-width: 1024px; --smush-placeholder-aspect-ratio: 1024\/576;\" \/><noscript><img loading=\"lazy\" decoding=\"async\" width=\"1024\" height=\"576\" data-id=\"155714\" src=\"https:\/\/ffcv.es\/wp\/wp-content\/uploads\/2025\/03\/1-1024x576.jpeg\" alt=\"\" class=\"wp-image-155714\" srcset=\"https:\/\/ffcv.es\/wp\/wp-content\/uploads\/2025\/03\/1-1024x576.jpeg 1024w, https:\/\/ffcv.es\/wp\/wp-content\/uploads\/2025\/03\/1-300x169.jpeg 300w, https:\/\/ffcv.es\/wp\/wp-content\/uploads\/2025\/03\/1-768x432.jpeg 768w, https:\/\/ffcv.es\/wp\/wp-content\/uploads\/2025\/03\/1-1536x864.jpeg 1536w, https:\/\/ffcv.es\/wp\/wp-content\/uploads\/2025\/03\/1-280x158.jpeg 280w, https:\/\/ffcv.es\/wp\/wp-content\/uploads\/2025\/03\/1-1170x658.jpeg 1170w, https:\/\/ffcv.es\/wp\/wp-content\/uploads\/2025\/03\/1.jpeg 1600w\" sizes=\"(max-width: 1024px) 100vw, 1024px\" \/><\/noscript><\/figure>\n\n\n\n<figure class=\"wp-block-image size-large\"><img loading=\"lazy\" decoding=\"async\" width=\"1024\" height=\"576\" data-id=\"155715\" data-src=\"https:\/\/ffcv.es\/wp\/wp-content\/uploads\/2025\/03\/2-1-1024x576.jpeg\" alt=\"\" class=\"wp-image-155715 lazyload\" data-srcset=\"https:\/\/ffcv.es\/wp\/wp-content\/uploads\/2025\/03\/2-1-1024x576.jpeg 1024w, https:\/\/ffcv.es\/wp\/wp-content\/uploads\/2025\/03\/2-1-300x169.jpeg 300w, https:\/\/ffcv.es\/wp\/wp-content\/uploads\/2025\/03\/2-1-768x432.jpeg 768w, https:\/\/ffcv.es\/wp\/wp-content\/uploads\/2025\/03\/2-1-1536x864.jpeg 1536w, https:\/\/ffcv.es\/wp\/wp-content\/uploads\/2025\/03\/2-1-280x158.jpeg 280w, https:\/\/ffcv.es\/wp\/wp-content\/uploads\/2025\/03\/2-1-1170x658.jpeg 1170w, https:\/\/ffcv.es\/wp\/wp-content\/uploads\/2025\/03\/2-1.jpeg 1600w\" data-sizes=\"(max-width: 1024px) 100vw, 1024px\" src=\"data:image\/gif;base64,R0lGODlhAQABAAAAACH5BAEKAAEALAAAAAABAAEAAAICTAEAOw==\" style=\"--smush-placeholder-width: 1024px; --smush-placeholder-aspect-ratio: 1024\/576;\" \/><noscript><img loading=\"lazy\" decoding=\"async\" width=\"1024\" height=\"576\" data-id=\"155715\" src=\"https:\/\/ffcv.es\/wp\/wp-content\/uploads\/2025\/03\/2-1-1024x576.jpeg\" alt=\"\" class=\"wp-image-155715\" srcset=\"https:\/\/ffcv.es\/wp\/wp-content\/uploads\/2025\/03\/2-1-1024x576.jpeg 1024w, https:\/\/ffcv.es\/wp\/wp-content\/uploads\/2025\/03\/2-1-300x169.jpeg 300w, https:\/\/ffcv.es\/wp\/wp-content\/uploads\/2025\/03\/2-1-768x432.jpeg 768w, https:\/\/ffcv.es\/wp\/wp-content\/uploads\/2025\/03\/2-1-1536x864.jpeg 1536w, https:\/\/ffcv.es\/wp\/wp-content\/uploads\/2025\/03\/2-1-280x158.jpeg 280w, https:\/\/ffcv.es\/wp\/wp-content\/uploads\/2025\/03\/2-1-1170x658.jpeg 1170w, https:\/\/ffcv.es\/wp\/wp-content\/uploads\/2025\/03\/2-1.jpeg 1600w\" sizes=\"(max-width: 1024px) 100vw, 1024px\" \/><\/noscript><\/figure>\n<\/figure>\n\n\n\n<figure class=\"wp-block-image\"><a href=\"https:\/\/t.me\/somFutsal\"><img loading=\"lazy\" decoding=\"async\" width=\"1024\" height=\"341\" data-src=\"https:\/\/ffcv.es\/wp\/wp-content\/uploads\/2024\/06\/tw-cabecera_Mesa-de-trabajo-1-1024x341.png\" alt=\"\" class=\"wp-image-138634 lazyload\" data-srcset=\"https:\/\/ffcv.es\/wp\/wp-content\/uploads\/2024\/06\/tw-cabecera_Mesa-de-trabajo-1-1024x341.png 1024w, https:\/\/ffcv.es\/wp\/wp-content\/uploads\/2024\/06\/tw-cabecera_Mesa-de-trabajo-1-300x100.png 300w, https:\/\/ffcv.es\/wp\/wp-content\/uploads\/2024\/06\/tw-cabecera_Mesa-de-trabajo-1-768x256.png 768w, https:\/\/ffcv.es\/wp\/wp-content\/uploads\/2024\/06\/tw-cabecera_Mesa-de-trabajo-1-1536x512.png 1536w, https:\/\/ffcv.es\/wp\/wp-content\/uploads\/2024\/06\/tw-cabecera_Mesa-de-trabajo-1-2048x683.png 2048w, https:\/\/ffcv.es\/wp\/wp-content\/uploads\/2024\/06\/tw-cabecera_Mesa-de-trabajo-1-280x93.png 280w, https:\/\/ffcv.es\/wp\/wp-content\/uploads\/2024\/06\/tw-cabecera_Mesa-de-trabajo-1-1170x390.png 1170w, https:\/\/ffcv.es\/wp\/wp-content\/uploads\/2024\/06\/tw-cabecera_Mesa-de-trabajo-1.png 1920w\" data-sizes=\"(max-width: 1024px) 100vw, 1024px\" src=\"data:image\/gif;base64,R0lGODlhAQABAAAAACH5BAEKAAEALAAAAAABAAEAAAICTAEAOw==\" style=\"--smush-placeholder-width: 1024px; --smush-placeholder-aspect-ratio: 1024\/341;\" \/><noscript><img loading=\"lazy\" decoding=\"async\" width=\"1024\" height=\"341\" src=\"https:\/\/ffcv.es\/wp\/wp-content\/uploads\/2024\/06\/tw-cabecera_Mesa-de-trabajo-1-1024x341.png\" alt=\"\" class=\"wp-image-138634\" srcset=\"https:\/\/ffcv.es\/wp\/wp-content\/uploads\/2024\/06\/tw-cabecera_Mesa-de-trabajo-1-1024x341.png 1024w, https:\/\/ffcv.es\/wp\/wp-content\/uploads\/2024\/06\/tw-cabecera_Mesa-de-trabajo-1-300x100.png 300w, https:\/\/ffcv.es\/wp\/wp-content\/uploads\/2024\/06\/tw-cabecera_Mesa-de-trabajo-1-768x256.png 768w, https:\/\/ffcv.es\/wp\/wp-content\/uploads\/2024\/06\/tw-cabecera_Mesa-de-trabajo-1-1536x512.png 1536w, https:\/\/ffcv.es\/wp\/wp-content\/uploads\/2024\/06\/tw-cabecera_Mesa-de-trabajo-1-2048x683.png 2048w, https:\/\/ffcv.es\/wp\/wp-content\/uploads\/2024\/06\/tw-cabecera_Mesa-de-trabajo-1-280x93.png 280w, https:\/\/ffcv.es\/wp\/wp-content\/uploads\/2024\/06\/tw-cabecera_Mesa-de-trabajo-1-1170x390.png 1170w, https:\/\/ffcv.es\/wp\/wp-content\/uploads\/2024\/06\/tw-cabecera_Mesa-de-trabajo-1.png 1920w\" sizes=\"(max-width: 1024px) 100vw, 1024px\" \/><\/noscript><\/a><\/figure>\n\n\n\n<p><em>Para estar al d\u00eda de todas las novedades sobre el f\u00fatbol sala en la Comunitat Valenciana sigue el&nbsp;<strong>CANAL DE TELEGRAM&nbsp;<\/strong>oficial de la FFCV y&nbsp;<strong>exclusivo de futsal<\/strong>&nbsp;#somFutsal | FFCV&nbsp;<\/em><\/p>\n\n\n\n<p><em><strong>S\u00edguelo pinchando<\/strong>&nbsp;<strong>AQU\u00cd<\/strong>&nbsp;\u279c&nbsp;<a href=\"https:\/\/t.me\/somFutsal\">https:\/\/t.me\/somFutsal<\/a><\/em><\/p>\n","protected":false},"excerpt":{"rendered":"<p>Representantes de los clubes valencianos afectados por la DANA estuvieron presentes este fin de semana en Murcia con motivo de la celebraci\u00f3n de la Copa de Espa\u00f1a de f\u00fatbol sala. Bajo el lema \u00abLos goles por una buena causa valen mucho m\u00e1s\u00ab, la RFEF organiz\u00f3 un Cl\u00ednic con jugadores y jugadoras de seis de los<\/p>\n","protected":false},"author":16,"featured_media":155702,"comment_status":"closed","ping_status":"closed","sticky":false,"template":"","format":"standard","meta":{"om_disable_all_campaigns":false,"footnotes":""},"categories":[69,4],"tags":[23,3376,51,905,137,221],"class_list":["post-155698","post","type-post","status-publish","format-standard","has-post-thumbnail","hentry","category-noticias-ffcv","category-noticias-futbol-sala","tag-clubes","tag-dana","tag-futbol-sala","tag-murcia","tag-rfef","tag-solidaridad"],"aioseo_notices":[],"_links":{"self":[{"href":"https:\/\/ffcv.es\/wp\/wp-json\/wp\/v2\/posts\/155698"}],"collection":[{"href":"https:\/\/ffcv.es\/wp\/wp-json\/wp\/v2\/posts"}],"about":[{"href":"https:\/\/ffcv.es\/wp\/wp-json\/wp\/v2\/types\/post"}],"author":[{"embeddable":true,"href":"https:\/\/ffcv.es\/wp\/wp-json\/wp\/v2\/users\/16"}],"replies":[{"embeddable":true,"href":"https:\/\/ffcv.es\/wp\/wp-json\/wp\/v2\/comments?post=155698"}],"version-history":[{"count":9,"href":"https:\/\/ffcv.es\/wp\/wp-json\/wp\/v2\/posts\/155698\/revisions"}],"predecessor-version":[{"id":155723,"href":"https:\/\/ffcv.es\/wp\/wp-json\/wp\/v2\/posts\/155698\/revisions\/155723"}],"wp:featuredmedia":[{"embeddable":true,"href":"https:\/\/ffcv.es\/wp\/wp-json\/wp\/v2\/media\/155702"}],"wp:attachment":[{"href":"https:\/\/ffcv.es\/wp\/wp-json\/wp\/v2\/media?parent=155698"}],"wp:term":[{"taxonomy":"category","embeddable":true,"href":"https:\/\/ffcv.es\/wp\/wp-json\/wp\/v2\/categories?post=155698"},{"taxonomy":"post_tag","embeddable":true,"href":"https:\/\/ffcv.es\/wp\/wp-json\/wp\/v2\/tags?post=155698"}],"curies":[{"name":"wp","href":"https:\/\/api.w.org\/{rel}","templated":true}]}}